{"id":83544,"date":"2025-11-11T08:15:00","date_gmt":"2025-11-11T11:15:00","guid":{"rendered":"https:\/\/www.uai.com.br\/uainoticias\/?p=83544"},"modified":"2025-11-10T10:44:05","modified_gmt":"2025-11-10T13:44:05","slug":"veja-como-estao-os-atores-principais-de-avenida-brasil-13-anos-depois-da-sua-estreia","status":"publish","type":"post","link":"https:\/\/www.uai.com.br\/uainoticias\/2025\/11\/11\/veja-como-estao-os-atores-principais-de-avenida-brasil-13-anos-depois-da-sua-estreia\/","title":{"rendered":"Veja como est\u00e3o os atores principais de &#8220;Avenida Brasil&#8221; 13 anos depois da sua estreia"},"content":{"rendered":"\n<p>&#8221;Avenida Brasil&#8221;, uma das novelas de maior sucesso da televis\u00e3o brasileira, continua a ser lembrada pelos f\u00e3s, mesmo ap\u00f3s 13 anos de seu t\u00e9rmino em 2012. Muitos se perguntam o que aconteceu com seus atores principais ap\u00f3s esse tempo.<\/p>\n\n\n\n<h2 class=\"wp-block-heading\" id=\"dbora-falabella-a-inesquecvel-nina-e-sua-carreira\">D\u00e9bora Falabella: a inesquec\u00edvel Nina e sua carreira s\u00f3lida<\/h2>\n\n\n\n<p><strong>D\u00e9bora Falabella<\/strong>, que deu vida \u00e0 protagonista\u00a0<strong>Nina<\/strong>, continuou sua carreira de forma brilhante ap\u00f3s o fim da novela. Ela estrelou a miniss\u00e9rie\u00a0&#8220;Se Eu Fechar Os Olhos Agora&#8221;\u00a0(2018), onde interpretou a primeira-dama <strong>Isabel Marques Torres ao lado de Murilo Ben\u00edcio<\/strong>, mostrando sua versatilidade em pap\u00e9is complexos. Al\u00e9m de suas participa\u00e7\u00f5es em televis\u00e3o, D\u00e9bora continuou <a href=\"https:\/\/www.uai.com.br\/uainoticias\/2025\/11\/09\/e-assim-que-a-atriz-da-dulce-maria-esta-hoje-anos-apos-novela-do-sbt-carinha-de-anjo\/\" target=\"_blank\" rel=\"noreferrer noopener\">dedicada ao teatro atrav\u00e9s de sua companhia teatral e a produ\u00e7\u00f5es cinematogr\u00e1ficas<\/a>.<a href=\"https:\/\/www.terra.com.br\/diversao\/tv\/debora-falabella-quase-desistiu-da-carreira-apos-avenida-brasil,d5dcdbbe2472d3a2cf06e1f0c17bda5a7ss5akoj.html\" target=\"_blank\" rel=\"noreferrer noopener\"><\/a>\u200b<\/p>\n\n\n\n<ul class=\"wp-block-list\">\n<li>D\u00e9bora Falabella interpretou Nina em &#8220;Avenida Brasil&#8221; e continuou brilhando na carreira.<\/li>\n\n\n\n<li>Estrelou &#8220;Se Eu Fechar Os Olhos Agora&#8221; (2018) como Isabel Marques Torres com Murilo Ben\u00edcio.<\/li>\n\n\n\n<li>Dedica-se ao teatro com sua companhia e a produ\u00e7\u00f5es no cinema, mostrando versatilidade.<\/li>\n<\/ul>\n\n\n\n<p>\u00c9 importante notar que D\u00e9bora permanece como uma figura ic\u00f4nica: at\u00e9 hoje \u00e9 frequentemente chamada de &#8220;Nina&#8221; na rua, e\u00a0Avenida Brasil\u00a0continua sendo redescoberto por novas gera\u00e7\u00f5es de espectadores em ondas sucessivas.\u200b<\/p>\n\n\n\n<figure class=\"wp-block-image size-large is-resized\"><img decoding=\"async\" width=\"1024\" height=\"576\" src=\"https:\/\/www.uai.com.br\/uainoticias\/wp-content\/uploads\/2025\/11\/carros-66-1024x576.jpg\" alt=\"Veja como est\u00e3o os atores principais de &quot;Avenida Brasil&quot; 13 anos depois da sua estreia\" class=\"wp-image-83567\" style=\"object-fit:cover;width:1280px;height:720px\" srcset=\"https:\/\/www.uai.com.br\/uainoticias\/wp-content\/uploads\/2025\/11\/carros-66-1024x576.jpg 1024w, https:\/\/www.uai.com.br\/uainoticias\/wp-content\/uploads\/2025\/11\/carros-66-300x169.jpg 300w, https:\/\/www.uai.com.br\/uainoticias\/wp-content\/uploads\/2025\/11\/carros-66-768x432.jpg 768w, https:\/\/www.uai.com.br\/uainoticias\/wp-content\/uploads\/2025\/11\/carros-66-750x422.jpg 750w, https:\/\/www.uai.com.br\/uainoticias\/wp-content\/uploads\/2025\/11\/carros-66-1140x641.jpg 1140w, https:\/\/www.uai.com.br\/uainoticias\/wp-content\/uploads\/2025\/11\/carros-66.jpg 1280w\" sizes=\"(max-width: 1024px) 100vw, 1024px\" \/><figcaption class=\"wp-element-caption\">D\u00e9bora Falabella, a protagonista Nina, continuou brilhante ap\u00f3s a novela &#8211; Cr\u00e9ditos: Instagram@deborafalabellaoficial<\/figcaption><\/figure>\n\n\n\n<h2 class=\"wp-block-heading\" id=\"murilo-bencio-como-tufo-marcou-sua-trajetria-profi\">Murilo Ben\u00edcio: como Tuf\u00e3o marcou sua trajet\u00f3ria profissional<\/h2>\n\n\n\n<p><strong>Murilo Ben\u00edcio<\/strong>, que interpretou o carism\u00e1tico&nbsp;<strong>Tuf\u00e3o<\/strong>, seguiu uma trajet\u00f3ria de sucesso na televis\u00e3o e no cinema ap\u00f3s&nbsp;Avenida Brasil\ufeff. Ele estrelou s\u00e9ries consagradas como&nbsp;&#8220;Amor de M\u00e3e&#8221;\ufeff&nbsp;(2019-2021), onde interpretou Raul Martinelli, e tamb\u00e9m participou de&nbsp;&#8220;Se Eu Fechar Os Olhos Agora&#8221;\ufeff&nbsp;(2018). Al\u00e9m da atua\u00e7\u00e3o, Ben\u00edcio explorou a dire\u00e7\u00e3o, com projetos incluindo a dire\u00e7\u00e3o de&nbsp;&#8220;O Beijo no Asfalto&#8221;\ufeff&nbsp;(2018), tanto como diretor quanto produtor.<a rel=\"noreferrer noopener\" target=\"_blank\" href=\"https:\/\/www.cnnbrasil.com.br\/entretenimento\/com-murilo-benicio-filme-assalto-a-brasileira-inicia-gravacoes\/\"><\/a>\u200b<\/p>\n\n\n\n<ul class=\"wp-block-list\">\n<li>Murilo Ben\u00edcio atuou como Tuf\u00e3o e seguiu carreira de sucesso em TV e cinema.<\/li>\n\n\n\n<li>Estrelou &#8220;Amor de M\u00e3e&#8221; (2019-2021) como Raul Martinelli e &#8220;Se Eu Fechar Os Olhos Agora&#8221; (2018).<\/li>\n\n\n\n<li>Explorou dire\u00e7\u00e3o e produ\u00e7\u00e3o em &#8220;O Beijo no Asfalto&#8221; (2018).<\/li>\n<\/ul>\n\n\n\n<figure class=\"wp-block-image size-large is-resized\"><img decoding=\"async\" width=\"1024\" height=\"576\" src=\"https:\/\/www.uai.com.br\/uainoticias\/wp-content\/uploads\/2025\/11\/carros-67-1024x576.jpg\" alt=\"Veja como est\u00e3o os atores principais de &quot;Avenida Brasil&quot; 13 anos depois da sua estreia\" class=\"wp-image-83570\" style=\"object-fit:cover;width:1280px;height:720px\" srcset=\"https:\/\/www.uai.com.br\/uainoticias\/wp-content\/uploads\/2025\/11\/carros-67-1024x576.jpg 1024w, https:\/\/www.uai.com.br\/uainoticias\/wp-content\/uploads\/2025\/11\/carros-67-300x169.jpg 300w, https:\/\/www.uai.com.br\/uainoticias\/wp-content\/uploads\/2025\/11\/carros-67-768x432.jpg 768w, https:\/\/www.uai.com.br\/uainoticias\/wp-content\/uploads\/2025\/11\/carros-67-750x422.jpg 750w, https:\/\/www.uai.com.br\/uainoticias\/wp-content\/uploads\/2025\/11\/carros-67-1140x641.jpg 1140w, https:\/\/www.uai.com.br\/uainoticias\/wp-content\/uploads\/2025\/11\/carros-67.jpg 1280w\" sizes=\"(max-width: 1024px) 100vw, 1024px\" \/><figcaption class=\"wp-element-caption\">Murilo Ben\u00edcio (Tuf\u00e3o) seguiu carreira de sucesso na TV e cinema ap\u00f3s Avenida Brasil &#8211; Cr\u00e9ditos: Instagram@\nmurilobeniciooficial<\/figcaption><\/figure>\n\n\n\n<p>Em seu trabalho mais recente, Murilo Ben\u00edcio est\u00e1 em fase de p\u00f3s-produ\u00e7\u00e3o do filme\u00a0&#8220;Nico&#8221; e segue ativo em produ\u00e7\u00f5es contempor\u00e2neas como a s\u00e9rie\u00a0&#8220;Tr\u00eas Gra\u00e7as&#8221; (2025), onde interpreta Santiago Ferette.\u200b<\/p>\n\n\n\n<h2 class=\"wp-block-heading\" id=\"adriana-esteves-da-vilania-de-carminha-a-novos-des\">Adriana Esteves: da vilania de Carminha a novos desafios<\/h2>\n\n\n\n<p>A personagem\u00a0<strong>Carminha<\/strong>\u00a0\u00e9, sem d\u00favida, inesquec\u00edvel, e\u00a0<strong>Adriana Esteves<\/strong>\u00a0soube <a href=\"https:\/\/www.uai.com.br\/uainoticias\/2025\/11\/09\/avenida-brasil-2-carminha\/\" target=\"_blank\" rel=\"noreferrer noopener\">lidar magistralmente com o desafio de viver uma vil\u00e3 t\u00e3o marcante<\/a>. Ap\u00f3s\u00a0Avenida Brasil, ela conquistou diversos pr\u00eamios por suas atua\u00e7\u00f5es em trabalhos como a s\u00e9rie\u00a0&#8220;Os Outros&#8221; (2023-), onde interpreta a protagonista Cibele, recebendo m\u00faltiplos pr\u00eamios pela atua\u00e7\u00e3o.<\/p>\n\n\n\n<ul class=\"wp-block-list\">\n<li>Adriana Esteves viveu a vil\u00e3 Carminha de forma marcante em &#8220;Avenida Brasil&#8221;.<\/li>\n\n\n\n<li>Ganhou pr\u00eamios por &#8220;Os Outros&#8221; (2023-) como Cibele e por &#8220;Mundo C\u00e3o&#8221; (2015).<\/li>\n\n\n\n<li>Recebeu o Grande Otelo como melhor atriz no cinema.<\/li>\n<\/ul>\n\n\n\n<p>Um desenvolvimento significativo ocorreu em 2024: Adriana foi convidada por Jo\u00e3o Emanuel Carneiro para viver a vil\u00e3\u00a0<strong>M\u00e9rcia<\/strong>\u00a0em\u00a0&#8220;Mania de Voc\u00ea&#8221;, sua terceira colabora\u00e7\u00e3o com o autor ap\u00f3s\u00a0Avenida Brasil (2012) e\u00a0&#8220;Segundo Sol&#8221; (2018). A atriz revelou que\u00a0&#8220;Mania de Voc\u00ea&#8221; seria sua \u00faltima atua\u00e7\u00e3o em novelas de televis\u00e3o, planejando dedicar-se a s\u00e9ries e filmes em sua pr\u00f3xima fase profissional. Ela recebeu aproximadamente R$ 1,5 milh\u00e3o pelo projeto, consolidando sua posi\u00e7\u00e3o entre as atrizes mais valorizadas da teledramaturgia.<a href=\"https:\/\/gshow.globo.com\/tv\/altas-horas\/noticia\/debora-falabella-conta-ainda-ser-chamada-de-nina-ate-hoje-na-argentina-eu-era-rock-star.ghtml\" target=\"_blank\" rel=\"noreferrer noopener\"><\/a>\u200b<\/p>\n\n\n\n<figure class=\"wp-block-image size-large is-resized\"><img decoding=\"async\" width=\"1024\" height=\"576\" src=\"https:\/\/www.uai.com.br\/uainoticias\/wp-content\/uploads\/2025\/11\/carros-68-1024x576.jpg\" alt=\"Veja como est\u00e3o os atores principais de &quot;Avenida Brasil&quot; 13 anos depois da sua estreia\" class=\"wp-image-83575\" style=\"object-fit:cover;width:1280px;height:720px\" srcset=\"https:\/\/www.uai.com.br\/uainoticias\/wp-content\/uploads\/2025\/11\/carros-68-1024x576.jpg 1024w, https:\/\/www.uai.com.br\/uainoticias\/wp-content\/uploads\/2025\/11\/carros-68-300x169.jpg 300w, https:\/\/www.uai.com.br\/uainoticias\/wp-content\/uploads\/2025\/11\/carros-68-768x432.jpg 768w, https:\/\/www.uai.com.br\/uainoticias\/wp-content\/uploads\/2025\/11\/carros-68-750x422.jpg 750w, https:\/\/www.uai.com.br\/uainoticias\/wp-content\/uploads\/2025\/11\/carros-68-1140x641.jpg 1140w, https:\/\/www.uai.com.br\/uainoticias\/wp-content\/uploads\/2025\/11\/carros-68.jpg 1280w\" sizes=\"(max-width: 1024px) 100vw, 1024px\" \/><figcaption class=\"wp-element-caption\">Adriana Esteves viveu a vil\u00e3 Carminha de forma magistral em Avenida Brasil &#8211; Cr\u00e9ditos: Instagram@archiveesteves<\/figcaption><\/figure>\n\n\n\n<figure class=\"wp-block-table\"><table class=\"has-fixed-layout\"><thead><tr><th>Personagem<\/th><th>Ator\/Atriz<\/th><th>Atividades Atuais (Resumido)<\/th><\/tr><\/thead><tbody><tr><td>Nina<\/td><td>D\u00e9bora Falabella<\/td><td>Teatro com &#8220;Prima Facie&#8221;; filme &#8220;A Cuidadora&#8221; (em produ\u00e7\u00e3o); negocia\u00e7\u00e3o para &#8220;Avenida Brasil 2&#8221; (2027).<\/td><\/tr><tr><td>Tuf\u00e3o<\/td><td>Murilo Ben\u00edcio<\/td><td>P\u00f3s-produ\u00e7\u00e3o &#8220;Nico&#8221;; s\u00e9rie &#8220;Tr\u00eas Gra\u00e7as&#8221;; filme &#8220;Assalto \u00e0 Brasileira&#8221;; negocia\u00e7\u00e3o para &#8220;Avenida Brasil 2&#8221; por R$1M; s\u00f3cio em investimentos.<\/td><\/tr><tr><td>Carminha<\/td><td>Adriana Esteves<\/td><td>S\u00e9rie &#8220;Os Outros&#8221; (nova temporada); final de &#8220;Mania de Voc\u00ea&#8221;; negocia\u00e7\u00e3o de contrato com Globo; foco em s\u00e9ries, filmes e independentes.<\/td><\/tr><tr><td>Nilo<\/td><td>Jos\u00e9 de Abreu<\/td><td>Teatro e palestras (FLIM 2025); volta a pap\u00e9is marcantes; tempo longe da TV, mas projetos seletivos como &#8220;Guerreiros do Sol&#8221;.<\/td><\/tr><tr><td>Suelen<\/td><td>Isis Valverde<\/td><td>Campanha O Botic\u00e1rio; escrita (novo livro); miniss\u00e9rie &#8220;Maria Bonita&#8221; (Disney+); filme &#8220;Alarum&#8221; com Stallone; aberta a novelas futuras.<\/td><\/tr><\/tbody><\/table><\/figure>\n\n\n\n<h2 class=\"wp-block-heading\" id=\"o-que-esto-fazendo-outros-atores-principais-de-ave\">O que est\u00e3o fazendo outros atores principais de &#8220;Avenida Brasil&#8221;?<\/h2>\n\n\n\n<p><strong>Jos\u00e9 de Abreu<\/strong>, que viveu o vil\u00e3o\u00a0<strong>Nilo<\/strong>, continuou uma carreira ativa ap\u00f3s\u00a0Avenida Brasil. O ator se mant\u00e9m presente na televis\u00e3o: em 2024, foi escalado para a novela\u00a0&#8220;Volta por Cima&#8221;, onde interpreta o pai do contraventor Gerson. Al\u00e9m disso, possui trabalho in\u00e9dito agendado: a novela\u00a0&#8220;Guerreiros do Sol&#8221; (Globoplay, primeiro semestre de 2025), na qual interpretar\u00e1 um dos vil\u00e3os. Aos 78 anos, Jos\u00e9 de Abreu afirmou recentemente que buscava &#8220;dar uma energizada na vida&#8221; e tem mantido uma presen\u00e7a seletiva em novos projetos.<a href=\"https:\/\/www.terra.com.br\/diversao\/tv\/em-se-eu-fechar-os-olhos-agora-debora-falabella-vive-primeira-dama-que-esconde-segredos,8bd8116e0d44276f3dfa185ffcd00914lfs8k4zb.html\" target=\"_blank\" rel=\"noreferrer noopener\"><\/a>\u200b<\/p>\n\n\n\n<p><strong><a href=\"https:\/\/www.instagram.com\/isisvalverde\/\" target=\"_blank\" rel=\"noreferrer noopener\">Isis Valverde<\/a><\/strong>, que interpretou a jovem\u00a0<strong>Suelen<\/strong>, invistiu em uma trajet\u00f3ria internacional e em produ\u00e7\u00f5es de qualidade. Ao n\u00e3o ter seu contrato renovado com a TV Globo em 2022, mudou-se para Los Angeles para estudar com a preparadora de elenco Ivana Chubbuck, participando do filme de a\u00e7\u00e3o\u00a0&#8220;Alarum&#8221; (2024) com Sylvester Stallone. Voltando ao Brasil, estrelou a s\u00e9rie\u00a0&#8220;Maria Bonita&#8221; do Star+, rodada na &#8220;Roli\u00fade nordestina&#8221;, em Cabaceiras.<\/p>\n","protected":false},"excerpt":{"rendered":"<p>&#8221;Avenida Brasil&#8221;, uma das novelas de maior sucesso da televis\u00e3o brasileira, continua a ser lembrada pelos f\u00e3s, mesmo ap\u00f3s 13 anos de seu t\u00e9rmino em 2012. Muitos se perguntam o que aconteceu com seus atores principais ap\u00f3s esse tempo. D\u00e9bora Falabella: a inesquec\u00edvel Nina e sua carreira s\u00f3lida D\u00e9bora Falabella, que deu vida \u00e0 protagonista\u00a0Nina, [&hellip;]<\/p>\n","protected":false},"author":7,"featured_media":83563,"comment_status":"open","ping_status":"open","sticky":false,"template":"","format":"standard","meta":{"jnews-multi-image_gallery":[],"jnews_single_post":{"format":"standard"},"jnews_primary_category":[],"jnews_social_meta":[],"jnews_override_counter":[],"footnotes":""},"categories":[475,3037],"tags":[15757,15756,9635],"class_list":["post-83544","post","type-post","status-publish","format-standard","has-post-thumbnail","hentry","category-entretenimento","category-series","tag-13-anos-depois","tag-avenida-brasil","tag-novela"],"yoast_head":"<!-- This site is optimized with the Yoast SEO plugin v26.5 - https:\/\/yoast.com\/wordpress\/plugins\/seo\/ -->\n<title>Veja como est\u00e3o os atores principais de &quot;Avenida Brasil&quot; 13 anos depois da sua estreia - UAI Not\u00edcias<\/title>\n<meta name=\"description\" content=\"Elenco marcante retorna aos holofotes com reviravoltas, novos rumos e decis\u00f5es surpreendentes que ati\u00e7am a curiosidade ap\u00f3s mais de uma d\u00e9cada.\" \/>\n<meta name=\"robots\" content=\"index, follow, max-snippet:-1, max-image-preview:large, max-video-preview:-1\" \/>\n<link rel=\"canonical\" href=\"https:\/\/www.uai.com.br\/uainoticias\/2025\/11\/11\/veja-como-estao-os-atores-principais-de-avenida-brasil-13-anos-depois-da-sua-estreia\/\" \/>\n<meta property=\"og:locale\" content=\"pt_BR\" \/>\n<meta property=\"og:type\" content=\"article\" \/>\n<meta property=\"og:title\" content=\"Veja como est\u00e3o os atores principais de &quot;Avenida Brasil&quot; 13 anos depois da sua estreia - UAI Not\u00edcias\" \/>\n<meta property=\"og:description\" content=\"Elenco marcante retorna aos holofotes com reviravoltas, novos rumos e decis\u00f5es surpreendentes que ati\u00e7am a curiosidade ap\u00f3s mais de uma d\u00e9cada.\" \/>\n<meta property=\"og:url\" content=\"https:\/\/www.uai.com.br\/uainoticias\/2025\/11\/11\/veja-como-estao-os-atores-principais-de-avenida-brasil-13-anos-depois-da-sua-estreia\/\" \/>\n<meta property=\"og:site_name\" content=\"UAI Not\u00edcias\" \/>\n<meta property=\"article:published_time\" content=\"2025-11-11T11:15:00+00:00\" \/>\n<meta property=\"og:image\" content=\"https:\/\/www.uai.com.br\/uainoticias\/wp-content\/uploads\/2025\/11\/carros-65.jpg\" \/>\n\t<meta property=\"og:image:width\" content=\"1280\" \/>\n\t<meta property=\"og:image:height\" content=\"720\" \/>\n\t<meta property=\"og:image:type\" content=\"image\/jpeg\" \/>\n<meta name=\"author\" content=\"Guilherme Lucas\" \/>\n<meta name=\"twitter:card\" content=\"summary_large_image\" \/>\n<meta name=\"twitter:label1\" content=\"Escrito por\" \/>\n\t<meta name=\"twitter:data1\" content=\"Guilherme Lucas\" \/>\n\t<meta name=\"twitter:label2\" content=\"Est. tempo de leitura\" \/>\n\t<meta name=\"twitter:data2\" content=\"6 minutos\" \/>\n<!-- \/ Yoast SEO plugin. -->","yoast_head_json":{"title":"Veja como est\u00e3o os atores principais de \"Avenida Brasil\" 13 anos depois da sua estreia - UAI Not\u00edcias","description":"Elenco marcante retorna aos holofotes com reviravoltas, novos rumos e decis\u00f5es surpreendentes que ati\u00e7am a curiosidade ap\u00f3s mais de uma d\u00e9cada.","robots":{"index":"index","follow":"follow","max-snippet":"max-snippet:-1","max-image-preview":"max-image-preview:large","max-video-preview":"max-video-preview:-1"},"canonical":"https:\/\/www.uai.com.br\/uainoticias\/2025\/11\/11\/veja-como-estao-os-atores-principais-de-avenida-brasil-13-anos-depois-da-sua-estreia\/","og_locale":"pt_BR","og_type":"article","og_title":"Veja como est\u00e3o os atores principais de \"Avenida Brasil\" 13 anos depois da sua estreia - UAI Not\u00edcias","og_description":"Elenco marcante retorna aos holofotes com reviravoltas, novos rumos e decis\u00f5es surpreendentes que ati\u00e7am a curiosidade ap\u00f3s mais de uma d\u00e9cada.","og_url":"https:\/\/www.uai.com.br\/uainoticias\/2025\/11\/11\/veja-como-estao-os-atores-principais-de-avenida-brasil-13-anos-depois-da-sua-estreia\/","og_site_name":"UAI Not\u00edcias","article_published_time":"2025-11-11T11:15:00+00:00","og_image":[{"width":1280,"height":720,"url":"https:\/\/www.uai.com.br\/uainoticias\/wp-content\/uploads\/2025\/11\/carros-65.jpg","type":"image\/jpeg"}],"author":"Guilherme Lucas","twitter_card":"summary_large_image","twitter_misc":{"Escrito por":"Guilherme Lucas","Est. tempo de leitura":"6 minutos"},"schema":{"@context":"https:\/\/schema.org","@graph":[{"@type":"WebPage","@id":"https:\/\/www.uai.com.br\/uainoticias\/2025\/11\/11\/veja-como-estao-os-atores-principais-de-avenida-brasil-13-anos-depois-da-sua-estreia\/","url":"https:\/\/www.uai.com.br\/uainoticias\/2025\/11\/11\/veja-como-estao-os-atores-principais-de-avenida-brasil-13-anos-depois-da-sua-estreia\/","name":"Veja como est\u00e3o os atores principais de \"Avenida Brasil\" 13 anos depois da sua estreia - UAI Not\u00edcias","isPartOf":{"@id":"https:\/\/www.uai.com.br\/uainoticias\/#website"},"primaryImageOfPage":{"@id":"https:\/\/www.uai.com.br\/uainoticias\/2025\/11\/11\/veja-como-estao-os-atores-principais-de-avenida-brasil-13-anos-depois-da-sua-estreia\/#primaryimage"},"image":{"@id":"https:\/\/www.uai.com.br\/uainoticias\/2025\/11\/11\/veja-como-estao-os-atores-principais-de-avenida-brasil-13-anos-depois-da-sua-estreia\/#primaryimage"},"thumbnailUrl":"https:\/\/www.uai.com.br\/uainoticias\/wp-content\/uploads\/2025\/11\/carros-65.jpg","datePublished":"2025-11-11T11:15:00+00:00","author":{"@id":"https:\/\/www.uai.com.br\/uainoticias\/#\/schema\/person\/055b74ae27408d3c9bd325cd12d1c65f"},"description":"Elenco marcante retorna aos holofotes com reviravoltas, novos rumos e decis\u00f5es surpreendentes que ati\u00e7am a curiosidade ap\u00f3s mais de uma d\u00e9cada.","breadcrumb":{"@id":"https:\/\/www.uai.com.br\/uainoticias\/2025\/11\/11\/veja-como-estao-os-atores-principais-de-avenida-brasil-13-anos-depois-da-sua-estreia\/#breadcrumb"},"inLanguage":"pt-BR","potentialAction":[{"@type":"ReadAction","target":["https:\/\/www.uai.com.br\/uainoticias\/2025\/11\/11\/veja-como-estao-os-atores-principais-de-avenida-brasil-13-anos-depois-da-sua-estreia\/"]}]},{"@type":"ImageObject","inLanguage":"pt-BR","@id":"https:\/\/www.uai.com.br\/uainoticias\/2025\/11\/11\/veja-como-estao-os-atores-principais-de-avenida-brasil-13-anos-depois-da-sua-estreia\/#primaryimage","url":"https:\/\/www.uai.com.br\/uainoticias\/wp-content\/uploads\/2025\/11\/carros-65.jpg","contentUrl":"https:\/\/www.uai.com.br\/uainoticias\/wp-content\/uploads\/2025\/11\/carros-65.jpg","width":1280,"height":720,"caption":"Saiba como est\u00e3o os atores da novela ''Avenida Brasil'' - Cr\u00e9ditos: Youtube Manual da Fama"},{"@type":"BreadcrumbList","@id":"https:\/\/www.uai.com.br\/uainoticias\/2025\/11\/11\/veja-como-estao-os-atores-principais-de-avenida-brasil-13-anos-depois-da-sua-estreia\/#breadcrumb","itemListElement":[{"@type":"ListItem","position":1,"name":"In\u00edcio","item":"https:\/\/www.uai.com.br\/uainoticias\/"},{"@type":"ListItem","position":2,"name":"Veja como est\u00e3o os atores principais de &#8220;Avenida Brasil&#8221; 13 anos depois da sua estreia"}]},{"@type":"WebSite","@id":"https:\/\/www.uai.com.br\/uainoticias\/#website","url":"https:\/\/www.uai.com.br\/uainoticias\/","name":"UAI Not\u00edcias","description":"Acompanhe as \u00faltimas not\u00edcias e fique bem informado sobre tudo o que acontece no Brasil e no mundo.","potentialAction":[{"@type":"SearchAction","target":{"@type":"EntryPoint","urlTemplate":"https:\/\/www.uai.com.br\/uainoticias\/?s={search_term_string}"},"query-input":{"@type":"PropertyValueSpecification","valueRequired":true,"valueName":"search_term_string"}}],"inLanguage":"pt-BR"},{"@type":"Person","@id":"https:\/\/www.uai.com.br\/uainoticias\/#\/schema\/person\/055b74ae27408d3c9bd325cd12d1c65f","name":"Guilherme Lucas","image":{"@type":"ImageObject","inLanguage":"pt-BR","@id":"https:\/\/www.uai.com.br\/uainoticias\/#\/schema\/person\/image\/","url":"https:\/\/secure.gravatar.com\/avatar\/bde204e124e2b0380869a2811281ec228473f402fb8e1ac4b18eaf0e42abfc30?s=96&d=mm&r=g","contentUrl":"https:\/\/secure.gravatar.com\/avatar\/bde204e124e2b0380869a2811281ec228473f402fb8e1ac4b18eaf0e42abfc30?s=96&d=mm&r=g","caption":"Guilherme Lucas"},"url":"https:\/\/www.uai.com.br\/uainoticias\/author\/guilhermemyth\/"}]}},"_links":{"self":[{"href":"https:\/\/www.uai.com.br\/uainoticias\/wp-json\/wp\/v2\/posts\/83544","targetHints":{"allow":["GET"]}}],"collection":[{"href":"https:\/\/www.uai.com.br\/uainoticias\/wp-json\/wp\/v2\/posts"}],"about":[{"href":"https:\/\/www.uai.com.br\/uainoticias\/wp-json\/wp\/v2\/types\/post"}],"author":[{"embeddable":true,"href":"https:\/\/www.uai.com.br\/uainoticias\/wp-json\/wp\/v2\/users\/7"}],"replies":[{"embeddable":true,"href":"https:\/\/www.uai.com.br\/uainoticias\/wp-json\/wp\/v2\/comments?post=83544"}],"version-history":[{"count":2,"href":"https:\/\/www.uai.com.br\/uainoticias\/wp-json\/wp\/v2\/posts\/83544\/revisions"}],"predecessor-version":[{"id":83578,"href":"https:\/\/www.uai.com.br\/uainoticias\/wp-json\/wp\/v2\/posts\/83544\/revisions\/83578"}],"wp:featuredmedia":[{"embeddable":true,"href":"https:\/\/www.uai.com.br\/uainoticias\/wp-json\/wp\/v2\/media\/83563"}],"wp:attachment":[{"href":"https:\/\/www.uai.com.br\/uainoticias\/wp-json\/wp\/v2\/media?parent=83544"}],"wp:term":[{"taxonomy":"category","embeddable":true,"href":"https:\/\/www.uai.com.br\/uainoticias\/wp-json\/wp\/v2\/categories?post=83544"},{"taxonomy":"post_tag","embeddable":true,"href":"https:\/\/www.uai.com.br\/uainoticias\/wp-json\/wp\/v2\/tags?post=83544"}],"curies":[{"name":"wp","href":"https:\/\/api.w.org\/{rel}","templated":true}]}}