{"id":82911,"date":"2025-11-08T13:35:00","date_gmt":"2025-11-08T16:35:00","guid":{"rendered":"https:\/\/www.uai.com.br\/uainoticias\/?p=82911"},"modified":"2025-11-07T13:37:46","modified_gmt":"2025-11-07T16:37:46","slug":"2-chas-que-irao-acelerar-o-seu-processo-de-emagrecimento","status":"publish","type":"post","link":"https:\/\/www.uai.com.br\/uainoticias\/2025\/11\/08\/2-chas-que-irao-acelerar-o-seu-processo-de-emagrecimento\/","title":{"rendered":"2 ch\u00e1s que ir\u00e3o acelerar o seu processo de emagrecimento"},"content":{"rendered":"\n<p>Se voc\u00ea busca <strong>aliados naturais para perder peso<\/strong>, dois ch\u00e1s se destacam: <strong>o ch\u00e1 de hibisco e o ch\u00e1 verde<\/strong>. Ambos s\u00e3o ricos em compostos que estimulam o metabolismo e favorecem a queima de gordura.<\/p>\n\n\n\n<p>Essas bebidas s\u00e3o poderosas n\u00e3o apenas por ajudarem na perda de peso, mas tamb\u00e9m por trazerem benef\u00edcios antioxidantes e cardiovasculares.<\/p>\n\n\n\n<h2 class=\"wp-block-heading\">Por que o ch\u00e1 pode acelerar seu emagrecimento?<\/h2>\n\n\n\n<p>Os ch\u00e1s atuam no organismo<strong> aumentando o gasto energ\u00e9tico e auxiliando na elimina\u00e7\u00e3o de toxinas<\/strong>. Isso acontece porque eles possuem polifen\u00f3is e catequinas que melhoram a digest\u00e3o e reduzem a reten\u00e7\u00e3o de l\u00edquidos.<\/p>\n\n\n\n<p>Al\u00e9m disso, quando combinados a uma alimenta\u00e7\u00e3o equilibrada, <strong><a href=\"https:\/\/www.uai.com.br\/uainoticias\/2025\/10\/17\/exercicios-mais-eficientes-para-queimar-calorias-rapido-sem-sair-de-casa\/\" target=\"_blank\" rel=\"noreferrer noopener\">potencializam a queima cal\u00f3rica<\/a><\/strong> e ajudam na manuten\u00e7\u00e3o do peso ideal. Segundo especialistas, o consumo de bebidas ricas em compostos fen\u00f3licos auxiliam na redu\u00e7\u00e3o de peso corporal.<\/p>\n\n\n\n<blockquote class=\"wp-block-quote is-layout-flow wp-block-quote-is-layout-flow\">\n<blockquote class=\"wp-block-quote is-layout-flow wp-block-quote-is-layout-flow\">\n<p><em>&#8220;O consumo de bebidas ricas em compostos fen\u00f3licos pode contribuir para a redu\u00e7\u00e3o do peso corporal ao aumentar a oxida\u00e7\u00e3o de gordura e melhorar a fun\u00e7\u00e3o metab\u00f3lica&#8221; \u2014 afirma Linda Chalker-Scott, professora de horticultura na Washington State University.<\/em><\/p>\n<\/blockquote>\n\n\n\n<figure class=\"wp-block-image size-large\"><img decoding=\"async\" width=\"1024\" height=\"576\" src=\"https:\/\/www.uai.com.br\/uainoticias\/wp-content\/uploads\/2025\/11\/cha-verde_1762533235644-1024x576.jpg\" alt=\"Dois ch\u00e1s que ir\u00e3o acelerar o seu processo de emagrecimento\" class=\"wp-image-82918\" srcset=\"https:\/\/www.uai.com.br\/uainoticias\/wp-content\/uploads\/2025\/11\/cha-verde_1762533235644-1024x576.jpg 1024w, https:\/\/www.uai.com.br\/uainoticias\/wp-content\/uploads\/2025\/11\/cha-verde_1762533235644-300x169.jpg 300w, https:\/\/www.uai.com.br\/uainoticias\/wp-content\/uploads\/2025\/11\/cha-verde_1762533235644-768x432.jpg 768w, https:\/\/www.uai.com.br\/uainoticias\/wp-content\/uploads\/2025\/11\/cha-verde_1762533235644-750x422.jpg 750w, https:\/\/www.uai.com.br\/uainoticias\/wp-content\/uploads\/2025\/11\/cha-verde_1762533235644-1140x641.jpg 1140w, https:\/\/www.uai.com.br\/uainoticias\/wp-content\/uploads\/2025\/11\/cha-verde_1762533235644.jpg 1280w\" sizes=\"(max-width: 1024px) 100vw, 1024px\" \/><figcaption class=\"wp-element-caption\">Ambos os ch\u00e1s s\u00e3o ricos em compostos antioxidantes, que ajudam a eliminar toxinas e proteger as c\u00e9lulas \u2014 Cr\u00e9ditos: depositphotos.com \/ AlexShadyuk<\/figcaption><\/figure>\n<\/blockquote>\n\n\n\n<h2 class=\"wp-block-heading\">Ch\u00e1 de hibisco combate incha\u00e7o e acelera o metabolismo<\/h2>\n\n\n\n<p>O <strong>ch\u00e1 de hibisco<\/strong> \u00e9 conhecido por sua a\u00e7\u00e3o diur\u00e9tica e antioxidante. Ele ajuda a eliminar o excesso de l\u00edquidos e a proteger as c\u00e9lulas contra o estresse oxidativo.<\/p>\n\n\n\n<ul class=\"wp-block-list\">\n<li>Reduz o ac\u00famulo de gordura abdominal<\/li>\n\n\n\n<li>Favorece a digest\u00e3o e o tr\u00e2nsito intestinal<\/li>\n\n\n\n<li>Melhora a circula\u00e7\u00e3o e reduz reten\u00e7\u00e3o de l\u00edquidos<\/li>\n<\/ul>\n\n\n\n<p>Rico em antocianinas e flavonoides, o hibisco ainda combate inflama\u00e7\u00f5es e auxilia no controle da press\u00e3o arterial.<\/p>\n\n\n\n<h2 class=\"wp-block-heading\">Ch\u00e1 verde ativa a queima de gordura de forma natural<\/h2>\n\n\n\n<p>O <strong>ch\u00e1 verde<\/strong> \u00e9 uma das bebidas mais estudadas quando o assunto \u00e9 emagrecimento. Suas catequinas e a cafe\u00edna natural atuam em conjunto para acelerar o metabolismo.<\/p>\n\n\n\n<ul class=\"wp-block-list\">\n<li>Estimula o gasto cal\u00f3rico mesmo em repouso<\/li>\n\n\n\n<li>Ajuda a equilibrar o colesterol e a glicemia<\/li>\n\n\n\n<li>Possui efeito termog\u00eanico que potencializa a queima de gordura<\/li>\n<\/ul>\n\n\n\n<p>Combinado a uma rotina saud\u00e1vel, o ch\u00e1 verde pode melhorar a disposi\u00e7\u00e3o e favorecer o desempenho f\u00edsico.<\/p>\n\n\n\n<h2 class=\"wp-block-heading\">Hibisco e ch\u00e1 verde: combina\u00e7\u00e3o que traz resultados<\/h2>\n\n\n\n<p>Unir o ch\u00e1 de hibisco e o ch\u00e1 verde \u00e9 uma estrat\u00e9gia poderosa para quem quer<strong> resultados mais r\u00e1pidos e sustent\u00e1veis<\/strong>. A uni\u00e3o potencializa os efeitos antioxidantes e termog\u00eanicos.<\/p>\n\n\n\n<ul class=\"wp-block-list\">\n<li>Desintoxica o organismo e melhora a digest\u00e3o<\/li>\n\n\n\n<li>Regula o metabolismo e ajuda na queima de gordura<\/li>\n\n\n\n<li>Oferece efeito antioxidante e protetor cardiovascular<\/li>\n<\/ul>\n\n\n\n<p>O equil\u00edbrio entre os dois ch\u00e1s favorece o emagrecimento de forma segura, respeitando o ritmo natural do corpo.<\/p>\n\n\n\n<blockquote class=\"tiktok-embed\" cite=\"https:\/\/www.tiktok.com\/@saudenocopoo\/video\/7440853035472915767\" data-video-id=\"7440853035472915767\" style=\"max-width: 605px;min-width: 325px;\" > <section> <a target=\"_blank\" title=\"@saudenocopoo\" href=\"https:\/\/www.tiktok.com\/@saudenocopoo?refer=embed\">@saudenocopoo<\/a> Os dois melhores ch\u00e1s do mundo! <a title=\"hibisco\" target=\"_blank\" href=\"https:\/\/www.tiktok.com\/tag\/hibisco?refer=embed\">#hibisco<\/a> <a title=\"chaverde\" target=\"_blank\" href=\"https:\/\/www.tiktok.com\/tag\/chaverde?refer=embed\">#chaverde<\/a>  <a title=\"saude\" target=\"_blank\" href=\"https:\/\/www.tiktok.com\/tag\/saude?refer=embed\">#saude<\/a> <a title=\"tiagorocha\" target=\"_blank\" href=\"https:\/\/www.tiktok.com\/tag\/tiagorocha?refer=embed\">#tiagorocha<\/a> <a target=\"_blank\" title=\"\u266c Paris - Else\" href=\"https:\/\/www.tiktok.com\/music\/Paris-6766128122128500738?refer=embed\">\u266c Paris &#8211; Else<\/a> <\/section> <\/blockquote> <script async src=\"https:\/\/www.tiktok.com\/embed.js\"><\/script>\n\n\n\n<h2 class=\"wp-block-heading\">Como incluir esses ch\u00e1s na rotina de forma eficaz?<\/h2>\n\n\n\n<p>Para aproveitar todos os <strong>benef\u00edcios<\/strong>, \u00e9 importante consumir os ch\u00e1s de forma moderada e em hor\u00e1rios estrat\u00e9gicos, como antes das refei\u00e7\u00f5es principais.<\/p>\n\n\n\n<ul class=\"wp-block-list\">\n<li>Prepare as infus\u00f5es com \u00e1gua quente, nunca fervente<\/li>\n\n\n\n<li>Evite ado\u00e7ar para n\u00e3o interferir nos efeitos<\/li>\n\n\n\n<li>Consuma at\u00e9 tr\u00eas x\u00edcaras por dia, alternando entre os dois tipos<\/li>\n<\/ul>\n\n\n\n<p>Com disciplina e equil\u00edbrio, os ch\u00e1s podem se tornar grandes aliados na sua jornada de sa\u00fade e bem-estar.<\/p>\n\n\n\n<h2 class=\"wp-block-heading\">Perguntas Frequentes<\/h2>\n\n\n\n<h3 class=\"wp-block-heading\">Posso tomar ch\u00e1 verde e ch\u00e1 de hibisco no mesmo dia?<\/h3>\n\n\n\n<p>Sim, \u00e9 poss\u00edvel alternar ou at\u00e9 mesmo combinar as infus\u00f5es, desde que o consumo total n\u00e3o ultrapasse o recomendado. Essa pr\u00e1tica potencializa os efeitos antioxidantes e diur\u00e9ticos.<\/p>\n\n\n\n<h3 class=\"wp-block-heading\">O ch\u00e1 de hibisco pode ser consumido por pessoas com press\u00e3o baixa?<\/h3>\n\n\n\n<p>Quem tem press\u00e3o baixa deve consumir com modera\u00e7\u00e3o, pois o hibisco tem leve efeito vasodilatador, podendo reduzir a press\u00e3o arterial em alguns casos.<\/p>\n\n\n\n<h3 class=\"wp-block-heading\">O ch\u00e1 verde pode causar ins\u00f4nia?<\/h3>\n\n\n\n<p>Por conter cafe\u00edna, o ch\u00e1 verde deve ser evitado \u00e0 noite. Prefira consumi-lo pela manh\u00e3 ou no in\u00edcio da tarde para aproveitar seus efeitos sem comprometer o sono.<\/p>\n\n\n\n<p>Incluir o ch\u00e1 de hibisco e o ch\u00e1 verde na rotina \u00e9 uma maneira simples e natural de cuidar da sa\u00fade. Com modera\u00e7\u00e3o e const\u00e2ncia, eles podem transformar sua energia, disposi\u00e7\u00e3o e auxiliar na perda de peso.<\/p>\n","protected":false},"excerpt":{"rendered":"<p>Se voc\u00ea busca aliados naturais para perder peso, dois ch\u00e1s se destacam: o ch\u00e1 de hibisco e o ch\u00e1 verde. Ambos s\u00e3o ricos em compostos que estimulam o metabolismo e favorecem a queima de gordura. Essas bebidas s\u00e3o poderosas n\u00e3o apenas por ajudarem na perda de peso, mas tamb\u00e9m por trazerem benef\u00edcios antioxidantes e cardiovasculares. [&hellip;]<\/p>\n","protected":false},"author":21,"featured_media":82916,"comment_status":"open","ping_status":"open","sticky":false,"template":"","format":"standard","meta":{"jnews-multi-image_gallery":[],"jnews_single_post":{"format":"standard"},"jnews_primary_category":[],"jnews_social_meta":[],"jnews_override_counter":[],"footnotes":""},"categories":[11599,476],"tags":[15652,1439,15653,6435],"class_list":["post-82911","post","type-post","status-publish","format-standard","has-post-thumbnail","hentry","category-jardinagem","category-saude-e-bem-estar","tag-cha-de-hibisco","tag-cha-verde","tag-emagrecimento-natural","tag-queima-de-gordura"],"yoast_head":"<!-- This site is optimized with the Yoast SEO plugin v26.5 - https:\/\/yoast.com\/wordpress\/plugins\/seo\/ -->\n<title>2 ch\u00e1s que ir\u00e3o acelerar o seu processo de emagrecimento - UAI Not\u00edcias<\/title>\n<meta name=\"description\" content=\"Ch\u00e1 verde e hibisco aceleram o metabolismo, reduzem reten\u00e7\u00e3o de l\u00edquidos e ajudam na perda de peso com antioxidantes naturais.\" \/>\n<meta name=\"robots\" content=\"index, follow, max-snippet:-1, max-image-preview:large, max-video-preview:-1\" \/>\n<link rel=\"canonical\" href=\"https:\/\/www.uai.com.br\/uainoticias\/2025\/11\/08\/2-chas-que-irao-acelerar-o-seu-processo-de-emagrecimento\/\" \/>\n<meta property=\"og:locale\" content=\"pt_BR\" \/>\n<meta property=\"og:type\" content=\"article\" \/>\n<meta property=\"og:title\" content=\"2 ch\u00e1s que ir\u00e3o acelerar o seu processo de emagrecimento - UAI Not\u00edcias\" \/>\n<meta property=\"og:description\" content=\"Ch\u00e1 verde e hibisco aceleram o metabolismo, reduzem reten\u00e7\u00e3o de l\u00edquidos e ajudam na perda de peso com antioxidantes naturais.\" \/>\n<meta property=\"og:url\" content=\"https:\/\/www.uai.com.br\/uainoticias\/2025\/11\/08\/2-chas-que-irao-acelerar-o-seu-processo-de-emagrecimento\/\" \/>\n<meta property=\"og:site_name\" content=\"UAI Not\u00edcias\" \/>\n<meta property=\"article:published_time\" content=\"2025-11-08T16:35:00+00:00\" \/>\n<meta property=\"og:image\" content=\"https:\/\/www.uai.com.br\/uainoticias\/wp-content\/uploads\/2025\/11\/Copia-de-Edicao-de-Imagens-24.jpg\" \/>\n\t<meta property=\"og:image:width\" content=\"1280\" \/>\n\t<meta property=\"og:image:height\" content=\"720\" \/>\n\t<meta property=\"og:image:type\" content=\"image\/jpeg\" \/>\n<meta name=\"author\" content=\"Elis Souza\" \/>\n<meta name=\"twitter:card\" content=\"summary_large_image\" \/>\n<meta name=\"twitter:label1\" content=\"Escrito por\" \/>\n\t<meta name=\"twitter:data1\" content=\"Elis Souza\" \/>\n\t<meta name=\"twitter:label2\" content=\"Est. tempo de leitura\" \/>\n\t<meta name=\"twitter:data2\" content=\"4 minutos\" \/>\n<!-- \/ Yoast SEO plugin. -->","yoast_head_json":{"title":"2 ch\u00e1s que ir\u00e3o acelerar o seu processo de emagrecimento - UAI Not\u00edcias","description":"Ch\u00e1 verde e hibisco aceleram o metabolismo, reduzem reten\u00e7\u00e3o de l\u00edquidos e ajudam na perda de peso com antioxidantes naturais.","robots":{"index":"index","follow":"follow","max-snippet":"max-snippet:-1","max-image-preview":"max-image-preview:large","max-video-preview":"max-video-preview:-1"},"canonical":"https:\/\/www.uai.com.br\/uainoticias\/2025\/11\/08\/2-chas-que-irao-acelerar-o-seu-processo-de-emagrecimento\/","og_locale":"pt_BR","og_type":"article","og_title":"2 ch\u00e1s que ir\u00e3o acelerar o seu processo de emagrecimento - UAI Not\u00edcias","og_description":"Ch\u00e1 verde e hibisco aceleram o metabolismo, reduzem reten\u00e7\u00e3o de l\u00edquidos e ajudam na perda de peso com antioxidantes naturais.","og_url":"https:\/\/www.uai.com.br\/uainoticias\/2025\/11\/08\/2-chas-que-irao-acelerar-o-seu-processo-de-emagrecimento\/","og_site_name":"UAI Not\u00edcias","article_published_time":"2025-11-08T16:35:00+00:00","og_image":[{"width":1280,"height":720,"url":"https:\/\/www.uai.com.br\/uainoticias\/wp-content\/uploads\/2025\/11\/Copia-de-Edicao-de-Imagens-24.jpg","type":"image\/jpeg"}],"author":"Elis Souza","twitter_card":"summary_large_image","twitter_misc":{"Escrito por":"Elis Souza","Est. tempo de leitura":"4 minutos"},"schema":{"@context":"https:\/\/schema.org","@graph":[{"@type":"WebPage","@id":"https:\/\/www.uai.com.br\/uainoticias\/2025\/11\/08\/2-chas-que-irao-acelerar-o-seu-processo-de-emagrecimento\/","url":"https:\/\/www.uai.com.br\/uainoticias\/2025\/11\/08\/2-chas-que-irao-acelerar-o-seu-processo-de-emagrecimento\/","name":"2 ch\u00e1s que ir\u00e3o acelerar o seu processo de emagrecimento - UAI Not\u00edcias","isPartOf":{"@id":"https:\/\/www.uai.com.br\/uainoticias\/#website"},"primaryImageOfPage":{"@id":"https:\/\/www.uai.com.br\/uainoticias\/2025\/11\/08\/2-chas-que-irao-acelerar-o-seu-processo-de-emagrecimento\/#primaryimage"},"image":{"@id":"https:\/\/www.uai.com.br\/uainoticias\/2025\/11\/08\/2-chas-que-irao-acelerar-o-seu-processo-de-emagrecimento\/#primaryimage"},"thumbnailUrl":"https:\/\/www.uai.com.br\/uainoticias\/wp-content\/uploads\/2025\/11\/Copia-de-Edicao-de-Imagens-24.jpg","datePublished":"2025-11-08T16:35:00+00:00","author":{"@id":"https:\/\/www.uai.com.br\/uainoticias\/#\/schema\/person\/1258385bcc3fbd879fd10f9c170db42f"},"description":"Ch\u00e1 verde e hibisco aceleram o metabolismo, reduzem reten\u00e7\u00e3o de l\u00edquidos e ajudam na perda de peso com antioxidantes naturais.","breadcrumb":{"@id":"https:\/\/www.uai.com.br\/uainoticias\/2025\/11\/08\/2-chas-que-irao-acelerar-o-seu-processo-de-emagrecimento\/#breadcrumb"},"inLanguage":"pt-BR","potentialAction":[{"@type":"ReadAction","target":["https:\/\/www.uai.com.br\/uainoticias\/2025\/11\/08\/2-chas-que-irao-acelerar-o-seu-processo-de-emagrecimento\/"]}]},{"@type":"ImageObject","inLanguage":"pt-BR","@id":"https:\/\/www.uai.com.br\/uainoticias\/2025\/11\/08\/2-chas-que-irao-acelerar-o-seu-processo-de-emagrecimento\/#primaryimage","url":"https:\/\/www.uai.com.br\/uainoticias\/wp-content\/uploads\/2025\/11\/Copia-de-Edicao-de-Imagens-24.jpg","contentUrl":"https:\/\/www.uai.com.br\/uainoticias\/wp-content\/uploads\/2025\/11\/Copia-de-Edicao-de-Imagens-24.jpg","width":1280,"height":720,"caption":"O ch\u00e1 de hibisco e o ch\u00e1 verde s\u00e3o aliados naturais no processo de emagrecimento e no equil\u00edbrio do metabolismo \u2014 Cr\u00e9ditos: depositphotos.com \/ serezniy"},{"@type":"BreadcrumbList","@id":"https:\/\/www.uai.com.br\/uainoticias\/2025\/11\/08\/2-chas-que-irao-acelerar-o-seu-processo-de-emagrecimento\/#breadcrumb","itemListElement":[{"@type":"ListItem","position":1,"name":"In\u00edcio","item":"https:\/\/www.uai.com.br\/uainoticias\/"},{"@type":"ListItem","position":2,"name":"2 ch\u00e1s que ir\u00e3o acelerar o seu processo de emagrecimento"}]},{"@type":"WebSite","@id":"https:\/\/www.uai.com.br\/uainoticias\/#website","url":"https:\/\/www.uai.com.br\/uainoticias\/","name":"UAI Not\u00edcias","description":"Acompanhe as \u00faltimas not\u00edcias e fique bem informado sobre tudo o que acontece no Brasil e no mundo.","potentialAction":[{"@type":"SearchAction","target":{"@type":"EntryPoint","urlTemplate":"https:\/\/www.uai.com.br\/uainoticias\/?s={search_term_string}"},"query-input":{"@type":"PropertyValueSpecification","valueRequired":true,"valueName":"search_term_string"}}],"inLanguage":"pt-BR"},{"@type":"Person","@id":"https:\/\/www.uai.com.br\/uainoticias\/#\/schema\/person\/1258385bcc3fbd879fd10f9c170db42f","name":"Elis Souza","image":{"@type":"ImageObject","inLanguage":"pt-BR","@id":"https:\/\/www.uai.com.br\/uainoticias\/#\/schema\/person\/image\/","url":"https:\/\/secure.gravatar.com\/avatar\/3e64245e1729ae956ad3b8c7668da27e14acd24beef730713818f246d196582a?s=96&d=mm&r=g","contentUrl":"https:\/\/secure.gravatar.com\/avatar\/3e64245e1729ae956ad3b8c7668da27e14acd24beef730713818f246d196582a?s=96&d=mm&r=g","caption":"Elis Souza"},"sameAs":["https:\/\/www.uai.com.br\/uainoticias\/"],"url":"https:\/\/www.uai.com.br\/uainoticias\/author\/elissouza\/"}]}},"_links":{"self":[{"href":"https:\/\/www.uai.com.br\/uainoticias\/wp-json\/wp\/v2\/posts\/82911","targetHints":{"allow":["GET"]}}],"collection":[{"href":"https:\/\/www.uai.com.br\/uainoticias\/wp-json\/wp\/v2\/posts"}],"about":[{"href":"https:\/\/www.uai.com.br\/uainoticias\/wp-json\/wp\/v2\/types\/post"}],"author":[{"embeddable":true,"href":"https:\/\/www.uai.com.br\/uainoticias\/wp-json\/wp\/v2\/users\/21"}],"replies":[{"embeddable":true,"href":"https:\/\/www.uai.com.br\/uainoticias\/wp-json\/wp\/v2\/comments?post=82911"}],"version-history":[{"count":1,"href":"https:\/\/www.uai.com.br\/uainoticias\/wp-json\/wp\/v2\/posts\/82911\/revisions"}],"predecessor-version":[{"id":82922,"href":"https:\/\/www.uai.com.br\/uainoticias\/wp-json\/wp\/v2\/posts\/82911\/revisions\/82922"}],"wp:featuredmedia":[{"embeddable":true,"href":"https:\/\/www.uai.com.br\/uainoticias\/wp-json\/wp\/v2\/media\/82916"}],"wp:attachment":[{"href":"https:\/\/www.uai.com.br\/uainoticias\/wp-json\/wp\/v2\/media?parent=82911"}],"wp:term":[{"taxonomy":"category","embeddable":true,"href":"https:\/\/www.uai.com.br\/uainoticias\/wp-json\/wp\/v2\/categories?post=82911"},{"taxonomy":"post_tag","embeddable":true,"href":"https:\/\/www.uai.com.br\/uainoticias\/wp-json\/wp\/v2\/tags?post=82911"}],"curies":[{"name":"wp","href":"https:\/\/api.w.org\/{rel}","templated":true}]}}