{"id":81741,"date":"2025-11-05T10:15:49","date_gmt":"2025-11-05T13:15:49","guid":{"rendered":"https:\/\/www.uai.com.br\/uainoticias\/?p=81741"},"modified":"2025-11-05T10:15:50","modified_gmt":"2025-11-05T13:15:50","slug":"as-tres-cores-que-vao-bombar-no-final-de-ano-de-2025","status":"publish","type":"post","link":"https:\/\/www.uai.com.br\/uainoticias\/2025\/11\/05\/as-tres-cores-que-vao-bombar-no-final-de-ano-de-2025\/","title":{"rendered":"As tr\u00eas cores que v\u00e3o bombar no final de ano de 2025"},"content":{"rendered":"\n<p>O fim de ano promete uma explos\u00e3o de estilo e significado com tr\u00eas <strong>cores que v\u00e3o dominar a temporada<\/strong>.<\/p>\n\n\n\n<p>Mais do que tend\u00eancia, cada tom carrega simbolismos fortes que v\u00e3o marcar festas, roupas e at\u00e9 a decora\u00e7\u00e3o.<\/p>\n\n\n\n<h2 class=\"wp-block-heading\">O que torna essas cores as queridinhas do momento?<\/h2>\n\n\n\n<p>A escolha das <strong>cores tend\u00eancia de fim de ano<\/strong> n\u00e3o \u00e9 aleat\u00f3ria. Elas refletem o desejo coletivo por renova\u00e7\u00e3o, equil\u00edbrio e otimismo, sentimentos t\u00edpicos dessa \u00e9poca.<\/p>\n\n\n\n<p>Al\u00e9m de aparecerem nas passarelas e campanhas de grandes marcas, essas cores t\u00eam forte conex\u00e3o com emo\u00e7\u00f5es e desejos para o ano que come\u00e7a.<\/p>\n\n\n\n<h2 class=\"wp-block-heading\">Verde-esmeralda transmite equil\u00edbrio e esperan\u00e7a<\/h2>\n\n\n\n<p>O <strong>verde-esmeralda<\/strong> aparece como s\u00edmbolo de frescor, crescimento e sa\u00fade. Sua presen\u00e7a \u00e9 marcante em vestidos, acess\u00f3rios e at\u00e9 detalhes em mesas de Natal e R\u00e9veillon.<\/p>\n\n\n\n<p>Associado \u00e0 natureza, esse tom \u00e9 perfeito para quem busca come\u00e7ar o novo ano com os p\u00e9s no ch\u00e3o e a mente em paz.<\/p>\n\n\n\n<ul class=\"wp-block-list\">\n<li>Ideal para looks monocrom\u00e1ticos elegantes<\/li>\n\n\n\n<li>Combina bem com dourado, branco e off-white<\/li>\n\n\n\n<li>Est\u00e1 presente em estampas tropicais e florais<\/li>\n\n\n\n<li>Remete \u00e0 renova\u00e7\u00e3o e boas energias<\/li>\n<\/ul>\n\n\n\n<figure class=\"wp-block-image size-large\"><img decoding=\"async\" width=\"1024\" height=\"576\" src=\"https:\/\/www.uai.com.br\/uainoticias\/wp-content\/uploads\/2025\/11\/Verde-esmeralda_1762346842332-1024x576.jpg\" alt=\"As tr\u00eas cores que v\u00e3o bombar no final de ano de 2025\" class=\"wp-image-81745\" srcset=\"https:\/\/www.uai.com.br\/uainoticias\/wp-content\/uploads\/2025\/11\/Verde-esmeralda_1762346842332-1024x576.jpg 1024w, https:\/\/www.uai.com.br\/uainoticias\/wp-content\/uploads\/2025\/11\/Verde-esmeralda_1762346842332-300x169.jpg 300w, https:\/\/www.uai.com.br\/uainoticias\/wp-content\/uploads\/2025\/11\/Verde-esmeralda_1762346842332-768x432.jpg 768w, https:\/\/www.uai.com.br\/uainoticias\/wp-content\/uploads\/2025\/11\/Verde-esmeralda_1762346842332-750x422.jpg 750w, https:\/\/www.uai.com.br\/uainoticias\/wp-content\/uploads\/2025\/11\/Verde-esmeralda_1762346842332-1140x641.jpg 1140w, https:\/\/www.uai.com.br\/uainoticias\/wp-content\/uploads\/2025\/11\/Verde-esmeralda_1762346842332.jpg 1280w\" sizes=\"(max-width: 1024px) 100vw, 1024px\" \/><figcaption class=\"wp-element-caption\">Verde-esmeralda &#8211; Cr\u00e9ditos: depositphotos.com \/ AntonMatyukha<\/figcaption><\/figure>\n\n\n\n<h2 class=\"wp-block-heading\">Lavanda ganha for\u00e7a com sua vibra\u00e7\u00e3o tranquila<\/h2>\n\n\n\n<p>Conhecida como a cor da espiritualidade e do autocuidado, a <strong>lavanda<\/strong> se consolida como uma escolha moderna para quem deseja suavidade e leveza nas festas.<\/p>\n\n\n\n<p>Ela funciona bem tanto em roupas quanto em detalhes de maquiagem e objetos decorativos.<\/p>\n\n\n\n<ul class=\"wp-block-list\">\n<li>Perfeita para looks rom\u00e2nticos e delicados<\/li>\n\n\n\n<li>Remete \u00e0 paz interior e serenidade<\/li>\n\n\n\n<li>\u00c9 tend\u00eancia forte entre influencers e celebridades<\/li>\n\n\n\n<li>Real\u00e7a peles claras e morenas com igual charme<\/li>\n<\/ul>\n\n\n\n<figure class=\"wp-block-image size-large\"><img decoding=\"async\" width=\"1024\" height=\"576\" src=\"https:\/\/www.uai.com.br\/uainoticias\/wp-content\/uploads\/2025\/11\/lavanda_1762346930227-1024x576.jpg\" alt=\"As tr\u00eas cores que v\u00e3o bombar no final de ano de 2025\" class=\"wp-image-81746\" srcset=\"https:\/\/www.uai.com.br\/uainoticias\/wp-content\/uploads\/2025\/11\/lavanda_1762346930227-1024x576.jpg 1024w, https:\/\/www.uai.com.br\/uainoticias\/wp-content\/uploads\/2025\/11\/lavanda_1762346930227-300x169.jpg 300w, https:\/\/www.uai.com.br\/uainoticias\/wp-content\/uploads\/2025\/11\/lavanda_1762346930227-768x432.jpg 768w, https:\/\/www.uai.com.br\/uainoticias\/wp-content\/uploads\/2025\/11\/lavanda_1762346930227-750x422.jpg 750w, https:\/\/www.uai.com.br\/uainoticias\/wp-content\/uploads\/2025\/11\/lavanda_1762346930227-1140x641.jpg 1140w, https:\/\/www.uai.com.br\/uainoticias\/wp-content\/uploads\/2025\/11\/lavanda_1762346930227.jpg 1280w\" sizes=\"(max-width: 1024px) 100vw, 1024px\" \/><figcaption class=\"wp-element-caption\">Lavanda &#8211; Cr\u00e9ditos: depositphotos.com \/ AlexGukBO<\/figcaption><\/figure>\n\n\n\n<h2 class=\"wp-block-heading\">Vermelho cereja traz paix\u00e3o e ousadia ao visual<\/h2>\n\n\n\n<p>O <strong>vermelho cereja<\/strong> une o cl\u00e1ssico vermelho das festas com um toque moderno e vibrante. Ele transmite poder, paix\u00e3o e magnetismo \u2014 tudo a ver com a energia da virada.<\/p>\n\n\n\n<p>\u00c9 a cor ideal para quem quer se destacar sem abrir m\u00e3o da eleg\u00e2ncia.<\/p>\n\n\n\n<ul class=\"wp-block-list\">\n<li>Tom vers\u00e1til que combina com dourado e preto<\/li>\n\n\n\n<li>Reflete autoestima e confian\u00e7a<\/li>\n\n\n\n<li>Est\u00e1 em alta em batons, vestidos e cal\u00e7ados<\/li>\n\n\n\n<li>\u00c9 aposta de celebridades nos red carpets<\/li>\n<\/ul>\n\n\n\n<figure class=\"wp-block-image size-large\"><img decoding=\"async\" width=\"1024\" height=\"576\" src=\"https:\/\/www.uai.com.br\/uainoticias\/wp-content\/uploads\/2025\/11\/Vermelho-cereja_1762346980626-1024x576.jpg\" alt=\"As tr\u00eas cores que v\u00e3o bombar no final de ano de 2025\" class=\"wp-image-81747\" srcset=\"https:\/\/www.uai.com.br\/uainoticias\/wp-content\/uploads\/2025\/11\/Vermelho-cereja_1762346980626-1024x576.jpg 1024w, https:\/\/www.uai.com.br\/uainoticias\/wp-content\/uploads\/2025\/11\/Vermelho-cereja_1762346980626-300x169.jpg 300w, https:\/\/www.uai.com.br\/uainoticias\/wp-content\/uploads\/2025\/11\/Vermelho-cereja_1762346980626-768x432.jpg 768w, https:\/\/www.uai.com.br\/uainoticias\/wp-content\/uploads\/2025\/11\/Vermelho-cereja_1762346980626-750x422.jpg 750w, https:\/\/www.uai.com.br\/uainoticias\/wp-content\/uploads\/2025\/11\/Vermelho-cereja_1762346980626-1140x641.jpg 1140w, https:\/\/www.uai.com.br\/uainoticias\/wp-content\/uploads\/2025\/11\/Vermelho-cereja_1762346980626.jpg 1280w\" sizes=\"(max-width: 1024px) 100vw, 1024px\" \/><figcaption class=\"wp-element-caption\">Vermelho cereja &#8211; Cr\u00e9ditos: depositphotos.com \/ kozak0071.meta.ua<\/figcaption><\/figure>\n","protected":false},"excerpt":{"rendered":"<p>O fim de ano promete uma explos\u00e3o de estilo e significado com tr\u00eas cores que v\u00e3o dominar a temporada. Mais do que tend\u00eancia, cada tom carrega simbolismos fortes que v\u00e3o marcar festas, roupas e at\u00e9 a decora\u00e7\u00e3o. O que torna essas cores as queridinhas do momento? A escolha das cores tend\u00eancia de fim de ano [&hellip;]<\/p>\n","protected":false},"author":6,"featured_media":81749,"comment_status":"open","ping_status":"open","sticky":false,"template":"","format":"standard","meta":{"jnews-multi-image_gallery":[],"jnews_single_post":{"format":"standard"},"jnews_primary_category":[],"jnews_social_meta":[],"jnews_override_counter":[],"footnotes":""},"categories":[107],"tags":[2577,203,15451,251],"class_list":["post-81741","post","type-post","status-publish","format-standard","has-post-thumbnail","hentry","category-moda-beleza","tag-cor","tag-moda","tag-reveillon","tag-tendencia"],"yoast_head":"<!-- This site is optimized with the Yoast SEO plugin v26.5 - https:\/\/yoast.com\/wordpress\/plugins\/seo\/ -->\n<title>As tr\u00eas cores que v\u00e3o bombar no final de ano de 2025 - UAI Not\u00edcias<\/title>\n<meta name=\"description\" content=\"Cores que carregam esperan\u00e7a, equil\u00edbrio e paix\u00e3o v\u00e3o marcar o R\u00e9veillon. Veja quais s\u00e3o as queridinhas da moda e o que elas representam.\" \/>\n<meta name=\"robots\" content=\"index, follow, max-snippet:-1, max-image-preview:large, max-video-preview:-1\" \/>\n<link rel=\"canonical\" href=\"https:\/\/www.uai.com.br\/uainoticias\/2025\/11\/05\/as-tres-cores-que-vao-bombar-no-final-de-ano-de-2025\/\" \/>\n<meta property=\"og:locale\" content=\"pt_BR\" \/>\n<meta property=\"og:type\" content=\"article\" \/>\n<meta property=\"og:title\" content=\"As tr\u00eas cores que v\u00e3o bombar no final de ano de 2025 - UAI Not\u00edcias\" \/>\n<meta property=\"og:description\" content=\"Cores que carregam esperan\u00e7a, equil\u00edbrio e paix\u00e3o v\u00e3o marcar o R\u00e9veillon. Veja quais s\u00e3o as queridinhas da moda e o que elas representam.\" \/>\n<meta property=\"og:url\" content=\"https:\/\/www.uai.com.br\/uainoticias\/2025\/11\/05\/as-tres-cores-que-vao-bombar-no-final-de-ano-de-2025\/\" \/>\n<meta property=\"og:site_name\" content=\"UAI Not\u00edcias\" \/>\n<meta property=\"article:published_time\" content=\"2025-11-05T13:15:49+00:00\" \/>\n<meta property=\"article:modified_time\" content=\"2025-11-05T13:15:50+00:00\" \/>\n<meta property=\"og:image\" content=\"https:\/\/www.uai.com.br\/uainoticias\/wp-content\/uploads\/2025\/11\/FALENCIA-3.jpg\" \/>\n\t<meta property=\"og:image:width\" content=\"1280\" \/>\n\t<meta property=\"og:image:height\" content=\"720\" \/>\n\t<meta property=\"og:image:type\" content=\"image\/jpeg\" \/>\n<meta name=\"author\" content=\"Nubia Rangel\" \/>\n<meta name=\"twitter:card\" content=\"summary_large_image\" \/>\n<meta name=\"twitter:label1\" content=\"Escrito por\" \/>\n\t<meta name=\"twitter:data1\" content=\"Nubia Rangel\" \/>\n\t<meta name=\"twitter:label2\" content=\"Est. tempo de leitura\" \/>\n\t<meta name=\"twitter:data2\" content=\"3 minutos\" \/>\n<!-- \/ Yoast SEO plugin. -->","yoast_head_json":{"title":"As tr\u00eas cores que v\u00e3o bombar no final de ano de 2025 - UAI Not\u00edcias","description":"Cores que carregam esperan\u00e7a, equil\u00edbrio e paix\u00e3o v\u00e3o marcar o R\u00e9veillon. Veja quais s\u00e3o as queridinhas da moda e o que elas representam.","robots":{"index":"index","follow":"follow","max-snippet":"max-snippet:-1","max-image-preview":"max-image-preview:large","max-video-preview":"max-video-preview:-1"},"canonical":"https:\/\/www.uai.com.br\/uainoticias\/2025\/11\/05\/as-tres-cores-que-vao-bombar-no-final-de-ano-de-2025\/","og_locale":"pt_BR","og_type":"article","og_title":"As tr\u00eas cores que v\u00e3o bombar no final de ano de 2025 - UAI Not\u00edcias","og_description":"Cores que carregam esperan\u00e7a, equil\u00edbrio e paix\u00e3o v\u00e3o marcar o R\u00e9veillon. Veja quais s\u00e3o as queridinhas da moda e o que elas representam.","og_url":"https:\/\/www.uai.com.br\/uainoticias\/2025\/11\/05\/as-tres-cores-que-vao-bombar-no-final-de-ano-de-2025\/","og_site_name":"UAI Not\u00edcias","article_published_time":"2025-11-05T13:15:49+00:00","article_modified_time":"2025-11-05T13:15:50+00:00","og_image":[{"width":1280,"height":720,"url":"https:\/\/www.uai.com.br\/uainoticias\/wp-content\/uploads\/2025\/11\/FALENCIA-3.jpg","type":"image\/jpeg"}],"author":"Nubia Rangel","twitter_card":"summary_large_image","twitter_misc":{"Escrito por":"Nubia Rangel","Est. tempo de leitura":"3 minutos"},"schema":{"@context":"https:\/\/schema.org","@graph":[{"@type":"WebPage","@id":"https:\/\/www.uai.com.br\/uainoticias\/2025\/11\/05\/as-tres-cores-que-vao-bombar-no-final-de-ano-de-2025\/","url":"https:\/\/www.uai.com.br\/uainoticias\/2025\/11\/05\/as-tres-cores-que-vao-bombar-no-final-de-ano-de-2025\/","name":"As tr\u00eas cores que v\u00e3o bombar no final de ano de 2025 - UAI Not\u00edcias","isPartOf":{"@id":"https:\/\/www.uai.com.br\/uainoticias\/#website"},"primaryImageOfPage":{"@id":"https:\/\/www.uai.com.br\/uainoticias\/2025\/11\/05\/as-tres-cores-que-vao-bombar-no-final-de-ano-de-2025\/#primaryimage"},"image":{"@id":"https:\/\/www.uai.com.br\/uainoticias\/2025\/11\/05\/as-tres-cores-que-vao-bombar-no-final-de-ano-de-2025\/#primaryimage"},"thumbnailUrl":"https:\/\/www.uai.com.br\/uainoticias\/wp-content\/uploads\/2025\/11\/FALENCIA-3.jpg","datePublished":"2025-11-05T13:15:49+00:00","dateModified":"2025-11-05T13:15:50+00:00","author":{"@id":"https:\/\/www.uai.com.br\/uainoticias\/#\/schema\/person\/d70e886a4103e1e8683d36d868d7aa74"},"description":"Cores que carregam esperan\u00e7a, equil\u00edbrio e paix\u00e3o v\u00e3o marcar o R\u00e9veillon. Veja quais s\u00e3o as queridinhas da moda e o que elas representam.","breadcrumb":{"@id":"https:\/\/www.uai.com.br\/uainoticias\/2025\/11\/05\/as-tres-cores-que-vao-bombar-no-final-de-ano-de-2025\/#breadcrumb"},"inLanguage":"pt-BR","potentialAction":[{"@type":"ReadAction","target":["https:\/\/www.uai.com.br\/uainoticias\/2025\/11\/05\/as-tres-cores-que-vao-bombar-no-final-de-ano-de-2025\/"]}]},{"@type":"ImageObject","inLanguage":"pt-BR","@id":"https:\/\/www.uai.com.br\/uainoticias\/2025\/11\/05\/as-tres-cores-que-vao-bombar-no-final-de-ano-de-2025\/#primaryimage","url":"https:\/\/www.uai.com.br\/uainoticias\/wp-content\/uploads\/2025\/11\/FALENCIA-3.jpg","contentUrl":"https:\/\/www.uai.com.br\/uainoticias\/wp-content\/uploads\/2025\/11\/FALENCIA-3.jpg","width":1280,"height":720,"caption":"As tr\u00eas cores refletem o desejo de renova\u00e7\u00e3o para o novo ano"},{"@type":"BreadcrumbList","@id":"https:\/\/www.uai.com.br\/uainoticias\/2025\/11\/05\/as-tres-cores-que-vao-bombar-no-final-de-ano-de-2025\/#breadcrumb","itemListElement":[{"@type":"ListItem","position":1,"name":"In\u00edcio","item":"https:\/\/www.uai.com.br\/uainoticias\/"},{"@type":"ListItem","position":2,"name":"As tr\u00eas cores que v\u00e3o bombar no final de ano de 2025"}]},{"@type":"WebSite","@id":"https:\/\/www.uai.com.br\/uainoticias\/#website","url":"https:\/\/www.uai.com.br\/uainoticias\/","name":"UAI Not\u00edcias","description":"Acompanhe as \u00faltimas not\u00edcias e fique bem informado sobre tudo o que acontece no Brasil e no mundo.","potentialAction":[{"@type":"SearchAction","target":{"@type":"EntryPoint","urlTemplate":"https:\/\/www.uai.com.br\/uainoticias\/?s={search_term_string}"},"query-input":{"@type":"PropertyValueSpecification","valueRequired":true,"valueName":"search_term_string"}}],"inLanguage":"pt-BR"},{"@type":"Person","@id":"https:\/\/www.uai.com.br\/uainoticias\/#\/schema\/person\/d70e886a4103e1e8683d36d868d7aa74","name":"Nubia Rangel","image":{"@type":"ImageObject","inLanguage":"pt-BR","@id":"https:\/\/www.uai.com.br\/uainoticias\/#\/schema\/person\/image\/","url":"https:\/\/secure.gravatar.com\/avatar\/252f169abe8ee815746433e68b4eaf99c7f991aa4da64e1bc97505ca39ff93e4?s=96&d=mm&r=g","contentUrl":"https:\/\/secure.gravatar.com\/avatar\/252f169abe8ee815746433e68b4eaf99c7f991aa4da64e1bc97505ca39ff93e4?s=96&d=mm&r=g","caption":"Nubia Rangel"},"sameAs":["https:\/\/www.uai.com.br\/uainoticias\/"],"url":"https:\/\/www.uai.com.br\/uainoticias\/author\/nubiamyth\/"}]}},"_links":{"self":[{"href":"https:\/\/www.uai.com.br\/uainoticias\/wp-json\/wp\/v2\/posts\/81741","targetHints":{"allow":["GET"]}}],"collection":[{"href":"https:\/\/www.uai.com.br\/uainoticias\/wp-json\/wp\/v2\/posts"}],"about":[{"href":"https:\/\/www.uai.com.br\/uainoticias\/wp-json\/wp\/v2\/types\/post"}],"author":[{"embeddable":true,"href":"https:\/\/www.uai.com.br\/uainoticias\/wp-json\/wp\/v2\/users\/6"}],"replies":[{"embeddable":true,"href":"https:\/\/www.uai.com.br\/uainoticias\/wp-json\/wp\/v2\/comments?post=81741"}],"version-history":[{"count":1,"href":"https:\/\/www.uai.com.br\/uainoticias\/wp-json\/wp\/v2\/posts\/81741\/revisions"}],"predecessor-version":[{"id":81752,"href":"https:\/\/www.uai.com.br\/uainoticias\/wp-json\/wp\/v2\/posts\/81741\/revisions\/81752"}],"wp:featuredmedia":[{"embeddable":true,"href":"https:\/\/www.uai.com.br\/uainoticias\/wp-json\/wp\/v2\/media\/81749"}],"wp:attachment":[{"href":"https:\/\/www.uai.com.br\/uainoticias\/wp-json\/wp\/v2\/media?parent=81741"}],"wp:term":[{"taxonomy":"category","embeddable":true,"href":"https:\/\/www.uai.com.br\/uainoticias\/wp-json\/wp\/v2\/categories?post=81741"},{"taxonomy":"post_tag","embeddable":true,"href":"https:\/\/www.uai.com.br\/uainoticias\/wp-json\/wp\/v2\/tags?post=81741"}],"curies":[{"name":"wp","href":"https:\/\/api.w.org\/{rel}","templated":true}]}}