{"id":80005,"date":"2025-11-01T12:05:00","date_gmt":"2025-11-01T15:05:00","guid":{"rendered":"https:\/\/www.uai.com.br\/uainoticias\/?p=80005"},"modified":"2025-10-31T19:11:26","modified_gmt":"2025-10-31T22:11:26","slug":"tenha-pele-e-cabelo-mais-saudaveis-com-solucoes-naturais-e-rapidas-2","status":"publish","type":"post","link":"https:\/\/www.uai.com.br\/uainoticias\/2025\/11\/01\/tenha-pele-e-cabelo-mais-saudaveis-com-solucoes-naturais-e-rapidas-2\/","title":{"rendered":"Tenha pele e cabelo mais saud\u00e1veis com solu\u00e7\u00f5es naturais e r\u00e1pidas"},"content":{"rendered":"\n<p>As plantas podem ser grandes aliadas na rotina de cuidados com a pele e o cabelo. Elas possuem propriedades naturais que nutrem, regeneram e proporcionam resultados vis\u00edveis em pouco tempo. Al\u00e9m disso, s\u00e3o uma alternativa segura e eficaz aos produtos qu\u00edmicos convencionais.<\/p>\n\n\n\n<p>Se voc\u00ea busca uma solu\u00e7\u00e3o r\u00e1pida e natural, as plantas podem ser a resposta. Com propriedades hidratantes, antioxidantes e revitalizantes, algumas delas atuam profundamente no cabelo e na pele, proporcionando resultados surpreendentes em curto per\u00edodo.<\/p>\n\n\n\n<h2 class=\"wp-block-heading\">Como as plantas podem melhorar a sa\u00fade da sua pele e cabelo rapidamente?<\/h2>\n\n\n\n<p>O uso de plantas para cuidados com a pele e o cabelo est\u00e1 se tornando cada vez mais popular, e os resultados podem ser vistos em pouco tempo. Mas o que torna essas plantas t\u00e3o eficazes? Muitas delas possuem antioxidantes, vitaminas e minerais essenciais para a regenera\u00e7\u00e3o celular, proporcionando hidrata\u00e7\u00e3o e nutri\u00e7\u00e3o r\u00e1pidas.<\/p>\n\n\n\n<figure class=\"wp-block-pullquote\"><blockquote><p><em>&#8220;Plantas como babosa e camomila t\u00eam sido usadas por s\u00e9culos por suas propriedades calmantes e regenerativas, essenciais para a sa\u00fade da pele&#8221;, afirma Linda Chalker-Scott, especialista em bot\u00e2nica, conforme The Informed Gardener, 2011. p. 42.<\/em><\/p><\/blockquote><\/figure>\n\n\n\n<figure class=\"wp-block-embed is-type-video is-provider-youtube wp-block-embed-youtube wp-embed-aspect-16-9 wp-has-aspect-ratio\"><div class=\"wp-block-embed__wrapper\">\n<div class=\"jeg_video_container jeg_video_content\"><iframe loading=\"lazy\" title=\"Benef\u00edcios incr\u00edveis da babosa!!\" width=\"500\" height=\"281\" src=\"https:\/\/www.youtube.com\/embed\/KxfxGlqSF8o?feature=oembed\" frameborder=\"0\" allow=\"accelerometer; autoplay; clipboard-write; encrypted-media; gyroscope; picture-in-picture; web-share\" referrerpolicy=\"strict-origin-when-cross-origin\" allowfullscreen><\/iframe><\/div>\n<\/div><\/figure>\n\n\n\n<h2 class=\"wp-block-heading\">Babosa revitaliza e hidrata a pele e cabelo<\/h2>\n\n\n\n<p><strong>A babosa \u00e9 uma planta conhecida por suas poderosas propriedades hidratantes e regenerativas. <\/strong>Ela \u00e9 eficaz tanto para a pele quanto para o cabelo, proporcionando uma hidrata\u00e7\u00e3o intensa e auxiliando na recupera\u00e7\u00e3o de danos causados por agentes externos.<\/p>\n\n\n\n<ul class=\"wp-block-list\">\n<li>Hidrata profundamente a pele, combatendo ressecamento e envelhecimento precoce<\/li>\n\n\n\n<li>Fortalece o cabelo e estimula o crescimento saud\u00e1vel<\/li>\n\n\n\n<li>Acalma a pele irritada e ajuda na cicatriza\u00e7\u00e3o de feridas<\/li>\n<\/ul>\n\n\n\n<p>Com seu gel natural, a babosa pode ser <a href=\"https:\/\/www.uai.com.br\/uainoticias\/2025\/09\/21\/essas-plantas-atraem-vigor-para-caminhadas-e-atividades-ao-ar-livre\/\" target=\"_blank\" rel=\"noreferrer noopener\">aplicada diretamente na pele ou no couro cabeludo, oferecendo resultados r\u00e1pidos e eficazes<\/a>.<\/p>\n\n\n\n<h2 class=\"wp-block-heading\">\u00d3leo de jojoba promove equil\u00edbrio e brilho no cabelo<\/h2>\n\n\n\n<p><strong>O \u00f3leo de jojoba \u00e9 outro aliado poderoso para a sa\u00fade do cabelo e da pele.<\/strong> Ele \u00e9 ideal para quem busca controlar a oleosidade sem deixar o cabelo pesado. Al\u00e9m disso, a jojoba \u00e9 rica em vitaminas e minerais que promovem um brilho saud\u00e1vel e equilibram a hidrata\u00e7\u00e3o.<\/p>\n\n\n\n<ul class=\"wp-block-list\">\n<li>Equilibra a produ\u00e7\u00e3o de \u00f3leo no couro cabeludo<\/li>\n\n\n\n<li>Deixa o cabelo mais brilhante e macio<\/li>\n\n\n\n<li>Nutre a pele, promovendo uma apar\u00eancia saud\u00e1vel e hidratada<\/li>\n<\/ul>\n\n\n\n<p>Usado como m\u00e1scara capilar ou no rosto, o \u00f3leo de jojoba atua rapidamente, trazendo resultados vis\u00edveis em apenas alguns dias de uso.<\/p>\n\n\n\n<h2 class=\"wp-block-heading\">Camomila para um toque suave e iluminado na pele<\/h2>\n\n\n\n<p><strong>A camomila \u00e9 uma planta com propriedades calmantes que pode ser um excelente tratamento para a pele sens\u00edvel. <\/strong>Ela ajuda a reduzir a inflama\u00e7\u00e3o e a melhorar a tonalidade da pele, trazendo um aspecto mais saud\u00e1vel e iluminado.<\/p>\n\n\n\n<ul class=\"wp-block-list\">\n<li>Reduz inflama\u00e7\u00f5es e vermelhid\u00e3o da pele<\/li>\n\n\n\n<li>Deixa a pele com um brilho natural<\/li>\n\n\n\n<li>Ajuda a clarear manchas e uniformizar o tom da pele<\/li>\n<\/ul>\n\n\n\n<p>Com o uso de ch\u00e1 de camomila ou seus extratos, \u00e9 poss\u00edvel obter uma pele mais iluminada e tranquila, al\u00e9m de combater a acne e outras irrita\u00e7\u00f5es.<\/p>\n\n\n\n<h2 class=\"wp-block-heading\">Como incorporar essas plantas na sua rotina di\u00e1ria de cuidados?<\/h2>\n\n\n\n<p>Integrar plantas como babosa, jojoba e camomila na rotina de cuidados \u00e9 simples e r\u00e1pido. Com a aplica\u00e7\u00e3o regular, voc\u00ea pode observar resultados em poucos dias.<\/p>\n\n\n\n<ul class=\"wp-block-list\">\n<li>Use babosa gel como hidratante di\u00e1rio ou m\u00e1scara capilar<\/li>\n\n\n\n<li>Incorpore o \u00f3leo de jojoba para hidratar e controlar o brilho do cabelo<\/li>\n\n\n\n<li>Prepare infus\u00f5es de camomila para acalmar a pele ou clarear manchas<\/li>\n<\/ul>\n\n\n\n<p>Essas plantas podem ser facilmente encontradas em produtos de cuidados naturais ou usadas em sua forma pura, garantindo resultados r\u00e1pidos e eficazes.<\/p>\n\n\n\n<figure class=\"wp-block-image size-large is-resized\"><img decoding=\"async\" width=\"1024\" height=\"576\" src=\"https:\/\/www.uai.com.br\/uainoticias\/wp-content\/uploads\/2025\/10\/Oleo-de-jojoba_1761916924428-1024x576.jpg\" alt=\"Melhore a sua pele e cabelo com o poder das plantas em pouco tempo\" class=\"wp-image-80014\" style=\"object-fit:cover;width:1280px;height:720px\" srcset=\"https:\/\/www.uai.com.br\/uainoticias\/wp-content\/uploads\/2025\/10\/Oleo-de-jojoba_1761916924428-1024x576.jpg 1024w, https:\/\/www.uai.com.br\/uainoticias\/wp-content\/uploads\/2025\/10\/Oleo-de-jojoba_1761916924428-300x169.jpg 300w, https:\/\/www.uai.com.br\/uainoticias\/wp-content\/uploads\/2025\/10\/Oleo-de-jojoba_1761916924428-768x432.jpg 768w, https:\/\/www.uai.com.br\/uainoticias\/wp-content\/uploads\/2025\/10\/Oleo-de-jojoba_1761916924428-750x422.jpg 750w, https:\/\/www.uai.com.br\/uainoticias\/wp-content\/uploads\/2025\/10\/Oleo-de-jojoba_1761916924428-1140x641.jpg 1140w, https:\/\/www.uai.com.br\/uainoticias\/wp-content\/uploads\/2025\/10\/Oleo-de-jojoba_1761916924428.jpg 1280w\" sizes=\"(max-width: 1024px) 100vw, 1024px\" \/><figcaption class=\"wp-element-caption\">O \u00f3leo de jojoba \u00e9 um aliado para cabelo e pele &#8211; Cr\u00e9ditos: depositphotos.com \/ ParStud<\/figcaption><\/figure>\n\n\n\n<h3 class=\"wp-block-heading\">Perguntas Frequentes<\/h3>\n\n\n\n<h3 class=\"wp-block-heading\">Quais s\u00e3o os benef\u00edcios da babosa para o cabelo?<\/h3>\n\n\n\n<p>A babosa hidrata e fortalece o cabelo, <a href=\"https:\/\/www.uai.com.br\/uainoticias\/2025\/09\/14\/3-plantas-com-aroma-leve-que-estimulam-bem-estar-e-criam-uma-atmosfera-acolhedora\/\" target=\"_blank\" rel=\"noreferrer noopener\">ajudando a combater a queda e estimulando o crescimento saud\u00e1vel<\/a>.<\/p>\n\n\n\n<h3 class=\"wp-block-heading\">O \u00f3leo de jojoba pode ser usado em todos os tipos de cabelo?<\/h3>\n\n\n\n<p>Sim, o \u00f3leo de jojoba \u00e9 adequado para todos os tipos de cabelo, especialmente para controlar a oleosidade e promover brilho.<\/p>\n\n\n\n<h3 class=\"wp-block-heading\">Posso usar camomila para clarear manchas na pele?<\/h3>\n\n\n\n<p>Sim, a camomila possui propriedades clareadoras que ajudam a uniformizar o tom da pele e reduzir manchas.<\/p>\n\n\n\n<p>Integrar essas plantas naturais ao seu dia a dia pode ser a chave para melhorar a sa\u00fade da sua pele e cabelo de maneira r\u00e1pida e eficaz. Experimente e aproveite os resultados vis\u00edveis em pouco tempo.<\/p>\n","protected":false},"excerpt":{"rendered":"<p>As plantas podem ser grandes aliadas na rotina de cuidados com a pele e o cabelo. Elas possuem propriedades naturais que nutrem, regeneram e proporcionam resultados vis\u00edveis em pouco tempo. Al\u00e9m disso, s\u00e3o uma alternativa segura e eficaz aos produtos qu\u00edmicos convencionais. Se voc\u00ea busca uma solu\u00e7\u00e3o r\u00e1pida e natural, as plantas podem ser a [&hellip;]<\/p>\n","protected":false},"author":7,"featured_media":72247,"comment_status":"open","ping_status":"open","sticky":false,"template":"","format":"standard","meta":{"jnews-multi-image_gallery":[],"jnews_single_post":{"format":"standard"},"jnews_primary_category":[],"jnews_social_meta":[],"jnews_override_counter":[],"footnotes":""},"categories":[11599,476],"tags":[323,260,781],"class_list":["post-80005","post","type-post","status-publish","format-standard","has-post-thumbnail","hentry","category-jardinagem","category-saude-e-bem-estar","tag-cabelo","tag-pele","tag-plantas"],"yoast_head":"<!-- This site is optimized with the Yoast SEO plugin v26.5 - https:\/\/yoast.com\/wordpress\/plugins\/seo\/ -->\n<title>Tenha pele e cabelo mais saud\u00e1veis com solu\u00e7\u00f5es naturais e r\u00e1pidas - UAI Not\u00edcias<\/title>\n<meta name=\"description\" content=\"Transforme sua pele e cabelo com o poder das plantas naturais. Resultados r\u00e1pidos e eficazes para hidrata\u00e7\u00e3o, brilho e rejuvenescimento!\" \/>\n<meta name=\"robots\" content=\"index, follow, max-snippet:-1, max-image-preview:large, max-video-preview:-1\" \/>\n<link rel=\"canonical\" href=\"https:\/\/www.uai.com.br\/uainoticias\/2025\/11\/01\/tenha-pele-e-cabelo-mais-saudaveis-com-solucoes-naturais-e-rapidas-2\/\" \/>\n<meta property=\"og:locale\" content=\"pt_BR\" \/>\n<meta property=\"og:type\" content=\"article\" \/>\n<meta property=\"og:title\" content=\"Tenha pele e cabelo mais saud\u00e1veis com solu\u00e7\u00f5es naturais e r\u00e1pidas - UAI Not\u00edcias\" \/>\n<meta property=\"og:description\" content=\"Transforme sua pele e cabelo com o poder das plantas naturais. Resultados r\u00e1pidos e eficazes para hidrata\u00e7\u00e3o, brilho e rejuvenescimento!\" \/>\n<meta property=\"og:url\" content=\"https:\/\/www.uai.com.br\/uainoticias\/2025\/11\/01\/tenha-pele-e-cabelo-mais-saudaveis-com-solucoes-naturais-e-rapidas-2\/\" \/>\n<meta property=\"og:site_name\" content=\"UAI Not\u00edcias\" \/>\n<meta property=\"article:published_time\" content=\"2025-11-01T15:05:00+00:00\" \/>\n<meta property=\"og:image\" content=\"https:\/\/www.uai.com.br\/uainoticias\/wp-content\/uploads\/2025\/10\/Mulher-vendo-seu-cabelo_1760102464044.jpg\" \/>\n\t<meta property=\"og:image:width\" content=\"1280\" \/>\n\t<meta property=\"og:image:height\" content=\"720\" \/>\n\t<meta property=\"og:image:type\" content=\"image\/jpeg\" \/>\n<meta name=\"author\" content=\"Guilherme Lucas\" \/>\n<meta name=\"twitter:card\" content=\"summary_large_image\" \/>\n<meta name=\"twitter:label1\" content=\"Escrito por\" \/>\n\t<meta name=\"twitter:data1\" content=\"Guilherme Lucas\" \/>\n\t<meta name=\"twitter:label2\" content=\"Est. tempo de leitura\" \/>\n\t<meta name=\"twitter:data2\" content=\"5 minutos\" \/>\n<!-- \/ Yoast SEO plugin. -->","yoast_head_json":{"title":"Tenha pele e cabelo mais saud\u00e1veis com solu\u00e7\u00f5es naturais e r\u00e1pidas - UAI Not\u00edcias","description":"Transforme sua pele e cabelo com o poder das plantas naturais. Resultados r\u00e1pidos e eficazes para hidrata\u00e7\u00e3o, brilho e rejuvenescimento!","robots":{"index":"index","follow":"follow","max-snippet":"max-snippet:-1","max-image-preview":"max-image-preview:large","max-video-preview":"max-video-preview:-1"},"canonical":"https:\/\/www.uai.com.br\/uainoticias\/2025\/11\/01\/tenha-pele-e-cabelo-mais-saudaveis-com-solucoes-naturais-e-rapidas-2\/","og_locale":"pt_BR","og_type":"article","og_title":"Tenha pele e cabelo mais saud\u00e1veis com solu\u00e7\u00f5es naturais e r\u00e1pidas - UAI Not\u00edcias","og_description":"Transforme sua pele e cabelo com o poder das plantas naturais. Resultados r\u00e1pidos e eficazes para hidrata\u00e7\u00e3o, brilho e rejuvenescimento!","og_url":"https:\/\/www.uai.com.br\/uainoticias\/2025\/11\/01\/tenha-pele-e-cabelo-mais-saudaveis-com-solucoes-naturais-e-rapidas-2\/","og_site_name":"UAI Not\u00edcias","article_published_time":"2025-11-01T15:05:00+00:00","og_image":[{"width":1280,"height":720,"url":"https:\/\/www.uai.com.br\/uainoticias\/wp-content\/uploads\/2025\/10\/Mulher-vendo-seu-cabelo_1760102464044.jpg","type":"image\/jpeg"}],"author":"Guilherme Lucas","twitter_card":"summary_large_image","twitter_misc":{"Escrito por":"Guilherme Lucas","Est. tempo de leitura":"5 minutos"},"schema":{"@context":"https:\/\/schema.org","@graph":[{"@type":"WebPage","@id":"https:\/\/www.uai.com.br\/uainoticias\/2025\/11\/01\/tenha-pele-e-cabelo-mais-saudaveis-com-solucoes-naturais-e-rapidas-2\/","url":"https:\/\/www.uai.com.br\/uainoticias\/2025\/11\/01\/tenha-pele-e-cabelo-mais-saudaveis-com-solucoes-naturais-e-rapidas-2\/","name":"Tenha pele e cabelo mais saud\u00e1veis com solu\u00e7\u00f5es naturais e r\u00e1pidas - UAI Not\u00edcias","isPartOf":{"@id":"https:\/\/www.uai.com.br\/uainoticias\/#website"},"primaryImageOfPage":{"@id":"https:\/\/www.uai.com.br\/uainoticias\/2025\/11\/01\/tenha-pele-e-cabelo-mais-saudaveis-com-solucoes-naturais-e-rapidas-2\/#primaryimage"},"image":{"@id":"https:\/\/www.uai.com.br\/uainoticias\/2025\/11\/01\/tenha-pele-e-cabelo-mais-saudaveis-com-solucoes-naturais-e-rapidas-2\/#primaryimage"},"thumbnailUrl":"https:\/\/www.uai.com.br\/uainoticias\/wp-content\/uploads\/2025\/10\/Mulher-vendo-seu-cabelo_1760102464044.jpg","datePublished":"2025-11-01T15:05:00+00:00","author":{"@id":"https:\/\/www.uai.com.br\/uainoticias\/#\/schema\/person\/055b74ae27408d3c9bd325cd12d1c65f"},"description":"Transforme sua pele e cabelo com o poder das plantas naturais. Resultados r\u00e1pidos e eficazes para hidrata\u00e7\u00e3o, brilho e rejuvenescimento!","breadcrumb":{"@id":"https:\/\/www.uai.com.br\/uainoticias\/2025\/11\/01\/tenha-pele-e-cabelo-mais-saudaveis-com-solucoes-naturais-e-rapidas-2\/#breadcrumb"},"inLanguage":"pt-BR","potentialAction":[{"@type":"ReadAction","target":["https:\/\/www.uai.com.br\/uainoticias\/2025\/11\/01\/tenha-pele-e-cabelo-mais-saudaveis-com-solucoes-naturais-e-rapidas-2\/"]}]},{"@type":"ImageObject","inLanguage":"pt-BR","@id":"https:\/\/www.uai.com.br\/uainoticias\/2025\/11\/01\/tenha-pele-e-cabelo-mais-saudaveis-com-solucoes-naturais-e-rapidas-2\/#primaryimage","url":"https:\/\/www.uai.com.br\/uainoticias\/wp-content\/uploads\/2025\/10\/Mulher-vendo-seu-cabelo_1760102464044.jpg","contentUrl":"https:\/\/www.uai.com.br\/uainoticias\/wp-content\/uploads\/2025\/10\/Mulher-vendo-seu-cabelo_1760102464044.jpg","width":1280,"height":720,"caption":"Mulher vendo seus cabelos - Cr\u00e9ditos: depositphotos.com \/ AllaSerebrina"},{"@type":"BreadcrumbList","@id":"https:\/\/www.uai.com.br\/uainoticias\/2025\/11\/01\/tenha-pele-e-cabelo-mais-saudaveis-com-solucoes-naturais-e-rapidas-2\/#breadcrumb","itemListElement":[{"@type":"ListItem","position":1,"name":"In\u00edcio","item":"https:\/\/www.uai.com.br\/uainoticias\/"},{"@type":"ListItem","position":2,"name":"Tenha pele e cabelo mais saud\u00e1veis com solu\u00e7\u00f5es naturais e r\u00e1pidas"}]},{"@type":"WebSite","@id":"https:\/\/www.uai.com.br\/uainoticias\/#website","url":"https:\/\/www.uai.com.br\/uainoticias\/","name":"UAI Not\u00edcias","description":"Acompanhe as \u00faltimas not\u00edcias e fique bem informado sobre tudo o que acontece no Brasil e no mundo.","potentialAction":[{"@type":"SearchAction","target":{"@type":"EntryPoint","urlTemplate":"https:\/\/www.uai.com.br\/uainoticias\/?s={search_term_string}"},"query-input":{"@type":"PropertyValueSpecification","valueRequired":true,"valueName":"search_term_string"}}],"inLanguage":"pt-BR"},{"@type":"Person","@id":"https:\/\/www.uai.com.br\/uainoticias\/#\/schema\/person\/055b74ae27408d3c9bd325cd12d1c65f","name":"Guilherme Lucas","image":{"@type":"ImageObject","inLanguage":"pt-BR","@id":"https:\/\/www.uai.com.br\/uainoticias\/#\/schema\/person\/image\/","url":"https:\/\/secure.gravatar.com\/avatar\/bde204e124e2b0380869a2811281ec228473f402fb8e1ac4b18eaf0e42abfc30?s=96&d=mm&r=g","contentUrl":"https:\/\/secure.gravatar.com\/avatar\/bde204e124e2b0380869a2811281ec228473f402fb8e1ac4b18eaf0e42abfc30?s=96&d=mm&r=g","caption":"Guilherme Lucas"},"url":"https:\/\/www.uai.com.br\/uainoticias\/author\/guilhermemyth\/"}]}},"_links":{"self":[{"href":"https:\/\/www.uai.com.br\/uainoticias\/wp-json\/wp\/v2\/posts\/80005","targetHints":{"allow":["GET"]}}],"collection":[{"href":"https:\/\/www.uai.com.br\/uainoticias\/wp-json\/wp\/v2\/posts"}],"about":[{"href":"https:\/\/www.uai.com.br\/uainoticias\/wp-json\/wp\/v2\/types\/post"}],"author":[{"embeddable":true,"href":"https:\/\/www.uai.com.br\/uainoticias\/wp-json\/wp\/v2\/users\/7"}],"replies":[{"embeddable":true,"href":"https:\/\/www.uai.com.br\/uainoticias\/wp-json\/wp\/v2\/comments?post=80005"}],"version-history":[{"count":2,"href":"https:\/\/www.uai.com.br\/uainoticias\/wp-json\/wp\/v2\/posts\/80005\/revisions"}],"predecessor-version":[{"id":80441,"href":"https:\/\/www.uai.com.br\/uainoticias\/wp-json\/wp\/v2\/posts\/80005\/revisions\/80441"}],"wp:featuredmedia":[{"embeddable":true,"href":"https:\/\/www.uai.com.br\/uainoticias\/wp-json\/wp\/v2\/media\/72247"}],"wp:attachment":[{"href":"https:\/\/www.uai.com.br\/uainoticias\/wp-json\/wp\/v2\/media?parent=80005"}],"wp:term":[{"taxonomy":"category","embeddable":true,"href":"https:\/\/www.uai.com.br\/uainoticias\/wp-json\/wp\/v2\/categories?post=80005"},{"taxonomy":"post_tag","embeddable":true,"href":"https:\/\/www.uai.com.br\/uainoticias\/wp-json\/wp\/v2\/tags?post=80005"}],"curies":[{"name":"wp","href":"https:\/\/api.w.org\/{rel}","templated":true}]}}