{"id":71653,"date":"2025-10-10T19:15:00","date_gmt":"2025-10-10T22:15:00","guid":{"rendered":"https:\/\/www.uai.com.br\/uainoticias\/?p=71653"},"modified":"2025-10-10T00:16:52","modified_gmt":"2025-10-10T03:16:52","slug":"tem-vergonha-de-se-vestir-com-estilo-veja-como-superar-o-medo-de-se-destacar","status":"publish","type":"post","link":"https:\/\/www.uai.com.br\/uainoticias\/2025\/10\/10\/tem-vergonha-de-se-vestir-com-estilo-veja-como-superar-o-medo-de-se-destacar\/","title":{"rendered":"Tem vergonha de se vestir com estilo? Veja como superar o medo de se destacar"},"content":{"rendered":"\n<p><strong>Muitas pessoas evitam vestir o que realmente gostam por medo de julgamento<\/strong>. A sensa\u00e7\u00e3o de estar<strong> \u201cindo muito arrumada\u201d <\/strong>pode gerar desconforto social.<\/p>\n\n\n\n<p>O desejo de pertencimento muitas vezes impede a autenticidade. Contudo, a ousadia na moda \u00e9 uma forma poderosa de express\u00e3o pessoal.<\/p>\n\n\n\n<h2 class=\"wp-block-heading\">Por que temos vergonha de mostrar nosso estilo \u00fanico?<\/h2>\n\n\n\n<p><strong>O medo de se destacar surge da press\u00e3o social para se encaixar em padr\u00f5es. Quem sente vergonha de ser estilosa muitas vezes reprime sua identidade visual.<\/strong><\/p>\n\n\n\n<p>Estudos indicam que a necessidade de aceita\u00e7\u00e3o coletiva interfere nas escolhas de vestu\u00e1rio e comportamento.<\/p>\n\n\n\n<blockquote class=\"wp-block-quote is-layout-flow wp-block-quote-is-layout-flow\">\n<blockquote class=\"wp-block-quote is-layout-flow wp-block-quote-is-layout-flow\">\n<p><em>A moda \u00e9 uma linguagem que reflete nossa individualidade e a coragem de se expressar \u2014 Roland Barthes, semi\u00f3logo.<\/em><\/p>\n<\/blockquote>\n\n\n\n<figure class=\"wp-block-image size-large\"><img decoding=\"async\" width=\"1024\" height=\"576\" src=\"https:\/\/www.uai.com.br\/uainoticias\/wp-content\/uploads\/2025\/10\/roupa-estilosa_1760016890712-1024x576.jpg\" alt=\"Voc\u00ea sente vergonha de ser estilosa? Como superar o medo de se destacar\" class=\"wp-image-71657\" srcset=\"https:\/\/www.uai.com.br\/uainoticias\/wp-content\/uploads\/2025\/10\/roupa-estilosa_1760016890712-1024x576.jpg 1024w, https:\/\/www.uai.com.br\/uainoticias\/wp-content\/uploads\/2025\/10\/roupa-estilosa_1760016890712-300x169.jpg 300w, https:\/\/www.uai.com.br\/uainoticias\/wp-content\/uploads\/2025\/10\/roupa-estilosa_1760016890712-768x432.jpg 768w, https:\/\/www.uai.com.br\/uainoticias\/wp-content\/uploads\/2025\/10\/roupa-estilosa_1760016890712-750x422.jpg 750w, https:\/\/www.uai.com.br\/uainoticias\/wp-content\/uploads\/2025\/10\/roupa-estilosa_1760016890712-1140x641.jpg 1140w, https:\/\/www.uai.com.br\/uainoticias\/wp-content\/uploads\/2025\/10\/roupa-estilosa_1760016890712.jpg 1280w\" sizes=\"(max-width: 1024px) 100vw, 1024px\" \/><figcaption class=\"wp-element-caption\">Muitas pessoas deixam de usar o que gostam por medo do julgamento social \u2014 Cr\u00e9ditos: depositphotos.com \/ anatoliycherkas<\/figcaption><\/figure>\n<\/blockquote>\n\n\n\n<h2 class=\"wp-block-heading\">Paris incentiva a ousadia com moda de rua inspiradora<\/h2>\n\n\n\n<p>A capital francesa \u00e9 reconhecida por transformar a<strong> express\u00e3o pessoal em tend\u00eancia<\/strong>. As ruas de Paris s\u00e3o palco de looks aut\u00eanticos e criativos.<\/p>\n\n\n\n<ul class=\"wp-block-list\">\n<li>Eventos de moda que misturam estilos cl\u00e1ssicos e contempor\u00e2neos<\/li>\n\n\n\n<li>Boutiques independentes que incentivam combina\u00e7\u00f5es inusitadas<\/li>\n\n\n\n<li>Feiras e mercados de moda alternativa<\/li>\n<\/ul>\n\n\n\n<p>Explorar esses espa\u00e7os ajuda qualquer pessoa a se sentir mais confiante para testar seu pr\u00f3prio estilo. Paris celebra a <strong><a href=\"https:\/\/www.uai.com.br\/uainoticias\/2025\/10\/09\/hoje-as-estrelas-favorecem-sua-visibilidade-e-autenticidade\/\" target=\"_blank\" rel=\"noreferrer noopener\">autenticidade <\/a><\/strong>em cada esquina.<\/p>\n\n\n\n<h2 class=\"wp-block-heading\">Mil\u00e3o mostra como cores e texturas redefinem sua imagem<\/h2>\n\n\n\n<p>A cidade italiana ensina que usar cores vibrantes e texturas diversas transforma a<strong> percep\u00e7\u00e3o de estilo pessoal<\/strong>. Mil\u00e3o combina tradi\u00e7\u00e3o e modernidade de maneira inspiradora.<\/p>\n\n\n\n<ul class=\"wp-block-list\">\n<li>Workshops de styling com foco em autoconfian\u00e7a<\/li>\n\n\n\n<li>Eventos de moda que promovem experimenta\u00e7\u00e3o sensorial<\/li>\n\n\n\n<li>Desfiles de marcas emergentes que desafiam o convencional<\/li>\n<\/ul>\n\n\n\n<p>Seguir essas refer\u00eancias estimula a ousadia e reduz a ansiedade de julgamento social. Mil\u00e3o inspira criatividade sem medo de se destacar.<\/p>\n\n\n\n<h2 class=\"wp-block-heading\">Nova York oferece tend\u00eancias ousadas que fortalecem a autoestima<\/h2>\n\n\n\n<p>A metr\u00f3pole americana une<strong> inova\u00e7\u00e3o e diversidade<\/strong>, incentivando estilos aut\u00eanticos. Nova York mostra como arriscar na moda aumenta a confian\u00e7a pessoal.<\/p>\n\n\n\n<ul class=\"wp-block-list\">\n<li>Feiras de streetwear que valorizam a individualidade<\/li>\n\n\n\n<li>Marcas que promovem inclus\u00e3o e liberdade de express\u00e3o<\/li>\n\n\n\n<li>Eventos colaborativos de moda sustent\u00e1vel e inovadora<\/li>\n<\/ul>\n\n\n\n<p>Adotar refer\u00eancias de Nova York ajuda a incorporar escolhas mais aut\u00eanticas no dia a dia. A cidade refor\u00e7a que estilo \u00e9 sobre identidade, n\u00e3o aprova\u00e7\u00e3o externa.<\/p>\n\n\n\n<blockquote class=\"wp-block-quote is-layout-flow wp-block-quote-is-layout-flow\">\n<blockquote class=\"wp-block-quote is-layout-flow wp-block-quote-is-layout-flow\">\n<p><em>A experimenta\u00e7\u00e3o com cores e cortes audaciosos fortalece a autoestima e permite express\u00e3o plena \u2014 ABIHPEC, conforme ABIHPEC. <\/em><\/p>\n<\/blockquote>\n<\/blockquote>\n\n\n\n<h2 class=\"wp-block-heading\">Como aplicar a ousadia do estilo no seu cotidiano<\/h2>\n\n\n\n<p><strong>Ser estilosa n\u00e3o precisa ser um ato de rebeldia extrema<\/strong>. Pequenos ajustes no dia a dia podem refor\u00e7ar a autenticidade.<\/p>\n\n\n\n<ul class=\"wp-block-list\">\n<li>Escolher uma pe\u00e7a de destaque por dia<\/li>\n\n\n\n<li>Misturar estampas e texturas que representem sua personalidade<\/li>\n\n\n\n<li>Experimentar acess\u00f3rios que expressem humor e estilo<\/li>\n<\/ul>\n\n\n\n<p>Essas pr\u00e1ticas ajudam a ganhar confian\u00e7a sem depender da aprova\u00e7\u00e3o alheia. O estilo pessoal \u00e9 uma constru\u00e7\u00e3o cont\u00ednua de coragem e identidade.<\/p>\n\n\n\n<blockquote class=\"tiktok-embed\" cite=\"https:\/\/www.tiktok.com\/@karenvellasco\/video\/7483271996906786103\" data-video-id=\"7483271996906786103\" style=\"max-width: 605px;min-width: 325px;\" > <section> <a target=\"_blank\" title=\"@karenvellasco\" href=\"https:\/\/www.tiktok.com\/@karenvellasco?refer=embed\">@karenvellasco<\/a> Voc\u00ea j\u00e1 teve vergonha de ser estilosa? Por que j\u00e1! <a title=\"estilosa\" target=\"_blank\" href=\"https:\/\/www.tiktok.com\/tag\/estilosa?refer=embed\">#estilosa<\/a> <a title=\"estilopessoal\" target=\"_blank\" href=\"https:\/\/www.tiktok.com\/tag\/estilopessoal?refer=embed\">#estilopessoal<\/a> <a title=\"modafeminina\" target=\"_blank\" href=\"https:\/\/www.tiktok.com\/tag\/modafeminina?refer=embed\">#modafeminina<\/a> <a title=\"estilopessoal\" target=\"_blank\" href=\"https:\/\/www.tiktok.com\/tag\/estilopessoal?refer=embed\">#estilopessoal<\/a> <a title=\"posicionamentodeimagem\" target=\"_blank\" href=\"https:\/\/www.tiktok.com\/tag\/posicionamentodeimagem?refer=embed\">#posicionamentodeimagem<\/a> <a title=\"vestirbemfazbem\" target=\"_blank\" href=\"https:\/\/www.tiktok.com\/tag\/vestirbemfazbem?refer=embed\">#vestirbemfazbem<\/a> <a title=\"foryoupage\" target=\"_blank\" href=\"https:\/\/www.tiktok.com\/tag\/foryoupage?refer=embed\">#foryoupage<\/a> <a target=\"_blank\" title=\"\u266c som original - Karen Vellasco\" href=\"https:\/\/www.tiktok.com\/music\/som-original-7483272010371468037?refer=embed\">\u266c som original &#8211; Karen Vellasco<\/a> <\/section> <\/blockquote> <script async src=\"https:\/\/www.tiktok.com\/embed.js\"><\/script>\n\n\n\n<h2 class=\"wp-block-heading\">Perguntas Frequentes<\/h2>\n\n\n\n<h3 class=\"wp-block-heading\">Como superar o medo de parecer exagerada ao se vestir?<\/h3>\n\n\n\n<p>Comece com pe\u00e7as discretas que reflitam sua personalidade e aumente gradualmente a ousadia. A pr\u00e1tica e a observa\u00e7\u00e3o de refer\u00eancias ajudam a reduzir a inseguran\u00e7a.<\/p>\n\n\n\n<h3 class=\"wp-block-heading\">\u00c9 poss\u00edvel ser estilosa sem seguir tend\u00eancias?<\/h3>\n\n\n\n<p>Sim, estilo pessoal est\u00e1 ligado \u00e0 autenticidade, n\u00e3o \u00e0 moda vigente. Usar pe\u00e7as que voc\u00ea ama, mesmo fora das tend\u00eancias, fortalece a identidade pr\u00f3pria.<\/p>\n\n\n\n<h3 class=\"wp-block-heading\">Como lidar com cr\u00edticas sobre meu estilo?<\/h3>\n\n\n\n<p>Encare cr\u00edticas como opini\u00f5es subjetivas e mantenha foco naquilo que faz voc\u00ea se sentir confiante. O estilo pessoal \u00e9 express\u00e3o de quem voc\u00ea \u00e9, n\u00e3o obriga\u00e7\u00e3o social.<\/p>\n\n\n\n<h3 class=\"wp-block-heading\">Quais s\u00e3o formas simples de ousar sem chamar aten\u00e7\u00e3o excessiva?<\/h3>\n\n\n\n<p>Pequenos detalhes, como acess\u00f3rios coloridos ou combina\u00e7\u00f5es inusitadas de roupas neutras, permitem ousadia gradual. Isso ajuda a se sentir estilosa com seguran\u00e7a.<\/p>\n\n\n\n<h3 class=\"wp-block-heading\">Posso usar refer\u00eancias internacionais sem perder minha identidade?<\/h3>\n\n\n\n<p>Sim, adapte inspira\u00e7\u00f5es de cidades como Paris, Mil\u00e3o ou Nova York ao seu gosto pessoal. A ess\u00eancia \u00e9 combinar refer\u00eancias com autenticidade pr\u00f3pria.<\/p>\n\n\n\n<p>Mostrar seu estilo \u00e9 um ato de liberdade, autocuidado e express\u00e3o. A ousadia n\u00e3o significa exagero, mas sim confian\u00e7a para ser quem voc\u00ea realmente \u00e9.<\/p>\n\n\n\n<p>Gostou? Compartilhe para que mais pessoas sintan-se encorajadas a ousar no estilo pessoal!<\/p>\n","protected":false},"excerpt":{"rendered":"<p>Muitas pessoas evitam vestir o que realmente gostam por medo de julgamento. A sensa\u00e7\u00e3o de estar \u201cindo muito arrumada\u201d pode gerar desconforto social. O desejo de pertencimento muitas vezes impede a autenticidade. Contudo, a ousadia na moda \u00e9 uma forma poderosa de express\u00e3o pessoal. Por que temos vergonha de mostrar nosso estilo \u00fanico? O medo [&hellip;]<\/p>\n","protected":false},"author":21,"featured_media":71659,"comment_status":"open","ping_status":"open","sticky":false,"template":"","format":"standard","meta":{"jnews-multi-image_gallery":[],"jnews_single_post":{"format":"standard"},"jnews_primary_category":[],"jnews_social_meta":[],"jnews_override_counter":[],"footnotes":""},"categories":[475,107,476],"tags":[5012,5500,203,13375],"class_list":["post-71653","post","type-post","status-publish","format-standard","has-post-thumbnail","hentry","category-entretenimento","category-moda-beleza","category-saude-e-bem-estar","tag-confianca","tag-estilo-pessoal","tag-moda","tag-ousadia"],"yoast_head":"<!-- This site is optimized with the Yoast SEO plugin v26.5 - https:\/\/yoast.com\/wordpress\/plugins\/seo\/ -->\n<title>Tem vergonha de se vestir com estilo? Veja como superar o medo de se destacar - UAI Not\u00edcias<\/title>\n<meta name=\"description\" content=\"Saiba como vencer o medo e expressar seu estilo pessoal com confian\u00e7a. Inspire-se em Paris, Mil\u00e3o e Nova York para ousar na moda!.\" \/>\n<meta name=\"robots\" content=\"index, follow, max-snippet:-1, max-image-preview:large, max-video-preview:-1\" \/>\n<link rel=\"canonical\" href=\"https:\/\/www.uai.com.br\/uainoticias\/2025\/10\/10\/tem-vergonha-de-se-vestir-com-estilo-veja-como-superar-o-medo-de-se-destacar\/\" \/>\n<meta property=\"og:locale\" content=\"pt_BR\" \/>\n<meta property=\"og:type\" content=\"article\" \/>\n<meta property=\"og:title\" content=\"Tem vergonha de se vestir com estilo? Veja como superar o medo de se destacar - UAI Not\u00edcias\" \/>\n<meta property=\"og:description\" content=\"Saiba como vencer o medo e expressar seu estilo pessoal com confian\u00e7a. Inspire-se em Paris, Mil\u00e3o e Nova York para ousar na moda!.\" \/>\n<meta property=\"og:url\" content=\"https:\/\/www.uai.com.br\/uainoticias\/2025\/10\/10\/tem-vergonha-de-se-vestir-com-estilo-veja-como-superar-o-medo-de-se-destacar\/\" \/>\n<meta property=\"og:site_name\" content=\"UAI Not\u00edcias\" \/>\n<meta property=\"article:published_time\" content=\"2025-10-10T22:15:00+00:00\" \/>\n<meta property=\"og:image\" content=\"https:\/\/www.uai.com.br\/uainoticias\/wp-content\/uploads\/2025\/10\/roupa-estilosa_1760017299852.jpg\" \/>\n\t<meta property=\"og:image:width\" content=\"1280\" \/>\n\t<meta property=\"og:image:height\" content=\"720\" \/>\n\t<meta property=\"og:image:type\" content=\"image\/jpeg\" \/>\n<meta name=\"author\" content=\"Elis Souza\" \/>\n<meta name=\"twitter:card\" content=\"summary_large_image\" \/>\n<meta name=\"twitter:label1\" content=\"Escrito por\" \/>\n\t<meta name=\"twitter:data1\" content=\"Elis Souza\" \/>\n\t<meta name=\"twitter:label2\" content=\"Est. tempo de leitura\" \/>\n\t<meta name=\"twitter:data2\" content=\"4 minutos\" \/>\n<!-- \/ Yoast SEO plugin. -->","yoast_head_json":{"title":"Tem vergonha de se vestir com estilo? Veja como superar o medo de se destacar - UAI Not\u00edcias","description":"Saiba como vencer o medo e expressar seu estilo pessoal com confian\u00e7a. Inspire-se em Paris, Mil\u00e3o e Nova York para ousar na moda!.","robots":{"index":"index","follow":"follow","max-snippet":"max-snippet:-1","max-image-preview":"max-image-preview:large","max-video-preview":"max-video-preview:-1"},"canonical":"https:\/\/www.uai.com.br\/uainoticias\/2025\/10\/10\/tem-vergonha-de-se-vestir-com-estilo-veja-como-superar-o-medo-de-se-destacar\/","og_locale":"pt_BR","og_type":"article","og_title":"Tem vergonha de se vestir com estilo? Veja como superar o medo de se destacar - UAI Not\u00edcias","og_description":"Saiba como vencer o medo e expressar seu estilo pessoal com confian\u00e7a. Inspire-se em Paris, Mil\u00e3o e Nova York para ousar na moda!.","og_url":"https:\/\/www.uai.com.br\/uainoticias\/2025\/10\/10\/tem-vergonha-de-se-vestir-com-estilo-veja-como-superar-o-medo-de-se-destacar\/","og_site_name":"UAI Not\u00edcias","article_published_time":"2025-10-10T22:15:00+00:00","og_image":[{"width":1280,"height":720,"url":"https:\/\/www.uai.com.br\/uainoticias\/wp-content\/uploads\/2025\/10\/roupa-estilosa_1760017299852.jpg","type":"image\/jpeg"}],"author":"Elis Souza","twitter_card":"summary_large_image","twitter_misc":{"Escrito por":"Elis Souza","Est. tempo de leitura":"4 minutos"},"schema":{"@context":"https:\/\/schema.org","@graph":[{"@type":"WebPage","@id":"https:\/\/www.uai.com.br\/uainoticias\/2025\/10\/10\/tem-vergonha-de-se-vestir-com-estilo-veja-como-superar-o-medo-de-se-destacar\/","url":"https:\/\/www.uai.com.br\/uainoticias\/2025\/10\/10\/tem-vergonha-de-se-vestir-com-estilo-veja-como-superar-o-medo-de-se-destacar\/","name":"Tem vergonha de se vestir com estilo? Veja como superar o medo de se destacar - UAI Not\u00edcias","isPartOf":{"@id":"https:\/\/www.uai.com.br\/uainoticias\/#website"},"primaryImageOfPage":{"@id":"https:\/\/www.uai.com.br\/uainoticias\/2025\/10\/10\/tem-vergonha-de-se-vestir-com-estilo-veja-como-superar-o-medo-de-se-destacar\/#primaryimage"},"image":{"@id":"https:\/\/www.uai.com.br\/uainoticias\/2025\/10\/10\/tem-vergonha-de-se-vestir-com-estilo-veja-como-superar-o-medo-de-se-destacar\/#primaryimage"},"thumbnailUrl":"https:\/\/www.uai.com.br\/uainoticias\/wp-content\/uploads\/2025\/10\/roupa-estilosa_1760017299852.jpg","datePublished":"2025-10-10T22:15:00+00:00","author":{"@id":"https:\/\/www.uai.com.br\/uainoticias\/#\/schema\/person\/1258385bcc3fbd879fd10f9c170db42f"},"description":"Saiba como vencer o medo e expressar seu estilo pessoal com confian\u00e7a. Inspire-se em Paris, Mil\u00e3o e Nova York para ousar na moda!.","breadcrumb":{"@id":"https:\/\/www.uai.com.br\/uainoticias\/2025\/10\/10\/tem-vergonha-de-se-vestir-com-estilo-veja-como-superar-o-medo-de-se-destacar\/#breadcrumb"},"inLanguage":"pt-BR","potentialAction":[{"@type":"ReadAction","target":["https:\/\/www.uai.com.br\/uainoticias\/2025\/10\/10\/tem-vergonha-de-se-vestir-com-estilo-veja-como-superar-o-medo-de-se-destacar\/"]}]},{"@type":"ImageObject","inLanguage":"pt-BR","@id":"https:\/\/www.uai.com.br\/uainoticias\/2025\/10\/10\/tem-vergonha-de-se-vestir-com-estilo-veja-como-superar-o-medo-de-se-destacar\/#primaryimage","url":"https:\/\/www.uai.com.br\/uainoticias\/wp-content\/uploads\/2025\/10\/roupa-estilosa_1760017299852.jpg","contentUrl":"https:\/\/www.uai.com.br\/uainoticias\/wp-content\/uploads\/2025\/10\/roupa-estilosa_1760017299852.jpg","width":1280,"height":720,"caption":"A ousadia no estilo \u00e9 uma forma poderosa de mostrar personalidade e identidade \u2014 Cr\u00e9ditos: depositphotos.com \/ AllaSerebrina"},{"@type":"BreadcrumbList","@id":"https:\/\/www.uai.com.br\/uainoticias\/2025\/10\/10\/tem-vergonha-de-se-vestir-com-estilo-veja-como-superar-o-medo-de-se-destacar\/#breadcrumb","itemListElement":[{"@type":"ListItem","position":1,"name":"In\u00edcio","item":"https:\/\/www.uai.com.br\/uainoticias\/"},{"@type":"ListItem","position":2,"name":"Tem vergonha de se vestir com estilo? Veja como superar o medo de se destacar"}]},{"@type":"WebSite","@id":"https:\/\/www.uai.com.br\/uainoticias\/#website","url":"https:\/\/www.uai.com.br\/uainoticias\/","name":"UAI Not\u00edcias","description":"Acompanhe as \u00faltimas not\u00edcias e fique bem informado sobre tudo o que acontece no Brasil e no mundo.","potentialAction":[{"@type":"SearchAction","target":{"@type":"EntryPoint","urlTemplate":"https:\/\/www.uai.com.br\/uainoticias\/?s={search_term_string}"},"query-input":{"@type":"PropertyValueSpecification","valueRequired":true,"valueName":"search_term_string"}}],"inLanguage":"pt-BR"},{"@type":"Person","@id":"https:\/\/www.uai.com.br\/uainoticias\/#\/schema\/person\/1258385bcc3fbd879fd10f9c170db42f","name":"Elis Souza","image":{"@type":"ImageObject","inLanguage":"pt-BR","@id":"https:\/\/www.uai.com.br\/uainoticias\/#\/schema\/person\/image\/","url":"https:\/\/secure.gravatar.com\/avatar\/3e64245e1729ae956ad3b8c7668da27e14acd24beef730713818f246d196582a?s=96&d=mm&r=g","contentUrl":"https:\/\/secure.gravatar.com\/avatar\/3e64245e1729ae956ad3b8c7668da27e14acd24beef730713818f246d196582a?s=96&d=mm&r=g","caption":"Elis Souza"},"sameAs":["https:\/\/www.uai.com.br\/uainoticias\/"],"url":"https:\/\/www.uai.com.br\/uainoticias\/author\/elissouza\/"}]}},"_links":{"self":[{"href":"https:\/\/www.uai.com.br\/uainoticias\/wp-json\/wp\/v2\/posts\/71653","targetHints":{"allow":["GET"]}}],"collection":[{"href":"https:\/\/www.uai.com.br\/uainoticias\/wp-json\/wp\/v2\/posts"}],"about":[{"href":"https:\/\/www.uai.com.br\/uainoticias\/wp-json\/wp\/v2\/types\/post"}],"author":[{"embeddable":true,"href":"https:\/\/www.uai.com.br\/uainoticias\/wp-json\/wp\/v2\/users\/21"}],"replies":[{"embeddable":true,"href":"https:\/\/www.uai.com.br\/uainoticias\/wp-json\/wp\/v2\/comments?post=71653"}],"version-history":[{"count":2,"href":"https:\/\/www.uai.com.br\/uainoticias\/wp-json\/wp\/v2\/posts\/71653\/revisions"}],"predecessor-version":[{"id":72080,"href":"https:\/\/www.uai.com.br\/uainoticias\/wp-json\/wp\/v2\/posts\/71653\/revisions\/72080"}],"wp:featuredmedia":[{"embeddable":true,"href":"https:\/\/www.uai.com.br\/uainoticias\/wp-json\/wp\/v2\/media\/71659"}],"wp:attachment":[{"href":"https:\/\/www.uai.com.br\/uainoticias\/wp-json\/wp\/v2\/media?parent=71653"}],"wp:term":[{"taxonomy":"category","embeddable":true,"href":"https:\/\/www.uai.com.br\/uainoticias\/wp-json\/wp\/v2\/categories?post=71653"},{"taxonomy":"post_tag","embeddable":true,"href":"https:\/\/www.uai.com.br\/uainoticias\/wp-json\/wp\/v2\/tags?post=71653"}],"curies":[{"name":"wp","href":"https:\/\/api.w.org\/{rel}","templated":true}]}}