{"id":69401,"date":"2025-10-05T22:57:00","date_gmt":"2025-10-06T01:57:00","guid":{"rendered":"https:\/\/www.uai.com.br\/uainoticias\/?p=69401"},"modified":"2025-10-03T17:22:48","modified_gmt":"2025-10-03T20:22:48","slug":"por-que-muitas-pessoas-nao-gostam-do-proprio-nome-segundo-a-psicologia","status":"publish","type":"post","link":"https:\/\/www.uai.com.br\/uainoticias\/2025\/10\/05\/por-que-muitas-pessoas-nao-gostam-do-proprio-nome-segundo-a-psicologia\/","title":{"rendered":"Por que muitas pessoas n\u00e3o gostam do pr\u00f3prio nome, segundo a psicologia"},"content":{"rendered":"\n<p>N\u00e3o gostar do pr\u00f3prio nome \u00e9 mais comum do que parece. <strong>A quest\u00e3o vai al\u00e9m da est\u00e9tica: envolve mem\u00f3rias, rela\u00e7\u00f5es e at\u00e9 experi\u00eancias traum\u00e1ticas<\/strong>.<\/p>\n\n\n\n<p>Desde cedo, o nome pode ser associado a broncas, apelidos pejorativos ou situa\u00e7\u00f5es de vergonha, deixando marcas emocionais que afetam a identidade.<\/p>\n\n\n\n<h2 class=\"wp-block-heading\">Por que tantas pessoas rejeitam o nome que receberam?<\/h2>\n\n\n\n<p><strong>O inc\u00f4modo com o pr\u00f3prio nome muitas vezes nasce de associa\u00e7\u00f5es negativas. A repeti\u00e7\u00e3o de broncas, ofensas e apelidos cria um v\u00ednculo doloroso com a palavra que deveria representar seguran\u00e7a.<\/strong><\/p>\n\n\n\n<p>Com o tempo, essas pessoas desenvolvem um jeito gentil de se relacionar com os outros, mas internamente carregam a sensa\u00e7\u00e3o de que seu <strong><a href=\"https:\/\/www.uai.com.br\/uainoticias\/2025\/10\/02\/segundo-a-psicologia-esses-sao-os-nomes-que-mais-trazem-prosperidade\/\" target=\"_blank\" rel=\"noreferrer noopener\">nome <\/a><\/strong>n\u00e3o traduz quem realmente s\u00e3o.<\/p>\n\n\n\n<blockquote class=\"wp-block-quote is-layout-flow wp-block-quote-is-layout-flow\">\n<blockquote class=\"wp-block-quote is-layout-flow wp-block-quote-is-layout-flow\">\n<p><em>O nome pr\u00f3prio constitui um dos principais s\u00edmbolos de identidade individual e social \u2014 Carole Hough, professora de lingu\u00edstica.<\/em><\/p>\n<\/blockquote>\n\n\n\n<figure class=\"wp-block-image size-large\"><img decoding=\"async\" width=\"1024\" height=\"576\" src=\"https:\/\/www.uai.com.br\/uainoticias\/wp-content\/uploads\/2025\/10\/pessoa-chorando_1759514148393-1024x576.jpg\" alt=\"Por que muitas pessoas n\u00e3o gostam do pr\u00f3prio nome, segundo a psicologia\" class=\"wp-image-69412\" srcset=\"https:\/\/www.uai.com.br\/uainoticias\/wp-content\/uploads\/2025\/10\/pessoa-chorando_1759514148393-1024x576.jpg 1024w, https:\/\/www.uai.com.br\/uainoticias\/wp-content\/uploads\/2025\/10\/pessoa-chorando_1759514148393-300x169.jpg 300w, https:\/\/www.uai.com.br\/uainoticias\/wp-content\/uploads\/2025\/10\/pessoa-chorando_1759514148393-768x432.jpg 768w, https:\/\/www.uai.com.br\/uainoticias\/wp-content\/uploads\/2025\/10\/pessoa-chorando_1759514148393-750x422.jpg 750w, https:\/\/www.uai.com.br\/uainoticias\/wp-content\/uploads\/2025\/10\/pessoa-chorando_1759514148393-1140x641.jpg 1140w, https:\/\/www.uai.com.br\/uainoticias\/wp-content\/uploads\/2025\/10\/pessoa-chorando_1759514148393.jpg 1280w\" sizes=\"(max-width: 1024px) 100vw, 1024px\" \/><figcaption class=\"wp-element-caption\">\u00c9 poss\u00edvel ressignificar o nome e reconstruir a rela\u00e7\u00e3o com a pr\u00f3pria identidade \u2014 Cr\u00e9ditos: depositphotos.com \/ AndrewLozovyi<\/figcaption><\/figure>\n<\/blockquote>\n\n\n\n<h2 class=\"wp-block-heading\">Quando o nome se confunde com experi\u00eancias de dor<\/h2>\n\n\n\n<p>Muitas pessoas relatam que n\u00e3o rejeitam o nome em si, mas as <strong>mem\u00f3rias associadas a ele<\/strong>. Essa confus\u00e3o de identidade pode se manifestar em v\u00e1rias situa\u00e7\u00f5es.<\/p>\n\n\n\n<ul class=\"wp-block-list\">\n<li>O nome lembrado em momentos de bronca ou puni\u00e7\u00e3o<\/li>\n\n\n\n<li>Apelidos usados como forma de humilha\u00e7\u00e3o<\/li>\n\n\n\n<li>Sensa\u00e7\u00e3o de exposi\u00e7\u00e3o em p\u00fablico ao ser chamado<\/li>\n<\/ul>\n\n\n\n<p>Com o tempo, a identidade passa a ser constru\u00edda em torno da tentativa de fugir dessas associa\u00e7\u00f5es negativas.<\/p>\n\n\n\n<h2 class=\"wp-block-heading\">O impacto dos apelidos e das piadas na autoestima<\/h2>\n\n\n\n<p>Os <strong>apelidos podem parecer inofensivos, mas carregam grande peso emocional quando usados de forma repetida e pejorativa<\/strong>. Isso marca a forma como a pessoa se percebe.<\/p>\n\n\n\n<ul class=\"wp-block-list\">\n<li>Uso constante de apelidos em vez do nome original<\/li>\n\n\n\n<li>Associa\u00e7\u00e3o do nome a piadas entre colegas ou familiares<\/li>\n\n\n\n<li>Perda do sentido de individualidade diante da exposi\u00e7\u00e3o<\/li>\n<\/ul>\n\n\n\n<p>A autoestima sofre, e muitos acabam se afastando da pr\u00f3pria identidade para evitar lembran\u00e7as dolorosas.<\/p>\n\n\n\n<h2 class=\"wp-block-heading\">Como a falta de amor associada ao nome gera trauma<\/h2>\n\n\n\n<p>O verdadeiro problema n\u00e3o \u00e9 a palavra em si, mas <strong>a aus\u00eancia de afeto ligada a ela<\/strong>. Quando o nome n\u00e3o vem acompanhado de carinho e seguran\u00e7a, pode se tornar um gatilho emocional.<\/p>\n\n\n\n<ul class=\"wp-block-list\">\n<li>Sentimento de que \u00e9 lembrado apenas em contextos de cobran\u00e7a<\/li>\n\n\n\n<li>Associa\u00e7\u00e3o do som a brigas ou rejei\u00e7\u00e3o<\/li>\n\n\n\n<li>Identidade constru\u00edda em cima do medo de desapontar<\/li>\n<\/ul>\n\n\n\n<p>Esse cen\u00e1rio ajuda a explicar por que tantas pessoas crescem sendo emp\u00e1ticas e cuidadosas, mas sem revelar o inc\u00f4modo que sentem.<\/p>\n\n\n\n<blockquote class=\"wp-block-quote is-layout-flow wp-block-quote-is-layout-flow\">\n<blockquote class=\"wp-block-quote is-layout-flow wp-block-quote-is-layout-flow\">\n<p>Apelidos que ridicularizam caracter\u00edsticas f\u00edsicas ou sociais dos alunos criam um clima de hostilidade e prejudicam o desenvolvimento emocional e social das v\u00edtimas. \u2014 Laurinda Ramalho de Almeida, psic\u00f3loga da educa\u00e7\u00e3o.<\/p>\n<\/blockquote>\n<\/blockquote>\n\n\n\n<h2 class=\"wp-block-heading\">\u00c9 poss\u00edvel transformar a rela\u00e7\u00e3o com o pr\u00f3prio nome?<\/h2>\n\n\n\n<p>Sim. O processo de ressignifica\u00e7\u00e3o \u00e9 fundamental para que o nome volte a ser um s\u00edmbolo de identidade, e n\u00e3o de dor.<\/p>\n\n\n\n<ul class=\"wp-block-list\">\n<li>Refor\u00e7ar associa\u00e7\u00f5es positivas em conquistas pessoais<\/li>\n\n\n\n<li>Adotar varia\u00e7\u00f5es ou apelidos escolhidos de forma consciente<\/li>\n\n\n\n<li>Praticar autoconhecimento para separar passado de presente<\/li>\n<\/ul>\n\n\n\n<p>Assim, a pessoa pode reconstruir uma identidade segura, baseada em cuidado e autoestima, sem precisar rejeitar quem \u00e9.<\/p>\n\n\n\n<blockquote class=\"tiktok-embed\" cite=\"https:\/\/www.tiktok.com\/@psilindomar\/video\/7556749159651364152\" data-video-id=\"7556749159651364152\" style=\"max-width: 605px;min-width: 325px;\" > <section> <a target=\"_blank\" title=\"@psilindomar\" href=\"https:\/\/www.tiktok.com\/@psilindomar?refer=embed\">@psilindomar<\/a> \u201cPessoas que quando crian\u00e7as n\u00e3o gostavam do pr\u00f3prio nome.\u201d <a title=\"nome\" target=\"_blank\" href=\"https:\/\/www.tiktok.com\/tag\/nome?refer=embed\">#nome<\/a> <a title=\"psicologia\" target=\"_blank\" href=\"https:\/\/www.tiktok.com\/tag\/psicologia?refer=embed\">#psicologia<\/a> <a title=\"cura\" target=\"_blank\" href=\"https:\/\/www.tiktok.com\/tag\/cura?refer=embed\">#cura<\/a> <a title=\"terapia\" target=\"_blank\" href=\"https:\/\/www.tiktok.com\/tag\/terapia?refer=embed\">#terapia<\/a> <a title=\"acolhimento\" target=\"_blank\" href=\"https:\/\/www.tiktok.com\/tag\/acolhimento?refer=embed\">#acolhimento<\/a> <a target=\"_blank\" title=\"\u266c som original - psic\u00f3logo.Lindomar.Cunha\" href=\"https:\/\/www.tiktok.com\/music\/som-original-7556749187624651576?refer=embed\">\u266c som original &#8211; psic\u00f3logo.Lindomar.Cunha<\/a> <\/section> <\/blockquote> <script async src=\"https:\/\/www.tiktok.com\/embed.js\"><\/script>\n\n\n\n<h2 class=\"wp-block-heading\">Perguntas Frequentes<\/h2>\n\n\n\n<h3 class=\"wp-block-heading\">N\u00e3o gostar do nome \u00e9 sinal de baixa autoestima?<\/h3>\n\n\n\n<p>Nem sempre. Muitas vezes, est\u00e1 ligado a experi\u00eancias passadas negativas, e n\u00e3o \u00e0 falta de confian\u00e7a atual.<\/p>\n\n\n\n<h3 class=\"wp-block-heading\">Mudar de nome legalmente resolve o problema?<\/h3>\n\n\n\n<p>Pode ajudar, mas n\u00e3o elimina as mem\u00f3rias associadas. O trabalho interno de ressignifica\u00e7\u00e3o continua sendo importante.<\/p>\n\n\n\n<h3 class=\"wp-block-heading\">O nome influencia na forma como os outros nos veem?<\/h3>\n\n\n\n<p>Sim. Nomes carregam estere\u00f3tipos culturais e sociais que impactam a percep\u00e7\u00e3o externa e tamb\u00e9m a forma como nos percebemos.<\/p>\n\n\n\n<p>Esse deveria ser s\u00edmbolo de amor e identidade, mas nem sempre \u00e9 vivido assim. Quando carregado de mem\u00f3rias dolorosas, ele se torna um desafio silencioso. O caminho est\u00e1 em reconstruir essa rela\u00e7\u00e3o e ressignificar o que significa ser chamado pelo pr\u00f3prio nome.<\/p>\n\n\n\n<p>Gostou? Compartilhe com aquela pessoa que ainda n\u00e3o entende porque n\u00e3o gosta do pr\u00f3prio nome!<\/p>\n","protected":false},"excerpt":{"rendered":"<p>N\u00e3o gostar do pr\u00f3prio nome \u00e9 mais comum do que parece. A quest\u00e3o vai al\u00e9m da est\u00e9tica: envolve mem\u00f3rias, rela\u00e7\u00f5es e at\u00e9 experi\u00eancias traum\u00e1ticas. Desde cedo, o nome pode ser associado a broncas, apelidos pejorativos ou situa\u00e7\u00f5es de vergonha, deixando marcas emocionais que afetam a identidade. Por que tantas pessoas rejeitam o nome que receberam? [&hellip;]<\/p>\n","protected":false},"author":21,"featured_media":69413,"comment_status":"open","ping_status":"open","sticky":false,"template":"","format":"standard","meta":{"jnews-multi-image_gallery":[],"jnews_single_post":{"format":"standard"},"jnews_primary_category":[],"jnews_social_meta":[],"jnews_override_counter":[],"footnotes":""},"categories":[3046,475],"tags":[13122,694,3631,13123],"class_list":["post-69401","post","type-post","status-publish","format-standard","has-post-thumbnail","hentry","category-curiosidades","category-entretenimento","tag-apelidos","tag-autoestima","tag-identidade","tag-ressignificacao"],"yoast_head":"<!-- This site is optimized with the Yoast SEO plugin v26.5 - https:\/\/yoast.com\/wordpress\/plugins\/seo\/ -->\n<title>Por que muitas pessoas n\u00e3o gostam do pr\u00f3prio nome, segundo a psicologia - UAI Not\u00edcias<\/title>\n<meta name=\"description\" content=\"N\u00e3o gostar do pr\u00f3prio nome \u00e9 mais comum do que parece. Entenda as causas emocionais e como ressignificar essa rela\u00e7\u00e3o.\" \/>\n<meta name=\"robots\" content=\"index, follow, max-snippet:-1, max-image-preview:large, max-video-preview:-1\" \/>\n<link rel=\"canonical\" href=\"https:\/\/www.uai.com.br\/uainoticias\/2025\/10\/05\/por-que-muitas-pessoas-nao-gostam-do-proprio-nome-segundo-a-psicologia\/\" \/>\n<meta property=\"og:locale\" content=\"pt_BR\" \/>\n<meta property=\"og:type\" content=\"article\" \/>\n<meta property=\"og:title\" content=\"Por que muitas pessoas n\u00e3o gostam do pr\u00f3prio nome, segundo a psicologia - UAI Not\u00edcias\" \/>\n<meta property=\"og:description\" content=\"N\u00e3o gostar do pr\u00f3prio nome \u00e9 mais comum do que parece. Entenda as causas emocionais e como ressignificar essa rela\u00e7\u00e3o.\" \/>\n<meta property=\"og:url\" content=\"https:\/\/www.uai.com.br\/uainoticias\/2025\/10\/05\/por-que-muitas-pessoas-nao-gostam-do-proprio-nome-segundo-a-psicologia\/\" \/>\n<meta property=\"og:site_name\" content=\"UAI Not\u00edcias\" \/>\n<meta property=\"article:published_time\" content=\"2025-10-06T01:57:00+00:00\" \/>\n<meta property=\"og:image\" content=\"https:\/\/www.uai.com.br\/uainoticias\/wp-content\/uploads\/2025\/10\/pessoa-chorando_1759513832308.jpg\" \/>\n\t<meta property=\"og:image:width\" content=\"1280\" \/>\n\t<meta property=\"og:image:height\" content=\"720\" \/>\n\t<meta property=\"og:image:type\" content=\"image\/jpeg\" \/>\n<meta name=\"author\" content=\"Elis Souza\" \/>\n<meta name=\"twitter:card\" content=\"summary_large_image\" \/>\n<meta name=\"twitter:label1\" content=\"Escrito por\" \/>\n\t<meta name=\"twitter:data1\" content=\"Elis Souza\" \/>\n\t<meta name=\"twitter:label2\" content=\"Est. tempo de leitura\" \/>\n\t<meta name=\"twitter:data2\" content=\"4 minutos\" \/>\n<!-- \/ Yoast SEO plugin. -->","yoast_head_json":{"title":"Por que muitas pessoas n\u00e3o gostam do pr\u00f3prio nome, segundo a psicologia - UAI Not\u00edcias","description":"N\u00e3o gostar do pr\u00f3prio nome \u00e9 mais comum do que parece. Entenda as causas emocionais e como ressignificar essa rela\u00e7\u00e3o.","robots":{"index":"index","follow":"follow","max-snippet":"max-snippet:-1","max-image-preview":"max-image-preview:large","max-video-preview":"max-video-preview:-1"},"canonical":"https:\/\/www.uai.com.br\/uainoticias\/2025\/10\/05\/por-que-muitas-pessoas-nao-gostam-do-proprio-nome-segundo-a-psicologia\/","og_locale":"pt_BR","og_type":"article","og_title":"Por que muitas pessoas n\u00e3o gostam do pr\u00f3prio nome, segundo a psicologia - UAI Not\u00edcias","og_description":"N\u00e3o gostar do pr\u00f3prio nome \u00e9 mais comum do que parece. Entenda as causas emocionais e como ressignificar essa rela\u00e7\u00e3o.","og_url":"https:\/\/www.uai.com.br\/uainoticias\/2025\/10\/05\/por-que-muitas-pessoas-nao-gostam-do-proprio-nome-segundo-a-psicologia\/","og_site_name":"UAI Not\u00edcias","article_published_time":"2025-10-06T01:57:00+00:00","og_image":[{"width":1280,"height":720,"url":"https:\/\/www.uai.com.br\/uainoticias\/wp-content\/uploads\/2025\/10\/pessoa-chorando_1759513832308.jpg","type":"image\/jpeg"}],"author":"Elis Souza","twitter_card":"summary_large_image","twitter_misc":{"Escrito por":"Elis Souza","Est. tempo de leitura":"4 minutos"},"schema":{"@context":"https:\/\/schema.org","@graph":[{"@type":"WebPage","@id":"https:\/\/www.uai.com.br\/uainoticias\/2025\/10\/05\/por-que-muitas-pessoas-nao-gostam-do-proprio-nome-segundo-a-psicologia\/","url":"https:\/\/www.uai.com.br\/uainoticias\/2025\/10\/05\/por-que-muitas-pessoas-nao-gostam-do-proprio-nome-segundo-a-psicologia\/","name":"Por que muitas pessoas n\u00e3o gostam do pr\u00f3prio nome, segundo a psicologia - UAI Not\u00edcias","isPartOf":{"@id":"https:\/\/www.uai.com.br\/uainoticias\/#website"},"primaryImageOfPage":{"@id":"https:\/\/www.uai.com.br\/uainoticias\/2025\/10\/05\/por-que-muitas-pessoas-nao-gostam-do-proprio-nome-segundo-a-psicologia\/#primaryimage"},"image":{"@id":"https:\/\/www.uai.com.br\/uainoticias\/2025\/10\/05\/por-que-muitas-pessoas-nao-gostam-do-proprio-nome-segundo-a-psicologia\/#primaryimage"},"thumbnailUrl":"https:\/\/www.uai.com.br\/uainoticias\/wp-content\/uploads\/2025\/10\/pessoa-chorando_1759513832308.jpg","datePublished":"2025-10-06T01:57:00+00:00","author":{"@id":"https:\/\/www.uai.com.br\/uainoticias\/#\/schema\/person\/1258385bcc3fbd879fd10f9c170db42f"},"description":"N\u00e3o gostar do pr\u00f3prio nome \u00e9 mais comum do que parece. Entenda as causas emocionais e como ressignificar essa rela\u00e7\u00e3o.","breadcrumb":{"@id":"https:\/\/www.uai.com.br\/uainoticias\/2025\/10\/05\/por-que-muitas-pessoas-nao-gostam-do-proprio-nome-segundo-a-psicologia\/#breadcrumb"},"inLanguage":"pt-BR","potentialAction":[{"@type":"ReadAction","target":["https:\/\/www.uai.com.br\/uainoticias\/2025\/10\/05\/por-que-muitas-pessoas-nao-gostam-do-proprio-nome-segundo-a-psicologia\/"]}]},{"@type":"ImageObject","inLanguage":"pt-BR","@id":"https:\/\/www.uai.com.br\/uainoticias\/2025\/10\/05\/por-que-muitas-pessoas-nao-gostam-do-proprio-nome-segundo-a-psicologia\/#primaryimage","url":"https:\/\/www.uai.com.br\/uainoticias\/wp-content\/uploads\/2025\/10\/pessoa-chorando_1759513832308.jpg","contentUrl":"https:\/\/www.uai.com.br\/uainoticias\/wp-content\/uploads\/2025\/10\/pessoa-chorando_1759513832308.jpg","width":1280,"height":720,"caption":"Broncas e apelidos pejorativos podem transformar o nome em um peso \u2014 Cr\u00e9ditos: depositphotos.com \/ Jaykayl"},{"@type":"BreadcrumbList","@id":"https:\/\/www.uai.com.br\/uainoticias\/2025\/10\/05\/por-que-muitas-pessoas-nao-gostam-do-proprio-nome-segundo-a-psicologia\/#breadcrumb","itemListElement":[{"@type":"ListItem","position":1,"name":"In\u00edcio","item":"https:\/\/www.uai.com.br\/uainoticias\/"},{"@type":"ListItem","position":2,"name":"Por que muitas pessoas n\u00e3o gostam do pr\u00f3prio nome, segundo a psicologia"}]},{"@type":"WebSite","@id":"https:\/\/www.uai.com.br\/uainoticias\/#website","url":"https:\/\/www.uai.com.br\/uainoticias\/","name":"UAI Not\u00edcias","description":"Acompanhe as \u00faltimas not\u00edcias e fique bem informado sobre tudo o que acontece no Brasil e no mundo.","potentialAction":[{"@type":"SearchAction","target":{"@type":"EntryPoint","urlTemplate":"https:\/\/www.uai.com.br\/uainoticias\/?s={search_term_string}"},"query-input":{"@type":"PropertyValueSpecification","valueRequired":true,"valueName":"search_term_string"}}],"inLanguage":"pt-BR"},{"@type":"Person","@id":"https:\/\/www.uai.com.br\/uainoticias\/#\/schema\/person\/1258385bcc3fbd879fd10f9c170db42f","name":"Elis Souza","image":{"@type":"ImageObject","inLanguage":"pt-BR","@id":"https:\/\/www.uai.com.br\/uainoticias\/#\/schema\/person\/image\/","url":"https:\/\/secure.gravatar.com\/avatar\/3e64245e1729ae956ad3b8c7668da27e14acd24beef730713818f246d196582a?s=96&d=mm&r=g","contentUrl":"https:\/\/secure.gravatar.com\/avatar\/3e64245e1729ae956ad3b8c7668da27e14acd24beef730713818f246d196582a?s=96&d=mm&r=g","caption":"Elis Souza"},"sameAs":["https:\/\/www.uai.com.br\/uainoticias\/"],"url":"https:\/\/www.uai.com.br\/uainoticias\/author\/elissouza\/"}]}},"_links":{"self":[{"href":"https:\/\/www.uai.com.br\/uainoticias\/wp-json\/wp\/v2\/posts\/69401","targetHints":{"allow":["GET"]}}],"collection":[{"href":"https:\/\/www.uai.com.br\/uainoticias\/wp-json\/wp\/v2\/posts"}],"about":[{"href":"https:\/\/www.uai.com.br\/uainoticias\/wp-json\/wp\/v2\/types\/post"}],"author":[{"embeddable":true,"href":"https:\/\/www.uai.com.br\/uainoticias\/wp-json\/wp\/v2\/users\/21"}],"replies":[{"embeddable":true,"href":"https:\/\/www.uai.com.br\/uainoticias\/wp-json\/wp\/v2\/comments?post=69401"}],"version-history":[{"count":2,"href":"https:\/\/www.uai.com.br\/uainoticias\/wp-json\/wp\/v2\/posts\/69401\/revisions"}],"predecessor-version":[{"id":69429,"href":"https:\/\/www.uai.com.br\/uainoticias\/wp-json\/wp\/v2\/posts\/69401\/revisions\/69429"}],"wp:featuredmedia":[{"embeddable":true,"href":"https:\/\/www.uai.com.br\/uainoticias\/wp-json\/wp\/v2\/media\/69413"}],"wp:attachment":[{"href":"https:\/\/www.uai.com.br\/uainoticias\/wp-json\/wp\/v2\/media?parent=69401"}],"wp:term":[{"taxonomy":"category","embeddable":true,"href":"https:\/\/www.uai.com.br\/uainoticias\/wp-json\/wp\/v2\/categories?post=69401"},{"taxonomy":"post_tag","embeddable":true,"href":"https:\/\/www.uai.com.br\/uainoticias\/wp-json\/wp\/v2\/tags?post=69401"}],"curies":[{"name":"wp","href":"https:\/\/api.w.org\/{rel}","templated":true}]}}