{"id":64372,"date":"2025-09-24T13:47:00","date_gmt":"2025-09-24T16:47:00","guid":{"rendered":"https:\/\/www.uai.com.br\/uainoticias\/?p=64372"},"modified":"2025-09-23T13:26:18","modified_gmt":"2025-09-23T16:26:18","slug":"o-fruto-do-cerrado-que-pode-transformar-sua-saude","status":"publish","type":"post","link":"https:\/\/www.uai.com.br\/uainoticias\/2025\/09\/24\/o-fruto-do-cerrado-que-pode-transformar-sua-saude\/","title":{"rendered":"O fruto do Cerrado que pode transformar sua sa\u00fade"},"content":{"rendered":"\n<p><strong>O murici<\/strong> (<em>Byrsonima crassifolia<\/em>) \u00e9 um fruto do Cerrado e da Amaz\u00f4nia rico em compostos bioativos com potencial terap\u00eautico para o organismo. <strong>Pesquisas destacam sua a\u00e7\u00e3o antioxidante, anti-inflamat\u00f3ria, antimicrobiana e efeitos no trato gastrointestinal<\/strong>, tornando-o um aliado interessante em estrat\u00e9gias de sa\u00fade natural.<\/p>\n\n\n\n<ul class=\"wp-block-list\">\n<li><strong>A\u00e7\u00e3o antioxidante<\/strong> por flavonoides e carotenoides como lute\u00edna<\/li>\n\n\n\n<li><strong>Propriedade anti-inflamat\u00f3ria<\/strong> ligada a proantocianidinas e flavonoides<\/li>\n\n\n\n<li><strong>Atividade antimicrobiana<\/strong> contra bact\u00e9rias patog\u00eanicas<\/li>\n<\/ul>\n\n\n\n<h2 class=\"wp-block-heading\">A\u00e7\u00e3o antioxidante<\/h2>\n\n\n\n<p><strong>O murici<\/strong> concentra <strong>flavonoides e carotenoides<\/strong> (especialmente lute\u00edna e zeaxantina) que neutralizam radicais livres e protegem estruturas celulares; estudos tamb\u00e9m mostram efeito citoprotetor em modelos celulares, conforme Pires e colaboradores.<\/p>\n\n\n\n<div class=\"wp-block-columns is-layout-flex wp-container-core-columns-is-layout-9d6595d7 wp-block-columns-is-layout-flex\">\n<div class=\"wp-block-column is-layout-flow wp-block-column-is-layout-flow\" style=\"flex-basis:100%\">\n<blockquote class=\"wp-block-quote is-layout-flow wp-block-quote-is-layout-flow\">\n<p><em>&#8220;O extrato etan\u00f3lico apresentou lute\u00edna (242,16 \u00b5g\/g), compostos fen\u00f3licos (20,63 mg GAE\/g)\u2026 O extrato etan\u00f3lico mostrou maior atividade antioxidante\u2026 do que o \u00f3leo&#8221;<\/em> (PIRES et al., 2021).<\/p>\n<\/blockquote>\n<\/div>\n<\/div>\n\n\n\n<h2 class=\"wp-block-heading\">Propriedade anti-inflamat\u00f3ria<\/h2>\n\n\n\n<p><strong>O murici<\/strong>, em especial esp\u00e9cies do g\u00eanero Byrsonima, cont\u00e9m <strong>proantocianidinas, flavonoides e triterpenos<\/strong> que modulam mediadores como o \u00f3xido n\u00edtrico, reduzindo edema e influxo de neutr\u00f3filos; evid\u00eancias em roedores sustentam seu uso tradicional, segundo Saldanha e colegas.<\/p>\n\n\n\n<div class=\"wp-block-columns is-layout-flex wp-container-core-columns-is-layout-9d6595d7 wp-block-columns-is-layout-flex\">\n<div class=\"wp-block-column is-layout-flow wp-block-column-is-layout-flow\" style=\"flex-basis:100%\">\n<blockquote class=\"wp-block-quote is-layout-flow wp-block-quote-is-layout-flow\">\n<p><em>&#8220;Este estudo apoia e valida os usos etnofarmacol\u00f3gicos de Byrsonima verbascifolia como anti-inflamat\u00f3rio&#8221;<\/em> (SALDANHA et al., 2016).<\/p>\n<\/blockquote>\n<\/div>\n<\/div>\n\n\n<div class=\"wp-block-image\">\n<figure class=\"aligncenter size-large\"><img decoding=\"async\" width=\"1024\" height=\"576\" src=\"https:\/\/www.uai.com.br\/uainoticias\/wp-content\/uploads\/2025\/09\/murici-1024x576.jpg\" alt=\"O fruto do Cerrado que pode transformar sua sa\u00fade\" class=\"wp-image-64380\" srcset=\"https:\/\/www.uai.com.br\/uainoticias\/wp-content\/uploads\/2025\/09\/murici-1024x576.jpg 1024w, https:\/\/www.uai.com.br\/uainoticias\/wp-content\/uploads\/2025\/09\/murici-300x169.jpg 300w, https:\/\/www.uai.com.br\/uainoticias\/wp-content\/uploads\/2025\/09\/murici-768x432.jpg 768w, https:\/\/www.uai.com.br\/uainoticias\/wp-content\/uploads\/2025\/09\/murici-750x422.jpg 750w, https:\/\/www.uai.com.br\/uainoticias\/wp-content\/uploads\/2025\/09\/murici-1140x641.jpg 1140w, https:\/\/www.uai.com.br\/uainoticias\/wp-content\/uploads\/2025\/09\/murici.jpg 1280w\" sizes=\"(max-width: 1024px) 100vw, 1024px\" \/><figcaption class=\"wp-element-caption\">O murici \u00e9 rico em flavonoides e carotenoides, com forte a\u00e7\u00e3o antioxidante que protege as c\u00e9lulas &#8211; Cr\u00e9ditos: Wikimedia Commons<\/figcaption><\/figure><\/div>\n\n\n<h2 class=\"wp-block-heading\">Atividade antimicrobiana<\/h2>\n\n\n\n<p><strong>O murici<\/strong> <a href=\"https:\/\/www.uai.com.br\/uainoticias\/2025\/07\/10\/as-5-plantas-antibacterianas-mais-eficazes-para-ter-em-casa\/\" target=\"_blank\" rel=\"noreferrer noopener\">apresenta <strong>a\u00e7\u00e3o antibacteriana<\/strong><\/a> em extratos org\u00e2nicos de ra\u00edzes e caules, com inibi\u00e7\u00e3o de pat\u00f3genos como <em>Staphylococcus aureus<\/em>, <em>Salmonella typhi<\/em> e <em>Klebsiella pneumoniae<\/em>; esse efeito \u00e9 associado ao conjunto de fen\u00f3is e outros fitoqu\u00edmicos relatados por Mart\u00ednez-V\u00e1zquez.<\/p>\n\n\n\n<div class=\"wp-block-columns is-layout-flex wp-container-core-columns-is-layout-9d6595d7 wp-block-columns-is-layout-flex\">\n<div class=\"wp-block-column is-layout-flow wp-block-column-is-layout-flow\" style=\"flex-basis:100%\">\n<blockquote class=\"wp-block-quote is-layout-flow wp-block-quote-is-layout-flow\">\n<p><em>&#8220;Relatamos aqui as atividades antibacterianas de extratos org\u00e2nicos de ra\u00edzes e caules\u2026 [o] acetato de etila das ra\u00edzes foi o mais ativo contra [diversas bact\u00e9rias]&#8221;<\/em> (MART\u00cdNEZ-V\u00c1ZQUEZ et al., 1999).<\/p>\n<\/blockquote>\n<\/div>\n<\/div>\n\n\n\n<h2 class=\"wp-block-heading\">Benef\u00edcios para a digest\u00e3o<\/h2>\n\n\n\n<p><strong>O murici<\/strong> tamb\u00e9m \u00e9 citado no al\u00edvio de <strong>dist\u00farbios gastrointestinais<\/strong>, com extratos foliares mostrando atividade gastroprotetora e antidiarreica em modelos animais; os efeitos se relacionam \u00e0 presen\u00e7a de taninos e outros fen\u00f3is, como descreve Rodrigues et al.<\/p>\n\n\n\n<div class=\"wp-block-columns is-layout-flex wp-container-core-columns-is-layout-9d6595d7 wp-block-columns-is-layout-flex\">\n<div class=\"wp-block-column is-layout-flow wp-block-column-is-layout-flow\" style=\"flex-basis:100%\">\n<blockquote class=\"wp-block-quote is-layout-flow wp-block-quote-is-layout-flow\">\n<p><em>&#8220;A presen\u00e7a de compostos fen\u00f3licos, incluindo taninos, pode estar associada \u00e0 a\u00e7\u00e3o antidiarreica\u2026 confirmando o uso popular da planta&#8221;<\/em> (RODRIGUES et al., 2019).<\/p>\n<\/blockquote>\n<\/div>\n<\/div>\n\n\n\n<blockquote class=\"tiktok-embed\" cite=\"https:\/\/www.tiktok.com\/@angelica.naturopata\/video\/7442079467645848888\" data-video-id=\"7442079467645848888\" style=\"max-width: 605px;min-width: 325px;\" > <section> <a target=\"_blank\" title=\"@angelica.naturopata\" href=\"https:\/\/www.tiktok.com\/@angelica.naturopata?refer=embed\">@angelica.naturopata<\/a> MURICI: UM VERDADEIRO TESOURO DA NATUREZA <a title=\"murici\" target=\"_blank\" href=\"https:\/\/www.tiktok.com\/tag\/murici?refer=embed\">#murici<\/a> <a title=\"frutas\" target=\"_blank\" href=\"https:\/\/www.tiktok.com\/tag\/frutas?refer=embed\">#frutas<\/a> <a title=\"antiinflamatorio\" target=\"_blank\" href=\"https:\/\/www.tiktok.com\/tag\/antiinflamatorio?refer=embed\">#antiinflamatorio<\/a> <a title=\"antioxidante\" target=\"_blank\" href=\"https:\/\/www.tiktok.com\/tag\/antioxidante?refer=embed\">#antioxidante<\/a> <a title=\"colageno\" target=\"_blank\" href=\"https:\/\/www.tiktok.com\/tag\/colageno?refer=embed\">#colageno<\/a> <a title=\"saude\" target=\"_blank\" href=\"https:\/\/www.tiktok.com\/tag\/saude?refer=embed\">#saude<\/a> <a title=\"naturopatia\" target=\"_blank\" href=\"https:\/\/www.tiktok.com\/tag\/naturopatia?refer=embed\">#naturopatia<\/a> <a title=\"iridologia\" target=\"_blank\" href=\"https:\/\/www.tiktok.com\/tag\/iridologia?refer=embed\">#iridologia<\/a> <a title=\"angelicaaguilar\" target=\"_blank\" href=\"https:\/\/www.tiktok.com\/tag\/angelicaaguilar?refer=embed\">#angelicaaguilar<\/a> <a title=\"qualidadedevida\" target=\"_blank\" href=\"https:\/\/www.tiktok.com\/tag\/qualidadedevida?refer=embed\">#qualidadedevida<\/a> <a title=\"emagrecimentosaudavel\" target=\"_blank\" href=\"https:\/\/www.tiktok.com\/tag\/emagrecimentosaudavel?refer=embed\">#emagrecimentosaudavel<\/a> <a title=\"perdadepeso\" target=\"_blank\" href=\"https:\/\/www.tiktok.com\/tag\/perdadepeso?refer=embed\">#perdadepeso<\/a> <a title=\"vaiprofy\" target=\"_blank\" href=\"https:\/\/www.tiktok.com\/tag\/vaiprofy?refer=embed\">#vaiprofy<\/a> <a target=\"_blank\" title=\"\u266c som original - Ang\u00e9lica Aguilar\" href=\"https:\/\/www.tiktok.com\/music\/som-original-7442079532230953783?refer=embed\">\u266c som original &#8211; Ang\u00e9lica Aguilar<\/a> <\/section> <\/blockquote> <script async src=\"https:\/\/www.tiktok.com\/embed.js\"><\/script>\n\n\n\n<h2 class=\"wp-block-heading\">Como usar de forma tradicional e segura<\/h2>\n\n\n\n<p><strong>O murici<\/strong> pode ser incorporado em <strong>preparos culin\u00e1rios<\/strong> como sucos e polpas para aproveitar antioxidantes lipossol\u00faveis e hidrossol\u00faveis; em contexto popular, ch\u00e1s de folhas ou cascas s\u00e3o citados, mas a padroniza\u00e7\u00e3o de dose exige cautela e orienta\u00e7\u00e3o profissional.<\/p>\n\n\n\n<p><strong>Dica de preparo<\/strong>: para bebidas, usar polpa batida com \u00e1gua ou iogurte, consumindo fresca para preservar compostos fen\u00f3licos; no caso de extratos, priorizar formula\u00e7\u00f5es padronizadas e acompanhamento de profissional habilitado.<\/p>\n\n\n\n<h2 class=\"wp-block-heading\">o murici como aliado natural baseado em evid\u00eancias<\/h2>\n\n\n\n<ul class=\"wp-block-list\">\n<li><strong>A\u00e7\u00e3o antioxidante<\/strong> confirmada em extratos de polpa com alta lute\u00edna e fen\u00f3licos, com atividade superior no extrato etan\u00f3lico (evid\u00eancia in vitro). (PIRES et al., 2021).<\/li>\n\n\n\n<li><strong>Efeito anti-inflamat\u00f3rio<\/strong> demonstrado em modelos de edema e modula\u00e7\u00e3o de NO, validando o uso etnofarmacol\u00f3gico. (SALDANHA et al., 2016).<\/li>\n\n\n\n<li><strong>A\u00e7\u00e3o antimicrobiana e gastroprotetora<\/strong> observada contra bact\u00e9rias patog\u00eanicas e em modelos de \u00falcera\/diarreia, associada a taninos e outros fen\u00f3is. (MART\u00cdNEZ-V\u00c1ZQUEZ et al., 1999; RODRIGUES et al., 2019).<\/li>\n<\/ul>\n\n\n\n<h2 class=\"wp-block-heading\">Refer\u00eancias Bibliogr\u00e1ficas<\/h2>\n\n\n\n<p>MART\u00cdNEZ-V\u00c1ZQUEZ, M.; GONZ\u00c1LEZ-ESQUINCA, A. R.; LUNA, L. C.; MORENO GUTI\u00c9RREZ, M. N.; GARC\u00cdA-ARG\u00c1EZ, A. N. Atividade antimicrobiana de <em>Byrsonima crassifolia<\/em> (L.) H.B.K. <em>Journal of Ethnopharmacology<\/em>, v. 66, n. 1, p. 79-82, 1999.<\/p>\n\n\n\n<p>PIRES, F. C. S.; MENEZES, E. G. O.; SILVA, A. P. S.; et al. Compostos bioativos e avalia\u00e7\u00e3o dos efeitos antioxidante, citot\u00f3xico e citoprotetor de extratos de polpa de murici (<em>Byrsonima crassifolia<\/em>) obtidos por extra\u00e7\u00e3o supercr\u00edtica em c\u00e9lulas HepG2 tratadas com H<sub>2<\/sub>O<sub>2<\/sub>. <em>Foods<\/em>, v. 10, n. 4, p. 737, 2021.<\/p>\n\n\n\n<p>RODRIGUES, P. A.; MORAIS, S. M.; AGUIAR, L. A.; et al. Efeito dos extratos de folhas de <em>Byrsonima sericea<\/em> DC. no trato gastrointestinal de camundongos. <em>Toxicology Reports<\/em>, v. 6, p. 1182-1187, 2019.<\/p>\n\n\n\n<p>SALDANHA, A. A.; CARMO, L. F.; NASCIMENTO, S. B.; et al. Composi\u00e7\u00e3o qu\u00edmica e atividade anti-inflamat\u00f3ria das folhas de <em>Byrsonima verbascifolia<\/em>. <em>Journal of Natural Medicines<\/em>, v. 70, n. 4, p. 760-768, 2016.<\/p>\n","protected":false},"excerpt":{"rendered":"<p>O murici (Byrsonima crassifolia) \u00e9 um fruto do Cerrado e da Amaz\u00f4nia rico em compostos bioativos com potencial terap\u00eautico para o organismo. Pesquisas destacam sua a\u00e7\u00e3o antioxidante, anti-inflamat\u00f3ria, antimicrobiana e efeitos no trato gastrointestinal, tornando-o um aliado interessante em estrat\u00e9gias de sa\u00fade natural. A\u00e7\u00e3o antioxidante O murici concentra flavonoides e carotenoides (especialmente lute\u00edna e zeaxantina) [&hellip;]<\/p>\n","protected":false},"author":4,"featured_media":64381,"comment_status":"open","ping_status":"open","sticky":false,"template":"","format":"standard","meta":{"jnews-multi-image_gallery":[],"jnews_single_post":{"format":"standard"},"jnews_primary_category":[],"jnews_social_meta":[],"jnews_override_counter":[],"footnotes":""},"categories":[476],"tags":[9779,204,4869,12282],"class_list":["post-64372","post","type-post","status-publish","format-standard","has-post-thumbnail","hentry","category-saude-e-bem-estar","tag-anti-inflamatorio","tag-antioxidante","tag-frutas","tag-murici"],"yoast_head":"<!-- This site is optimized with the Yoast SEO plugin v26.5 - https:\/\/yoast.com\/wordpress\/plugins\/seo\/ -->\n<title>O fruto do Cerrado que pode transformar sua sa\u00fade - UAI Not\u00edcias<\/title>\n<meta name=\"description\" content=\"Rico em antioxidantes e compostos bioativos, essa planta pode ser um aliado natural contra inflama\u00e7\u00f5es, bact\u00e9rias e dist\u00farbios digestivos.\" \/>\n<meta name=\"robots\" content=\"index, follow, max-snippet:-1, max-image-preview:large, max-video-preview:-1\" \/>\n<link rel=\"canonical\" href=\"https:\/\/www.uai.com.br\/uainoticias\/2025\/09\/24\/o-fruto-do-cerrado-que-pode-transformar-sua-saude\/\" \/>\n<meta property=\"og:locale\" content=\"pt_BR\" \/>\n<meta property=\"og:type\" content=\"article\" \/>\n<meta property=\"og:title\" content=\"O fruto do Cerrado que pode transformar sua sa\u00fade - UAI Not\u00edcias\" \/>\n<meta property=\"og:description\" content=\"Rico em antioxidantes e compostos bioativos, essa planta pode ser um aliado natural contra inflama\u00e7\u00f5es, bact\u00e9rias e dist\u00farbios digestivos.\" \/>\n<meta property=\"og:url\" content=\"https:\/\/www.uai.com.br\/uainoticias\/2025\/09\/24\/o-fruto-do-cerrado-que-pode-transformar-sua-saude\/\" \/>\n<meta property=\"og:site_name\" content=\"UAI Not\u00edcias\" \/>\n<meta property=\"article:published_time\" content=\"2025-09-24T16:47:00+00:00\" \/>\n<meta property=\"og:image\" content=\"https:\/\/www.uai.com.br\/uainoticias\/wp-content\/uploads\/2025\/09\/pessoa-saudavel_1758644658954.jpg\" \/>\n\t<meta property=\"og:image:width\" content=\"1280\" \/>\n\t<meta property=\"og:image:height\" content=\"720\" \/>\n\t<meta property=\"og:image:type\" content=\"image\/jpeg\" \/>\n<meta name=\"author\" content=\"Mariana Mehl\" \/>\n<meta name=\"twitter:card\" content=\"summary_large_image\" \/>\n<meta name=\"twitter:label1\" content=\"Escrito por\" \/>\n\t<meta name=\"twitter:data1\" content=\"Mariana Mehl\" \/>\n\t<meta name=\"twitter:label2\" content=\"Est. tempo de leitura\" \/>\n\t<meta name=\"twitter:data2\" content=\"4 minutos\" \/>\n<!-- \/ Yoast SEO plugin. -->","yoast_head_json":{"title":"O fruto do Cerrado que pode transformar sua sa\u00fade - UAI Not\u00edcias","description":"Rico em antioxidantes e compostos bioativos, essa planta pode ser um aliado natural contra inflama\u00e7\u00f5es, bact\u00e9rias e dist\u00farbios digestivos.","robots":{"index":"index","follow":"follow","max-snippet":"max-snippet:-1","max-image-preview":"max-image-preview:large","max-video-preview":"max-video-preview:-1"},"canonical":"https:\/\/www.uai.com.br\/uainoticias\/2025\/09\/24\/o-fruto-do-cerrado-que-pode-transformar-sua-saude\/","og_locale":"pt_BR","og_type":"article","og_title":"O fruto do Cerrado que pode transformar sua sa\u00fade - UAI Not\u00edcias","og_description":"Rico em antioxidantes e compostos bioativos, essa planta pode ser um aliado natural contra inflama\u00e7\u00f5es, bact\u00e9rias e dist\u00farbios digestivos.","og_url":"https:\/\/www.uai.com.br\/uainoticias\/2025\/09\/24\/o-fruto-do-cerrado-que-pode-transformar-sua-saude\/","og_site_name":"UAI Not\u00edcias","article_published_time":"2025-09-24T16:47:00+00:00","og_image":[{"width":1280,"height":720,"url":"https:\/\/www.uai.com.br\/uainoticias\/wp-content\/uploads\/2025\/09\/pessoa-saudavel_1758644658954.jpg","type":"image\/jpeg"}],"author":"Mariana Mehl","twitter_card":"summary_large_image","twitter_misc":{"Escrito por":"Mariana Mehl","Est. tempo de leitura":"4 minutos"},"schema":{"@context":"https:\/\/schema.org","@graph":[{"@type":"WebPage","@id":"https:\/\/www.uai.com.br\/uainoticias\/2025\/09\/24\/o-fruto-do-cerrado-que-pode-transformar-sua-saude\/","url":"https:\/\/www.uai.com.br\/uainoticias\/2025\/09\/24\/o-fruto-do-cerrado-que-pode-transformar-sua-saude\/","name":"O fruto do Cerrado que pode transformar sua sa\u00fade - UAI Not\u00edcias","isPartOf":{"@id":"https:\/\/www.uai.com.br\/uainoticias\/#website"},"primaryImageOfPage":{"@id":"https:\/\/www.uai.com.br\/uainoticias\/2025\/09\/24\/o-fruto-do-cerrado-que-pode-transformar-sua-saude\/#primaryimage"},"image":{"@id":"https:\/\/www.uai.com.br\/uainoticias\/2025\/09\/24\/o-fruto-do-cerrado-que-pode-transformar-sua-saude\/#primaryimage"},"thumbnailUrl":"https:\/\/www.uai.com.br\/uainoticias\/wp-content\/uploads\/2025\/09\/pessoa-saudavel_1758644658954.jpg","datePublished":"2025-09-24T16:47:00+00:00","author":{"@id":"https:\/\/www.uai.com.br\/uainoticias\/#\/schema\/person\/d3622bc9c44b3be598c13a3ba92afacd"},"description":"Rico em antioxidantes e compostos bioativos, essa planta pode ser um aliado natural contra inflama\u00e7\u00f5es, bact\u00e9rias e dist\u00farbios digestivos.","breadcrumb":{"@id":"https:\/\/www.uai.com.br\/uainoticias\/2025\/09\/24\/o-fruto-do-cerrado-que-pode-transformar-sua-saude\/#breadcrumb"},"inLanguage":"pt-BR","potentialAction":[{"@type":"ReadAction","target":["https:\/\/www.uai.com.br\/uainoticias\/2025\/09\/24\/o-fruto-do-cerrado-que-pode-transformar-sua-saude\/"]}]},{"@type":"ImageObject","inLanguage":"pt-BR","@id":"https:\/\/www.uai.com.br\/uainoticias\/2025\/09\/24\/o-fruto-do-cerrado-que-pode-transformar-sua-saude\/#primaryimage","url":"https:\/\/www.uai.com.br\/uainoticias\/wp-content\/uploads\/2025\/09\/pessoa-saudavel_1758644658954.jpg","contentUrl":"https:\/\/www.uai.com.br\/uainoticias\/wp-content\/uploads\/2025\/09\/pessoa-saudavel_1758644658954.jpg","width":1280,"height":720,"caption":"Consumir a planta regularmente pode ajudar a manter a pessoa mais saud\u00e1vel, gra\u00e7as \u00e0s suas propriedades antioxidantes, anti-inflamat\u00f3rias e protetoras da digest\u00e3o - Cr\u00e9ditos: depositphotos.com \/ AndrewLozovyi"},{"@type":"BreadcrumbList","@id":"https:\/\/www.uai.com.br\/uainoticias\/2025\/09\/24\/o-fruto-do-cerrado-que-pode-transformar-sua-saude\/#breadcrumb","itemListElement":[{"@type":"ListItem","position":1,"name":"In\u00edcio","item":"https:\/\/www.uai.com.br\/uainoticias\/"},{"@type":"ListItem","position":2,"name":"O fruto do Cerrado que pode transformar sua sa\u00fade"}]},{"@type":"WebSite","@id":"https:\/\/www.uai.com.br\/uainoticias\/#website","url":"https:\/\/www.uai.com.br\/uainoticias\/","name":"UAI Not\u00edcias","description":"Acompanhe as \u00faltimas not\u00edcias e fique bem informado sobre tudo o que acontece no Brasil e no mundo.","potentialAction":[{"@type":"SearchAction","target":{"@type":"EntryPoint","urlTemplate":"https:\/\/www.uai.com.br\/uainoticias\/?s={search_term_string}"},"query-input":{"@type":"PropertyValueSpecification","valueRequired":true,"valueName":"search_term_string"}}],"inLanguage":"pt-BR"},{"@type":"Person","@id":"https:\/\/www.uai.com.br\/uainoticias\/#\/schema\/person\/d3622bc9c44b3be598c13a3ba92afacd","name":"Mariana Mehl","image":{"@type":"ImageObject","inLanguage":"pt-BR","@id":"https:\/\/www.uai.com.br\/uainoticias\/#\/schema\/person\/image\/","url":"https:\/\/secure.gravatar.com\/avatar\/de34e161fdfef991e7ce76ab5604b80a315da8970d2b996e3bb53378808cc117?s=96&d=mm&r=g","contentUrl":"https:\/\/secure.gravatar.com\/avatar\/de34e161fdfef991e7ce76ab5604b80a315da8970d2b996e3bb53378808cc117?s=96&d=mm&r=g","caption":"Mariana Mehl"},"sameAs":["https:\/\/www.uai.com.br\/uainoticias\/"],"url":"https:\/\/www.uai.com.br\/uainoticias\/author\/marimyth\/"}]}},"_links":{"self":[{"href":"https:\/\/www.uai.com.br\/uainoticias\/wp-json\/wp\/v2\/posts\/64372","targetHints":{"allow":["GET"]}}],"collection":[{"href":"https:\/\/www.uai.com.br\/uainoticias\/wp-json\/wp\/v2\/posts"}],"about":[{"href":"https:\/\/www.uai.com.br\/uainoticias\/wp-json\/wp\/v2\/types\/post"}],"author":[{"embeddable":true,"href":"https:\/\/www.uai.com.br\/uainoticias\/wp-json\/wp\/v2\/users\/4"}],"replies":[{"embeddable":true,"href":"https:\/\/www.uai.com.br\/uainoticias\/wp-json\/wp\/v2\/comments?post=64372"}],"version-history":[{"count":2,"href":"https:\/\/www.uai.com.br\/uainoticias\/wp-json\/wp\/v2\/posts\/64372\/revisions"}],"predecessor-version":[{"id":64382,"href":"https:\/\/www.uai.com.br\/uainoticias\/wp-json\/wp\/v2\/posts\/64372\/revisions\/64382"}],"wp:featuredmedia":[{"embeddable":true,"href":"https:\/\/www.uai.com.br\/uainoticias\/wp-json\/wp\/v2\/media\/64381"}],"wp:attachment":[{"href":"https:\/\/www.uai.com.br\/uainoticias\/wp-json\/wp\/v2\/media?parent=64372"}],"wp:term":[{"taxonomy":"category","embeddable":true,"href":"https:\/\/www.uai.com.br\/uainoticias\/wp-json\/wp\/v2\/categories?post=64372"},{"taxonomy":"post_tag","embeddable":true,"href":"https:\/\/www.uai.com.br\/uainoticias\/wp-json\/wp\/v2\/tags?post=64372"}],"curies":[{"name":"wp","href":"https:\/\/api.w.org\/{rel}","templated":true}]}}