{"id":58774,"date":"2025-09-10T22:07:00","date_gmt":"2025-09-11T01:07:00","guid":{"rendered":"https:\/\/www.uai.com.br\/uainoticias\/?p=58774"},"modified":"2025-09-09T10:58:56","modified_gmt":"2025-09-09T13:58:56","slug":"o-melhor-jeito-de-limpar-a-maquina-e-acabar-com-o-mau-cheiro","status":"publish","type":"post","link":"https:\/\/www.uai.com.br\/uainoticias\/2025\/09\/10\/o-melhor-jeito-de-limpar-a-maquina-e-acabar-com-o-mau-cheiro\/","title":{"rendered":"O erro que deixa sua m\u00e1quina de lavar com mau cheiro e como evitar"},"content":{"rendered":"\n<p>A m\u00e1quina de lavar pode acumular fungos e bact\u00e9rias com o tempo, causando odores desagrad\u00e1veis. Isso acontece porque o ambiente \u00famido e fechado favorece a prolifera\u00e7\u00e3o de microrganismos.<\/p>\n\n\n\n<p>Felizmente, \u00e9 poss\u00edvel manter o eletrodom\u00e9stico limpo e livre de mau cheiro com cuidados simples. Pequenos h\u00e1bitos de manuten\u00e7\u00e3o evitam sujeira e prolongam a vida \u00fatil da m\u00e1quina.<\/p>\n\n\n\n<h2 class=\"wp-block-heading\">Por que a m\u00e1quina de lavar acumula fungos e mau cheiro?<\/h2>\n\n\n\n<p>O tambor e as borrachas ret\u00eam umidade, o que cria um ambiente perfeito para fungos. Detergente e amaciante em excesso tamb\u00e9m deixam res\u00edduos que agravam o problema.<\/p>\n\n\n\n<p>Al\u00e9m disso, deixar roupas molhadas por muito tempo dentro da m\u00e1quina acelera o mau cheiro. Isso mostra como a higieniza\u00e7\u00e3o regular \u00e9 essencial para evitar odores persistentes.<\/p>\n\n\n\n<div class=\"wp-block-columns is-layout-flex wp-container-core-columns-is-layout-9d6595d7 wp-block-columns-is-layout-flex\">\n<div class=\"wp-block-column is-layout-flow wp-block-column-is-layout-flow\" style=\"flex-basis:100%\">\n<blockquote class=\"wp-block-quote is-layout-flow wp-block-quote-is-layout-flow\">\n<p><em>&#8220;O Manejo Integrado de Pragas prioriza a preven\u00e7\u00e3o e o uso de m\u00e9todos menos t\u00f3xicos antes da aplica\u00e7\u00e3o de inseticidas&#8221;, afirma EPA, conforme EPA. &#8220;What Is Integrated Pest Management (IPM)?&#8221; EPA, 2024. URL. Acesso em: 9 set. 2025.<\/em><\/p>\n<\/blockquote>\n<\/div>\n<\/div>\n\n\n<div class=\"wp-block-image\">\n<figure class=\"aligncenter size-large\"><img decoding=\"async\" width=\"1024\" height=\"576\" src=\"https:\/\/www.uai.com.br\/uainoticias\/wp-content\/uploads\/2025\/09\/maquina-de-lavar-por-dentro_1757426139439-1024x576.jpg\" alt=\"O erro que deixa sua m\u00e1quina de lavar com mau cheiro e como evitar\" class=\"wp-image-58789\" srcset=\"https:\/\/www.uai.com.br\/uainoticias\/wp-content\/uploads\/2025\/09\/maquina-de-lavar-por-dentro_1757426139439-1024x576.jpg 1024w, https:\/\/www.uai.com.br\/uainoticias\/wp-content\/uploads\/2025\/09\/maquina-de-lavar-por-dentro_1757426139439-300x169.jpg 300w, https:\/\/www.uai.com.br\/uainoticias\/wp-content\/uploads\/2025\/09\/maquina-de-lavar-por-dentro_1757426139439-768x432.jpg 768w, https:\/\/www.uai.com.br\/uainoticias\/wp-content\/uploads\/2025\/09\/maquina-de-lavar-por-dentro_1757426139439-750x422.jpg 750w, https:\/\/www.uai.com.br\/uainoticias\/wp-content\/uploads\/2025\/09\/maquina-de-lavar-por-dentro_1757426139439-1140x641.jpg 1140w, https:\/\/www.uai.com.br\/uainoticias\/wp-content\/uploads\/2025\/09\/maquina-de-lavar-por-dentro_1757426139439.jpg 1280w\" sizes=\"(max-width: 1024px) 100vw, 1024px\" \/><figcaption class=\"wp-element-caption\">Higieniza\u00e7\u00e3o regular que mant\u00e9m roupas sempre limpas e perfumadas &#8211; Cr\u00e9ditos: depositphotos.com \/ EdZbarzhyvetsky<\/figcaption><\/figure><\/div>\n\n\n<h2 class=\"wp-block-heading\">Borracha de veda\u00e7\u00e3o acumula sujeira e precisa de aten\u00e7\u00e3o<\/h2>\n\n\n\n<p>A borracha da porta \u00e9 um dos locais que mais acumulam umidade e fiapos. Se n\u00e3o for limpa, vira foco de mofo e mau cheiro.<\/p>\n\n\n\n<ul class=\"wp-block-list\">\n<li>Limpe a borracha ap\u00f3s cada lavagem com pano seco<\/li>\n\n\n\n<li>Use vinagre branco para remover manchas de mofo<\/li>\n\n\n\n<li>Deixe a porta entreaberta para ventila\u00e7\u00e3o<\/li>\n<\/ul>\n\n\n\n<p>Esse cuidado simples evita a prolifera\u00e7\u00e3o de fungos e mant\u00e9m o equipamento em bom estado por mais tempo.<\/p>\n\n\n\n<h2 class=\"wp-block-heading\">Dispenser de sab\u00e3o exige limpeza para evitar res\u00edduos<\/h2>\n\n\n\n<p>O compartimento de sab\u00e3o e amaciante \u00e9 um dos pontos mais esquecidos. Ali, os res\u00edduos se acumulam e causam mau cheiro.<\/p>\n\n\n\n<ul class=\"wp-block-list\">\n<li>Retire o dispenser e lave com \u00e1gua morna<\/li>\n\n\n\n<li>Use escova pequena para alcan\u00e7ar cantos<\/li>\n\n\n\n<li>Fa\u00e7a essa limpeza ao menos uma vez por semana<\/li>\n<\/ul>\n\n\n\n<p>Ao manter o dispenser limpo, a m\u00e1quina funciona melhor e sem odores desagrad\u00e1veis.<\/p>\n\n\n\n<h2 class=\"wp-block-heading\">Tambor precisa de higieniza\u00e7\u00e3o regular para n\u00e3o gerar odores<\/h2>\n\n\n\n<p>O tambor acumula res\u00edduos invis\u00edveis que favorecem o mau cheiro. Por isso, a limpeza profunda deve ser feita com frequ\u00eancia.<\/p>\n\n\n\n<ul class=\"wp-block-list\">\n<li>Rode um ciclo vazio com vinagre e bicarbonato<\/li>\n\n\n\n<li>Use \u00e1gua quente para potencializar a higieniza\u00e7\u00e3o<\/li>\n\n\n\n<li>Repita o processo uma vez por m\u00eas<\/li>\n<\/ul>\n\n\n\n<p>Esse procedimento simples mant\u00e9m o tambor livre de fungos e bact\u00e9rias. Ele tamb\u00e9m evita odores que se transferem para as roupas.<\/p>\n\n\n\n<div class=\"wp-block-columns is-layout-flex wp-container-core-columns-is-layout-9d6595d7 wp-block-columns-is-layout-flex\">\n<div class=\"wp-block-column is-layout-flow wp-block-column-is-layout-flow\" style=\"flex-basis:100%\">\n<blockquote class=\"wp-block-quote is-layout-flow wp-block-quote-is-layout-flow\">\n<p><em>&#8220;O controle vetorial eficaz exige a\u00e7\u00e3o comunit\u00e1ria, gest\u00e3o ambiental e uso criterioso de inseticidas&#8221;, afirma Organiza\u00e7\u00e3o Mundial da Sa\u00fade, conforme WHO. Global Vector Control Response 2017\u20132030. Geneva: WHO, 2017. p. 18.<\/em><\/p>\n<\/blockquote>\n<\/div>\n<\/div>\n\n\n\n<h2 class=\"wp-block-heading\">Como manter a m\u00e1quina de lavar sempre limpa no dia a dia?<\/h2>\n\n\n\n<p>Adotar pequenos h\u00e1bitos di\u00e1rios evita que o mau cheiro volte. A preven\u00e7\u00e3o \u00e9 sempre mais pr\u00e1tica do que a limpeza profunda.<\/p>\n\n\n\n<ul class=\"wp-block-list\">\n<li>N\u00e3o deixe roupas molhadas paradas no tambor<\/li>\n\n\n\n<li>Mantenha a porta aberta ap\u00f3s cada uso<\/li>\n\n\n\n<li>Fa\u00e7a um ciclo de limpeza mensalmente<\/li>\n<\/ul>\n\n\n\n<p>Esses cuidados simples garantem roupas cheirosas e prolongam a vida \u00fatil da m\u00e1quina de lavar.<\/p>\n\n\n\n<blockquote class=\"tiktok-embed\" cite=\"https:\/\/www.tiktok.com\/@euisadoracarolina\/video\/7334696907685563653\" data-video-id=\"7334696907685563653\" style=\"max-width: 605px;min-width: 325px;\" > <section> <a target=\"_blank\" title=\"@euisadoracarolina\" href=\"https:\/\/www.tiktok.com\/@euisadoracarolina?refer=embed\">@euisadoracarolina<\/a> Vem aprender a forma correta de limpar sua maquina de lavar\ud83d\udc96 <a title=\"limpezadamaquinadelavar\" target=\"_blank\" href=\"https:\/\/www.tiktok.com\/tag\/limpezadamaquinadelavar?refer=embed\">#limpezadamaquinadelavar<\/a> <a target=\"_blank\" title=\"\u266c som original - Isadora Carolina \ud83c\udfe0\ud83d\udc95\u2728\" href=\"https:\/\/www.tiktok.com\/music\/som-original-7334696927375330053?refer=embed\">\u266c som original &#8211; Isadora Carolina \ud83c\udfe0\ud83d\udc95\u2728<\/a> <\/section> <\/blockquote> <script async src=\"https:\/\/www.tiktok.com\/embed.js\"><\/script>\n\n\n\n<h2 class=\"wp-block-heading\">Perguntas Frequentes<\/h2>\n\n\n\n<h3 class=\"wp-block-heading\">De quanto em quanto tempo devo limpar a m\u00e1quina de lavar?<\/h3>\n\n\n\n<p>O ideal \u00e9 realizar a higieniza\u00e7\u00e3o do tambor uma vez por m\u00eas. J\u00e1 a limpeza do dispenser e da borracha deve ser feita semanalmente.<\/p>\n\n\n\n<h3 class=\"wp-block-heading\">Posso usar apenas vinagre para limpar a m\u00e1quina?<\/h3>\n\n\n\n<p>Sim, o vinagre \u00e9 eficaz para eliminar odores e res\u00edduos. No entanto, a combina\u00e7\u00e3o com bicarbonato potencializa a limpeza e desinfec\u00e7\u00e3o.<\/p>\n\n\n\n<h3 class=\"wp-block-heading\">O que acontece se eu n\u00e3o limpar a m\u00e1quina regularmente?<\/h3>\n\n\n\n<p>O ac\u00famulo de fungos e res\u00edduos causa mau cheiro e pode at\u00e9 reduzir a vida \u00fatil do aparelho. Al\u00e9m disso, as roupas podem sair com odor desagrad\u00e1vel mesmo ap\u00f3s lavadas.<\/p>\n\n\n\n<p>Com esses cuidados, sua m\u00e1quina de lavar funciona melhor, dura mais e mant\u00e9m suas roupas sempre cheirosas.<\/p>\n\n\n\n<p><strong>Veja tamb\u00e9m: <a href=\"https:\/\/www.uai.com.br\/uainoticias\/2025\/09\/09\/5-habitos-simples-estao-revolucionando-a-forma-de-limpar-a-casa\/\" target=\"_blank\" rel=\"noreferrer noopener\">5 h\u00e1bitos simples est\u00e3o revolucionando a forma de limpar a casa<\/a><\/strong><\/p>\n","protected":false},"excerpt":{"rendered":"<p>A m\u00e1quina de lavar pode acumular fungos e bact\u00e9rias com o tempo, causando odores desagrad\u00e1veis. Isso acontece porque o ambiente \u00famido e fechado favorece a prolifera\u00e7\u00e3o de microrganismos. Felizmente, \u00e9 poss\u00edvel manter o eletrodom\u00e9stico limpo e livre de mau cheiro com cuidados simples. Pequenos h\u00e1bitos de manuten\u00e7\u00e3o evitam sujeira e prolongam a vida \u00fatil da [&hellip;]<\/p>\n","protected":false},"author":4,"featured_media":58790,"comment_status":"open","ping_status":"open","sticky":false,"template":"","format":"standard","meta":{"jnews-multi-image_gallery":[],"jnews_single_post":{"format":"standard"},"jnews_primary_category":[],"jnews_social_meta":[],"jnews_override_counter":[],"footnotes":""},"categories":[3046,475],"tags":[3844,5310,8295,8350],"class_list":["post-58774","post","type-post","status-publish","format-standard","has-post-thumbnail","hentry","category-curiosidades","category-entretenimento","tag-limpeza","tag-maquina-de-lavar","tag-mau-cheiro","tag-vinagre"],"yoast_head":"<!-- This site is optimized with the Yoast SEO plugin v26.5 - https:\/\/yoast.com\/wordpress\/plugins\/seo\/ -->\n<title>O erro que deixa sua m\u00e1quina de lavar com mau cheiro e como evitar - UAI Not\u00edcias<\/title>\n<meta name=\"description\" content=\"M\u00e1quina de lavar com odor forte? Veja como higienizar de forma f\u00e1cil e manter suas roupas sempre cheirosas.\" \/>\n<meta name=\"robots\" content=\"index, follow, max-snippet:-1, max-image-preview:large, max-video-preview:-1\" \/>\n<link rel=\"canonical\" href=\"https:\/\/www.uai.com.br\/uainoticias\/2025\/09\/10\/o-melhor-jeito-de-limpar-a-maquina-e-acabar-com-o-mau-cheiro\/\" \/>\n<meta property=\"og:locale\" content=\"pt_BR\" \/>\n<meta property=\"og:type\" content=\"article\" \/>\n<meta property=\"og:title\" content=\"O erro que deixa sua m\u00e1quina de lavar com mau cheiro e como evitar - UAI Not\u00edcias\" \/>\n<meta property=\"og:description\" content=\"M\u00e1quina de lavar com odor forte? Veja como higienizar de forma f\u00e1cil e manter suas roupas sempre cheirosas.\" \/>\n<meta property=\"og:url\" content=\"https:\/\/www.uai.com.br\/uainoticias\/2025\/09\/10\/o-melhor-jeito-de-limpar-a-maquina-e-acabar-com-o-mau-cheiro\/\" \/>\n<meta property=\"og:site_name\" content=\"UAI Not\u00edcias\" \/>\n<meta property=\"article:published_time\" content=\"2025-09-11T01:07:00+00:00\" \/>\n<meta property=\"og:image\" content=\"https:\/\/www.uai.com.br\/uainoticias\/wp-content\/uploads\/2025\/09\/maquina-de-lavar-por-dentro_1757426119603.jpg\" \/>\n\t<meta property=\"og:image:width\" content=\"1280\" \/>\n\t<meta property=\"og:image:height\" content=\"720\" \/>\n\t<meta property=\"og:image:type\" content=\"image\/jpeg\" \/>\n<meta name=\"author\" content=\"Mariana Mehl\" \/>\n<meta name=\"twitter:card\" content=\"summary_large_image\" \/>\n<meta name=\"twitter:label1\" content=\"Escrito por\" \/>\n\t<meta name=\"twitter:data1\" content=\"Mariana Mehl\" \/>\n\t<meta name=\"twitter:label2\" content=\"Est. tempo de leitura\" \/>\n\t<meta name=\"twitter:data2\" content=\"4 minutos\" \/>\n<!-- \/ Yoast SEO plugin. -->","yoast_head_json":{"title":"O erro que deixa sua m\u00e1quina de lavar com mau cheiro e como evitar - UAI Not\u00edcias","description":"M\u00e1quina de lavar com odor forte? Veja como higienizar de forma f\u00e1cil e manter suas roupas sempre cheirosas.","robots":{"index":"index","follow":"follow","max-snippet":"max-snippet:-1","max-image-preview":"max-image-preview:large","max-video-preview":"max-video-preview:-1"},"canonical":"https:\/\/www.uai.com.br\/uainoticias\/2025\/09\/10\/o-melhor-jeito-de-limpar-a-maquina-e-acabar-com-o-mau-cheiro\/","og_locale":"pt_BR","og_type":"article","og_title":"O erro que deixa sua m\u00e1quina de lavar com mau cheiro e como evitar - UAI Not\u00edcias","og_description":"M\u00e1quina de lavar com odor forte? Veja como higienizar de forma f\u00e1cil e manter suas roupas sempre cheirosas.","og_url":"https:\/\/www.uai.com.br\/uainoticias\/2025\/09\/10\/o-melhor-jeito-de-limpar-a-maquina-e-acabar-com-o-mau-cheiro\/","og_site_name":"UAI Not\u00edcias","article_published_time":"2025-09-11T01:07:00+00:00","og_image":[{"width":1280,"height":720,"url":"https:\/\/www.uai.com.br\/uainoticias\/wp-content\/uploads\/2025\/09\/maquina-de-lavar-por-dentro_1757426119603.jpg","type":"image\/jpeg"}],"author":"Mariana Mehl","twitter_card":"summary_large_image","twitter_misc":{"Escrito por":"Mariana Mehl","Est. tempo de leitura":"4 minutos"},"schema":{"@context":"https:\/\/schema.org","@graph":[{"@type":"WebPage","@id":"https:\/\/www.uai.com.br\/uainoticias\/2025\/09\/10\/o-melhor-jeito-de-limpar-a-maquina-e-acabar-com-o-mau-cheiro\/","url":"https:\/\/www.uai.com.br\/uainoticias\/2025\/09\/10\/o-melhor-jeito-de-limpar-a-maquina-e-acabar-com-o-mau-cheiro\/","name":"O erro que deixa sua m\u00e1quina de lavar com mau cheiro e como evitar - UAI Not\u00edcias","isPartOf":{"@id":"https:\/\/www.uai.com.br\/uainoticias\/#website"},"primaryImageOfPage":{"@id":"https:\/\/www.uai.com.br\/uainoticias\/2025\/09\/10\/o-melhor-jeito-de-limpar-a-maquina-e-acabar-com-o-mau-cheiro\/#primaryimage"},"image":{"@id":"https:\/\/www.uai.com.br\/uainoticias\/2025\/09\/10\/o-melhor-jeito-de-limpar-a-maquina-e-acabar-com-o-mau-cheiro\/#primaryimage"},"thumbnailUrl":"https:\/\/www.uai.com.br\/uainoticias\/wp-content\/uploads\/2025\/09\/maquina-de-lavar-por-dentro_1757426119603.jpg","datePublished":"2025-09-11T01:07:00+00:00","author":{"@id":"https:\/\/www.uai.com.br\/uainoticias\/#\/schema\/person\/d3622bc9c44b3be598c13a3ba92afacd"},"description":"M\u00e1quina de lavar com odor forte? Veja como higienizar de forma f\u00e1cil e manter suas roupas sempre cheirosas.","breadcrumb":{"@id":"https:\/\/www.uai.com.br\/uainoticias\/2025\/09\/10\/o-melhor-jeito-de-limpar-a-maquina-e-acabar-com-o-mau-cheiro\/#breadcrumb"},"inLanguage":"pt-BR","potentialAction":[{"@type":"ReadAction","target":["https:\/\/www.uai.com.br\/uainoticias\/2025\/09\/10\/o-melhor-jeito-de-limpar-a-maquina-e-acabar-com-o-mau-cheiro\/"]}]},{"@type":"ImageObject","inLanguage":"pt-BR","@id":"https:\/\/www.uai.com.br\/uainoticias\/2025\/09\/10\/o-melhor-jeito-de-limpar-a-maquina-e-acabar-com-o-mau-cheiro\/#primaryimage","url":"https:\/\/www.uai.com.br\/uainoticias\/wp-content\/uploads\/2025\/09\/maquina-de-lavar-por-dentro_1757426119603.jpg","contentUrl":"https:\/\/www.uai.com.br\/uainoticias\/wp-content\/uploads\/2025\/09\/maquina-de-lavar-por-dentro_1757426119603.jpg","width":1280,"height":720,"caption":"Preven\u00e7\u00e3o do ac\u00famulo de fungos e bact\u00e9rias respons\u00e1veis por odores desagrad\u00e1veis - Cr\u00e9ditos: depositphotos.com \/ _italo_"},{"@type":"BreadcrumbList","@id":"https:\/\/www.uai.com.br\/uainoticias\/2025\/09\/10\/o-melhor-jeito-de-limpar-a-maquina-e-acabar-com-o-mau-cheiro\/#breadcrumb","itemListElement":[{"@type":"ListItem","position":1,"name":"In\u00edcio","item":"https:\/\/www.uai.com.br\/uainoticias\/"},{"@type":"ListItem","position":2,"name":"O erro que deixa sua m\u00e1quina de lavar com mau cheiro e como evitar"}]},{"@type":"WebSite","@id":"https:\/\/www.uai.com.br\/uainoticias\/#website","url":"https:\/\/www.uai.com.br\/uainoticias\/","name":"UAI Not\u00edcias","description":"Acompanhe as \u00faltimas not\u00edcias e fique bem informado sobre tudo o que acontece no Brasil e no mundo.","potentialAction":[{"@type":"SearchAction","target":{"@type":"EntryPoint","urlTemplate":"https:\/\/www.uai.com.br\/uainoticias\/?s={search_term_string}"},"query-input":{"@type":"PropertyValueSpecification","valueRequired":true,"valueName":"search_term_string"}}],"inLanguage":"pt-BR"},{"@type":"Person","@id":"https:\/\/www.uai.com.br\/uainoticias\/#\/schema\/person\/d3622bc9c44b3be598c13a3ba92afacd","name":"Mariana Mehl","image":{"@type":"ImageObject","inLanguage":"pt-BR","@id":"https:\/\/www.uai.com.br\/uainoticias\/#\/schema\/person\/image\/","url":"https:\/\/secure.gravatar.com\/avatar\/de34e161fdfef991e7ce76ab5604b80a315da8970d2b996e3bb53378808cc117?s=96&d=mm&r=g","contentUrl":"https:\/\/secure.gravatar.com\/avatar\/de34e161fdfef991e7ce76ab5604b80a315da8970d2b996e3bb53378808cc117?s=96&d=mm&r=g","caption":"Mariana Mehl"},"sameAs":["https:\/\/www.uai.com.br\/uainoticias\/"],"url":"https:\/\/www.uai.com.br\/uainoticias\/author\/marimyth\/"}]}},"_links":{"self":[{"href":"https:\/\/www.uai.com.br\/uainoticias\/wp-json\/wp\/v2\/posts\/58774","targetHints":{"allow":["GET"]}}],"collection":[{"href":"https:\/\/www.uai.com.br\/uainoticias\/wp-json\/wp\/v2\/posts"}],"about":[{"href":"https:\/\/www.uai.com.br\/uainoticias\/wp-json\/wp\/v2\/types\/post"}],"author":[{"embeddable":true,"href":"https:\/\/www.uai.com.br\/uainoticias\/wp-json\/wp\/v2\/users\/4"}],"replies":[{"embeddable":true,"href":"https:\/\/www.uai.com.br\/uainoticias\/wp-json\/wp\/v2\/comments?post=58774"}],"version-history":[{"count":3,"href":"https:\/\/www.uai.com.br\/uainoticias\/wp-json\/wp\/v2\/posts\/58774\/revisions"}],"predecessor-version":[{"id":58795,"href":"https:\/\/www.uai.com.br\/uainoticias\/wp-json\/wp\/v2\/posts\/58774\/revisions\/58795"}],"wp:featuredmedia":[{"embeddable":true,"href":"https:\/\/www.uai.com.br\/uainoticias\/wp-json\/wp\/v2\/media\/58790"}],"wp:attachment":[{"href":"https:\/\/www.uai.com.br\/uainoticias\/wp-json\/wp\/v2\/media?parent=58774"}],"wp:term":[{"taxonomy":"category","embeddable":true,"href":"https:\/\/www.uai.com.br\/uainoticias\/wp-json\/wp\/v2\/categories?post=58774"},{"taxonomy":"post_tag","embeddable":true,"href":"https:\/\/www.uai.com.br\/uainoticias\/wp-json\/wp\/v2\/tags?post=58774"}],"curies":[{"name":"wp","href":"https:\/\/api.w.org\/{rel}","templated":true}]}}