{"id":58586,"date":"2025-09-09T16:37:00","date_gmt":"2025-09-09T19:37:00","guid":{"rendered":"https:\/\/www.uai.com.br\/uainoticias\/?p=58586"},"modified":"2025-09-08T15:57:53","modified_gmt":"2025-09-08T18:57:53","slug":"3-plantas-que-deixam-sua-casa-cheirosa-e-livre-de-insetos","status":"publish","type":"post","link":"https:\/\/www.uai.com.br\/uainoticias\/2025\/09\/09\/3-plantas-que-deixam-sua-casa-cheirosa-e-livre-de-insetos\/","title":{"rendered":"3 plantas que deixam sua casa cheirosa e livre de insetos"},"content":{"rendered":"\n<p>Algumas <strong>plantas<\/strong> v\u00e3o al\u00e9m da beleza decorativa e se tornam aliadas naturais contra <strong>pragas<\/strong> e na melhoria da qualidade do ar. Elas unem <strong>fragr\u00e2ncia<\/strong> agrad\u00e1vel com benef\u00edcios funcionais para os ambientes.<\/p>\n\n\n\n<p>Entre as op\u00e7\u00f5es mais conhecidas, certas esp\u00e9cies se destacam por afastar <strong>insetos<\/strong> indesejados e, ao mesmo tempo, liberar compostos que <strong>purificam<\/strong> o ar dentro de casa.<\/p>\n\n\n\n<h2 class=\"wp-block-heading\">Por que cultivar uma planta perfumada pode transformar seu ambiente?<\/h2>\n\n\n\n<p>O cultivo de <strong>plantas arom\u00e1ticas<\/strong> dentro de casa n\u00e3o \u00e9 apenas uma quest\u00e3o de est\u00e9tica. Ele traz <strong>conforto<\/strong>, <strong>sa\u00fade<\/strong> e ainda contribui para manter <strong>insetos<\/strong> afastados.<\/p>\n\n\n\n<p>Al\u00e9m disso, <strong>aromas naturais<\/strong> ajudam a criar uma atmosfera mais relaxante e saud\u00e1vel em compara\u00e7\u00e3o com solu\u00e7\u00f5es qu\u00edmicas artificiais.<\/p>\n\n\n\n<div class=\"wp-block-columns is-layout-flex wp-container-core-columns-is-layout-9d6595d7 wp-block-columns-is-layout-flex\">\n<div class=\"wp-block-column is-layout-flow wp-block-column-is-layout-flow\" style=\"flex-basis:100%\">\n<blockquote class=\"wp-block-quote is-layout-flow wp-block-quote-is-layout-flow\">\n<p><em>&#8220;O cultivo de esp\u00e9cies arom\u00e1ticas em pequenos espa\u00e7os pode melhorar a qualidade do ar e contribuir para o bem-estar f\u00edsico e mental&#8221;, afirma Celso Luiz Moretti, chefe-geral da Embrapa Hortali\u00e7as, conforme CLEMENTE, Fl\u00e1via M. V. T.; HABER, Lenita Lima (eds.). Horta em Pequenos Espa\u00e7os. Bras\u00edlia: Embrapa, 2012. p. 9\u201310.<\/em><\/p>\n<\/blockquote>\n<\/div>\n<\/div>\n\n\n<div class=\"wp-block-image\">\n<figure class=\"aligncenter size-large\"><img decoding=\"async\" width=\"1024\" height=\"576\" src=\"https:\/\/www.uai.com.br\/uainoticias\/wp-content\/uploads\/2025\/08\/lavanda_1755619945612-1024x576.jpg\" alt=\"3 plantas que deixam sua casa cheirosa e livre de insetos\" class=\"wp-image-50455\" srcset=\"https:\/\/www.uai.com.br\/uainoticias\/wp-content\/uploads\/2025\/08\/lavanda_1755619945612-1024x576.jpg 1024w, https:\/\/www.uai.com.br\/uainoticias\/wp-content\/uploads\/2025\/08\/lavanda_1755619945612-300x169.jpg 300w, https:\/\/www.uai.com.br\/uainoticias\/wp-content\/uploads\/2025\/08\/lavanda_1755619945612-768x432.jpg 768w, https:\/\/www.uai.com.br\/uainoticias\/wp-content\/uploads\/2025\/08\/lavanda_1755619945612-750x422.jpg 750w, https:\/\/www.uai.com.br\/uainoticias\/wp-content\/uploads\/2025\/08\/lavanda_1755619945612-1140x641.jpg 1140w, https:\/\/www.uai.com.br\/uainoticias\/wp-content\/uploads\/2025\/08\/lavanda_1755619945612.jpg 1280w\" sizes=\"(max-width: 1024px) 100vw, 1024px\" \/><figcaption class=\"wp-element-caption\">Com um simples vaso de lavanda sua casa pode ficar livre de insetos e ainda ganhar um perfume natural &#8211; Cr\u00e9ditos: depositphotos.com \/ VikaKhalabuzar<\/figcaption><\/figure><\/div>\n\n\n<h2 class=\"wp-block-heading\">Lavanda ajuda a relaxar enquanto repele mosquitos<\/h2>\n\n\n\n<p>A <strong>lavanda<\/strong> \u00e9 uma das plantas mais populares quando se fala em <strong>fragr\u00e2ncia<\/strong> e prote\u00e7\u00e3o natural contra <strong>insetos<\/strong>.<\/p>\n\n\n\n<ul class=\"wp-block-list\">\n<li><strong>Perfuma<\/strong> o ambiente com aroma calmante<\/li>\n\n\n\n<li>Funciona como <strong>repelente natural<\/strong> de mosquitos<\/li>\n\n\n\n<li>Facilita o <strong>sono<\/strong> e reduz o <strong>estresse<\/strong><\/li>\n<\/ul>\n\n\n\n<p>Ter <strong>lavanda<\/strong> em casa \u00e9 unir praticidade e <strong>bem-estar<\/strong> em um s\u00f3 vaso.<\/p>\n\n\n\n<h2 class=\"wp-block-heading\">Manjeric\u00e3o sagrado renova o ar e afasta pragas<\/h2>\n\n\n\n<p>O <strong>manjeric\u00e3o sagrado<\/strong>, tamb\u00e9m conhecido como <strong>tulsi<\/strong>, \u00e9 usado h\u00e1 s\u00e9culos por suas propriedades arom\u00e1ticas e protetoras.<\/p>\n\n\n\n<ul class=\"wp-block-list\">\n<li>Exala aroma intenso que repele <strong>moscas<\/strong><\/li>\n\n\n\n<li>Contribui para <strong>purificar<\/strong> o ar interno<\/li>\n\n\n\n<li>Pode ser usado como <strong>tempero<\/strong> funcional<\/li>\n<\/ul>\n\n\n\n<p>Al\u00e9m de afastar <strong>insetos<\/strong>, traz frescor e <strong>vitalidade<\/strong> para o ambiente dom\u00e9stico.<\/p>\n\n\n\n<h2 class=\"wp-block-heading\">Hortel\u00e3 exala frescor e mant\u00e9m os ambientes livres de insetos<\/h2>\n\n\n\n<p>A <strong>hortel\u00e3<\/strong> \u00e9 vers\u00e1til, f\u00e1cil de cultivar e carrega um <strong>aroma<\/strong> marcante que ajuda a afastar <strong>pragas<\/strong> de forma natural.<\/p>\n\n\n\n<ul class=\"wp-block-list\">\n<li>Age como <strong>repelente<\/strong> contra formigas e pernilongos<\/li>\n\n\n\n<li>Proporciona sensa\u00e7\u00e3o de <strong>frescor<\/strong> no ar<\/li>\n\n\n\n<li>Pode ser usada em <strong>ch\u00e1s<\/strong> e receitas<\/li>\n<\/ul>\n\n\n\n<p>Plantar <strong>hortel\u00e3<\/strong> em vasos ou canteiros garante um ambiente mais saud\u00e1vel e <strong>multifuncional<\/strong>.<\/p>\n\n\n\n<div class=\"wp-block-columns is-layout-flex wp-container-core-columns-is-layout-9d6595d7 wp-block-columns-is-layout-flex\">\n<div class=\"wp-block-column is-layout-flow wp-block-column-is-layout-flow\" style=\"flex-basis:100%\">\n<blockquote class=\"wp-block-quote is-layout-flow wp-block-quote-is-layout-flow\">\n<p><em>&#8220;Esp\u00e9cies arom\u00e1ticas como a hortel\u00e3 t\u00eam a\u00e7\u00e3o comprovada na repel\u00eancia de insetos e na melhoria do microclima dom\u00e9stico&#8221;, afirma Christopher Brickell, editor da Royal Horticultural Society, conforme BRICKELL, Christopher (ed.). RHS Encyclopedia of Gardening. London: Dorling Kindersley, 2016. p. 212.<\/em><\/p>\n<\/blockquote>\n<\/div>\n<\/div>\n\n\n\n<blockquote class=\"tiktok-embed\" cite=\"https:\/\/www.tiktok.com\/@lojaplantei\/video\/7222308724361153798\" data-video-id=\"7222308724361153798\" style=\"max-width: 605px;min-width: 325px;\" > <section> <a target=\"_blank\" title=\"@lojaplantei\" href=\"https:\/\/www.tiktok.com\/@lojaplantei?refer=embed\">@lojaplantei<\/a> <p>Voc\u00ea sabia que existem plantas que supostamente afastam insetos? Mas ser\u00e1 que isso \u00e9 um mito ou verdade?  Se voc\u00ea quer descobrir a resposta para essa pergunta e conhecer algumas plantas que possivelmente t\u00eam esse efeito, convido voc\u00ea a assistir ao nosso v\u00eddeo sobre esse assunto. Deixe o mundo mais verde com a Plantei ! #plantas #inseto#cuidadoscomasplantas   #lojaplantei #biologia #botanica #saltogrande#gardencenter<\/p> <a target=\"_blank\" title=\"\u266c som original  - Loja Plantei\" href=\"https:\/\/www.tiktok.com\/music\/som-original-Loja-Plantei-7222987372844075782?refer=embed\">\u266c som original  &#8211; Loja Plantei<\/a> <\/section> <\/blockquote> <script async src=\"https:\/\/www.tiktok.com\/embed.js\"><\/script>\n\n\n\n<h2 class=\"wp-block-heading\">Como aproveitar ao m\u00e1ximo os benef\u00edcios dessas plantas em casa?<\/h2>\n\n\n\n<p>Para potencializar os efeitos de <strong>lavanda<\/strong>, <strong>manjeric\u00e3o<\/strong> e <strong>hortel\u00e3<\/strong>, basta cuidar de alguns detalhes simples no cultivo.<\/p>\n\n\n\n<ul class=\"wp-block-list\">\n<li>Coloque os <strong>vasos<\/strong> pr\u00f3ximos a janelas e \u00e1reas de circula\u00e7\u00e3o<\/li>\n\n\n\n<li>Fa\u00e7a <strong>podas<\/strong> regulares para manter a vitalidade<\/li>\n\n\n\n<li>Use <strong>substrato f\u00e9rtil<\/strong> e regue de forma equilibrada<\/li>\n<\/ul>\n\n\n\n<p>Assim, voc\u00ea ter\u00e1 ambientes <strong>perfumados<\/strong>, livres de <strong>insetos<\/strong> e com <strong>ar mais puro<\/strong> ao longo do ano.<\/p>\n\n\n\n<h2 class=\"wp-block-heading\">Perguntas Frequentes<\/h2>\n\n\n\n<h3 class=\"wp-block-heading\">Qual a melhor planta para afastar mosquitos em ambientes internos?<\/h3>\n\n\n\n<p><strong>Lavanda<\/strong> e <strong>hortel\u00e3<\/strong> s\u00e3o excelentes op\u00e7\u00f5es, pois liberam aromas que repelem <strong>mosquitos<\/strong> sem a necessidade de produtos qu\u00edmicos.<\/p>\n\n\n\n<h3 class=\"wp-block-heading\">Essas plantas precisam de muito sol para se desenvolver?<\/h3>\n\n\n\n<p>A maioria prefere locais bem iluminados, mas podem se adaptar a <strong>varandas<\/strong> e <strong>janelas<\/strong> com algumas horas de luz di\u00e1ria.<\/p>\n\n\n\n<h3 class=\"wp-block-heading\">Posso usar essas plantas na culin\u00e1ria?<\/h3>\n\n\n\n<p>Sim, tanto a <strong>hortel\u00e3<\/strong> quanto o <strong>manjeric\u00e3o<\/strong> s\u00e3o amplamente usados em <strong>ch\u00e1s<\/strong> e <strong>temperos<\/strong>, unindo sabor e benef\u00edcios funcionais.<\/p>\n\n\n\n<p>Cultivar <strong>plantas arom\u00e1ticas<\/strong> em casa \u00e9 uma escolha inteligente para quem deseja ambientes mais <strong>saud\u00e1veis<\/strong>, <strong>perfumados<\/strong> e naturalmente protegidos contra <strong>insetos<\/strong>.<\/p>\n\n\n\n<p><strong>Veja tamb\u00e9m: <a href=\"https:\/\/www.uai.com.br\/uainoticias\/2025\/09\/08\/plantas-que-afastam-energias-ruins-e-transformam-a-energia-do-lar\/\" target=\"_blank\" rel=\"noreferrer noopener\">Plantas que afastam energias ruins e transformam a energia do lar<\/a><\/strong><\/p>\n","protected":false},"excerpt":{"rendered":"<p>Algumas plantas v\u00e3o al\u00e9m da beleza decorativa e se tornam aliadas naturais contra pragas e na melhoria da qualidade do ar. Elas unem fragr\u00e2ncia agrad\u00e1vel com benef\u00edcios funcionais para os ambientes. Entre as op\u00e7\u00f5es mais conhecidas, certas esp\u00e9cies se destacam por afastar insetos indesejados e, ao mesmo tempo, liberar compostos que purificam o ar dentro [&hellip;]<\/p>\n","protected":false},"author":4,"featured_media":58600,"comment_status":"open","ping_status":"open","sticky":false,"template":"","format":"standard","meta":{"jnews-multi-image_gallery":[],"jnews_single_post":{"format":"standard"},"jnews_primary_category":[],"jnews_social_meta":[],"jnews_override_counter":[],"footnotes":""},"categories":[475],"tags":[11360,2504,4049,781],"class_list":["post-58586","post","type-post","status-publish","format-standard","has-post-thumbnail","hentry","category-entretenimento","tag-atomaticas","tag-insetos","tag-lavanda","tag-plantas"],"yoast_head":"<!-- This site is optimized with the Yoast SEO plugin v26.5 - https:\/\/yoast.com\/wordpress\/plugins\/seo\/ -->\n<title>3 plantas que deixam sua casa cheirosa e livre de insetos - UAI Not\u00edcias<\/title>\n<meta name=\"description\" content=\"Essas plantas naturais est\u00e3o conquistando quem busca ambientes sem insetos e cheios de frescor. Veja como cultiv\u00e1-las.\" \/>\n<meta name=\"robots\" content=\"index, follow, max-snippet:-1, max-image-preview:large, max-video-preview:-1\" \/>\n<link rel=\"canonical\" href=\"https:\/\/www.uai.com.br\/uainoticias\/2025\/09\/09\/3-plantas-que-deixam-sua-casa-cheirosa-e-livre-de-insetos\/\" \/>\n<meta property=\"og:locale\" content=\"pt_BR\" \/>\n<meta property=\"og:type\" content=\"article\" \/>\n<meta property=\"og:title\" content=\"3 plantas que deixam sua casa cheirosa e livre de insetos - UAI Not\u00edcias\" \/>\n<meta property=\"og:description\" content=\"Essas plantas naturais est\u00e3o conquistando quem busca ambientes sem insetos e cheios de frescor. Veja como cultiv\u00e1-las.\" \/>\n<meta property=\"og:url\" content=\"https:\/\/www.uai.com.br\/uainoticias\/2025\/09\/09\/3-plantas-que-deixam-sua-casa-cheirosa-e-livre-de-insetos\/\" \/>\n<meta property=\"og:site_name\" content=\"UAI Not\u00edcias\" \/>\n<meta property=\"article:published_time\" content=\"2025-09-09T19:37:00+00:00\" \/>\n<meta property=\"og:image\" content=\"https:\/\/www.uai.com.br\/uainoticias\/wp-content\/uploads\/2025\/09\/mosaico_1757357813603.jpg\" \/>\n\t<meta property=\"og:image:width\" content=\"1280\" \/>\n\t<meta property=\"og:image:height\" content=\"720\" \/>\n\t<meta property=\"og:image:type\" content=\"image\/jpeg\" \/>\n<meta name=\"author\" content=\"Mariana Mehl\" \/>\n<meta name=\"twitter:card\" content=\"summary_large_image\" \/>\n<meta name=\"twitter:label1\" content=\"Escrito por\" \/>\n\t<meta name=\"twitter:data1\" content=\"Mariana Mehl\" \/>\n\t<meta name=\"twitter:label2\" content=\"Est. tempo de leitura\" \/>\n\t<meta name=\"twitter:data2\" content=\"4 minutos\" \/>\n<!-- \/ Yoast SEO plugin. -->","yoast_head_json":{"title":"3 plantas que deixam sua casa cheirosa e livre de insetos - UAI Not\u00edcias","description":"Essas plantas naturais est\u00e3o conquistando quem busca ambientes sem insetos e cheios de frescor. Veja como cultiv\u00e1-las.","robots":{"index":"index","follow":"follow","max-snippet":"max-snippet:-1","max-image-preview":"max-image-preview:large","max-video-preview":"max-video-preview:-1"},"canonical":"https:\/\/www.uai.com.br\/uainoticias\/2025\/09\/09\/3-plantas-que-deixam-sua-casa-cheirosa-e-livre-de-insetos\/","og_locale":"pt_BR","og_type":"article","og_title":"3 plantas que deixam sua casa cheirosa e livre de insetos - UAI Not\u00edcias","og_description":"Essas plantas naturais est\u00e3o conquistando quem busca ambientes sem insetos e cheios de frescor. Veja como cultiv\u00e1-las.","og_url":"https:\/\/www.uai.com.br\/uainoticias\/2025\/09\/09\/3-plantas-que-deixam-sua-casa-cheirosa-e-livre-de-insetos\/","og_site_name":"UAI Not\u00edcias","article_published_time":"2025-09-09T19:37:00+00:00","og_image":[{"width":1280,"height":720,"url":"https:\/\/www.uai.com.br\/uainoticias\/wp-content\/uploads\/2025\/09\/mosaico_1757357813603.jpg","type":"image\/jpeg"}],"author":"Mariana Mehl","twitter_card":"summary_large_image","twitter_misc":{"Escrito por":"Mariana Mehl","Est. tempo de leitura":"4 minutos"},"schema":{"@context":"https:\/\/schema.org","@graph":[{"@type":"WebPage","@id":"https:\/\/www.uai.com.br\/uainoticias\/2025\/09\/09\/3-plantas-que-deixam-sua-casa-cheirosa-e-livre-de-insetos\/","url":"https:\/\/www.uai.com.br\/uainoticias\/2025\/09\/09\/3-plantas-que-deixam-sua-casa-cheirosa-e-livre-de-insetos\/","name":"3 plantas que deixam sua casa cheirosa e livre de insetos - UAI Not\u00edcias","isPartOf":{"@id":"https:\/\/www.uai.com.br\/uainoticias\/#website"},"primaryImageOfPage":{"@id":"https:\/\/www.uai.com.br\/uainoticias\/2025\/09\/09\/3-plantas-que-deixam-sua-casa-cheirosa-e-livre-de-insetos\/#primaryimage"},"image":{"@id":"https:\/\/www.uai.com.br\/uainoticias\/2025\/09\/09\/3-plantas-que-deixam-sua-casa-cheirosa-e-livre-de-insetos\/#primaryimage"},"thumbnailUrl":"https:\/\/www.uai.com.br\/uainoticias\/wp-content\/uploads\/2025\/09\/mosaico_1757357813603.jpg","datePublished":"2025-09-09T19:37:00+00:00","author":{"@id":"https:\/\/www.uai.com.br\/uainoticias\/#\/schema\/person\/d3622bc9c44b3be598c13a3ba92afacd"},"description":"Essas plantas naturais est\u00e3o conquistando quem busca ambientes sem insetos e cheios de frescor. Veja como cultiv\u00e1-las.","breadcrumb":{"@id":"https:\/\/www.uai.com.br\/uainoticias\/2025\/09\/09\/3-plantas-que-deixam-sua-casa-cheirosa-e-livre-de-insetos\/#breadcrumb"},"inLanguage":"pt-BR","potentialAction":[{"@type":"ReadAction","target":["https:\/\/www.uai.com.br\/uainoticias\/2025\/09\/09\/3-plantas-que-deixam-sua-casa-cheirosa-e-livre-de-insetos\/"]}]},{"@type":"ImageObject","inLanguage":"pt-BR","@id":"https:\/\/www.uai.com.br\/uainoticias\/2025\/09\/09\/3-plantas-que-deixam-sua-casa-cheirosa-e-livre-de-insetos\/#primaryimage","url":"https:\/\/www.uai.com.br\/uainoticias\/wp-content\/uploads\/2025\/09\/mosaico_1757357813603.jpg","contentUrl":"https:\/\/www.uai.com.br\/uainoticias\/wp-content\/uploads\/2025\/09\/mosaico_1757357813603.jpg","width":1280,"height":720,"caption":"Plantas arom\u00e1ticas unem beleza, frescor e prote\u00e7\u00e3o: afastam insetos e ainda purificam o ar do ambiente - Cr\u00e9ditos: depositphotos.com \/ beatabecla \/ depositphotos.com \/ yasonya"},{"@type":"BreadcrumbList","@id":"https:\/\/www.uai.com.br\/uainoticias\/2025\/09\/09\/3-plantas-que-deixam-sua-casa-cheirosa-e-livre-de-insetos\/#breadcrumb","itemListElement":[{"@type":"ListItem","position":1,"name":"In\u00edcio","item":"https:\/\/www.uai.com.br\/uainoticias\/"},{"@type":"ListItem","position":2,"name":"3 plantas que deixam sua casa cheirosa e livre de insetos"}]},{"@type":"WebSite","@id":"https:\/\/www.uai.com.br\/uainoticias\/#website","url":"https:\/\/www.uai.com.br\/uainoticias\/","name":"UAI Not\u00edcias","description":"Acompanhe as \u00faltimas not\u00edcias e fique bem informado sobre tudo o que acontece no Brasil e no mundo.","potentialAction":[{"@type":"SearchAction","target":{"@type":"EntryPoint","urlTemplate":"https:\/\/www.uai.com.br\/uainoticias\/?s={search_term_string}"},"query-input":{"@type":"PropertyValueSpecification","valueRequired":true,"valueName":"search_term_string"}}],"inLanguage":"pt-BR"},{"@type":"Person","@id":"https:\/\/www.uai.com.br\/uainoticias\/#\/schema\/person\/d3622bc9c44b3be598c13a3ba92afacd","name":"Mariana Mehl","image":{"@type":"ImageObject","inLanguage":"pt-BR","@id":"https:\/\/www.uai.com.br\/uainoticias\/#\/schema\/person\/image\/","url":"https:\/\/secure.gravatar.com\/avatar\/de34e161fdfef991e7ce76ab5604b80a315da8970d2b996e3bb53378808cc117?s=96&d=mm&r=g","contentUrl":"https:\/\/secure.gravatar.com\/avatar\/de34e161fdfef991e7ce76ab5604b80a315da8970d2b996e3bb53378808cc117?s=96&d=mm&r=g","caption":"Mariana Mehl"},"sameAs":["https:\/\/www.uai.com.br\/uainoticias\/"],"url":"https:\/\/www.uai.com.br\/uainoticias\/author\/marimyth\/"}]}},"_links":{"self":[{"href":"https:\/\/www.uai.com.br\/uainoticias\/wp-json\/wp\/v2\/posts\/58586","targetHints":{"allow":["GET"]}}],"collection":[{"href":"https:\/\/www.uai.com.br\/uainoticias\/wp-json\/wp\/v2\/posts"}],"about":[{"href":"https:\/\/www.uai.com.br\/uainoticias\/wp-json\/wp\/v2\/types\/post"}],"author":[{"embeddable":true,"href":"https:\/\/www.uai.com.br\/uainoticias\/wp-json\/wp\/v2\/users\/4"}],"replies":[{"embeddable":true,"href":"https:\/\/www.uai.com.br\/uainoticias\/wp-json\/wp\/v2\/comments?post=58586"}],"version-history":[{"count":2,"href":"https:\/\/www.uai.com.br\/uainoticias\/wp-json\/wp\/v2\/posts\/58586\/revisions"}],"predecessor-version":[{"id":58601,"href":"https:\/\/www.uai.com.br\/uainoticias\/wp-json\/wp\/v2\/posts\/58586\/revisions\/58601"}],"wp:featuredmedia":[{"embeddable":true,"href":"https:\/\/www.uai.com.br\/uainoticias\/wp-json\/wp\/v2\/media\/58600"}],"wp:attachment":[{"href":"https:\/\/www.uai.com.br\/uainoticias\/wp-json\/wp\/v2\/media?parent=58586"}],"wp:term":[{"taxonomy":"category","embeddable":true,"href":"https:\/\/www.uai.com.br\/uainoticias\/wp-json\/wp\/v2\/categories?post=58586"},{"taxonomy":"post_tag","embeddable":true,"href":"https:\/\/www.uai.com.br\/uainoticias\/wp-json\/wp\/v2\/tags?post=58586"}],"curies":[{"name":"wp","href":"https:\/\/api.w.org\/{rel}","templated":true}]}}