{"id":58239,"date":"2025-09-09T07:37:00","date_gmt":"2025-09-09T10:37:00","guid":{"rendered":"https:\/\/www.uai.com.br\/uainoticias\/?p=58239"},"modified":"2025-09-08T09:56:10","modified_gmt":"2025-09-08T12:56:10","slug":"o-nome-mais-raro-do-pais-foi-descoberto-e-ninguem-esperava-por-ele","status":"publish","type":"post","link":"https:\/\/www.uai.com.br\/uainoticias\/2025\/09\/09\/o-nome-mais-raro-do-pais-foi-descoberto-e-ninguem-esperava-por-ele\/","title":{"rendered":"O nome mais raro do pa\u00eds foi descoberto e ningu\u00e9m esperava por ele"},"content":{"rendered":"\n<p>Entre milh\u00f5es de registros civis, um <strong>nome<\/strong> conseguiu se destacar de forma \u00fanica. Em 2022, foi oficialmente registrado no Brasil o <strong>nome<\/strong> Amayomi, considerado exclusivo at\u00e9 hoje.<\/p>\n\n\n\n<p>Esse caso raro desperta curiosidade sobre como surgem nomes t\u00e3o singulares e o que eles representam dentro da <strong>diversidade<\/strong> cultural brasileira.<\/p>\n\n\n\n<h2 class=\"wp-block-heading\">Por que um nome exclusivo desperta tanta curiosidade?<\/h2>\n\n\n\n<p><strong><a href=\"https:\/\/arpenbrasil.org.br\/diferentoes-ou-bizarros-6-nomes-raros-que-so-existem-no-brasil\/\" target=\"_blank\" rel=\"noreferrer noopener\">Nomes raros chamam a aten\u00e7\u00e3o<\/a> porque rompem padr\u00f5es comuns de escolha.<\/strong> Eles trazem identidade e, ao mesmo tempo, mist\u00e9rio.<\/p>\n\n\n\n<p><strong>Amayomi \u00e9 um exemplo de como a criatividade das fam\u00edlias pode gerar registros in\u00e9ditos.<\/strong> Ele tornou-se s\u00edmbolo da pluralidade cultural do pa\u00eds.<\/p>\n\n\n\n<div class=\"wp-block-columns is-layout-flex wp-container-core-columns-is-layout-9d6595d7 wp-block-columns-is-layout-flex\">\n<div class=\"wp-block-column is-layout-flow wp-block-column-is-layout-flow\" style=\"flex-basis:100%\">\n<blockquote class=\"wp-block-quote is-layout-flow wp-block-quote-is-layout-flow\">\n<p><em>&#8220;O estudo dos antrop\u00f4nimos revela n\u00e3o apenas etimologias, mas tamb\u00e9m pr\u00e1ticas culturais e identit\u00e1rias ligadas \u00e0 escolha de nomes&#8221;, afirma Carole Hough, professora de Onom\u00e1stica, conforme HOUGH, Carole (ed.). The Oxford Handbook of Names and Naming. Oxford: Oxford University Press, 2016. p. 22.<\/em><\/p>\n<\/blockquote>\n<\/div>\n<\/div>\n\n\n<div class=\"wp-block-image\">\n<figure class=\"aligncenter size-large\"><img decoding=\"async\" width=\"1024\" height=\"576\" src=\"https:\/\/www.uai.com.br\/uainoticias\/wp-content\/uploads\/2025\/07\/gemeos-bebes-_1752250615421-1024x576.jpg\" alt=\"O que o nome Ayla revela sobre sua ess\u00eancia, segundo a psicologia\" class=\"wp-image-34396\" srcset=\"https:\/\/www.uai.com.br\/uainoticias\/wp-content\/uploads\/2025\/07\/gemeos-bebes-_1752250615421-1024x576.jpg 1024w, https:\/\/www.uai.com.br\/uainoticias\/wp-content\/uploads\/2025\/07\/gemeos-bebes-_1752250615421-300x169.jpg 300w, https:\/\/www.uai.com.br\/uainoticias\/wp-content\/uploads\/2025\/07\/gemeos-bebes-_1752250615421-768x432.jpg 768w, https:\/\/www.uai.com.br\/uainoticias\/wp-content\/uploads\/2025\/07\/gemeos-bebes-_1752250615421-750x422.jpg 750w, https:\/\/www.uai.com.br\/uainoticias\/wp-content\/uploads\/2025\/07\/gemeos-bebes-_1752250615421-1140x642.jpg 1140w, https:\/\/www.uai.com.br\/uainoticias\/wp-content\/uploads\/2025\/07\/gemeos-bebes-_1752250615421.jpg 1279w\" sizes=\"(max-width: 1024px) 100vw, 1024px\" \/><figcaption class=\"wp-element-caption\">Exclusividade estat\u00edstica comprovada pelo Portal da Transpar\u00eancia do Registro Civil &#8211; Cr\u00e9ditos: depositphotos.com \/ katrinaelena<\/figcaption><\/figure><\/div>\n\n\n<h2 class=\"wp-block-heading\">Amayomi ganha destaque como registro \u00fanico<\/h2>\n\n\n\n<p>O <strong>nome<\/strong> Amayomi foi encontrado apenas uma vez nos registros de 2022. Esse dado refor\u00e7a sua <strong>exclusividade<\/strong>.<\/p>\n\n\n\n<ul class=\"wp-block-list\">\n<li>Aus\u00eancia em rankings de nomes mais <strong>comuns<\/strong><\/li>\n\n\n\n<li>Registro \u00fanico nos sistemas oficiais de nascimento<\/li>\n\n\n\n<li>Inexist\u00eancia de variantes documentadas no Brasil<\/li>\n<\/ul>\n\n\n\n<p><strong>Com isso, Amayomi se consolida como o nome mais raro j\u00e1 registrado no pa\u00eds em tempos recentes.<\/strong><\/p>\n\n\n\n<h2 class=\"wp-block-heading\">Exclusividade de Amayomi transforma estat\u00edsticas de nomes<\/h2>\n\n\n\n<p><strong>O impacto de um nome registrado apenas uma vez modifica a percep\u00e7\u00e3o sobre diversidade onom\u00e1stica.<\/strong> Ele passa a representar estatisticamente um caso isolado.<\/p>\n\n\n\n<ul class=\"wp-block-list\">\n<li>Figura fora de qualquer tend\u00eancia populacional<\/li>\n\n\n\n<li>Mostra a flexibilidade das escolhas <strong>parentais<\/strong><\/li>\n\n\n\n<li>Reflete a <strong>criatividade<\/strong> na constru\u00e7\u00e3o de novas identidades<\/li>\n<\/ul>\n\n\n\n<p><strong>Esse fen\u00f4meno refor\u00e7a como a individualidade pode influenciar a base de dados nacional de nomes.<\/strong><\/p>\n\n\n\n<p><strong>Leia tamb\u00e9m:&nbsp;<a href=\"https:\/\/www.uai.com.br\/uainoticias\/2025\/08\/11\/nomes-antigos-voltam-com-forca-em-2025-e-dominam-os-registros-de-bebes\/\" target=\"_blank\" rel=\"noreferrer noopener\">Nomes antigos voltam com for\u00e7a em 2025 e dominam os registros de beb\u00eas<\/a><\/strong><\/p>\n\n\n\n<h2 class=\"wp-block-heading\">Registro civil confirma Amayomi como exclusividade brasileira<\/h2>\n\n\n\n<p><strong>O Portal da Transpar\u00eancia do Registro Civil da ARPEN-Brasil atesta oficialmente que Amayomi foi registrado apenas uma vez em 2022.<\/strong> Isso o torna in\u00e9dito.<\/p>\n\n\n\n<ul class=\"wp-block-list\">\n<li>Fonte oficial garante a <strong>autenticidade<\/strong> da informa\u00e7\u00e3o<\/li>\n\n\n\n<li>Dados dispon\u00edveis publicamente para confer\u00eancia<\/li>\n\n\n\n<li>Reconhecimento do nome como singularidade estat\u00edstica<\/li>\n<\/ul>\n\n\n\n<p><strong>A confiabilidade da base de dados assegura que Amayomi \u00e9, de fato, um caso raro no pa\u00eds.<\/strong><\/p>\n\n\n\n<div class=\"wp-block-columns is-layout-flex wp-container-core-columns-is-layout-9d6595d7 wp-block-columns-is-layout-flex\">\n<div class=\"wp-block-column is-layout-flow wp-block-column-is-layout-flow\" style=\"flex-basis:100%\">\n<blockquote class=\"wp-block-quote is-layout-flow wp-block-quote-is-layout-flow\">\n<p><em>&#8220;As prefer\u00eancias por nomes variam anualmente e sofrem impacto da cultura e da m\u00eddia&#8221;, aponta a ARPEN-Brasil, conforme ARPEN-BRASIL. &#8220;Ranking de Nomes \u2014 Nascidos Vivos&#8221;. Portal da Transpar\u00eancia do Registro Civil, 2022. Dispon\u00edvel em: https:\/\/transparencia.registrocivil.org.br. Acesso em: 8 set. 2025.<\/em><\/p>\n<\/blockquote>\n<\/div>\n<\/div>\n\n\n\n<h2 class=\"wp-block-heading\">O que considerar antes de escolher um nome exclusivo?<\/h2>\n\n\n\n<p><strong>Optar por nomes \u00fanicos exige reflex\u00e3o, j\u00e1 que eles impactam a identidade e a vida social da crian\u00e7a.<\/strong> Amayomi ilustra esse cuidado.<\/p>\n\n\n<div class=\"wp-block-image\">\n<figure class=\"aligncenter size-large\"><img decoding=\"async\" width=\"1024\" height=\"576\" src=\"https:\/\/www.uai.com.br\/uainoticias\/wp-content\/uploads\/2025\/07\/BABY-GIRL_1752685153459-1024x576.jpg\" alt=\"Esse \u00e9 o nome que carrega uma energia \u00fanica e atrai s\u00f3 coisas boas\" class=\"wp-image-36311\" srcset=\"https:\/\/www.uai.com.br\/uainoticias\/wp-content\/uploads\/2025\/07\/BABY-GIRL_1752685153459-1024x576.jpg 1024w, https:\/\/www.uai.com.br\/uainoticias\/wp-content\/uploads\/2025\/07\/BABY-GIRL_1752685153459-300x169.jpg 300w, https:\/\/www.uai.com.br\/uainoticias\/wp-content\/uploads\/2025\/07\/BABY-GIRL_1752685153459-768x432.jpg 768w, https:\/\/www.uai.com.br\/uainoticias\/wp-content\/uploads\/2025\/07\/BABY-GIRL_1752685153459-750x422.jpg 750w, https:\/\/www.uai.com.br\/uainoticias\/wp-content\/uploads\/2025\/07\/BABY-GIRL_1752685153459-1140x641.jpg 1140w, https:\/\/www.uai.com.br\/uainoticias\/wp-content\/uploads\/2025\/07\/BABY-GIRL_1752685153459.jpg 1280w\" sizes=\"(max-width: 1024px) 100vw, 1024px\" \/><figcaption class=\"wp-element-caption\">Fen\u00f4meno onom\u00e1stico que ilustra a singularidade na cria\u00e7\u00e3o de nomes &#8211; Cr\u00e9ditos: depositphotos.com \/ szugfilmate<\/figcaption><\/figure><\/div>\n\n\n<ul class=\"wp-block-list\">\n<li>Pense na sonoridade e na facilidade de <strong>pron\u00fancia<\/strong><\/li>\n\n\n\n<li>Considere poss\u00edveis interpreta\u00e7\u00f5es <strong>culturais<\/strong><\/li>\n\n\n\n<li>Avalie se a singularidade pode trazer desafios ou vantagens<\/li>\n<\/ul>\n\n\n\n<p><strong>Assim, escolher um nome exclusivo pode ser uma decis\u00e3o marcante e cheia de significado.<\/strong><\/p>\n\n\n\n<h2 class=\"wp-block-heading\">Perguntas Frequentes<\/h2>\n\n\n\n<h3 class=\"wp-block-heading\">Qual \u00e9 o nome mais raro do Brasil?<\/h3>\n\n\n\n<p><strong>O nome mais raro registrado at\u00e9 hoje \u00e9 Amayomi, registrado apenas uma vez em 2022.<\/strong><\/p>\n\n\n\n<h3 class=\"wp-block-heading\">Onde consultar nomes registrados oficialmente?<\/h3>\n\n\n\n<p>As informa\u00e7\u00f5es podem ser consultadas no Portal da Transpar\u00eancia do Registro Civil, mantido pela ARPEN-Brasil, ou na base de dados de nomes do <strong>IBGE<\/strong>.<\/p>\n\n\n\n<h3 class=\"wp-block-heading\">Um nome exclusivo pode ser repetido por outras pessoas depois?<\/h3>\n\n\n\n<p>Sim. Apesar de raro em um per\u00edodo espec\u00edfico, nada impede que fam\u00edlias escolham registrar novamente o mesmo <strong>nome<\/strong> no futuro.<\/p>\n\n\n\n<p>O caso de Amayomi mostra como a criatividade e a individualidade moldam a hist\u00f3ria dos nomes no Brasil. Cada registro pode carregar um <strong>significado<\/strong> \u00fanico e refor\u00e7ar a diversidade cultural do pa\u00eds.<\/p>\n","protected":false},"excerpt":{"rendered":"<p>Entre milh\u00f5es de registros civis, um nome conseguiu se destacar de forma \u00fanica. Em 2022, foi oficialmente registrado no Brasil o nome Amayomi, considerado exclusivo at\u00e9 hoje. Esse caso raro desperta curiosidade sobre como surgem nomes t\u00e3o singulares e o que eles representam dentro da diversidade cultural brasileira. Por que um nome exclusivo desperta tanta [&hellip;]<\/p>\n","protected":false},"author":8,"featured_media":41818,"comment_status":"open","ping_status":"open","sticky":false,"template":"","format":"standard","meta":{"jnews-multi-image_gallery":[],"jnews_single_post":{"format":"standard"},"jnews_primary_category":[],"jnews_social_meta":[],"jnews_override_counter":[],"footnotes":""},"categories":[3046,475],"tags":[233,3419,9338,11315],"class_list":["post-58239","post","type-post","status-publish","format-standard","has-post-thumbnail","hentry","category-curiosidades","category-entretenimento","tag-brasil","tag-nome","tag-raro","tag-registro"],"yoast_head":"<!-- This site is optimized with the Yoast SEO plugin v26.5 - https:\/\/yoast.com\/wordpress\/plugins\/seo\/ -->\n<title>O nome mais raro do pa\u00eds foi descoberto e ningu\u00e9m esperava por ele - UAI Not\u00edcias<\/title>\n<meta name=\"description\" content=\"O nome que chama aten\u00e7\u00e3o ao aparecer uma \u00fanica vez nos registros civis de 2022. Entenda o que isso revela sobre diversidade cultural.\" \/>\n<meta name=\"robots\" content=\"index, follow, max-snippet:-1, max-image-preview:large, max-video-preview:-1\" \/>\n<link rel=\"canonical\" href=\"https:\/\/www.uai.com.br\/uainoticias\/2025\/09\/09\/o-nome-mais-raro-do-pais-foi-descoberto-e-ninguem-esperava-por-ele\/\" \/>\n<meta property=\"og:locale\" content=\"pt_BR\" \/>\n<meta property=\"og:type\" content=\"article\" \/>\n<meta property=\"og:title\" content=\"O nome mais raro do pa\u00eds foi descoberto e ningu\u00e9m esperava por ele - UAI Not\u00edcias\" \/>\n<meta property=\"og:description\" content=\"O nome que chama aten\u00e7\u00e3o ao aparecer uma \u00fanica vez nos registros civis de 2022. Entenda o que isso revela sobre diversidade cultural.\" \/>\n<meta property=\"og:url\" content=\"https:\/\/www.uai.com.br\/uainoticias\/2025\/09\/09\/o-nome-mais-raro-do-pais-foi-descoberto-e-ninguem-esperava-por-ele\/\" \/>\n<meta property=\"og:site_name\" content=\"UAI Not\u00edcias\" \/>\n<meta property=\"article:published_time\" content=\"2025-09-09T10:37:00+00:00\" \/>\n<meta property=\"og:image\" content=\"https:\/\/www.uai.com.br\/uainoticias\/wp-content\/uploads\/2025\/07\/baby-_1753969098161.jpg\" \/>\n\t<meta property=\"og:image:width\" content=\"1280\" \/>\n\t<meta property=\"og:image:height\" content=\"720\" \/>\n\t<meta property=\"og:image:type\" content=\"image\/jpeg\" \/>\n<meta name=\"author\" content=\"Gabriela Minella\" \/>\n<meta name=\"twitter:card\" content=\"summary_large_image\" \/>\n<meta name=\"twitter:label1\" content=\"Escrito por\" \/>\n\t<meta name=\"twitter:data1\" content=\"Gabriela Minella\" \/>\n\t<meta name=\"twitter:label2\" content=\"Est. tempo de leitura\" \/>\n\t<meta name=\"twitter:data2\" content=\"4 minutos\" \/>\n<!-- \/ Yoast SEO plugin. -->","yoast_head_json":{"title":"O nome mais raro do pa\u00eds foi descoberto e ningu\u00e9m esperava por ele - UAI Not\u00edcias","description":"O nome que chama aten\u00e7\u00e3o ao aparecer uma \u00fanica vez nos registros civis de 2022. Entenda o que isso revela sobre diversidade cultural.","robots":{"index":"index","follow":"follow","max-snippet":"max-snippet:-1","max-image-preview":"max-image-preview:large","max-video-preview":"max-video-preview:-1"},"canonical":"https:\/\/www.uai.com.br\/uainoticias\/2025\/09\/09\/o-nome-mais-raro-do-pais-foi-descoberto-e-ninguem-esperava-por-ele\/","og_locale":"pt_BR","og_type":"article","og_title":"O nome mais raro do pa\u00eds foi descoberto e ningu\u00e9m esperava por ele - UAI Not\u00edcias","og_description":"O nome que chama aten\u00e7\u00e3o ao aparecer uma \u00fanica vez nos registros civis de 2022. Entenda o que isso revela sobre diversidade cultural.","og_url":"https:\/\/www.uai.com.br\/uainoticias\/2025\/09\/09\/o-nome-mais-raro-do-pais-foi-descoberto-e-ninguem-esperava-por-ele\/","og_site_name":"UAI Not\u00edcias","article_published_time":"2025-09-09T10:37:00+00:00","og_image":[{"width":1280,"height":720,"url":"https:\/\/www.uai.com.br\/uainoticias\/wp-content\/uploads\/2025\/07\/baby-_1753969098161.jpg","type":"image\/jpeg"}],"author":"Gabriela Minella","twitter_card":"summary_large_image","twitter_misc":{"Escrito por":"Gabriela Minella","Est. tempo de leitura":"4 minutos"},"schema":{"@context":"https:\/\/schema.org","@graph":[{"@type":"WebPage","@id":"https:\/\/www.uai.com.br\/uainoticias\/2025\/09\/09\/o-nome-mais-raro-do-pais-foi-descoberto-e-ninguem-esperava-por-ele\/","url":"https:\/\/www.uai.com.br\/uainoticias\/2025\/09\/09\/o-nome-mais-raro-do-pais-foi-descoberto-e-ninguem-esperava-por-ele\/","name":"O nome mais raro do pa\u00eds foi descoberto e ningu\u00e9m esperava por ele - UAI Not\u00edcias","isPartOf":{"@id":"https:\/\/www.uai.com.br\/uainoticias\/#website"},"primaryImageOfPage":{"@id":"https:\/\/www.uai.com.br\/uainoticias\/2025\/09\/09\/o-nome-mais-raro-do-pais-foi-descoberto-e-ninguem-esperava-por-ele\/#primaryimage"},"image":{"@id":"https:\/\/www.uai.com.br\/uainoticias\/2025\/09\/09\/o-nome-mais-raro-do-pais-foi-descoberto-e-ninguem-esperava-por-ele\/#primaryimage"},"thumbnailUrl":"https:\/\/www.uai.com.br\/uainoticias\/wp-content\/uploads\/2025\/07\/baby-_1753969098161.jpg","datePublished":"2025-09-09T10:37:00+00:00","author":{"@id":"https:\/\/www.uai.com.br\/uainoticias\/#\/schema\/person\/99d8df0cf575c195d1aee9c6ce4e13b3"},"description":"O nome que chama aten\u00e7\u00e3o ao aparecer uma \u00fanica vez nos registros civis de 2022. Entenda o que isso revela sobre diversidade cultural.","breadcrumb":{"@id":"https:\/\/www.uai.com.br\/uainoticias\/2025\/09\/09\/o-nome-mais-raro-do-pais-foi-descoberto-e-ninguem-esperava-por-ele\/#breadcrumb"},"inLanguage":"pt-BR","potentialAction":[{"@type":"ReadAction","target":["https:\/\/www.uai.com.br\/uainoticias\/2025\/09\/09\/o-nome-mais-raro-do-pais-foi-descoberto-e-ninguem-esperava-por-ele\/"]}]},{"@type":"ImageObject","inLanguage":"pt-BR","@id":"https:\/\/www.uai.com.br\/uainoticias\/2025\/09\/09\/o-nome-mais-raro-do-pais-foi-descoberto-e-ninguem-esperava-por-ele\/#primaryimage","url":"https:\/\/www.uai.com.br\/uainoticias\/wp-content\/uploads\/2025\/07\/baby-_1753969098161.jpg","contentUrl":"https:\/\/www.uai.com.br\/uainoticias\/wp-content\/uploads\/2025\/07\/baby-_1753969098161.jpg","width":1280,"height":720,"caption":"Registro \u00fanico que refor\u00e7a a diversidade cultural e identit\u00e1ria do Brasil. - Cr\u00e9ditos: depositphotos.com \/ AllaSerebrina"},{"@type":"BreadcrumbList","@id":"https:\/\/www.uai.com.br\/uainoticias\/2025\/09\/09\/o-nome-mais-raro-do-pais-foi-descoberto-e-ninguem-esperava-por-ele\/#breadcrumb","itemListElement":[{"@type":"ListItem","position":1,"name":"In\u00edcio","item":"https:\/\/www.uai.com.br\/uainoticias\/"},{"@type":"ListItem","position":2,"name":"O nome mais raro do pa\u00eds foi descoberto e ningu\u00e9m esperava por ele"}]},{"@type":"WebSite","@id":"https:\/\/www.uai.com.br\/uainoticias\/#website","url":"https:\/\/www.uai.com.br\/uainoticias\/","name":"UAI Not\u00edcias","description":"Acompanhe as \u00faltimas not\u00edcias e fique bem informado sobre tudo o que acontece no Brasil e no mundo.","potentialAction":[{"@type":"SearchAction","target":{"@type":"EntryPoint","urlTemplate":"https:\/\/www.uai.com.br\/uainoticias\/?s={search_term_string}"},"query-input":{"@type":"PropertyValueSpecification","valueRequired":true,"valueName":"search_term_string"}}],"inLanguage":"pt-BR"},{"@type":"Person","@id":"https:\/\/www.uai.com.br\/uainoticias\/#\/schema\/person\/99d8df0cf575c195d1aee9c6ce4e13b3","name":"Gabriela Minella","image":{"@type":"ImageObject","inLanguage":"pt-BR","@id":"https:\/\/www.uai.com.br\/uainoticias\/#\/schema\/person\/image\/","url":"https:\/\/secure.gravatar.com\/avatar\/effdabf98954eaac26fa2c6d9cd1aea2ff027c90c9638bb4bf424a6e1befc9c9?s=96&d=mm&r=g","contentUrl":"https:\/\/secure.gravatar.com\/avatar\/effdabf98954eaac26fa2c6d9cd1aea2ff027c90c9638bb4bf424a6e1befc9c9?s=96&d=mm&r=g","caption":"Gabriela Minella"},"sameAs":["https:\/\/www.uai.com.br\/uainoticias\/"],"url":"https:\/\/www.uai.com.br\/uainoticias\/author\/gabimyth\/"}]}},"_links":{"self":[{"href":"https:\/\/www.uai.com.br\/uainoticias\/wp-json\/wp\/v2\/posts\/58239","targetHints":{"allow":["GET"]}}],"collection":[{"href":"https:\/\/www.uai.com.br\/uainoticias\/wp-json\/wp\/v2\/posts"}],"about":[{"href":"https:\/\/www.uai.com.br\/uainoticias\/wp-json\/wp\/v2\/types\/post"}],"author":[{"embeddable":true,"href":"https:\/\/www.uai.com.br\/uainoticias\/wp-json\/wp\/v2\/users\/8"}],"replies":[{"embeddable":true,"href":"https:\/\/www.uai.com.br\/uainoticias\/wp-json\/wp\/v2\/comments?post=58239"}],"version-history":[{"count":1,"href":"https:\/\/www.uai.com.br\/uainoticias\/wp-json\/wp\/v2\/posts\/58239\/revisions"}],"predecessor-version":[{"id":58245,"href":"https:\/\/www.uai.com.br\/uainoticias\/wp-json\/wp\/v2\/posts\/58239\/revisions\/58245"}],"wp:featuredmedia":[{"embeddable":true,"href":"https:\/\/www.uai.com.br\/uainoticias\/wp-json\/wp\/v2\/media\/41818"}],"wp:attachment":[{"href":"https:\/\/www.uai.com.br\/uainoticias\/wp-json\/wp\/v2\/media?parent=58239"}],"wp:term":[{"taxonomy":"category","embeddable":true,"href":"https:\/\/www.uai.com.br\/uainoticias\/wp-json\/wp\/v2\/categories?post=58239"},{"taxonomy":"post_tag","embeddable":true,"href":"https:\/\/www.uai.com.br\/uainoticias\/wp-json\/wp\/v2\/tags?post=58239"}],"curies":[{"name":"wp","href":"https:\/\/api.w.org\/{rel}","templated":true}]}}