{"id":45178,"date":"2025-08-08T19:40:00","date_gmt":"2025-08-08T22:40:00","guid":{"rendered":"https:\/\/www.uai.com.br\/uainoticias\/?p=45178"},"modified":"2025-08-06T17:08:37","modified_gmt":"2025-08-06T20:08:37","slug":"o-nome-curto-que-esta-conquistando-os-pais-e-bombando-no-instagram","status":"publish","type":"post","link":"https:\/\/www.uai.com.br\/uainoticias\/2025\/08\/08\/o-nome-curto-que-esta-conquistando-os-pais-e-bombando-no-instagram\/","title":{"rendered":"O nome curto que est\u00e1 conquistando os pais e bombando no Instagram"},"content":{"rendered":"\n<p><strong>Os<a href=\"https:\/\/www.uai.com.br\/uainoticias\/2025\/08\/06\/10-nomes-femininos-vintage-dos-anos-60-que-estao-voltando-a-moda\/\" target=\"_blank\" rel=\"noreferrer noopener\"> nomes <\/a>curtos que mais fazem sucesso nas redes s\u00e3o aqueles com forte apelo visual e sonoridade marcante.<\/strong> Eles se destacam em publica\u00e7\u00f5es do Instagram e TikTok, ganhando milhares de curtidas e compartilhamentos.<\/p>\n\n\n\n<p>Entre os mais populares, est\u00e3o op\u00e7\u00f5es como <strong>Leo<\/strong>, <strong>Lia<\/strong>, <strong>Noah<\/strong>, <strong>Ana<\/strong> e <strong>Eva<\/strong>. Essas escolhas t\u00eam ganhado o cora\u00e7\u00e3o de muitos pais por sua modernidade e presen\u00e7a constante em conte\u00fados virais.<\/p>\n\n\n\n<h2 class=\"wp-block-heading\">O que faz os nomes curtos se tornarem t\u00e3o populares entre celebridades?<\/h2>\n\n\n\n<p><strong>Celebridades impulsionam tend\u00eancias ao escolherem nomes curtos e memor\u00e1veis para seus filhos.<\/strong> Isso acontece porque esses nomes t\u00eam maior chance de viralizar e gerar identifica\u00e7\u00e3o com o p\u00fablico.<\/p>\n\n\n\n<p>Influencers como os Kardashians, por exemplo, popularizaram nomes como <strong>North<\/strong> e <strong>Saint<\/strong>, mostrando como nomes curtos podem carregar estilo e personalidade. Essa influ\u00eancia se espalha com rapidez e chega at\u00e9 os ber\u00e7\u00e1rios ao redor do mundo.<\/p>\n\n\n\n<figure class=\"wp-block-image aligncenter size-large\"><img decoding=\"async\" width=\"1024\" height=\"576\" src=\"https:\/\/www.uai.com.br\/uainoticias\/wp-content\/uploads\/2025\/08\/baby-_1754411201488-1024x576.jpg\" alt=\"O nome curto que est\u00e1 conquistando os pais e bombando no Instagram\n\n\" class=\"wp-image-43976\" srcset=\"https:\/\/www.uai.com.br\/uainoticias\/wp-content\/uploads\/2025\/08\/baby-_1754411201488-1024x576.jpg 1024w, https:\/\/www.uai.com.br\/uainoticias\/wp-content\/uploads\/2025\/08\/baby-_1754411201488-300x169.jpg 300w, https:\/\/www.uai.com.br\/uainoticias\/wp-content\/uploads\/2025\/08\/baby-_1754411201488-768x432.jpg 768w, https:\/\/www.uai.com.br\/uainoticias\/wp-content\/uploads\/2025\/08\/baby-_1754411201488-750x422.jpg 750w, https:\/\/www.uai.com.br\/uainoticias\/wp-content\/uploads\/2025\/08\/baby-_1754411201488-1140x641.jpg 1140w, https:\/\/www.uai.com.br\/uainoticias\/wp-content\/uploads\/2025\/08\/baby-_1754411201488.jpg 1280w\" sizes=\"(max-width: 1024px) 100vw, 1024px\" \/><figcaption class=\"wp-element-caption\">Beb\u00ea debaixo do cobertor &#8211; Cr\u00e9ditos: depositphotos.com \/ zdenkam<\/figcaption><\/figure>\n\n\n\n<h2 class=\"wp-block-heading\">Por que nomes curtos funcionam t\u00e3o bem nas redes sociais?<\/h2>\n\n\n\n<p>A est\u00e9tica minimalista e o f\u00e1cil reconhecimento visual s\u00e3o fatores-chave. <strong>Esses nomes aparecem bem em legendas, v\u00eddeos e montagens<\/strong>, atraindo olhares e gerando conex\u00f5es instant\u00e2neas com quem consome conte\u00fado digital.<\/p>\n\n\n\n<p>Al\u00e9m disso, nomes curtos s\u00e3o vers\u00e1teis para uso em hashtags, apelidos e slogans de perfis, tornando-se ferramentas valiosas na constru\u00e7\u00e3o da <strong>identidade online<\/strong> de uma crian\u00e7a.<\/p>\n\n\n\n<h2 class=\"wp-block-heading\">Que caracter\u00edsticas tornam os nomes curtos t\u00e3o especiais?<\/h2>\n\n\n\n<p><strong>A praticidade e a sonoridade suave fazem dos nomes curtos uma escolha muito estrat\u00e9gica.<\/strong> Eles s\u00e3o f\u00e1ceis de pronunciar, lembrar e combinar com diferentes sobrenomes.<\/p>\n\n\n\n<p>Veja algumas vantagens dos nomes curtos:<\/p>\n\n\n\n<ul class=\"wp-block-list\">\n<li>S\u00e3o universais e adapt\u00e1veis a diversos idiomas<\/li>\n\n\n\n<li>T\u00eam forte apelo visual e fon\u00e9tico<\/li>\n\n\n\n<li>Transmitem modernidade e leveza<\/li>\n\n\n\n<li>Evitam abrevia\u00e7\u00f5es desnecess\u00e1rias<\/li>\n<\/ul>\n\n\n\n<h2 class=\"wp-block-heading\">Ser\u00e1 que os nomes curtos s\u00e3o apenas uma moda passageira?<\/h2>\n\n\n\n<p><strong>A tend\u00eancia dos nomes curtos vai al\u00e9m do modismo: ela reflete um estilo de vida mais simples e funcional.<\/strong> Em um mundo globalizado, nomes curtos cruzam fronteiras culturais com facilidade.<\/p>\n\n\n\n<figure class=\"wp-block-image aligncenter size-large\"><img decoding=\"async\" width=\"1024\" height=\"576\" src=\"https:\/\/www.uai.com.br\/uainoticias\/wp-content\/uploads\/2025\/08\/babys-_1754069700749-1-1024x576.jpg\" alt=\"O nome curto que est\u00e1 conquistando os pais e bombando no Instagram\n\n\" class=\"wp-image-42781\" srcset=\"https:\/\/www.uai.com.br\/uainoticias\/wp-content\/uploads\/2025\/08\/babys-_1754069700749-1-1024x576.jpg 1024w, https:\/\/www.uai.com.br\/uainoticias\/wp-content\/uploads\/2025\/08\/babys-_1754069700749-1-300x169.jpg 300w, https:\/\/www.uai.com.br\/uainoticias\/wp-content\/uploads\/2025\/08\/babys-_1754069700749-1-768x432.jpg 768w, https:\/\/www.uai.com.br\/uainoticias\/wp-content\/uploads\/2025\/08\/babys-_1754069700749-1-750x422.jpg 750w, https:\/\/www.uai.com.br\/uainoticias\/wp-content\/uploads\/2025\/08\/babys-_1754069700749-1-1140x641.jpg 1140w, https:\/\/www.uai.com.br\/uainoticias\/wp-content\/uploads\/2025\/08\/babys-_1754069700749-1.jpg 1280w\" sizes=\"(max-width: 1024px) 100vw, 1024px\" \/><figcaption class=\"wp-element-caption\">Sorriso de m\u00e3e para filho &#8211; Cr\u00e9ditos: depositphotos.com \/ Kobyakov<\/figcaption><\/figure>\n\n\n\n<p>Al\u00e9m disso, nomes compactos resistem ao tempo por serem cl\u00e1ssicos e contempor\u00e2neos ao mesmo tempo. Eles n\u00e3o apenas se mant\u00eam atuais, mas se tornam ainda mais valorizados com o passar dos anos.<\/p>\n\n\n\n<h2 class=\"wp-block-heading\">Como escolher o nome curto ideal para o seu beb\u00ea?<\/h2>\n\n\n\n<p>Para acertar na escolha, \u00e9 importante considerar n\u00e3o s\u00f3 o som e a escrita, mas tamb\u00e9m o significado e o contexto do nome. <strong>Um bom nome curto deve refletir personalidade e ter potencial emocional.<\/strong><\/p>\n\n\n\n<p>Confira algumas dicas r\u00e1pidas:<\/p>\n\n\n\n<ul class=\"wp-block-list\">\n<li>Priorize nomes com significados positivos<\/li>\n\n\n\n<li>Pense na sonoridade ao lado do sobrenome<\/li>\n\n\n\n<li>Evite nomes com m\u00faltiplas grafias<\/li>\n\n\n\n<li>Teste o nome em frases do dia a dia<\/li>\n<\/ul>\n\n\n\n<h2 class=\"wp-block-heading\">O que esperar do futuro dos nomes curtos?<\/h2>\n\n\n\n<p><strong>Nomes curtos continuar\u00e3o em alta gra\u00e7as \u00e0 sua praticidade, beleza e adaptabilidade cultural.<\/strong> Eles representam muito mais do que uma tend\u00eancia moment\u00e2nea.<\/p>\n\n\n\n<p>Com a influ\u00eancia crescente das redes sociais e das figuras p\u00fablicas, \u00e9 prov\u00e1vel que vejamos ainda mais nomes curtos inovadores surgirem e conquistarem espa\u00e7o. E talvez, o pr\u00f3ximo nome queridinho esteja mais perto do que voc\u00ea imagina.<\/p>\n","protected":false},"excerpt":{"rendered":"<p>Os nomes curtos que mais fazem sucesso nas redes s\u00e3o aqueles com forte apelo visual e sonoridade marcante. Eles se destacam em publica\u00e7\u00f5es do Instagram e TikTok, ganhando milhares de curtidas e compartilhamentos. Entre os mais populares, est\u00e3o op\u00e7\u00f5es como Leo, Lia, Noah, Ana e Eva. Essas escolhas t\u00eam ganhado o cora\u00e7\u00e3o de muitos pais [&hellip;]<\/p>\n","protected":false},"author":8,"featured_media":41816,"comment_status":"open","ping_status":"open","sticky":false,"template":"","format":"standard","meta":{"jnews-multi-image_gallery":[],"jnews_single_post":{"format":"standard"},"jnews_primary_category":[],"jnews_social_meta":[],"jnews_override_counter":[],"footnotes":""},"categories":[3046,475],"tags":[9761,1272,5325,251],"class_list":["post-45178","post","type-post","status-publish","format-standard","has-post-thumbnail","hentry","category-curiosidades","category-entretenimento","tag-curtos","tag-nomes","tag-redes","tag-tendencia"],"yoast_head":"<!-- This site is optimized with the Yoast SEO plugin v26.5 - https:\/\/yoast.com\/wordpress\/plugins\/seo\/ -->\n<title>O nome curto que est\u00e1 conquistando os pais e bombando no Instagram - UAI Not\u00edcias<\/title>\n<meta name=\"description\" content=\"O nome curto ideal faz sucesso nas redes e entre pais modernos. Op\u00e7\u00f5es como Leo e Ana est\u00e3o em alta no Instagram e TikTok.\" \/>\n<meta name=\"robots\" content=\"index, follow, max-snippet:-1, max-image-preview:large, max-video-preview:-1\" \/>\n<link rel=\"canonical\" href=\"https:\/\/www.uai.com.br\/uainoticias\/2025\/08\/08\/o-nome-curto-que-esta-conquistando-os-pais-e-bombando-no-instagram\/\" \/>\n<meta property=\"og:locale\" content=\"pt_BR\" \/>\n<meta property=\"og:type\" content=\"article\" \/>\n<meta property=\"og:title\" content=\"O nome curto que est\u00e1 conquistando os pais e bombando no Instagram - UAI Not\u00edcias\" \/>\n<meta property=\"og:description\" content=\"O nome curto ideal faz sucesso nas redes e entre pais modernos. Op\u00e7\u00f5es como Leo e Ana est\u00e3o em alta no Instagram e TikTok.\" \/>\n<meta property=\"og:url\" content=\"https:\/\/www.uai.com.br\/uainoticias\/2025\/08\/08\/o-nome-curto-que-esta-conquistando-os-pais-e-bombando-no-instagram\/\" \/>\n<meta property=\"og:site_name\" content=\"UAI Not\u00edcias\" \/>\n<meta property=\"article:published_time\" content=\"2025-08-08T22:40:00+00:00\" \/>\n<meta property=\"og:image\" content=\"https:\/\/www.uai.com.br\/uainoticias\/wp-content\/uploads\/2025\/07\/baby-_1753969036592.jpg\" \/>\n\t<meta property=\"og:image:width\" content=\"1280\" \/>\n\t<meta property=\"og:image:height\" content=\"720\" \/>\n\t<meta property=\"og:image:type\" content=\"image\/jpeg\" \/>\n<meta name=\"author\" content=\"Gabriela Minella\" \/>\n<meta name=\"twitter:card\" content=\"summary_large_image\" \/>\n<meta name=\"twitter:label1\" content=\"Escrito por\" \/>\n\t<meta name=\"twitter:data1\" content=\"Gabriela Minella\" \/>\n\t<meta name=\"twitter:label2\" content=\"Est. tempo de leitura\" \/>\n\t<meta name=\"twitter:data2\" content=\"4 minutos\" \/>\n<!-- \/ Yoast SEO plugin. -->","yoast_head_json":{"title":"O nome curto que est\u00e1 conquistando os pais e bombando no Instagram - UAI Not\u00edcias","description":"O nome curto ideal faz sucesso nas redes e entre pais modernos. Op\u00e7\u00f5es como Leo e Ana est\u00e3o em alta no Instagram e TikTok.","robots":{"index":"index","follow":"follow","max-snippet":"max-snippet:-1","max-image-preview":"max-image-preview:large","max-video-preview":"max-video-preview:-1"},"canonical":"https:\/\/www.uai.com.br\/uainoticias\/2025\/08\/08\/o-nome-curto-que-esta-conquistando-os-pais-e-bombando-no-instagram\/","og_locale":"pt_BR","og_type":"article","og_title":"O nome curto que est\u00e1 conquistando os pais e bombando no Instagram - UAI Not\u00edcias","og_description":"O nome curto ideal faz sucesso nas redes e entre pais modernos. Op\u00e7\u00f5es como Leo e Ana est\u00e3o em alta no Instagram e TikTok.","og_url":"https:\/\/www.uai.com.br\/uainoticias\/2025\/08\/08\/o-nome-curto-que-esta-conquistando-os-pais-e-bombando-no-instagram\/","og_site_name":"UAI Not\u00edcias","article_published_time":"2025-08-08T22:40:00+00:00","og_image":[{"width":1280,"height":720,"url":"https:\/\/www.uai.com.br\/uainoticias\/wp-content\/uploads\/2025\/07\/baby-_1753969036592.jpg","type":"image\/jpeg"}],"author":"Gabriela Minella","twitter_card":"summary_large_image","twitter_misc":{"Escrito por":"Gabriela Minella","Est. tempo de leitura":"4 minutos"},"schema":{"@context":"https:\/\/schema.org","@graph":[{"@type":"WebPage","@id":"https:\/\/www.uai.com.br\/uainoticias\/2025\/08\/08\/o-nome-curto-que-esta-conquistando-os-pais-e-bombando-no-instagram\/","url":"https:\/\/www.uai.com.br\/uainoticias\/2025\/08\/08\/o-nome-curto-que-esta-conquistando-os-pais-e-bombando-no-instagram\/","name":"O nome curto que est\u00e1 conquistando os pais e bombando no Instagram - UAI Not\u00edcias","isPartOf":{"@id":"https:\/\/www.uai.com.br\/uainoticias\/#website"},"primaryImageOfPage":{"@id":"https:\/\/www.uai.com.br\/uainoticias\/2025\/08\/08\/o-nome-curto-que-esta-conquistando-os-pais-e-bombando-no-instagram\/#primaryimage"},"image":{"@id":"https:\/\/www.uai.com.br\/uainoticias\/2025\/08\/08\/o-nome-curto-que-esta-conquistando-os-pais-e-bombando-no-instagram\/#primaryimage"},"thumbnailUrl":"https:\/\/www.uai.com.br\/uainoticias\/wp-content\/uploads\/2025\/07\/baby-_1753969036592.jpg","datePublished":"2025-08-08T22:40:00+00:00","author":{"@id":"https:\/\/www.uai.com.br\/uainoticias\/#\/schema\/person\/99d8df0cf575c195d1aee9c6ce4e13b3"},"description":"O nome curto ideal faz sucesso nas redes e entre pais modernos. Op\u00e7\u00f5es como Leo e Ana est\u00e3o em alta no Instagram e TikTok.","breadcrumb":{"@id":"https:\/\/www.uai.com.br\/uainoticias\/2025\/08\/08\/o-nome-curto-que-esta-conquistando-os-pais-e-bombando-no-instagram\/#breadcrumb"},"inLanguage":"pt-BR","potentialAction":[{"@type":"ReadAction","target":["https:\/\/www.uai.com.br\/uainoticias\/2025\/08\/08\/o-nome-curto-que-esta-conquistando-os-pais-e-bombando-no-instagram\/"]}]},{"@type":"ImageObject","inLanguage":"pt-BR","@id":"https:\/\/www.uai.com.br\/uainoticias\/2025\/08\/08\/o-nome-curto-que-esta-conquistando-os-pais-e-bombando-no-instagram\/#primaryimage","url":"https:\/\/www.uai.com.br\/uainoticias\/wp-content\/uploads\/2025\/07\/baby-_1753969036592.jpg","contentUrl":"https:\/\/www.uai.com.br\/uainoticias\/wp-content\/uploads\/2025\/07\/baby-_1753969036592.jpg","width":1280,"height":720,"caption":"Bebezinho fofo sentado na cama - Cr\u00e9ditos: depositphotos.com \/ AndrewLozovyi"},{"@type":"BreadcrumbList","@id":"https:\/\/www.uai.com.br\/uainoticias\/2025\/08\/08\/o-nome-curto-que-esta-conquistando-os-pais-e-bombando-no-instagram\/#breadcrumb","itemListElement":[{"@type":"ListItem","position":1,"name":"In\u00edcio","item":"https:\/\/www.uai.com.br\/uainoticias\/"},{"@type":"ListItem","position":2,"name":"O nome curto que est\u00e1 conquistando os pais e bombando no Instagram"}]},{"@type":"WebSite","@id":"https:\/\/www.uai.com.br\/uainoticias\/#website","url":"https:\/\/www.uai.com.br\/uainoticias\/","name":"UAI Not\u00edcias","description":"Acompanhe as \u00faltimas not\u00edcias e fique bem informado sobre tudo o que acontece no Brasil e no mundo.","potentialAction":[{"@type":"SearchAction","target":{"@type":"EntryPoint","urlTemplate":"https:\/\/www.uai.com.br\/uainoticias\/?s={search_term_string}"},"query-input":{"@type":"PropertyValueSpecification","valueRequired":true,"valueName":"search_term_string"}}],"inLanguage":"pt-BR"},{"@type":"Person","@id":"https:\/\/www.uai.com.br\/uainoticias\/#\/schema\/person\/99d8df0cf575c195d1aee9c6ce4e13b3","name":"Gabriela Minella","image":{"@type":"ImageObject","inLanguage":"pt-BR","@id":"https:\/\/www.uai.com.br\/uainoticias\/#\/schema\/person\/image\/","url":"https:\/\/secure.gravatar.com\/avatar\/effdabf98954eaac26fa2c6d9cd1aea2ff027c90c9638bb4bf424a6e1befc9c9?s=96&d=mm&r=g","contentUrl":"https:\/\/secure.gravatar.com\/avatar\/effdabf98954eaac26fa2c6d9cd1aea2ff027c90c9638bb4bf424a6e1befc9c9?s=96&d=mm&r=g","caption":"Gabriela Minella"},"sameAs":["https:\/\/www.uai.com.br\/uainoticias\/"],"url":"https:\/\/www.uai.com.br\/uainoticias\/author\/gabimyth\/"}]}},"_links":{"self":[{"href":"https:\/\/www.uai.com.br\/uainoticias\/wp-json\/wp\/v2\/posts\/45178","targetHints":{"allow":["GET"]}}],"collection":[{"href":"https:\/\/www.uai.com.br\/uainoticias\/wp-json\/wp\/v2\/posts"}],"about":[{"href":"https:\/\/www.uai.com.br\/uainoticias\/wp-json\/wp\/v2\/types\/post"}],"author":[{"embeddable":true,"href":"https:\/\/www.uai.com.br\/uainoticias\/wp-json\/wp\/v2\/users\/8"}],"replies":[{"embeddable":true,"href":"https:\/\/www.uai.com.br\/uainoticias\/wp-json\/wp\/v2\/comments?post=45178"}],"version-history":[{"count":1,"href":"https:\/\/www.uai.com.br\/uainoticias\/wp-json\/wp\/v2\/posts\/45178\/revisions"}],"predecessor-version":[{"id":45191,"href":"https:\/\/www.uai.com.br\/uainoticias\/wp-json\/wp\/v2\/posts\/45178\/revisions\/45191"}],"wp:featuredmedia":[{"embeddable":true,"href":"https:\/\/www.uai.com.br\/uainoticias\/wp-json\/wp\/v2\/media\/41816"}],"wp:attachment":[{"href":"https:\/\/www.uai.com.br\/uainoticias\/wp-json\/wp\/v2\/media?parent=45178"}],"wp:term":[{"taxonomy":"category","embeddable":true,"href":"https:\/\/www.uai.com.br\/uainoticias\/wp-json\/wp\/v2\/categories?post=45178"},{"taxonomy":"post_tag","embeddable":true,"href":"https:\/\/www.uai.com.br\/uainoticias\/wp-json\/wp\/v2\/tags?post=45178"}],"curies":[{"name":"wp","href":"https:\/\/api.w.org\/{rel}","templated":true}]}}