{"id":44616,"date":"2025-08-08T18:00:00","date_gmt":"2025-08-08T21:00:00","guid":{"rendered":"https:\/\/www.uai.com.br\/uainoticias\/?p=44616"},"modified":"2025-08-06T11:44:46","modified_gmt":"2025-08-06T14:44:46","slug":"cidade-com-alta-economia-atrai-novos-moradores-em-busca-de-qualidade-de-vida","status":"publish","type":"post","link":"https:\/\/www.uai.com.br\/uainoticias\/2025\/08\/08\/cidade-com-alta-economia-atrai-novos-moradores-em-busca-de-qualidade-de-vida\/","title":{"rendered":"Cidade com alta economia atrai novos moradores em busca de qualidade de vida!"},"content":{"rendered":"\n<p><strong>Guayaquil<\/strong>, a maior cidade do <strong>Equador<\/strong>, desempenha um papel crucial na economia do pa\u00eds. Localizada na costa do <strong>Pac\u00edfico<\/strong>, essa <a href=\"https:\/\/www.uai.com.br\/uainoticias\/2025\/08\/06\/calor-extremo-atinge-capitais-do-norte-deixando-moradores-em-alerta\/\" target=\"_blank\" rel=\"noreferrer noopener\">metr\u00f3pole <\/a>portu\u00e1ria \u00e9 um ponto estrat\u00e9gico para o com\u00e9rcio internacional, sendo respons\u00e1vel por grande parte das exporta\u00e7\u00f5es do pa\u00eds. Al\u00e9m de sua import\u00e2ncia econ\u00f4mica, Guayaquil \u00e9 uma cidade vibrante que atrai visitantes e novos residentes devido \u00e0 sua rica cultura, clima tropical e diversidade.<\/p>\n\n\n\n<p>Conhecida por sua modernidade e por ser um centro de neg\u00f3cios, Guayaquil tamb\u00e9m \u00e9 famosa por seus bairros hist\u00f3ricos e infraestrutura cultural. O Malec\u00f3n 2000, um famoso cal\u00e7ad\u00e3o \u00e0 beira do rio, \u00e9 um dos destinos tur\u00edsticos mais populares, oferecendo vistas incr\u00edveis e uma variedade de atra\u00e7\u00f5es culturais e de lazer.<\/p>\n\n\n\n<h2 class=\"wp-block-heading\">Quantas pessoas visitam e se mudam para Guayaquil anualmente?<\/h2>\n\n\n<div class=\"wp-block-image\">\n<figure class=\"aligncenter size-large is-resized\"><img decoding=\"async\" width=\"1024\" height=\"576\" src=\"https:\/\/www.uai.com.br\/uainoticias\/wp-content\/uploads\/2025\/08\/Guayaquil-Equador_1754491399600-1024x576.jpg\" alt=\"\" class=\"wp-image-44641\" style=\"object-fit:cover;width:1280px;height:720px\" srcset=\"https:\/\/www.uai.com.br\/uainoticias\/wp-content\/uploads\/2025\/08\/Guayaquil-Equador_1754491399600-1024x576.jpg 1024w, https:\/\/www.uai.com.br\/uainoticias\/wp-content\/uploads\/2025\/08\/Guayaquil-Equador_1754491399600-300x169.jpg 300w, https:\/\/www.uai.com.br\/uainoticias\/wp-content\/uploads\/2025\/08\/Guayaquil-Equador_1754491399600-768x432.jpg 768w, https:\/\/www.uai.com.br\/uainoticias\/wp-content\/uploads\/2025\/08\/Guayaquil-Equador_1754491399600-750x422.jpg 750w, https:\/\/www.uai.com.br\/uainoticias\/wp-content\/uploads\/2025\/08\/Guayaquil-Equador_1754491399600-1140x641.jpg 1140w, https:\/\/www.uai.com.br\/uainoticias\/wp-content\/uploads\/2025\/08\/Guayaquil-Equador_1754491399600.jpg 1280w\" sizes=\"(max-width: 1024px) 100vw, 1024px\" \/><figcaption class=\"wp-element-caption\">Guayaquil. &#8211; Cr\u00e9ditos: depositphotos.com \/ diegograndi<\/figcaption><\/figure><\/div>\n\n\n<p><strong><a href=\"https:\/\/www.youtube.com\/watch?v=IOLaUYDA1jM\" target=\"_blank\" rel=\"noreferrer noopener\">Guayaquil <\/a>\u00e9 um destino atraente tanto para turistas quanto para novos residentes.<\/strong> Anualmente, a cidade recebe centenas de milhares de visitantes de diversas partes do mundo. O turismo \u00e9 impulsionado por eventos culturais, biodiversidade e infraestrutura tur\u00edstica bem desenvolvida.<\/p>\n\n\n\n<p><strong>Quanto \u00e0 migra\u00e7\u00e3o, a cidade continua a crescer devido \u00e0 chegada de pessoas do interior do Equador e de outros pa\u00edses.<\/strong> Estima-se que a popula\u00e7\u00e3o de Guayaquil cresce em torno de 2% ao ano, uma taxa significativa que reflete tanto o aumento natural quanto a imigra\u00e7\u00e3o. A busca por oportunidades de trabalho e qualidade de vida \u00e9 o principal motor para o aumento populacional da cidade. Segundo dados do Minist\u00e9rio do Turismo do Equador, Guayaquil recebeu mais de 435 mil turistas internacionais em 2023, enquanto a popula\u00e7\u00e3o local ultrapassou 2,7 milh\u00f5es de habitantes.<\/p>\n\n\n\n<h2 class=\"wp-block-heading\">Como \u00e9 a moradia em Guayaquil?<\/h2>\n\n\n\n<p><strong>A habita\u00e7\u00e3o em Guayaquil varia de acordo com a \u00e1rea e o n\u00edvel socioecon\u00f4mico dos moradores.<\/strong> Em bairros centrais e mais desenvolvidos, como Las Pe\u00f1as e Samborond\u00f3n, encontra-se uma grande quantidade de apartamentos e casas luxuosas, refletindo o padr\u00e3o de vida de uma classe m\u00e9dia alta. Essas \u00e1reas s\u00e3o conhecidas por suas comodidades, seguran\u00e7a e proximidade com centros comerciais e empresariais.<\/p>\n\n\n\n<p>Por outro lado, em regi\u00f5es perif\u00e9ricas, as condi\u00e7\u00f5es de moradia podem ser mais desafiadoras. Algumas \u00e1reas enfrentam problemas de infraestrutura e servi\u00e7os b\u00e1sicos, embora haja esfor\u00e7os cont\u00ednuos do governo local para melhorar essas condi\u00e7\u00f5es. Politicas habitacionais t\u00eam sido implementadas para fornecer moradias acess\u00edveis e melhorar a qualidade de vida dos residentes dessas \u00e1reas.<\/p>\n\n\n\n<h2 class=\"wp-block-heading\">Quais s\u00e3o as principais atra\u00e7\u00f5es de Guayaquil?<\/h2>\n\n\n\n<p><strong>Guayaquil possui uma variedade de atra\u00e7\u00f5es que atendem tanto a turistas quanto aos residentes.<\/strong> O Malec\u00f3n 2000 \u00e9 um dos destaques, oferecendo parques, museus e \u00e1reas de lazer ao longo do rio Guayas. O Cerro Santa Ana, com seus charmosos degraus e coloridas casas hist\u00f3ricas, oferece vistas panor\u00e2micas da cidade e do rio.<\/p>\n\n\n\n<p>Outros locais de interesse incluem o Parque Hist\u00f3rico de Guayaquil, que oferece um vislumbre da vida passada da cidade atrav\u00e9s de suas reconstru\u00e7\u00f5es hist\u00f3ricas, e o Jardim Bot\u00e2nico, que exibe a flora diversa da regi\u00e3o. Esses locais atraem grande n\u00famero de visitantes anuais e enriquecem a experi\u00eancia cultural e hist\u00f3rica para residentes e visitantes. Al\u00e9m disso, o bairro Las Pe\u00f1as \u00e9 considerado patrim\u00f4nio cultural, sendo um centro importante de arte e vida noturna.<\/p>\n\n\n\n<h2 class=\"wp-block-heading\">Como Guayaquil est\u00e1 se desenvolvendo para o futuro?<\/h2>\n\n\n\n<p><strong>Guayaquil est\u00e1 focada em transforma\u00e7\u00f5es urbanas que melhoram a infraestrutura da cidade e atraem mais neg\u00f3cios e turismo.<\/strong> Projetos de moderniza\u00e7\u00e3o do transporte, desenvolvimento de \u00e1rea verde e expans\u00e3o urban\u00edstica visam criar um ambiente mais sustent\u00e1vel para a crescente popula\u00e7\u00e3o. Iniciativas para promover energias renov\u00e1veis e melhorar a gest\u00e3o de res\u00edduos refletem o compromisso da cidade em atender a quest\u00f5es ambientais.<\/p>\n\n\n\n<p>A colabora\u00e7\u00e3o entre setor p\u00fablico e privado \u00e9 crucial para o desenvolvimento cont\u00ednuo. Investimentos em educa\u00e7\u00e3o e tecnologia tamb\u00e9m visam preparar a for\u00e7a de trabalho local para o futuro, refor\u00e7ando a posi\u00e7\u00e3o de Guayaquil como um n\u00facleo econ\u00f4mico e cultural do Equador. Recentemente, a prefeitura lan\u00e7ou projetos de revitaliza\u00e7\u00e3o urbana e inclus\u00e3o digital para \u00e1reas carentes.<\/p>\n\n\n\n<h2 class=\"wp-block-heading\">Como \u00e9 o sistema de transporte p\u00fablico em Guayaquil?<\/h2>\n\n\n<div class=\"wp-block-image\">\n<figure class=\"aligncenter size-large is-resized\"><img decoding=\"async\" width=\"1024\" height=\"576\" src=\"https:\/\/www.uai.com.br\/uainoticias\/wp-content\/uploads\/2025\/08\/Guayaquil-Equador_1754491418402-1024x576.jpg\" alt=\"\" class=\"wp-image-44642\" style=\"object-fit:cover;width:1280px;height:720px\" srcset=\"https:\/\/www.uai.com.br\/uainoticias\/wp-content\/uploads\/2025\/08\/Guayaquil-Equador_1754491418402-1024x576.jpg 1024w, https:\/\/www.uai.com.br\/uainoticias\/wp-content\/uploads\/2025\/08\/Guayaquil-Equador_1754491418402-300x169.jpg 300w, https:\/\/www.uai.com.br\/uainoticias\/wp-content\/uploads\/2025\/08\/Guayaquil-Equador_1754491418402-768x432.jpg 768w, https:\/\/www.uai.com.br\/uainoticias\/wp-content\/uploads\/2025\/08\/Guayaquil-Equador_1754491418402-750x422.jpg 750w, https:\/\/www.uai.com.br\/uainoticias\/wp-content\/uploads\/2025\/08\/Guayaquil-Equador_1754491418402-1140x641.jpg 1140w, https:\/\/www.uai.com.br\/uainoticias\/wp-content\/uploads\/2025\/08\/Guayaquil-Equador_1754491418402.jpg 1280w\" sizes=\"(max-width: 1024px) 100vw, 1024px\" \/><figcaption class=\"wp-element-caption\">Guayaquil. &#8211; Cr\u00e9ditos: depositphotos.com \/ diegograndi<\/figcaption><\/figure><\/div>\n\n\n<p><strong>Guayaquil conta com uma rede de transporte p\u00fablico composta por \u00f4nibus urbanos, t\u00e1xis e o moderno sistema de transporte chamado Metrov\u00eda, que \u00e9 o principal meio de deslocamento para muitos residentes.<\/strong> A Metrov\u00eda, inaugurada em 2006, opera em corredores exclusivos e transporta diariamente milhares de passageiros, ajudando a reduzir o tr\u00e1fego e a polui\u00e7\u00e3o. O transporte aquavi\u00e1rio pelo rio Guayas tamb\u00e9m oferece op\u00e7\u00f5es de mobilidade, especialmente para comunidades localizadas \u00e0s margens do rio. Recentemente, o munic\u00edpio tem investido na amplia\u00e7\u00e3o do sistema ciclovi\u00e1rio, incentivando a mobilidade sustent\u00e1vel e a integra\u00e7\u00e3o modal. Foram inclu\u00eddos novos \u00f4nibus el\u00e9tricos em rotas principais em 2023, tornando o sistema ainda mais sustent\u00e1vel.<\/p>\n\n\n\n<h2 class=\"wp-block-heading\">Quais s\u00e3o os desafios socioecon\u00f4micos enfrentados por Guayaquil?<\/h2>\n\n\n\n<p><strong>Apesar do crescimento econ\u00f4mico e das iniciativas de moderniza\u00e7\u00e3o, Guayaquil ainda enfrenta desafios relacionados \u00e0 desigualdade social, seguran\u00e7a e acesso a servi\u00e7os b\u00e1sicos em determinadas \u00e1reas.<\/strong> A cidade busca equilibrar seu desenvolvimento promovendo inclus\u00e3o social, ampliando programas de educa\u00e7\u00e3o, sa\u00fade e habita\u00e7\u00e3o em bairros mais vulner\u00e1veis. Al\u00e9m disso, a expans\u00e3o r\u00e1pida da popula\u00e7\u00e3o pressiona a infraestrutura existente, exigindo <a href=\"https:\/\/www.uai.com.br\/uainoticias\/2025\/08\/06\/cidade-conhecida-por-sua-rica-historia-e-papel-estrategico-na-uniao-europeia\/\" target=\"_blank\" rel=\"noreferrer noopener\">respostas <\/a>constantes das autoridades para atender \u00e0s necessidades de todos os habitantes.<\/p>\n","protected":false},"excerpt":{"rendered":"<p>Guayaquil, a maior cidade do Equador, desempenha um papel crucial na economia do pa\u00eds. Localizada na costa do Pac\u00edfico, essa metr\u00f3pole portu\u00e1ria \u00e9 um ponto estrat\u00e9gico para o com\u00e9rcio internacional, sendo respons\u00e1vel por grande parte das exporta\u00e7\u00f5es do pa\u00eds. Al\u00e9m de sua import\u00e2ncia econ\u00f4mica, Guayaquil \u00e9 uma cidade vibrante que atrai visitantes e novos residentes [&hellip;]<\/p>\n","protected":false},"author":7,"featured_media":44639,"comment_status":"open","ping_status":"open","sticky":false,"template":"","format":"standard","meta":{"jnews-multi-image_gallery":[],"jnews_single_post":{"format":"standard"},"jnews_primary_category":[],"jnews_social_meta":[],"jnews_override_counter":[],"footnotes":""},"categories":[473],"tags":[395,4232,9710],"class_list":["post-44616","post","type-post","status-publish","format-standard","has-post-thumbnail","hentry","category-turismo","tag-cidade","tag-equador","tag-guayaquil"],"yoast_head":"<!-- This site is optimized with the Yoast SEO plugin v26.5 - https:\/\/yoast.com\/wordpress\/plugins\/seo\/ -->\n<title>Cidade com alta economia atrai novos moradores em busca de qualidade de vida! - UAI Not\u00edcias<\/title>\n<meta name=\"description\" content=\"Uma cidade de grande import\u00e2ncia econ\u00f4mica e cultural, em constante crescimento, enfrenta desafios e oportunidades para um futuro mais sustent\u00e1vel.\" \/>\n<meta name=\"robots\" content=\"index, follow, max-snippet:-1, max-image-preview:large, max-video-preview:-1\" \/>\n<link rel=\"canonical\" href=\"https:\/\/www.uai.com.br\/uainoticias\/2025\/08\/08\/cidade-com-alta-economia-atrai-novos-moradores-em-busca-de-qualidade-de-vida\/\" \/>\n<meta property=\"og:locale\" content=\"pt_BR\" \/>\n<meta property=\"og:type\" content=\"article\" \/>\n<meta property=\"og:title\" content=\"Cidade com alta economia atrai novos moradores em busca de qualidade de vida! - UAI Not\u00edcias\" \/>\n<meta property=\"og:description\" content=\"Uma cidade de grande import\u00e2ncia econ\u00f4mica e cultural, em constante crescimento, enfrenta desafios e oportunidades para um futuro mais sustent\u00e1vel.\" \/>\n<meta property=\"og:url\" content=\"https:\/\/www.uai.com.br\/uainoticias\/2025\/08\/08\/cidade-com-alta-economia-atrai-novos-moradores-em-busca-de-qualidade-de-vida\/\" \/>\n<meta property=\"og:site_name\" content=\"UAI Not\u00edcias\" \/>\n<meta property=\"article:published_time\" content=\"2025-08-08T21:00:00+00:00\" \/>\n<meta property=\"og:image\" content=\"https:\/\/www.uai.com.br\/uainoticias\/wp-content\/uploads\/2025\/08\/Guayaquil-Equador_1754491330246.jpg\" \/>\n\t<meta property=\"og:image:width\" content=\"1280\" \/>\n\t<meta property=\"og:image:height\" content=\"720\" \/>\n\t<meta property=\"og:image:type\" content=\"image\/jpeg\" \/>\n<meta name=\"author\" content=\"Guilherme Lucas\" \/>\n<meta name=\"twitter:card\" content=\"summary_large_image\" \/>\n<meta name=\"twitter:label1\" content=\"Escrito por\" \/>\n\t<meta name=\"twitter:data1\" content=\"Guilherme Lucas\" \/>\n\t<meta name=\"twitter:label2\" content=\"Est. tempo de leitura\" \/>\n\t<meta name=\"twitter:data2\" content=\"6 minutos\" \/>\n<!-- \/ Yoast SEO plugin. -->","yoast_head_json":{"title":"Cidade com alta economia atrai novos moradores em busca de qualidade de vida! - UAI Not\u00edcias","description":"Uma cidade de grande import\u00e2ncia econ\u00f4mica e cultural, em constante crescimento, enfrenta desafios e oportunidades para um futuro mais sustent\u00e1vel.","robots":{"index":"index","follow":"follow","max-snippet":"max-snippet:-1","max-image-preview":"max-image-preview:large","max-video-preview":"max-video-preview:-1"},"canonical":"https:\/\/www.uai.com.br\/uainoticias\/2025\/08\/08\/cidade-com-alta-economia-atrai-novos-moradores-em-busca-de-qualidade-de-vida\/","og_locale":"pt_BR","og_type":"article","og_title":"Cidade com alta economia atrai novos moradores em busca de qualidade de vida! - UAI Not\u00edcias","og_description":"Uma cidade de grande import\u00e2ncia econ\u00f4mica e cultural, em constante crescimento, enfrenta desafios e oportunidades para um futuro mais sustent\u00e1vel.","og_url":"https:\/\/www.uai.com.br\/uainoticias\/2025\/08\/08\/cidade-com-alta-economia-atrai-novos-moradores-em-busca-de-qualidade-de-vida\/","og_site_name":"UAI Not\u00edcias","article_published_time":"2025-08-08T21:00:00+00:00","og_image":[{"width":1280,"height":720,"url":"https:\/\/www.uai.com.br\/uainoticias\/wp-content\/uploads\/2025\/08\/Guayaquil-Equador_1754491330246.jpg","type":"image\/jpeg"}],"author":"Guilherme Lucas","twitter_card":"summary_large_image","twitter_misc":{"Escrito por":"Guilherme Lucas","Est. tempo de leitura":"6 minutos"},"schema":{"@context":"https:\/\/schema.org","@graph":[{"@type":"WebPage","@id":"https:\/\/www.uai.com.br\/uainoticias\/2025\/08\/08\/cidade-com-alta-economia-atrai-novos-moradores-em-busca-de-qualidade-de-vida\/","url":"https:\/\/www.uai.com.br\/uainoticias\/2025\/08\/08\/cidade-com-alta-economia-atrai-novos-moradores-em-busca-de-qualidade-de-vida\/","name":"Cidade com alta economia atrai novos moradores em busca de qualidade de vida! - UAI Not\u00edcias","isPartOf":{"@id":"https:\/\/www.uai.com.br\/uainoticias\/#website"},"primaryImageOfPage":{"@id":"https:\/\/www.uai.com.br\/uainoticias\/2025\/08\/08\/cidade-com-alta-economia-atrai-novos-moradores-em-busca-de-qualidade-de-vida\/#primaryimage"},"image":{"@id":"https:\/\/www.uai.com.br\/uainoticias\/2025\/08\/08\/cidade-com-alta-economia-atrai-novos-moradores-em-busca-de-qualidade-de-vida\/#primaryimage"},"thumbnailUrl":"https:\/\/www.uai.com.br\/uainoticias\/wp-content\/uploads\/2025\/08\/Guayaquil-Equador_1754491330246.jpg","datePublished":"2025-08-08T21:00:00+00:00","author":{"@id":"https:\/\/www.uai.com.br\/uainoticias\/#\/schema\/person\/055b74ae27408d3c9bd325cd12d1c65f"},"description":"Uma cidade de grande import\u00e2ncia econ\u00f4mica e cultural, em constante crescimento, enfrenta desafios e oportunidades para um futuro mais sustent\u00e1vel.","breadcrumb":{"@id":"https:\/\/www.uai.com.br\/uainoticias\/2025\/08\/08\/cidade-com-alta-economia-atrai-novos-moradores-em-busca-de-qualidade-de-vida\/#breadcrumb"},"inLanguage":"pt-BR","potentialAction":[{"@type":"ReadAction","target":["https:\/\/www.uai.com.br\/uainoticias\/2025\/08\/08\/cidade-com-alta-economia-atrai-novos-moradores-em-busca-de-qualidade-de-vida\/"]}]},{"@type":"ImageObject","inLanguage":"pt-BR","@id":"https:\/\/www.uai.com.br\/uainoticias\/2025\/08\/08\/cidade-com-alta-economia-atrai-novos-moradores-em-busca-de-qualidade-de-vida\/#primaryimage","url":"https:\/\/www.uai.com.br\/uainoticias\/wp-content\/uploads\/2025\/08\/Guayaquil-Equador_1754491330246.jpg","contentUrl":"https:\/\/www.uai.com.br\/uainoticias\/wp-content\/uploads\/2025\/08\/Guayaquil-Equador_1754491330246.jpg","width":1280,"height":720,"caption":"Guayaquil. - Cr\u00e9ditos: depositphotos.com \/ diegograndi"},{"@type":"BreadcrumbList","@id":"https:\/\/www.uai.com.br\/uainoticias\/2025\/08\/08\/cidade-com-alta-economia-atrai-novos-moradores-em-busca-de-qualidade-de-vida\/#breadcrumb","itemListElement":[{"@type":"ListItem","position":1,"name":"In\u00edcio","item":"https:\/\/www.uai.com.br\/uainoticias\/"},{"@type":"ListItem","position":2,"name":"Cidade com alta economia atrai novos moradores em busca de qualidade de vida!"}]},{"@type":"WebSite","@id":"https:\/\/www.uai.com.br\/uainoticias\/#website","url":"https:\/\/www.uai.com.br\/uainoticias\/","name":"UAI Not\u00edcias","description":"Acompanhe as \u00faltimas not\u00edcias e fique bem informado sobre tudo o que acontece no Brasil e no mundo.","potentialAction":[{"@type":"SearchAction","target":{"@type":"EntryPoint","urlTemplate":"https:\/\/www.uai.com.br\/uainoticias\/?s={search_term_string}"},"query-input":{"@type":"PropertyValueSpecification","valueRequired":true,"valueName":"search_term_string"}}],"inLanguage":"pt-BR"},{"@type":"Person","@id":"https:\/\/www.uai.com.br\/uainoticias\/#\/schema\/person\/055b74ae27408d3c9bd325cd12d1c65f","name":"Guilherme Lucas","image":{"@type":"ImageObject","inLanguage":"pt-BR","@id":"https:\/\/www.uai.com.br\/uainoticias\/#\/schema\/person\/image\/","url":"https:\/\/secure.gravatar.com\/avatar\/bde204e124e2b0380869a2811281ec228473f402fb8e1ac4b18eaf0e42abfc30?s=96&d=mm&r=g","contentUrl":"https:\/\/secure.gravatar.com\/avatar\/bde204e124e2b0380869a2811281ec228473f402fb8e1ac4b18eaf0e42abfc30?s=96&d=mm&r=g","caption":"Guilherme Lucas"},"url":"https:\/\/www.uai.com.br\/uainoticias\/author\/guilhermemyth\/"}]}},"_links":{"self":[{"href":"https:\/\/www.uai.com.br\/uainoticias\/wp-json\/wp\/v2\/posts\/44616","targetHints":{"allow":["GET"]}}],"collection":[{"href":"https:\/\/www.uai.com.br\/uainoticias\/wp-json\/wp\/v2\/posts"}],"about":[{"href":"https:\/\/www.uai.com.br\/uainoticias\/wp-json\/wp\/v2\/types\/post"}],"author":[{"embeddable":true,"href":"https:\/\/www.uai.com.br\/uainoticias\/wp-json\/wp\/v2\/users\/7"}],"replies":[{"embeddable":true,"href":"https:\/\/www.uai.com.br\/uainoticias\/wp-json\/wp\/v2\/comments?post=44616"}],"version-history":[{"count":1,"href":"https:\/\/www.uai.com.br\/uainoticias\/wp-json\/wp\/v2\/posts\/44616\/revisions"}],"predecessor-version":[{"id":44643,"href":"https:\/\/www.uai.com.br\/uainoticias\/wp-json\/wp\/v2\/posts\/44616\/revisions\/44643"}],"wp:featuredmedia":[{"embeddable":true,"href":"https:\/\/www.uai.com.br\/uainoticias\/wp-json\/wp\/v2\/media\/44639"}],"wp:attachment":[{"href":"https:\/\/www.uai.com.br\/uainoticias\/wp-json\/wp\/v2\/media?parent=44616"}],"wp:term":[{"taxonomy":"category","embeddable":true,"href":"https:\/\/www.uai.com.br\/uainoticias\/wp-json\/wp\/v2\/categories?post=44616"},{"taxonomy":"post_tag","embeddable":true,"href":"https:\/\/www.uai.com.br\/uainoticias\/wp-json\/wp\/v2\/tags?post=44616"}],"curies":[{"name":"wp","href":"https:\/\/api.w.org\/{rel}","templated":true}]}}