{"id":3860,"date":"2025-04-08T19:40:00","date_gmt":"2025-04-08T22:40:00","guid":{"rendered":"https:\/\/www.uai.com.br\/uainoticias\/?p=3860"},"modified":"2025-04-07T11:48:19","modified_gmt":"2025-04-07T14:48:19","slug":"grao-de-bico-e-o-alimento-mais-completo-para-sua-saude-e-eu-posso-provar","status":"publish","type":"post","link":"https:\/\/www.uai.com.br\/uainoticias\/2025\/04\/08\/grao-de-bico-e-o-alimento-mais-completo-para-sua-saude-e-eu-posso-provar\/","title":{"rendered":"Gr\u00e3o-de-bico \u00e9 o alimento mais completo para sua sa\u00fade e eu posso provar"},"content":{"rendered":"\n<p>O gr\u00e3o-de-bico \u00e9 uma leguminosa amplamente valorizada por seus in\u00fameros benef\u00edcios \u00e0 sa\u00fade. Rico em nutrientes essenciais, esse alimento tem ganhado espa\u00e7o no card\u00e1pio de quem busca uma alimenta\u00e7\u00e3o mais equilibrada e nutritiva. Com altas quantidades de prote\u00ednas, fibras, vitaminas e minerais, ele se torna um verdadeiro aliado da sa\u00fade.<\/p>\n\n\n\n<p>Al\u00e9m do valor nutricional, o gr\u00e3o-de-bico tamb\u00e9m conquista pela versatilidade. Ele pode ser usado em uma infinidade de receitas \u2014 de saladas leves a pratos quentes reconfortantes. Por isso, incluir essa leguminosa no dia a dia pode trazer impactos positivos n\u00e3o apenas para o bem-estar, mas tamb\u00e9m para a preven\u00e7\u00e3o de doen\u00e7as cr\u00f4nicas. A seguir, descubra por que o gr\u00e3o-de-bico merece um lugar de destaque na sua dieta.<\/p>\n\n\n\n<h2 class=\"wp-block-heading\">Quais nutrientes fazem do Gr\u00e3o-de-Bico um alimento completo?<\/h2>\n\n\n\n<p>O gr\u00e3o-de-bico \u00e9 um <a href=\"https:\/\/www.uai.com.br\/uainoticias\/2025\/04\/05\/voce-vai-se-surpreender-com-o-poder-da-laranja-no-seu-corpo\/\" target=\"_blank\" rel=\"noreferrer noopener\"><strong>alimento <\/strong><\/a>completo, repleto de componentes que auxiliam o organismo a funcionar melhor. Entre os principais, podemos destacar:<\/p>\n\n\n\n<ul class=\"wp-block-list\">\n<li><strong>Prote\u00ednas:<\/strong> fundamentais para a constru\u00e7\u00e3o e regenera\u00e7\u00e3o dos tecidos do corpo, s\u00e3o uma excelente op\u00e7\u00e3o para vegetarianos e veganos.<\/li>\n\n\n\n<li><strong>Fibras:<\/strong> essenciais para a sa\u00fade intestinal, aumentam a saciedade e favorecem o bom funcionamento digestivo.<\/li>\n\n\n\n<li><strong>Vitaminas do complexo B:<\/strong> ajudam na produ\u00e7\u00e3o de energia e mant\u00eam o sistema nervoso saud\u00e1vel.<\/li>\n\n\n\n<li><strong>Minerais como ferro, magn\u00e9sio e zinco:<\/strong> contribuem para o fortalecimento do sistema imunol\u00f3gico e para a sa\u00fade dos ossos.<\/li>\n<\/ul>\n\n\n\n<h2 class=\"wp-block-heading\">Por que o Gr\u00e3o-de-Bico \u00e9 um aliado da sua sa\u00fade?<\/h2>\n\n\n\n<p>Incorporar o gr\u00e3o regularmente na alimenta\u00e7\u00e3o pode fazer uma grande diferen\u00e7a para o organismo. Veja como ele pode ajudar:<\/p>\n\n\n\n<blockquote class=\"tiktok-embed\" cite=\"https:\/\/www.tiktok.com\/@sandrinha_xo\/video\/7485753186544815368\" data-video-id=\"7485753186544815368\" style=\"max-width: 605px;min-width: 325px;\" > <section> <a target=\"_blank\" title=\"@sandrinha_xo\" href=\"https:\/\/www.tiktok.com\/@sandrinha_xo?refer=embed\">@sandrinha_xo<\/a> If you combine simplicity, freshness, and tradition, you get Salada de Gr\u00e3o-de-Bico\u2014a light, protein-packed dish that\u2019s a staple in Portuguese cuisine! \ud83c\uddf5\ud83c\uddf9\u2728 Chickpeas (gr\u00e3o-de-bico) have deep roots in Portugal, dating back to ancient times when they were brought over by the Moors. They became a key ingredient in everyday meals\u2014whether in soups, salads, or hearty stews\u2014because they were nutritious, affordable, and filling. This salad is proof that simple ingredients can create bold flavours! Ingredients: \t\u2022\t1 can (15 oz) chickpeas, drained and rinsed \t\u2022\t1 small red onion, finely chopped \t\u2022\t1 green pepper, diced \t\u2022\t1 cucumber, diced \t\u2022\t1-2 tomatoes, diced \t\u2022\t\u00bc cup fresh parsley, chopped \t\u2022\t\u00bc cup olive oil \t\u2022\t2 tbsp red wine vinegar or lemon juice \t\u2022\t\u00bd tsp paprika (optional) \t\u2022\t\u00bd tsp salt \t\u2022\t\u00bc tsp black pepper Instructions: 1\ufe0f\u20e3 In a large bowl, combine the chickpeas, red onion, green pepper, cucumber, tomatoes, and parsley. 2\ufe0f\u20e3 In a small bowl, whisk together olive oil, red wine vinegar (or lemon juice), salt, pepper, and paprika. 3\ufe0f\u20e3 Pour the dressing over the salad and toss to combine. 4\ufe0f\u20e3 Let it sit for at least 15 minutes to absorb the flavors. 5\ufe0f\u20e3 Serve chilled or at room temperature &#38; enjoy! A perfect side dish or quick meal that\u2019s fresh, healthy, and packed with Portuguese flavour!  Who\u2019s trying this? <a title=\"portugueserecipes\" target=\"_blank\" href=\"https:\/\/www.tiktok.com\/tag\/portugueserecipes?refer=embed\">#portugueserecipes<\/a> <a title=\"portuguesecuisine\" target=\"_blank\" href=\"https:\/\/www.tiktok.com\/tag\/portuguesecuisine?refer=embed\">#portuguesecuisine<\/a> <a title=\"saladrecipe\" target=\"_blank\" href=\"https:\/\/www.tiktok.com\/tag\/saladrecipe?refer=embed\">#saladrecipe<\/a> <a title=\"healthysalad\" target=\"_blank\" href=\"https:\/\/www.tiktok.com\/tag\/healthysalad?refer=embed\">#healthysalad<\/a> <a title=\"portuguesefood\" target=\"_blank\" href=\"https:\/\/www.tiktok.com\/tag\/portuguesefood?refer=embed\">#portuguesefood<\/a> <a title=\"mediterraneandiet\" target=\"_blank\" href=\"https:\/\/www.tiktok.com\/tag\/mediterraneandiet?refer=embed\">#mediterraneandiet<\/a> <a title=\"easyrecipes\" target=\"_blank\" href=\"https:\/\/www.tiktok.com\/tag\/easyrecipes?refer=embed\">#easyrecipes<\/a> <a title=\"chickpeas\" target=\"_blank\" href=\"https:\/\/www.tiktok.com\/tag\/chickpeas?refer=embed\">#chickpeas<\/a> <a title=\"quickmeals\" target=\"_blank\" href=\"https:\/\/www.tiktok.com\/tag\/quickmeals?refer=embed\">#quickmeals<\/a> <a title=\"simplefood\" target=\"_blank\" href=\"https:\/\/www.tiktok.com\/tag\/simplefood?refer=embed\">#simplefood<\/a> <a title=\"homecooked\" target=\"_blank\" href=\"https:\/\/www.tiktok.com\/tag\/homecooked?refer=embed\">#homecooked<\/a> <a title=\"traditionalfood\" target=\"_blank\" href=\"https:\/\/www.tiktok.com\/tag\/traditionalfood?refer=embed\">#traditionalfood<\/a> <a title=\"foodculture\" target=\"_blank\" href=\"https:\/\/www.tiktok.com\/tag\/foodculture?refer=embed\">#foodculture<\/a> <a title=\"healthymeals\" target=\"_blank\" href=\"https:\/\/www.tiktok.com\/tag\/healthymeals?refer=embed\">#healthymeals<\/a> <a title=\"freshingredients\" target=\"_blank\" href=\"https:\/\/www.tiktok.com\/tag\/freshingredients?refer=embed\">#freshingredients<\/a> <a title=\"homemadefood\" target=\"_blank\" href=\"https:\/\/www.tiktok.com\/tag\/homemadefood?refer=embed\">#homemadefood<\/a> <a title=\"saladideas\" target=\"_blank\" href=\"https:\/\/www.tiktok.com\/tag\/saladideas?refer=embed\">#saladideas<\/a> <a title=\"portugueseheritage\" target=\"_blank\" href=\"https:\/\/www.tiktok.com\/tag\/portugueseheritage?refer=embed\">#portugueseheritage<\/a> <a title=\"mediterraneanfood\" target=\"_blank\" href=\"https:\/\/www.tiktok.com\/tag\/mediterraneanfood?refer=embed\">#mediterraneanfood<\/a> <a title=\"portuguesetradition\" target=\"_blank\" href=\"https:\/\/www.tiktok.com\/tag\/portuguesetradition?refer=embed\">#portuguesetradition<\/a> <a title=\"portugalfood\" target=\"_blank\" href=\"https:\/\/www.tiktok.com\/tag\/portugalfood?refer=embed\">#portugalfood<\/a> <a title=\"portuguesedishes\" target=\"_blank\" href=\"https:\/\/www.tiktok.com\/tag\/portuguesedishes?refer=embed\">#portuguesedishes<\/a> <a title=\"wholesomeeating\" target=\"_blank\" href=\"https:\/\/www.tiktok.com\/tag\/wholesomeeating?refer=embed\">#wholesomeeating<\/a> <a title=\"recipeshare\" target=\"_blank\" href=\"https:\/\/www.tiktok.com\/tag\/recipeshare?refer=embed\">#recipeshare<\/a> <a title=\"cleaneating\" target=\"_blank\" href=\"https:\/\/www.tiktok.com\/tag\/cleaneating?refer=embed\">#cleaneating<\/a> <a title=\"homecooking\" target=\"_blank\" href=\"https:\/\/www.tiktok.com\/tag\/homecooking?refer=embed\">#homecooking<\/a> <a title=\"portuguesecooking\" target=\"_blank\" href=\"https:\/\/www.tiktok.com\/tag\/portuguesecooking?refer=embed\">#portuguesecooking<\/a> <a title=\"easymeals\" target=\"_blank\" href=\"https:\/\/www.tiktok.com\/tag\/easymeals?refer=embed\">#easymeals<\/a> <a title=\"familyrecipes\" target=\"_blank\" href=\"https:\/\/www.tiktok.com\/tag\/familyrecipes?refer=embed\">#familyrecipes<\/a> <a title=\"foodlovers\" target=\"_blank\" href=\"https:\/\/www.tiktok.com\/tag\/foodlovers?refer=embed\">#foodlovers<\/a> <a title=\"fyp\" target=\"_blank\" href=\"https:\/\/www.tiktok.com\/tag\/fyp?refer=embed\">#fyp<\/a> <a title=\"fypportuguese\" target=\"_blank\" href=\"https:\/\/www.tiktok.com\/tag\/fypportuguese?refer=embed\">#fypportuguese<\/a> <a title=\"tiktokportugal\" target=\"_blank\" href=\"https:\/\/www.tiktok.com\/tag\/tiktokportugal?refer=embed\">#tiktokportugal<\/a> <a title=\"portugaltok\" target=\"_blank\" href=\"https:\/\/www.tiktok.com\/tag\/portugaltok?refer=embed\">#portugaltok<\/a> <a target=\"_blank\" title=\"\u266c Messy - Lola Young\" href=\"https:\/\/www.tiktok.com\/music\/Messy-7374449577582397441?refer=embed\">\u266c Messy &#8211; Lola Young<\/a> <\/section> <\/blockquote> <script async src=\"https:\/\/www.tiktok.com\/embed.js\"><\/script>\n\n\n\n<ul class=\"wp-block-list\">\n<li><strong>Ajuda no controle do peso:<\/strong> gra\u00e7as \u00e0s fibras e prote\u00ednas, prolonga a sensa\u00e7\u00e3o de saciedade e reduz o apetite.<\/li>\n\n\n\n<li><strong>Melhora a sa\u00fade digestiva:<\/strong> suas fibras auxiliam na preven\u00e7\u00e3o da constipa\u00e7\u00e3o e promovem um intestino mais saud\u00e1vel.<\/li>\n\n\n\n<li><strong>Controla os n\u00edveis de a\u00e7\u00facar no sangue:<\/strong> com baixo \u00edndice glic\u00eamico, \u00e9 um aliado de quem tem diabetes ou deseja manter os n\u00edveis est\u00e1veis.<\/li>\n\n\n\n<li><strong>Protege o cora\u00e7\u00e3o:<\/strong> pode ajudar a reduzir o colesterol LDL (o \u201cruim\u201d), promovendo a sa\u00fade cardiovascular.<\/li>\n<\/ul>\n\n\n\n<h2 class=\"wp-block-heading\">Receita f\u00e1cil: Salada de Gr\u00e3o-de-Bico refrescante e nutritiva<\/h2>\n\n\n\n<p>Quer uma forma simples e saborosa de incluir o gr\u00e3o-de-bico na sua rotina? Experimente esta receita pr\u00e1tica de salada:<\/p>\n\n\n\n<p><strong>Ingredientes:<\/strong><\/p>\n\n\n\n<ul class=\"wp-block-list\">\n<li>1 x\u00edcara de gr\u00e3o-de-bico cozido<\/li>\n\n\n\n<li>1 tomate picado<\/li>\n\n\n\n<li>1 pepino picado<\/li>\n\n\n\n<li>1\/4 de cebola roxa fatiada<\/li>\n\n\n\n<li>1\/4 de x\u00edcara de salsinha picada<\/li>\n\n\n\n<li>Suco de 1 lim\u00e3o<\/li>\n\n\n\n<li>2 colheres de sopa de azeite de oliva<\/li>\n\n\n\n<li>Sal e pimenta a gosto<\/li>\n<\/ul>\n\n\n\n<p><strong>Modo de preparo:<\/strong><\/p>\n\n\n\n<ol class=\"wp-block-list\">\n<li>Em uma tigela grande, combine o gr\u00e3o-de-bico, o tomate, o pepino, a cebola e a salsinha.<\/li>\n\n\n\n<li>Em outro recipiente, misture o suco de lim\u00e3o, o azeite, o sal e a pimenta.<\/li>\n\n\n\n<li>Regue a salada com o molho e mexa bem.<\/li>\n\n\n\n<li>Leve \u00e0 geladeira por pelo menos 30 minutos antes de servir.<\/li>\n<\/ol>\n\n\n\n<p>Essa salada \u00e9 uma excelente op\u00e7\u00e3o para dias quentes ou como acompanhamento em refei\u00e7\u00f5es principais. Al\u00e9m de nutritiva, \u00e9 r\u00e1pida de preparar e cheia de sabor.<\/p>\n","protected":false},"excerpt":{"rendered":"<p>O gr\u00e3o-de-bico \u00e9 uma leguminosa amplamente valorizada por seus in\u00fameros benef\u00edcios \u00e0 sa\u00fade. Rico em nutrientes essenciais, esse alimento tem ganhado espa\u00e7o no card\u00e1pio de quem busca uma alimenta\u00e7\u00e3o mais equilibrada e nutritiva. Com altas quantidades de prote\u00ednas, fibras, vitaminas e minerais, ele se torna um verdadeiro aliado da sa\u00fade. Al\u00e9m do valor nutricional, o [&hellip;]<\/p>\n","protected":false},"author":8,"featured_media":3866,"comment_status":"open","ping_status":"open","sticky":false,"template":"","format":"standard","meta":{"jnews-multi-image_gallery":[],"jnews_single_post":{"format":"standard"},"jnews_primary_category":[],"jnews_social_meta":[],"jnews_override_counter":[],"footnotes":""},"categories":[476],"tags":[1280,883,998,327],"class_list":["post-3860","post","type-post","status-publish","format-standard","has-post-thumbnail","hentry","category-saude-e-bem-estar","tag-grao-de-bico","tag-nutrientes","tag-receita","tag-saude"],"yoast_head":"<!-- This site is optimized with the Yoast SEO plugin v26.5 - https:\/\/yoast.com\/wordpress\/plugins\/seo\/ -->\n<title>Gr\u00e3o-de-bico \u00e9 o alimento mais completo para sua sa\u00fade e eu posso provar - UAI Not\u00edcias<\/title>\n<meta name=\"description\" content=\"Descubra por que o gr\u00e3o-de-bico se tornou o queridinho das dietas saud\u00e1veis e o que ele pode fazer pelo seu corpo.\" \/>\n<meta name=\"robots\" content=\"index, follow, max-snippet:-1, max-image-preview:large, max-video-preview:-1\" \/>\n<link rel=\"canonical\" href=\"https:\/\/www.uai.com.br\/uainoticias\/2025\/04\/08\/grao-de-bico-e-o-alimento-mais-completo-para-sua-saude-e-eu-posso-provar\/\" \/>\n<meta property=\"og:locale\" content=\"pt_BR\" \/>\n<meta property=\"og:type\" content=\"article\" \/>\n<meta property=\"og:title\" content=\"Gr\u00e3o-de-bico \u00e9 o alimento mais completo para sua sa\u00fade e eu posso provar - UAI Not\u00edcias\" \/>\n<meta property=\"og:description\" content=\"Descubra por que o gr\u00e3o-de-bico se tornou o queridinho das dietas saud\u00e1veis e o que ele pode fazer pelo seu corpo.\" \/>\n<meta property=\"og:url\" content=\"https:\/\/www.uai.com.br\/uainoticias\/2025\/04\/08\/grao-de-bico-e-o-alimento-mais-completo-para-sua-saude-e-eu-posso-provar\/\" \/>\n<meta property=\"og:site_name\" content=\"UAI Not\u00edcias\" \/>\n<meta property=\"article:published_time\" content=\"2025-04-08T22:40:00+00:00\" \/>\n<meta property=\"og:image\" content=\"https:\/\/www.uai.com.br\/uainoticias\/wp-content\/uploads\/2025\/04\/grao-de-bico-_1744037084229.jpg\" \/>\n\t<meta property=\"og:image:width\" content=\"1280\" \/>\n\t<meta property=\"og:image:height\" content=\"720\" \/>\n\t<meta property=\"og:image:type\" content=\"image\/jpeg\" \/>\n<meta name=\"author\" content=\"Gabriela Minella\" \/>\n<meta name=\"twitter:card\" content=\"summary_large_image\" \/>\n<meta name=\"twitter:label1\" content=\"Escrito por\" \/>\n\t<meta name=\"twitter:data1\" content=\"Gabriela Minella\" \/>\n\t<meta name=\"twitter:label2\" content=\"Est. tempo de leitura\" \/>\n\t<meta name=\"twitter:data2\" content=\"3 minutos\" \/>\n<!-- \/ Yoast SEO plugin. -->","yoast_head_json":{"title":"Gr\u00e3o-de-bico \u00e9 o alimento mais completo para sua sa\u00fade e eu posso provar - UAI Not\u00edcias","description":"Descubra por que o gr\u00e3o-de-bico se tornou o queridinho das dietas saud\u00e1veis e o que ele pode fazer pelo seu corpo.","robots":{"index":"index","follow":"follow","max-snippet":"max-snippet:-1","max-image-preview":"max-image-preview:large","max-video-preview":"max-video-preview:-1"},"canonical":"https:\/\/www.uai.com.br\/uainoticias\/2025\/04\/08\/grao-de-bico-e-o-alimento-mais-completo-para-sua-saude-e-eu-posso-provar\/","og_locale":"pt_BR","og_type":"article","og_title":"Gr\u00e3o-de-bico \u00e9 o alimento mais completo para sua sa\u00fade e eu posso provar - UAI Not\u00edcias","og_description":"Descubra por que o gr\u00e3o-de-bico se tornou o queridinho das dietas saud\u00e1veis e o que ele pode fazer pelo seu corpo.","og_url":"https:\/\/www.uai.com.br\/uainoticias\/2025\/04\/08\/grao-de-bico-e-o-alimento-mais-completo-para-sua-saude-e-eu-posso-provar\/","og_site_name":"UAI Not\u00edcias","article_published_time":"2025-04-08T22:40:00+00:00","og_image":[{"width":1280,"height":720,"url":"https:\/\/www.uai.com.br\/uainoticias\/wp-content\/uploads\/2025\/04\/grao-de-bico-_1744037084229.jpg","type":"image\/jpeg"}],"author":"Gabriela Minella","twitter_card":"summary_large_image","twitter_misc":{"Escrito por":"Gabriela Minella","Est. tempo de leitura":"3 minutos"},"schema":{"@context":"https:\/\/schema.org","@graph":[{"@type":"WebPage","@id":"https:\/\/www.uai.com.br\/uainoticias\/2025\/04\/08\/grao-de-bico-e-o-alimento-mais-completo-para-sua-saude-e-eu-posso-provar\/","url":"https:\/\/www.uai.com.br\/uainoticias\/2025\/04\/08\/grao-de-bico-e-o-alimento-mais-completo-para-sua-saude-e-eu-posso-provar\/","name":"Gr\u00e3o-de-bico \u00e9 o alimento mais completo para sua sa\u00fade e eu posso provar - UAI Not\u00edcias","isPartOf":{"@id":"https:\/\/www.uai.com.br\/uainoticias\/#website"},"primaryImageOfPage":{"@id":"https:\/\/www.uai.com.br\/uainoticias\/2025\/04\/08\/grao-de-bico-e-o-alimento-mais-completo-para-sua-saude-e-eu-posso-provar\/#primaryimage"},"image":{"@id":"https:\/\/www.uai.com.br\/uainoticias\/2025\/04\/08\/grao-de-bico-e-o-alimento-mais-completo-para-sua-saude-e-eu-posso-provar\/#primaryimage"},"thumbnailUrl":"https:\/\/www.uai.com.br\/uainoticias\/wp-content\/uploads\/2025\/04\/grao-de-bico-_1744037084229.jpg","datePublished":"2025-04-08T22:40:00+00:00","author":{"@id":"https:\/\/www.uai.com.br\/uainoticias\/#\/schema\/person\/99d8df0cf575c195d1aee9c6ce4e13b3"},"description":"Descubra por que o gr\u00e3o-de-bico se tornou o queridinho das dietas saud\u00e1veis e o que ele pode fazer pelo seu corpo.","breadcrumb":{"@id":"https:\/\/www.uai.com.br\/uainoticias\/2025\/04\/08\/grao-de-bico-e-o-alimento-mais-completo-para-sua-saude-e-eu-posso-provar\/#breadcrumb"},"inLanguage":"pt-BR","potentialAction":[{"@type":"ReadAction","target":["https:\/\/www.uai.com.br\/uainoticias\/2025\/04\/08\/grao-de-bico-e-o-alimento-mais-completo-para-sua-saude-e-eu-posso-provar\/"]}]},{"@type":"ImageObject","inLanguage":"pt-BR","@id":"https:\/\/www.uai.com.br\/uainoticias\/2025\/04\/08\/grao-de-bico-e-o-alimento-mais-completo-para-sua-saude-e-eu-posso-provar\/#primaryimage","url":"https:\/\/www.uai.com.br\/uainoticias\/wp-content\/uploads\/2025\/04\/grao-de-bico-_1744037084229.jpg","contentUrl":"https:\/\/www.uai.com.br\/uainoticias\/wp-content\/uploads\/2025\/04\/grao-de-bico-_1744037084229.jpg","width":1280,"height":720,"caption":"Gr\u00e3o-de-bico e sopa de ab\u00f3bora - Cr\u00e9ditos: depositphotos.com \/ VadimVasenin"},{"@type":"BreadcrumbList","@id":"https:\/\/www.uai.com.br\/uainoticias\/2025\/04\/08\/grao-de-bico-e-o-alimento-mais-completo-para-sua-saude-e-eu-posso-provar\/#breadcrumb","itemListElement":[{"@type":"ListItem","position":1,"name":"In\u00edcio","item":"https:\/\/www.uai.com.br\/uainoticias\/"},{"@type":"ListItem","position":2,"name":"Gr\u00e3o-de-bico \u00e9 o alimento mais completo para sua sa\u00fade e eu posso provar"}]},{"@type":"WebSite","@id":"https:\/\/www.uai.com.br\/uainoticias\/#website","url":"https:\/\/www.uai.com.br\/uainoticias\/","name":"UAI Not\u00edcias","description":"Acompanhe as \u00faltimas not\u00edcias e fique bem informado sobre tudo o que acontece no Brasil e no mundo.","potentialAction":[{"@type":"SearchAction","target":{"@type":"EntryPoint","urlTemplate":"https:\/\/www.uai.com.br\/uainoticias\/?s={search_term_string}"},"query-input":{"@type":"PropertyValueSpecification","valueRequired":true,"valueName":"search_term_string"}}],"inLanguage":"pt-BR"},{"@type":"Person","@id":"https:\/\/www.uai.com.br\/uainoticias\/#\/schema\/person\/99d8df0cf575c195d1aee9c6ce4e13b3","name":"Gabriela Minella","image":{"@type":"ImageObject","inLanguage":"pt-BR","@id":"https:\/\/www.uai.com.br\/uainoticias\/#\/schema\/person\/image\/","url":"https:\/\/secure.gravatar.com\/avatar\/effdabf98954eaac26fa2c6d9cd1aea2ff027c90c9638bb4bf424a6e1befc9c9?s=96&d=mm&r=g","contentUrl":"https:\/\/secure.gravatar.com\/avatar\/effdabf98954eaac26fa2c6d9cd1aea2ff027c90c9638bb4bf424a6e1befc9c9?s=96&d=mm&r=g","caption":"Gabriela Minella"},"sameAs":["https:\/\/www.uai.com.br\/uainoticias\/"],"url":"https:\/\/www.uai.com.br\/uainoticias\/author\/gabimyth\/"}]}},"_links":{"self":[{"href":"https:\/\/www.uai.com.br\/uainoticias\/wp-json\/wp\/v2\/posts\/3860","targetHints":{"allow":["GET"]}}],"collection":[{"href":"https:\/\/www.uai.com.br\/uainoticias\/wp-json\/wp\/v2\/posts"}],"about":[{"href":"https:\/\/www.uai.com.br\/uainoticias\/wp-json\/wp\/v2\/types\/post"}],"author":[{"embeddable":true,"href":"https:\/\/www.uai.com.br\/uainoticias\/wp-json\/wp\/v2\/users\/8"}],"replies":[{"embeddable":true,"href":"https:\/\/www.uai.com.br\/uainoticias\/wp-json\/wp\/v2\/comments?post=3860"}],"version-history":[{"count":1,"href":"https:\/\/www.uai.com.br\/uainoticias\/wp-json\/wp\/v2\/posts\/3860\/revisions"}],"predecessor-version":[{"id":3868,"href":"https:\/\/www.uai.com.br\/uainoticias\/wp-json\/wp\/v2\/posts\/3860\/revisions\/3868"}],"wp:featuredmedia":[{"embeddable":true,"href":"https:\/\/www.uai.com.br\/uainoticias\/wp-json\/wp\/v2\/media\/3866"}],"wp:attachment":[{"href":"https:\/\/www.uai.com.br\/uainoticias\/wp-json\/wp\/v2\/media?parent=3860"}],"wp:term":[{"taxonomy":"category","embeddable":true,"href":"https:\/\/www.uai.com.br\/uainoticias\/wp-json\/wp\/v2\/categories?post=3860"},{"taxonomy":"post_tag","embeddable":true,"href":"https:\/\/www.uai.com.br\/uainoticias\/wp-json\/wp\/v2\/tags?post=3860"}],"curies":[{"name":"wp","href":"https:\/\/api.w.org\/{rel}","templated":true}]}}