{"id":37898,"date":"2025-07-21T17:50:00","date_gmt":"2025-07-21T20:50:00","guid":{"rendered":"https:\/\/www.uai.com.br\/uainoticias\/?p=37898"},"modified":"2025-07-21T15:29:36","modified_gmt":"2025-07-21T18:29:36","slug":"as-mais-poderosas-armas-contra-pele-ressecada-chegaram","status":"publish","type":"post","link":"https:\/\/www.uai.com.br\/uainoticias\/2025\/07\/21\/as-mais-poderosas-armas-contra-pele-ressecada-chegaram\/","title":{"rendered":"As mais poderosas armas contra pele ressecada chegaram"},"content":{"rendered":"\n<p>A chegada do inverno traz consigo o desafio de lidar com o ressecamento da pele, uma condi\u00e7\u00e3o comum quando a umidade relativa do ar diminui e as temperaturas baixam. Esse cen\u00e1rio exige aten\u00e7\u00e3o especial \u00e0 sa\u00fade cut\u00e2nea, pois os ventos frios e o uso frequente de aquecedores potencializam a perda de \u00e1gua, favorecendo o aparecimento de sensa\u00e7\u00e3o de repuxamento, descama\u00e7\u00e3o e at\u00e9 pequenas fissuras. Em 2025, novidades em cosm\u00e9ticos foram destaque e ganharam espa\u00e7o nos cuidados di\u00e1rios, contribuindo para enfrentar esse per\u00edodo de forma mais pr\u00e1tica, como mostra o site <a href=\"https:\/\/terrabrasilnoticias.com\/2025\/07\/adeus-pele-ressecada-no-inverno-mascaras-e-oleos-multifuncionais-que-viraram-tendencia-em-2025\/\" target=\"_blank\" rel=\"noreferrer noopener\">Terra Brasil Not\u00edcias.<\/a><\/p>\n\n\n\n<p>Entre as solu\u00e7\u00f5es apontadas como tend\u00eancias recentes, m\u00e1scaras faciais hidratantes e \u00f3leos multifuncionais se destacaram por sua capacidade de oferecer resultados imediatos. Ambos foram formulados com o objetivo de facilitar a rotina, minimizando o tempo gasto e promovendo uma hidrata\u00e7\u00e3o r\u00e1pida e eficaz. O interesse pelo autocuidado tamb\u00e9m cresceu, abrangendo n\u00e3o s\u00f3 o skincare, mas um olhar mais atento \u00e0 sa\u00fade e ao bem-estar de um modo geral.<\/p>\n\n\n\n<h2 class=\"wp-block-heading\">Quais s\u00e3o os principais motivos para o ressecamento da pele no inverno?<\/h2>\n\n\n\n<p>A pele ressecada durante o inverno \u00e9 consequ\u00eancia de uma combina\u00e7\u00e3o de <a href=\"https:\/\/www.uai.com.br\/uainoticias\/2025\/07\/20\/menos-faxina-e-mais-tempo-livre-com-os-robos-de-limpeza\/\" target=\"_blank\" rel=\"noreferrer noopener\">fatores<\/a> ambientais e h\u00e1bitos comuns dessa \u00e9poca. O tempo seco, caracter\u00edstico dos meses frios, reduz a quantidade de \u00e1gua presente na atmosfera, tornando a evapora\u00e7\u00e3o da \u00e1gua da pele mais intensa. Al\u00e9m desse fator, a exposi\u00e7\u00e3o prolongada ao frio e ao vento pode comprometer a camada de prote\u00e7\u00e3o cut\u00e2nea, facilitando a perda de hidrata\u00e7\u00e3o natural.<\/p>\n\n\n\n<p>Outro aspecto relevante envolve os cuidados inadequados, como tomar banhos muito quentes ou usar sabonetes agressivos, que acabam removendo o manto lip\u00eddico protetor da pele. A ado\u00e7\u00e3o de determinados cosm\u00e9ticos, especialmente aqueles formulados para combater o ressecamento, vem ao encontro da necessidade de refor\u00e7ar essa barreira protetora. M\u00e1scaras ricas em \u00f3leos emolientes e componentes como \u00e1cido hialur\u00f4nico desempenham papel fundamental nesse processo.<\/p>\n\n\n\n<h2 class=\"wp-block-heading\">M\u00e1scaras faciais hidratantes: por que s\u00e3o essenciais no inverno?<\/h2>\n\n\n\n<p>As m\u00e1scaras hidratantes ganharam espa\u00e7o no cen\u00e1rio do skincare de 2025 pela praticidade e pelo desempenho superior frente ao ressecamento t\u00edpico da esta\u00e7\u00e3o fria. Seu uso regular permite que a pele recupere nutrientes perdidos e retenha a umidade, gra\u00e7as a ingredientes ativos como ceramidas, extratos bot\u00e2nicos, pantenol e o pr\u00f3prio \u00e1cido hialur\u00f4nico.<\/p>\n\n\n\n<p>Entre as varia\u00e7\u00f5es mais procuradas est\u00e3o as m\u00e1scaras em formato creme, noturnas ou em folha, que oferecem nutri\u00e7\u00e3o profunda enquanto o organismo descansa. Veja alguns motivos que explicam o destaque desses produtos:<\/p>\n\n\n\n<ul class=\"wp-block-list\">\n<li><strong>Hidrata\u00e7\u00e3o intensiva:<\/strong> age profundamente nas primeiras camadas da pele, recuperando o vi\u00e7o natural.<\/li>\n\n\n\n<li><strong>Praticidade:<\/strong> basta alguns minutos de aplica\u00e7\u00e3o para notar os efeitos, tornando a rotina mais conveniente.<\/li>\n\n\n\n<li><strong>Compatibilidade com todos os tipos de pele:<\/strong> vers\u00f5es formuladas para peles sens\u00edveis e sensibilizadas ampliam ainda mais o p\u00fablico-alvo.<\/li>\n<\/ul>\n\n\n\n<p>O uso de m\u00e1scaras complementa outras etapas do cuidado, otimizando resultados quando aliado a hidratantes tradicionais.<\/p>\n\n\n<div class=\"wp-block-image\">\n<figure class=\"aligncenter size-large\"><img decoding=\"async\" width=\"1024\" height=\"576\" src=\"https:\/\/www.uai.com.br\/uainoticias\/wp-content\/uploads\/2025\/07\/hidratante-pele_1753122486073-1024x576.jpg\" alt=\"As mais poderosas armas contra pele ressecada chegaram\" class=\"wp-image-37900\" srcset=\"https:\/\/www.uai.com.br\/uainoticias\/wp-content\/uploads\/2025\/07\/hidratante-pele_1753122486073-1024x576.jpg 1024w, https:\/\/www.uai.com.br\/uainoticias\/wp-content\/uploads\/2025\/07\/hidratante-pele_1753122486073-300x169.jpg 300w, https:\/\/www.uai.com.br\/uainoticias\/wp-content\/uploads\/2025\/07\/hidratante-pele_1753122486073-768x432.jpg 768w, https:\/\/www.uai.com.br\/uainoticias\/wp-content\/uploads\/2025\/07\/hidratante-pele_1753122486073-750x422.jpg 750w, https:\/\/www.uai.com.br\/uainoticias\/wp-content\/uploads\/2025\/07\/hidratante-pele_1753122486073-1140x641.jpg 1140w, https:\/\/www.uai.com.br\/uainoticias\/wp-content\/uploads\/2025\/07\/hidratante-pele_1753122486073.jpg 1280w\" sizes=\"(max-width: 1024px) 100vw, 1024px\" \/><figcaption class=\"wp-element-caption\">Hidratando a pele (Cr\u00e9ditos: depositphotos.com \/ AllaSerebrina)<\/figcaption><\/figure><\/div>\n\n\n<h2 class=\"wp-block-heading\">\u00d3leos multifuncionais: como atuam na preven\u00e7\u00e3o e no tratamento da pele ressecada?<\/h2>\n\n\n\n<p>Ao analisar as tend\u00eancias de 2025, observa-se que os <strong>\u00f3leos multifuncionais<\/strong> conquistaram espa\u00e7o nos cuidados di\u00e1rios principalmente por sua versatilidade. Eles s\u00e3o recomendados n\u00e3o apenas para o rosto, mas tamb\u00e9m para o corpo e, em alguns casos, para os cabelos. Entre suas fun\u00e7\u00f5es, est\u00e1 a forma\u00e7\u00e3o de uma camada protetora imperme\u00e1vel, que impede a perda excessiva de \u00e1gua para o ambiente externo.<\/p>\n\n\n\n<p>Esse efeito ocorre por conta de propriedades emolientes e da presen\u00e7a de vitaminas, como E e F, que, al\u00e9m de hidratar, ajudam na regenera\u00e7\u00e3o da pele. Os \u00f3leos de jojoba, marula, rosa mosqueta, semente de uva e abacate est\u00e3o entre os favoritos, sendo utilizados puros ou combinados com outros cremes, elevando o potencial hidratante. Para melhor aproveitamento desses produtos, recomenda-se:<\/p>\n\n\n\n<ol class=\"wp-block-list\">\n<li>Aplique \u00f3leo logo ap\u00f3s o banho, com a pele ainda \u00famida, para reter mais \u00e1gua.<\/li>\n\n\n\n<li>Utilize poucas gotas, espalhando de maneira uniforme para evitar sensa\u00e7\u00e3o oleosa.<\/li>\n\n\n\n<li>Prefira vers\u00f5es livres de fragr\u00e2ncias sint\u00e9ticas ou aditivos qu\u00edmicos agressivos, pois s\u00e3o mais adequadas para peles sens\u00edveis no inverno.<\/li>\n<\/ol>\n\n\n\n<p>A soma dessas pr\u00e1ticas auxilia na preven\u00e7\u00e3o de sintomas como coceira, aspereza e descama\u00e7\u00e3o, proporcionando al\u00edvio imediato e refor\u00e7o di\u00e1rio \u00e0 barreira cut\u00e2nea.<\/p>\n\n\n\n<h2 class=\"wp-block-heading\">Como adotar uma rotina eficaz de hidrata\u00e7\u00e3o no inverno?<\/h2>\n\n\n\n<p>Montar uma estrat\u00e9gia eficaz para combater o ressecamento da pele depende tanto da escolha dos produtos quanto da regularidade no uso. Incluir m\u00e1scaras hidratantes e \u00f3leos multifuncionais na rotina tornou-se mais f\u00e1cil com op\u00e7\u00f5es em embalagens pr\u00e1ticas e f\u00f3rmulas desenvolvidas para r\u00e1pida absor\u00e7\u00e3o. Para organizar o autocuidado, pode-se seguir uma sequ\u00eancia simples:<\/p>\n\n\n\n<ul class=\"wp-block-list\">\n<li>Lavar a pele com produtos suaves, evitando \u00e1gua muito quente.<\/li>\n\n\n\n<li>Apostar em m\u00e1scaras duas vezes por semana, aplicando conforme a indica\u00e7\u00e3o.<\/li>\n\n\n\n<li>Utilizar \u00f3leos logo ap\u00f3s o banho para intensificar a reten\u00e7\u00e3o de \u00e1gua.<\/li>\n\n\n\n<li>N\u00e3o esquecer do protetor solar, mesmo em dias nublados ou frios.<\/li>\n\n\n\n<li>Manter boa ingest\u00e3o de l\u00edquidos, auxiliando a hidrata\u00e7\u00e3o de dentro para fora.<\/li>\n<\/ul>\n\n\n\n<p>Essas a\u00e7\u00f5es cotidianas garantem uma pele mais protegida e confort\u00e1vel durante a esta\u00e7\u00e3o fria. A prefer\u00eancia por formula\u00e7\u00f5es com ingredientes naturais e livres de subst\u00e2ncias potencialmente prejudiciais permanece como um diferencial, especialmente entre pessoas com predisposi\u00e7\u00e3o a alergias ou hipersensibilidade.<\/p>\n\n\n\n<p>A tend\u00eancia \u00e9 que as m\u00e1scaras faciais hidratantes e os \u00f3leos multifuncionais sigam ganhando espa\u00e7o em 2025, acompanhando o aperfei\u00e7oamento das f\u00f3rmulas e a dissemina\u00e7\u00e3o do conceito de autocuidado pr\u00e1tico. A abordagem preventiva, atrelada \u00e0 ado\u00e7\u00e3o de cosm\u00e9ticos inteligentes, resulta em benef\u00edcios comprovados para a sa\u00fade cut\u00e2nea durante o inverno.<\/p>\n","protected":false},"excerpt":{"rendered":"<p>A chegada do inverno traz consigo o desafio de lidar com o ressecamento da pele, uma condi\u00e7\u00e3o comum quando a umidade relativa do ar diminui e as temperaturas baixam. Esse cen\u00e1rio exige aten\u00e7\u00e3o especial \u00e0 sa\u00fade cut\u00e2nea, pois os ventos frios e o uso frequente de aquecedores potencializam a perda de \u00e1gua, favorecendo o aparecimento [&hellip;]<\/p>\n","protected":false},"author":12,"featured_media":37899,"comment_status":"open","ping_status":"open","sticky":false,"template":"","format":"standard","meta":{"jnews-multi-image_gallery":[],"jnews_single_post":{"format":"standard"},"jnews_primary_category":[],"jnews_social_meta":[],"jnews_override_counter":[],"footnotes":""},"categories":[107],"tags":[369,378,260,6503],"class_list":["post-37898","post","type-post","status-publish","format-standard","has-post-thumbnail","hentry","category-moda-beleza","tag-hidratacao","tag-inverno","tag-pele","tag-produtos"],"yoast_head":"<!-- This site is optimized with the Yoast SEO plugin v26.5 - https:\/\/yoast.com\/wordpress\/plugins\/seo\/ -->\n<title>As mais poderosas armas contra pele ressecada chegaram - UAI Not\u00edcias<\/title>\n<meta name=\"description\" content=\"Tend\u00eancias no skincare trazem solu\u00e7\u00f5es eficazes contra ressecamento de pele. Rotinas pr\u00e1ticas e resultados imediatos conquistam brasileiros\" \/>\n<meta name=\"robots\" content=\"index, follow, max-snippet:-1, max-image-preview:large, max-video-preview:-1\" \/>\n<link rel=\"canonical\" href=\"https:\/\/www.uai.com.br\/uainoticias\/2025\/07\/21\/as-mais-poderosas-armas-contra-pele-ressecada-chegaram\/\" \/>\n<meta property=\"og:locale\" content=\"pt_BR\" \/>\n<meta property=\"og:type\" content=\"article\" \/>\n<meta property=\"og:title\" content=\"As mais poderosas armas contra pele ressecada chegaram - UAI Not\u00edcias\" \/>\n<meta property=\"og:description\" content=\"Tend\u00eancias no skincare trazem solu\u00e7\u00f5es eficazes contra ressecamento de pele. Rotinas pr\u00e1ticas e resultados imediatos conquistam brasileiros\" \/>\n<meta property=\"og:url\" content=\"https:\/\/www.uai.com.br\/uainoticias\/2025\/07\/21\/as-mais-poderosas-armas-contra-pele-ressecada-chegaram\/\" \/>\n<meta property=\"og:site_name\" content=\"UAI Not\u00edcias\" \/>\n<meta property=\"article:published_time\" content=\"2025-07-21T20:50:00+00:00\" \/>\n<meta property=\"og:image\" content=\"https:\/\/www.uai.com.br\/uainoticias\/wp-content\/uploads\/2025\/07\/hidratante-pele_1753122450535.jpg\" \/>\n\t<meta property=\"og:image:width\" content=\"1280\" \/>\n\t<meta property=\"og:image:height\" content=\"720\" \/>\n\t<meta property=\"og:image:type\" content=\"image\/jpeg\" \/>\n<meta name=\"author\" content=\"Patryck Reineh\" \/>\n<meta name=\"twitter:card\" content=\"summary_large_image\" \/>\n<meta name=\"twitter:label1\" content=\"Escrito por\" \/>\n\t<meta name=\"twitter:data1\" content=\"Patryck Reineh\" \/>\n\t<meta name=\"twitter:label2\" content=\"Est. tempo de leitura\" \/>\n\t<meta name=\"twitter:data2\" content=\"6 minutos\" \/>\n<!-- \/ Yoast SEO plugin. -->","yoast_head_json":{"title":"As mais poderosas armas contra pele ressecada chegaram - UAI Not\u00edcias","description":"Tend\u00eancias no skincare trazem solu\u00e7\u00f5es eficazes contra ressecamento de pele. Rotinas pr\u00e1ticas e resultados imediatos conquistam brasileiros","robots":{"index":"index","follow":"follow","max-snippet":"max-snippet:-1","max-image-preview":"max-image-preview:large","max-video-preview":"max-video-preview:-1"},"canonical":"https:\/\/www.uai.com.br\/uainoticias\/2025\/07\/21\/as-mais-poderosas-armas-contra-pele-ressecada-chegaram\/","og_locale":"pt_BR","og_type":"article","og_title":"As mais poderosas armas contra pele ressecada chegaram - UAI Not\u00edcias","og_description":"Tend\u00eancias no skincare trazem solu\u00e7\u00f5es eficazes contra ressecamento de pele. Rotinas pr\u00e1ticas e resultados imediatos conquistam brasileiros","og_url":"https:\/\/www.uai.com.br\/uainoticias\/2025\/07\/21\/as-mais-poderosas-armas-contra-pele-ressecada-chegaram\/","og_site_name":"UAI Not\u00edcias","article_published_time":"2025-07-21T20:50:00+00:00","og_image":[{"width":1280,"height":720,"url":"https:\/\/www.uai.com.br\/uainoticias\/wp-content\/uploads\/2025\/07\/hidratante-pele_1753122450535.jpg","type":"image\/jpeg"}],"author":"Patryck Reineh","twitter_card":"summary_large_image","twitter_misc":{"Escrito por":"Patryck Reineh","Est. tempo de leitura":"6 minutos"},"schema":{"@context":"https:\/\/schema.org","@graph":[{"@type":"WebPage","@id":"https:\/\/www.uai.com.br\/uainoticias\/2025\/07\/21\/as-mais-poderosas-armas-contra-pele-ressecada-chegaram\/","url":"https:\/\/www.uai.com.br\/uainoticias\/2025\/07\/21\/as-mais-poderosas-armas-contra-pele-ressecada-chegaram\/","name":"As mais poderosas armas contra pele ressecada chegaram - UAI Not\u00edcias","isPartOf":{"@id":"https:\/\/www.uai.com.br\/uainoticias\/#website"},"primaryImageOfPage":{"@id":"https:\/\/www.uai.com.br\/uainoticias\/2025\/07\/21\/as-mais-poderosas-armas-contra-pele-ressecada-chegaram\/#primaryimage"},"image":{"@id":"https:\/\/www.uai.com.br\/uainoticias\/2025\/07\/21\/as-mais-poderosas-armas-contra-pele-ressecada-chegaram\/#primaryimage"},"thumbnailUrl":"https:\/\/www.uai.com.br\/uainoticias\/wp-content\/uploads\/2025\/07\/hidratante-pele_1753122450535.jpg","datePublished":"2025-07-21T20:50:00+00:00","author":{"@id":"https:\/\/www.uai.com.br\/uainoticias\/#\/schema\/person\/e1f385bff1c70706d418e080cb89b85d"},"description":"Tend\u00eancias no skincare trazem solu\u00e7\u00f5es eficazes contra ressecamento de pele. Rotinas pr\u00e1ticas e resultados imediatos conquistam brasileiros","breadcrumb":{"@id":"https:\/\/www.uai.com.br\/uainoticias\/2025\/07\/21\/as-mais-poderosas-armas-contra-pele-ressecada-chegaram\/#breadcrumb"},"inLanguage":"pt-BR","potentialAction":[{"@type":"ReadAction","target":["https:\/\/www.uai.com.br\/uainoticias\/2025\/07\/21\/as-mais-poderosas-armas-contra-pele-ressecada-chegaram\/"]}]},{"@type":"ImageObject","inLanguage":"pt-BR","@id":"https:\/\/www.uai.com.br\/uainoticias\/2025\/07\/21\/as-mais-poderosas-armas-contra-pele-ressecada-chegaram\/#primaryimage","url":"https:\/\/www.uai.com.br\/uainoticias\/wp-content\/uploads\/2025\/07\/hidratante-pele_1753122450535.jpg","contentUrl":"https:\/\/www.uai.com.br\/uainoticias\/wp-content\/uploads\/2025\/07\/hidratante-pele_1753122450535.jpg","width":1280,"height":720,"caption":"Skincare (Cr\u00e9ditos: depositphotos.com \/ pressmaster)"},{"@type":"BreadcrumbList","@id":"https:\/\/www.uai.com.br\/uainoticias\/2025\/07\/21\/as-mais-poderosas-armas-contra-pele-ressecada-chegaram\/#breadcrumb","itemListElement":[{"@type":"ListItem","position":1,"name":"In\u00edcio","item":"https:\/\/www.uai.com.br\/uainoticias\/"},{"@type":"ListItem","position":2,"name":"As mais poderosas armas contra pele ressecada chegaram"}]},{"@type":"WebSite","@id":"https:\/\/www.uai.com.br\/uainoticias\/#website","url":"https:\/\/www.uai.com.br\/uainoticias\/","name":"UAI Not\u00edcias","description":"Acompanhe as \u00faltimas not\u00edcias e fique bem informado sobre tudo o que acontece no Brasil e no mundo.","potentialAction":[{"@type":"SearchAction","target":{"@type":"EntryPoint","urlTemplate":"https:\/\/www.uai.com.br\/uainoticias\/?s={search_term_string}"},"query-input":{"@type":"PropertyValueSpecification","valueRequired":true,"valueName":"search_term_string"}}],"inLanguage":"pt-BR"},{"@type":"Person","@id":"https:\/\/www.uai.com.br\/uainoticias\/#\/schema\/person\/e1f385bff1c70706d418e080cb89b85d","name":"Patryck Reineh","image":{"@type":"ImageObject","inLanguage":"pt-BR","@id":"https:\/\/www.uai.com.br\/uainoticias\/#\/schema\/person\/image\/","url":"https:\/\/secure.gravatar.com\/avatar\/69b29166730bd5286ab474c3d2cce55e9960244652dad57d13c8f8e803ef5f93?s=96&d=mm&r=g","contentUrl":"https:\/\/secure.gravatar.com\/avatar\/69b29166730bd5286ab474c3d2cce55e9960244652dad57d13c8f8e803ef5f93?s=96&d=mm&r=g","caption":"Patryck Reineh"},"sameAs":["https:\/\/www.uai.com.br\/uainoticias"],"url":"https:\/\/www.uai.com.br\/uainoticias\/author\/patryck\/"}]}},"_links":{"self":[{"href":"https:\/\/www.uai.com.br\/uainoticias\/wp-json\/wp\/v2\/posts\/37898","targetHints":{"allow":["GET"]}}],"collection":[{"href":"https:\/\/www.uai.com.br\/uainoticias\/wp-json\/wp\/v2\/posts"}],"about":[{"href":"https:\/\/www.uai.com.br\/uainoticias\/wp-json\/wp\/v2\/types\/post"}],"author":[{"embeddable":true,"href":"https:\/\/www.uai.com.br\/uainoticias\/wp-json\/wp\/v2\/users\/12"}],"replies":[{"embeddable":true,"href":"https:\/\/www.uai.com.br\/uainoticias\/wp-json\/wp\/v2\/comments?post=37898"}],"version-history":[{"count":1,"href":"https:\/\/www.uai.com.br\/uainoticias\/wp-json\/wp\/v2\/posts\/37898\/revisions"}],"predecessor-version":[{"id":37901,"href":"https:\/\/www.uai.com.br\/uainoticias\/wp-json\/wp\/v2\/posts\/37898\/revisions\/37901"}],"wp:featuredmedia":[{"embeddable":true,"href":"https:\/\/www.uai.com.br\/uainoticias\/wp-json\/wp\/v2\/media\/37899"}],"wp:attachment":[{"href":"https:\/\/www.uai.com.br\/uainoticias\/wp-json\/wp\/v2\/media?parent=37898"}],"wp:term":[{"taxonomy":"category","embeddable":true,"href":"https:\/\/www.uai.com.br\/uainoticias\/wp-json\/wp\/v2\/categories?post=37898"},{"taxonomy":"post_tag","embeddable":true,"href":"https:\/\/www.uai.com.br\/uainoticias\/wp-json\/wp\/v2\/tags?post=37898"}],"curies":[{"name":"wp","href":"https:\/\/api.w.org\/{rel}","templated":true}]}}