{"id":34662,"date":"2025-07-11T19:30:00","date_gmt":"2025-07-11T22:30:00","guid":{"rendered":"https:\/\/www.uai.com.br\/uainoticias\/?p=34662"},"modified":"2025-07-11T17:57:39","modified_gmt":"2025-07-11T20:57:39","slug":"yoga-e-a-melhor-pratica-para-corpo-e-mente-segundo-especialistas","status":"publish","type":"post","link":"https:\/\/www.uai.com.br\/uainoticias\/2025\/07\/11\/yoga-e-a-melhor-pratica-para-corpo-e-mente-segundo-especialistas\/","title":{"rendered":"Yoga \u00e9 a melhor pr\u00e1tica para corpo e mente, segundo especialistas"},"content":{"rendered":"\n<p>Em pleno 2025, a yoga se confirma como uma das atividades mais procuradas por quem deseja investir em bem-estar de maneira integral. Em ambientes residenciais, academias, est\u00fadios e at\u00e9 em espa\u00e7os ao ar livre, a pr\u00e1tica se adapta \u00e0 rotina moderna ao unir movimentos corporais, respira\u00e7\u00e3o dirigida e momentos de conex\u00e3o consigo mesmo. Esta modalidade ganhou destaque global especialmente por apresentar baixo risco e alcance para todas as faixas et\u00e1rias, mostrando-se uma aliada tanto \u00e0 sa\u00fade mental quanto \u00e0 fisicalidade, segundo o site <a href=\"https:\/\/crocheonline.com.br\/2025\/07\/01\/por-que-cada-vez-mais-pessoas-estao-apostando-na-yoga-para-viver-melhor\/\" target=\"_blank\" rel=\"noreferrer noopener\">Croch\u00ea Online.<\/a><\/p>\n\n\n\n<p>Com ra\u00edzes que remontam \u00e0 antiguidade, a yoga tornou-se acess\u00edvel por meio de m\u00faltiplos formatos, abrangendo desde encontros on-line at\u00e9 aulas presenciais em pequenos grupos. Sua efic\u00e1cia tem sido apontada por profissionais de sa\u00fade de distintos campos que, ao longo dos \u00faltimos anos, passaram a recomendar a inser\u00e7\u00e3o regular da pr\u00e1tica no cotidiano para prevenir dist\u00farbios emocionais e musculoesquel\u00e9ticos. Entre os adeptos, destaca-se a diversidade: idosos, crian\u00e7as, gestantes e adultos encontram na yoga posturas e sequ\u00eancias adapt\u00e1veis conforme necessidade individual.<\/p>\n\n\n\n<h2 class=\"wp-block-heading\">Quais impactos positivos a yoga pode gerar na sa\u00fade?<\/h2>\n\n\n\n<p>O crescente interesse por pr\u00e1ticas integrativas como a yoga resulta, em boa parte, nos efeitos comprov\u00e1veis sobre corpo e mente. Dentre os pontos mais relatados por praticantes est\u00e3o a redu\u00e7\u00e3o significativa dos sintomas de estresse e uma maior estabilidade emocional. T\u00e9cnicas como o controle da respira\u00e7\u00e3o favorecem a concentra\u00e7\u00e3o, auxiliando no equil\u00edbrio da press\u00e3o arterial e no al\u00edvio de ins\u00f4nia. Al\u00e9m disso, ao movimentar e alongar estruturas musculares com regularidade, a yoga auxilia no refor\u00e7o muscular, na melhora da postura e no aumento da flexibilidade.<\/p>\n\n\n\n<ul class=\"wp-block-list\">\n<li><strong>Al\u00edvio de dores<\/strong>: posturas bem orientadas s\u00e3o eficazes para amenizar desconfortos cr\u00f4nicos, especialmente em regi\u00f5es como coluna, ombros e pesco\u00e7o.<\/li>\n\n\n\n<li><strong>Comportamento alimentar<\/strong>: ao contribuir para redu\u00e7\u00e3o da ansiedade, a yoga pode ser ferramenta coadjuvante no controle do apetite emocional.<\/li>\n\n\n\n<li><strong>Qualidade do sono<\/strong>: sess\u00f5es noturnas ajudam no relaxamento e na prepara\u00e7\u00e3o para uma noite mais tranquila.<\/li>\n\n\n\n<li><strong>Efeito preventivo<\/strong>: a regularidade da pr\u00e1tica se reflete em menor incid\u00eancia de les\u00f5es e maior consci\u00eancia sobre os pr\u00f3prios limites f\u00edsicos.<\/li>\n<\/ul>\n\n\n\n<h2 class=\"wp-block-heading\">Como escolher o tipo de yoga ideal para cada necessidade?<\/h2>\n\n\n\n<p>O universo da yoga oferece alternativas variadas, que v\u00e3o ao encontro de objetivos e perfis bem distintos. Cada pr\u00e1tica apresenta uma abordagem pr\u00f3pria; o Hatha, por exemplo, prioriza o aprendizado das posturas b\u00e1sicas, sendo recomendado para principiantes. J\u00e1 o Vinyasa se diferencia por trazer movimentos cont\u00ednuos e coordenados \u00e0 respira\u00e7\u00e3o, gerando maior dinamismo. Para promover relaxamento prolongado, o Yin prop\u00f5e perman\u00eancia em posturas por per\u00edodos mais extensos. Quem busca um trabalho profundo de energia costuma optar pelo Kundalini, enquanto os estilos aquecidos \u2014 como o Hot Yoga \u2014 intensificam o alongamento e a transpira\u00e7\u00e3o.<\/p>\n\n\n\n<ol class=\"wp-block-list\">\n<li><strong>Hatha:<\/strong> inicia\u00e7\u00e3o, aprendizado de fundamentos e adapta\u00e7\u00e3o do corpo;<\/li>\n\n\n\n<li><strong>Vinyasa:<\/strong> indicada a quem aprecia fluidez e varia\u00e7\u00f5es r\u00e1pidas nos movimentos;<\/li>\n\n\n\n<li><strong>Yin Yoga:<\/strong> relaxamento e alongamento intenso dos tecidos;<\/li>\n\n\n\n<li><strong>Hot Yoga:<\/strong> ambientes aquecidos para ampliar amplitude e desintoxica\u00e7\u00e3o;<\/li>\n\n\n\n<li><strong>Kundalini:<\/strong> \u00eanfase em respira\u00e7\u00e3o, mantras e equil\u00edbrio energ\u00e9tico;<\/li>\n\n\n\n<li><strong>Restaurativa e Adaptada:<\/strong> ideais para fases de estresse elevado ou limita\u00e7\u00e3o de mobilidade.<\/li>\n<\/ol>\n\n\n<div class=\"wp-block-image\">\n<figure class=\"aligncenter size-large\"><img decoding=\"async\" width=\"1024\" height=\"576\" src=\"https:\/\/www.uai.com.br\/uainoticias\/wp-content\/uploads\/2025\/07\/yoga_1752267202231-1024x576.jpg\" alt=\"Yoga \u00e9 a melhor pr\u00e1tica para corpo e mente, segundo especialistas\" class=\"wp-image-34664\" srcset=\"https:\/\/www.uai.com.br\/uainoticias\/wp-content\/uploads\/2025\/07\/yoga_1752267202231-1024x576.jpg 1024w, https:\/\/www.uai.com.br\/uainoticias\/wp-content\/uploads\/2025\/07\/yoga_1752267202231-300x169.jpg 300w, https:\/\/www.uai.com.br\/uainoticias\/wp-content\/uploads\/2025\/07\/yoga_1752267202231-768x432.jpg 768w, https:\/\/www.uai.com.br\/uainoticias\/wp-content\/uploads\/2025\/07\/yoga_1752267202231-750x422.jpg 750w, https:\/\/www.uai.com.br\/uainoticias\/wp-content\/uploads\/2025\/07\/yoga_1752267202231-1140x641.jpg 1140w, https:\/\/www.uai.com.br\/uainoticias\/wp-content\/uploads\/2025\/07\/yoga_1752267202231.jpg 1280w\" sizes=\"(max-width: 1024px) 100vw, 1024px\" \/><figcaption class=\"wp-element-caption\">Yoga (Cr\u00e9ditos: depositphotos.com \/ AllaSerebrina)<\/figcaption><\/figure><\/div>\n\n\n<h2 class=\"wp-block-heading\">Quais pr\u00e1ticas tornam a inicia\u00e7\u00e3o na yoga mais segura?<\/h2>\n\n\n\n<p>Iniciar uma nova atividade f\u00edsica, principalmente a partir da vida adulta, pode suscitar d\u00favidas quanto \u00e0 seguran\u00e7a e \u00e0 <a href=\"https:\/\/www.uai.com.br\/uainoticias\/2025\/07\/10\/truque-polones-aquece-a-cama-no-frio-sem-usar-energia\/\" target=\"_blank\" rel=\"noreferrer noopener\">adapta\u00e7\u00e3o<\/a> correta dos exerc\u00edcios. No caso da yoga, a presen\u00e7a de um instrutor certificado \u00e9 fundamental para prevenir les\u00f5es e orientar os movimentos de acordo com o limite individual de cada aluno, como explica o site <a href=\"https:\/\/www.katiaribeiro.com.br\/entenda-os-6-pilares-da-autoestima-e-como-eles-atuam-na-sua-vida-4\/\" target=\"_blank\" rel=\"noreferrer noopener\">Katia Ribeiro<\/a>. Pessoas com condi\u00e7\u00f5es m\u00e9dicas espec\u00edficas s\u00e3o aconselhadas a se consultar previamente com um profissional da sa\u00fade. A utiliza\u00e7\u00e3o de acess\u00f3rios, como almofadas e blocos, facilita o acesso a posturas, tornando a atividade mais inclusiva.<\/p>\n\n\n\n<ul class=\"wp-block-list\">\n<li>Valorize o avan\u00e7o progressivo, sem exig\u00eancias excessivas ou compara\u00e7\u00f5es com outros praticantes.<\/li>\n\n\n\n<li>D\u00ea prefer\u00eancia a sess\u00f5es de frequ\u00eancia regular, mesmo que com dura\u00e7\u00e3o reduzida, j\u00e1 que a sequ\u00eancia proporciona evolu\u00e7\u00e3o mais s\u00f3lida.<\/li>\n\n\n\n<li>Mantenha aten\u00e7\u00e3o \u00e0 respira\u00e7\u00e3o durante toda a aula, ajustando a intensidade dos movimentos ao bem-estar f\u00edsico do momento.<\/li>\n<\/ul>\n\n\n\n<h2 class=\"wp-block-heading\">Posturas mais conhecidas e suas fun\u00e7\u00f5es na rotina da yoga<\/h2>\n\n\n\n<p>Na maioria das aulas, posturas b\u00e1sicas s\u00e3o ensinadas repetidamente por formarem a base do repert\u00f3rio dos praticantes. Entre elas, a postura da crian\u00e7a oferece relaxamento e recupera\u00e7\u00e3o ap\u00f3s exerc\u00edcios mais intensos; a sauda\u00e7\u00e3o ao sol ativa o corpo ao come\u00e7ar o dia; o cachorro olhando para baixo contribui para o alongamento e fortalecimento global; a postura da \u00e1rvore desafia o equil\u00edbrio, e a da cobra estimula a regi\u00e3o tor\u00e1cica e o alongamento da frente do corpo.<\/p>\n\n\n\n<p>Independentemente do estilo ou objetivo, a yoga conquistou seu lugar como pr\u00e1tica vers\u00e1til, segura e adapt\u00e1vel, acompanhando a evolu\u00e7\u00e3o das necessidades e rotinas contempor\u00e2neas. Ao integrar benef\u00edcios f\u00edsicos com t\u00e9cnicas de respira\u00e7\u00e3o e aten\u00e7\u00e3o plena, esta atividade continua promovendo sa\u00fade de forma abrangente, colaborando para uma rotina mais equilibrada e harmoniosa para todos os perfis.<\/p>\n","protected":false},"excerpt":{"rendered":"<p>Em pleno 2025, a yoga se confirma como uma das atividades mais procuradas por quem deseja investir em bem-estar de maneira integral. Em ambientes residenciais, academias, est\u00fadios e at\u00e9 em espa\u00e7os ao ar livre, a pr\u00e1tica se adapta \u00e0 rotina moderna ao unir movimentos corporais, respira\u00e7\u00e3o dirigida e momentos de conex\u00e3o consigo mesmo. Esta modalidade [&hellip;]<\/p>\n","protected":false},"author":12,"featured_media":34663,"comment_status":"open","ping_status":"open","sticky":false,"template":"","format":"standard","meta":{"jnews-multi-image_gallery":[],"jnews_single_post":{"format":"standard"},"jnews_primary_category":[],"jnews_social_meta":[],"jnews_override_counter":[],"footnotes":""},"categories":[476],"tags":[470,1447],"class_list":["post-34662","post","type-post","status-publish","format-standard","has-post-thumbnail","hentry","category-saude-e-bem-estar","tag-bem-estar","tag-yoga"],"yoast_head":"<!-- This site is optimized with the Yoast SEO plugin v26.5 - https:\/\/yoast.com\/wordpress\/plugins\/seo\/ -->\n<title>Yoga \u00e9 a melhor pr\u00e1tica para corpo e mente, segundo especialistas - UAI Not\u00edcias<\/title>\n<meta name=\"description\" content=\"Redu\u00e7\u00e3o do estresse, melhora do sono e equil\u00edbrio emocional s\u00e3o s\u00f3 o come\u00e7o. Veja por que a yoga conquistou todas as idades.\" \/>\n<meta name=\"robots\" content=\"index, follow, max-snippet:-1, max-image-preview:large, max-video-preview:-1\" \/>\n<link rel=\"canonical\" href=\"https:\/\/www.uai.com.br\/uainoticias\/2025\/07\/11\/yoga-e-a-melhor-pratica-para-corpo-e-mente-segundo-especialistas\/\" \/>\n<meta property=\"og:locale\" content=\"pt_BR\" \/>\n<meta property=\"og:type\" content=\"article\" \/>\n<meta property=\"og:title\" content=\"Yoga \u00e9 a melhor pr\u00e1tica para corpo e mente, segundo especialistas - UAI Not\u00edcias\" \/>\n<meta property=\"og:description\" content=\"Redu\u00e7\u00e3o do estresse, melhora do sono e equil\u00edbrio emocional s\u00e3o s\u00f3 o come\u00e7o. Veja por que a yoga conquistou todas as idades.\" \/>\n<meta property=\"og:url\" content=\"https:\/\/www.uai.com.br\/uainoticias\/2025\/07\/11\/yoga-e-a-melhor-pratica-para-corpo-e-mente-segundo-especialistas\/\" \/>\n<meta property=\"og:site_name\" content=\"UAI Not\u00edcias\" \/>\n<meta property=\"article:published_time\" content=\"2025-07-11T22:30:00+00:00\" \/>\n<meta property=\"og:image\" content=\"https:\/\/www.uai.com.br\/uainoticias\/wp-content\/uploads\/2025\/07\/yoga_1752267171406.jpg\" \/>\n\t<meta property=\"og:image:width\" content=\"1280\" \/>\n\t<meta property=\"og:image:height\" content=\"720\" \/>\n\t<meta property=\"og:image:type\" content=\"image\/jpeg\" \/>\n<meta name=\"author\" content=\"Patryck Reineh\" \/>\n<meta name=\"twitter:card\" content=\"summary_large_image\" \/>\n<meta name=\"twitter:label1\" content=\"Escrito por\" \/>\n\t<meta name=\"twitter:data1\" content=\"Patryck Reineh\" \/>\n\t<meta name=\"twitter:label2\" content=\"Est. tempo de leitura\" \/>\n\t<meta name=\"twitter:data2\" content=\"5 minutos\" \/>\n<!-- \/ Yoast SEO plugin. -->","yoast_head_json":{"title":"Yoga \u00e9 a melhor pr\u00e1tica para corpo e mente, segundo especialistas - UAI Not\u00edcias","description":"Redu\u00e7\u00e3o do estresse, melhora do sono e equil\u00edbrio emocional s\u00e3o s\u00f3 o come\u00e7o. Veja por que a yoga conquistou todas as idades.","robots":{"index":"index","follow":"follow","max-snippet":"max-snippet:-1","max-image-preview":"max-image-preview:large","max-video-preview":"max-video-preview:-1"},"canonical":"https:\/\/www.uai.com.br\/uainoticias\/2025\/07\/11\/yoga-e-a-melhor-pratica-para-corpo-e-mente-segundo-especialistas\/","og_locale":"pt_BR","og_type":"article","og_title":"Yoga \u00e9 a melhor pr\u00e1tica para corpo e mente, segundo especialistas - UAI Not\u00edcias","og_description":"Redu\u00e7\u00e3o do estresse, melhora do sono e equil\u00edbrio emocional s\u00e3o s\u00f3 o come\u00e7o. Veja por que a yoga conquistou todas as idades.","og_url":"https:\/\/www.uai.com.br\/uainoticias\/2025\/07\/11\/yoga-e-a-melhor-pratica-para-corpo-e-mente-segundo-especialistas\/","og_site_name":"UAI Not\u00edcias","article_published_time":"2025-07-11T22:30:00+00:00","og_image":[{"width":1280,"height":720,"url":"https:\/\/www.uai.com.br\/uainoticias\/wp-content\/uploads\/2025\/07\/yoga_1752267171406.jpg","type":"image\/jpeg"}],"author":"Patryck Reineh","twitter_card":"summary_large_image","twitter_misc":{"Escrito por":"Patryck Reineh","Est. tempo de leitura":"5 minutos"},"schema":{"@context":"https:\/\/schema.org","@graph":[{"@type":"WebPage","@id":"https:\/\/www.uai.com.br\/uainoticias\/2025\/07\/11\/yoga-e-a-melhor-pratica-para-corpo-e-mente-segundo-especialistas\/","url":"https:\/\/www.uai.com.br\/uainoticias\/2025\/07\/11\/yoga-e-a-melhor-pratica-para-corpo-e-mente-segundo-especialistas\/","name":"Yoga \u00e9 a melhor pr\u00e1tica para corpo e mente, segundo especialistas - UAI Not\u00edcias","isPartOf":{"@id":"https:\/\/www.uai.com.br\/uainoticias\/#website"},"primaryImageOfPage":{"@id":"https:\/\/www.uai.com.br\/uainoticias\/2025\/07\/11\/yoga-e-a-melhor-pratica-para-corpo-e-mente-segundo-especialistas\/#primaryimage"},"image":{"@id":"https:\/\/www.uai.com.br\/uainoticias\/2025\/07\/11\/yoga-e-a-melhor-pratica-para-corpo-e-mente-segundo-especialistas\/#primaryimage"},"thumbnailUrl":"https:\/\/www.uai.com.br\/uainoticias\/wp-content\/uploads\/2025\/07\/yoga_1752267171406.jpg","datePublished":"2025-07-11T22:30:00+00:00","author":{"@id":"https:\/\/www.uai.com.br\/uainoticias\/#\/schema\/person\/e1f385bff1c70706d418e080cb89b85d"},"description":"Redu\u00e7\u00e3o do estresse, melhora do sono e equil\u00edbrio emocional s\u00e3o s\u00f3 o come\u00e7o. Veja por que a yoga conquistou todas as idades.","breadcrumb":{"@id":"https:\/\/www.uai.com.br\/uainoticias\/2025\/07\/11\/yoga-e-a-melhor-pratica-para-corpo-e-mente-segundo-especialistas\/#breadcrumb"},"inLanguage":"pt-BR","potentialAction":[{"@type":"ReadAction","target":["https:\/\/www.uai.com.br\/uainoticias\/2025\/07\/11\/yoga-e-a-melhor-pratica-para-corpo-e-mente-segundo-especialistas\/"]}]},{"@type":"ImageObject","inLanguage":"pt-BR","@id":"https:\/\/www.uai.com.br\/uainoticias\/2025\/07\/11\/yoga-e-a-melhor-pratica-para-corpo-e-mente-segundo-especialistas\/#primaryimage","url":"https:\/\/www.uai.com.br\/uainoticias\/wp-content\/uploads\/2025\/07\/yoga_1752267171406.jpg","contentUrl":"https:\/\/www.uai.com.br\/uainoticias\/wp-content\/uploads\/2025\/07\/yoga_1752267171406.jpg","width":1280,"height":720,"caption":"Yoga (Cr\u00e9ditos: depositphotos.com \/ OlgaZakrevskaya)"},{"@type":"BreadcrumbList","@id":"https:\/\/www.uai.com.br\/uainoticias\/2025\/07\/11\/yoga-e-a-melhor-pratica-para-corpo-e-mente-segundo-especialistas\/#breadcrumb","itemListElement":[{"@type":"ListItem","position":1,"name":"In\u00edcio","item":"https:\/\/www.uai.com.br\/uainoticias\/"},{"@type":"ListItem","position":2,"name":"Yoga \u00e9 a melhor pr\u00e1tica para corpo e mente, segundo especialistas"}]},{"@type":"WebSite","@id":"https:\/\/www.uai.com.br\/uainoticias\/#website","url":"https:\/\/www.uai.com.br\/uainoticias\/","name":"UAI Not\u00edcias","description":"Acompanhe as \u00faltimas not\u00edcias e fique bem informado sobre tudo o que acontece no Brasil e no mundo.","potentialAction":[{"@type":"SearchAction","target":{"@type":"EntryPoint","urlTemplate":"https:\/\/www.uai.com.br\/uainoticias\/?s={search_term_string}"},"query-input":{"@type":"PropertyValueSpecification","valueRequired":true,"valueName":"search_term_string"}}],"inLanguage":"pt-BR"},{"@type":"Person","@id":"https:\/\/www.uai.com.br\/uainoticias\/#\/schema\/person\/e1f385bff1c70706d418e080cb89b85d","name":"Patryck Reineh","image":{"@type":"ImageObject","inLanguage":"pt-BR","@id":"https:\/\/www.uai.com.br\/uainoticias\/#\/schema\/person\/image\/","url":"https:\/\/secure.gravatar.com\/avatar\/69b29166730bd5286ab474c3d2cce55e9960244652dad57d13c8f8e803ef5f93?s=96&d=mm&r=g","contentUrl":"https:\/\/secure.gravatar.com\/avatar\/69b29166730bd5286ab474c3d2cce55e9960244652dad57d13c8f8e803ef5f93?s=96&d=mm&r=g","caption":"Patryck Reineh"},"sameAs":["https:\/\/www.uai.com.br\/uainoticias"],"url":"https:\/\/www.uai.com.br\/uainoticias\/author\/patryck\/"}]}},"_links":{"self":[{"href":"https:\/\/www.uai.com.br\/uainoticias\/wp-json\/wp\/v2\/posts\/34662","targetHints":{"allow":["GET"]}}],"collection":[{"href":"https:\/\/www.uai.com.br\/uainoticias\/wp-json\/wp\/v2\/posts"}],"about":[{"href":"https:\/\/www.uai.com.br\/uainoticias\/wp-json\/wp\/v2\/types\/post"}],"author":[{"embeddable":true,"href":"https:\/\/www.uai.com.br\/uainoticias\/wp-json\/wp\/v2\/users\/12"}],"replies":[{"embeddable":true,"href":"https:\/\/www.uai.com.br\/uainoticias\/wp-json\/wp\/v2\/comments?post=34662"}],"version-history":[{"count":1,"href":"https:\/\/www.uai.com.br\/uainoticias\/wp-json\/wp\/v2\/posts\/34662\/revisions"}],"predecessor-version":[{"id":34665,"href":"https:\/\/www.uai.com.br\/uainoticias\/wp-json\/wp\/v2\/posts\/34662\/revisions\/34665"}],"wp:featuredmedia":[{"embeddable":true,"href":"https:\/\/www.uai.com.br\/uainoticias\/wp-json\/wp\/v2\/media\/34663"}],"wp:attachment":[{"href":"https:\/\/www.uai.com.br\/uainoticias\/wp-json\/wp\/v2\/media?parent=34662"}],"wp:term":[{"taxonomy":"category","embeddable":true,"href":"https:\/\/www.uai.com.br\/uainoticias\/wp-json\/wp\/v2\/categories?post=34662"},{"taxonomy":"post_tag","embeddable":true,"href":"https:\/\/www.uai.com.br\/uainoticias\/wp-json\/wp\/v2\/tags?post=34662"}],"curies":[{"name":"wp","href":"https:\/\/api.w.org\/{rel}","templated":true}]}}