{"id":31928,"date":"2025-07-07T10:06:08","date_gmt":"2025-07-07T13:06:08","guid":{"rendered":"https:\/\/www.uai.com.br\/uainoticias\/?p=31928"},"modified":"2025-07-07T10:06:09","modified_gmt":"2025-07-07T13:06:09","slug":"fenomeno-raro-marca-a-abertura-de-um-portal-espiritual-hoje-07-07","status":"publish","type":"post","link":"https:\/\/www.uai.com.br\/uainoticias\/2025\/07\/07\/fenomeno-raro-marca-a-abertura-de-um-portal-espiritual-hoje-07-07\/","title":{"rendered":"Fen\u00f4meno raro marca a abertura de um portal espiritual hoje (07\/07)"},"content":{"rendered":"\n<p>Todo ano, no dia 7 de julho, muitos procuram compreender o chamado Portal Sete dos Sete, um conceito que une simbolismo num\u00e9rico e espiritualidade. Esse per\u00edodo \u00e9 visto como uma oportunidade para olhar para dentro, explorar a pr\u00f3pria ess\u00eancia e buscar uma conex\u00e3o maior com o lado espiritual da vida. O n\u00famero sete tem diversas associa\u00e7\u00f5es em culturas e religi\u00f5es, remetendo a ciclos, plenitude e busca pelo autoconhecimento.<\/p>\n\n\n\n<p>O Portal Sete dos Sete destaca o valor do recolhimento e do equil\u00edbrio interior. Observa-se que datas com repeti\u00e7\u00f5es num\u00e9ricas tendem a ganhar relev\u00e2ncia em tradi\u00e7\u00f5es esot\u00e9ricas e no imagin\u00e1rio coletivo, sendo interpretadas como momentos prop\u00edcios para fortalecer a f\u00e9, realizar reflex\u00f5es profundas e elevar os pensamentos a dimens\u00f5es mais sutis.<\/p>\n\n\n\n<h2 class=\"wp-block-heading\">O que representa o Portal Sete dos Sete no contexto espiritual?<\/h2>\n\n\n\n<p>O sete encontra presen\u00e7a em in\u00fameros elementos: sete dias da semana, sete cores do arco-\u00edris, relatos b\u00edblicos e na m\u00edstica de diversas religi\u00f5es. No contexto do portal, ele simboliza <strong>autoaperfei\u00e7oamento<\/strong>, introspec\u00e7\u00e3o e fortalecimento da espiritualidade. A data estimula pr\u00e1ticas meditativas que encaminham ao equil\u00edbrio emocional e \u00e0 percep\u00e7\u00e3o mais agu\u00e7ada da intui\u00e7\u00e3o.<\/p>\n\n\n\n<blockquote class=\"tiktok-embed\" cite=\"https:\/\/www.tiktok.com\/@marciasensitivaoficial\/video\/7523321036218076422\" data-video-id=\"7523321036218076422\" style=\"max-width: 605px;min-width: 325px;\" > <section> <a target=\"_blank\" title=\"@marciasensitivaoficial\" href=\"https:\/\/www.tiktok.com\/@marciasensitivaoficial?refer=embed\">@marciasensitivaoficial<\/a> Nesta segunda-feira, 07 de Julho, teremos o maravilhoso portal numerol\u00f3gico 07&#47;07, trazendo uma energia de espiritualidade para todos n\u00f3s. Vem saber tudo sobre isso no v\u00eddeo de hoje! \u2728 Corte do \u201cPrevis\u00f5es com M\u00e1rcia Sensitiva\u201d, do @poddelas. <a title=\"tiktoker\" target=\"_blank\" href=\"https:\/\/www.tiktok.com\/tag\/tiktoker?refer=embed\">#tiktoker<\/a> <a title=\"marciasensitiva\" target=\"_blank\" href=\"https:\/\/www.tiktok.com\/tag\/marciasensitiva?refer=embed\">#marciasensitiva<\/a> <a title=\"sensemarcia\" target=\"_blank\" href=\"https:\/\/www.tiktok.com\/tag\/sensemarcia?refer=embed\">#sensemarcia<\/a> <a title=\"conselhos\" target=\"_blank\" href=\"https:\/\/www.tiktok.com\/tag\/conselhos?refer=embed\">#conselhos<\/a> <a target=\"_blank\" title=\"\u266c som original  - Marcia Fernandes\" href=\"https:\/\/www.tiktok.com\/music\/som-original-Marcia-Fernandes-7523321060329638661?refer=embed\">\u266c som original  &#8211; Marcia Fernandes<\/a> <\/section> <\/blockquote> <script async src=\"https:\/\/www.tiktok.com\/embed.js\"><\/script>\n\n\n\n<h2 class=\"wp-block-heading\">Quais s\u00e3o as pr\u00e1ticas recomendadas para o dia 7 de julho?<\/h2>\n\n\n\n<p>Nesse per\u00edodo, recomenda-se dedicar momentos \u00e0 interioriza\u00e7\u00e3o. Atividades como <strong>medita\u00e7\u00e3o<\/strong>, ora\u00e7\u00e3o ou recita\u00e7\u00e3o de salmos s\u00e3o amplamente sugeridas. O Salmo 33, frequentemente associado ao dia, \u00e9 utilizado como ferramenta para aproximar pensamentos positivos e conectar mente e esp\u00edrito. Adicionalmente, algumas orienta\u00e7\u00f5es pr\u00e1ticas costumam ser seguidas neste dia:<\/p>\n\n\n\n<ul class=\"wp-block-list\">\n<li>Reservar tempo para sil\u00eancio interior e reflex\u00e3o.<\/li>\n\n\n\n<li>Utilizar roupas em tons claros, como branco ou azul, que remetem \u00e0 paz e serenidade.<\/li>\n\n\n\n<li>Evitar julgamentos, discuss\u00f5es ou conversas negativas.<\/li>\n\n\n\n<li>Escrever em um di\u00e1rio insights, sonhos ou pensamentos surgidos durante o dia.<\/li>\n\n\n\n<li>Buscar um ambiente tranquilo para se reconectar com a pr\u00f3pria ess\u00eancia.<\/li>\n<\/ul>\n\n\n\n<h2 class=\"wp-block-heading\">Por que o n\u00famero sete \u00e9 considerado significativo em diferentes tradi\u00e7\u00f5es?<\/h2>\n\n\n\n<p>Ao longo da hist\u00f3ria, o n\u00famero sete aparece em contextos variados. Ele est\u00e1 presente em tradi\u00e7\u00f5es religiosas, representando espiritualidade, totalidade e mist\u00e9rio. No cristianismo, por exemplo, cita-se a necessidade de perdoar \u201csetenta vezes sete\u201d e a exist\u00eancia do \u201cs\u00e9timo dia\u201d, dedicado ao repouso. Outras culturas tamb\u00e9m atribuem significados semelhantes, sinalizando ciclos de transforma\u00e7\u00e3o e renova\u00e7\u00e3o.<\/p>\n\n\n\n<p>Al\u00e9m de seu aspecto simb\u00f3lico, o sete aparece em fen\u00f4menos naturais, como as sete notas musicais, refor\u00e7ando sua liga\u00e7\u00e3o com harmonia. No Portal Sete dos Sete, esse simbolismo incentiva a busca pela sintonia entre corpo, mente e esp\u00edrito. O momento \u00e9 visto como um convite ao recolhimento, favorecendo o desenvolvimento da intui\u00e7\u00e3o e o cuidado com a dimens\u00e3o espiritual.<\/p>\n\n\n\n<h2 class=\"wp-block-heading\">Como aproveitar melhor a energia deste portal?<\/h2>\n\n\n\n<p>Para usufruir das energias atribu\u00eddas ao Portal Sete dos Sete, especialistas sugerem adotar pequenas mudan\u00e7as ao longo do dia. Praticar a toler\u00e2ncia, cultivar momentos de sil\u00eancio e zelar pela paz interior s\u00e3o atitudes recomendadas. Pequenos rituais, como a leitura de textos sagrados, banhos energ\u00e9ticos ou o uso de incensos, tamb\u00e9m podem ampliar a percep\u00e7\u00e3o e proporcionar bem-estar.<\/p>\n\n\n\n<ol class=\"wp-block-list\">\n<li>Definir uma inten\u00e7\u00e3o positiva para o dia, focando no autoconhecimento.<\/li>\n\n\n\n<li>Separar minutos para pr\u00e1ticas de relaxamento ou medita\u00e7\u00e3o.<\/li>\n\n\n\n<li>Desconectar-se de situa\u00e7\u00f5es que estimulem ansiedade ou conflito.<\/li>\n\n\n\n<li>Buscar inspira\u00e7\u00e3o em mensagens edificantes ou leituras que promovam reflex\u00e3o.<\/li>\n\n\n\n<li>Registrar aprendizados adquiridos durante o per\u00edodo.<\/li>\n<\/ol>\n\n\n\n<p>Em 7 de julho de 2025, o Portal Sete dos Sete renova uma tradi\u00e7\u00e3o voltada para o crescimento pessoal e espiritual, fortalecendo la\u00e7os com a introspec\u00e7\u00e3o e a harmonia interior. Quem observa esse momento, procurando agir com consci\u00eancia e serenidade, pode encontrar uma valiosa oportunidade de transforma\u00e7\u00e3o e de conex\u00e3o com aspectos mais elevados da exist\u00eancia.<\/p>\n","protected":false},"excerpt":{"rendered":"<p>Todo ano, no dia 7 de julho, muitos procuram compreender o chamado Portal Sete dos Sete, um conceito que une simbolismo num\u00e9rico e espiritualidade. Esse per\u00edodo \u00e9 visto como uma oportunidade para olhar para dentro, explorar a pr\u00f3pria ess\u00eancia e buscar uma conex\u00e3o maior com o lado espiritual da vida. O n\u00famero sete tem diversas [&hellip;]<\/p>\n","protected":false},"author":6,"featured_media":31938,"comment_status":"open","ping_status":"open","sticky":false,"template":"","format":"standard","meta":{"jnews-multi-image_gallery":[],"jnews_single_post":{"format":"standard"},"jnews_primary_category":[],"jnews_social_meta":[],"jnews_override_counter":[],"footnotes":""},"categories":[3039],"tags":[1494,3096,5826,7658],"class_list":["post-31928","post","type-post","status-publish","format-standard","has-post-thumbnail","hentry","category-astrologia","tag-autoconhecimento","tag-espiritualidade","tag-introspeccao","tag-portal-sete-dos-sete"],"yoast_head":"<!-- This site is optimized with the Yoast SEO plugin v26.5 - https:\/\/yoast.com\/wordpress\/plugins\/seo\/ -->\n<title>Fen\u00f4meno raro marca a abertura de um portal espiritual hoje (07\/07) - UAI Not\u00edcias<\/title>\n<meta name=\"description\" content=\"Compreenda o significado do Portal 07\/07 e suas pr\u00e1ticas espirituais. Descubra por que essa data \u00e9 especial e como aproveitar sua energia!\" \/>\n<meta name=\"robots\" content=\"index, follow, max-snippet:-1, max-image-preview:large, max-video-preview:-1\" \/>\n<link rel=\"canonical\" href=\"https:\/\/www.uai.com.br\/uainoticias\/2025\/07\/07\/fenomeno-raro-marca-a-abertura-de-um-portal-espiritual-hoje-07-07\/\" \/>\n<meta property=\"og:locale\" content=\"pt_BR\" \/>\n<meta property=\"og:type\" content=\"article\" \/>\n<meta property=\"og:title\" content=\"Fen\u00f4meno raro marca a abertura de um portal espiritual hoje (07\/07) - UAI Not\u00edcias\" \/>\n<meta property=\"og:description\" content=\"Compreenda o significado do Portal 07\/07 e suas pr\u00e1ticas espirituais. Descubra por que essa data \u00e9 especial e como aproveitar sua energia!\" \/>\n<meta property=\"og:url\" content=\"https:\/\/www.uai.com.br\/uainoticias\/2025\/07\/07\/fenomeno-raro-marca-a-abertura-de-um-portal-espiritual-hoje-07-07\/\" \/>\n<meta property=\"og:site_name\" content=\"UAI Not\u00edcias\" \/>\n<meta property=\"article:published_time\" content=\"2025-07-07T13:06:08+00:00\" \/>\n<meta property=\"article:modified_time\" content=\"2025-07-07T13:06:09+00:00\" \/>\n<meta property=\"og:image\" content=\"https:\/\/www.uai.com.br\/uainoticias\/wp-content\/uploads\/2025\/07\/portal_1751893420520.jpg\" \/>\n\t<meta property=\"og:image:width\" content=\"1280\" \/>\n\t<meta property=\"og:image:height\" content=\"720\" \/>\n\t<meta property=\"og:image:type\" content=\"image\/jpeg\" \/>\n<meta name=\"author\" content=\"Nubia Rangel\" \/>\n<meta name=\"twitter:card\" content=\"summary_large_image\" \/>\n<meta name=\"twitter:label1\" content=\"Escrito por\" \/>\n\t<meta name=\"twitter:data1\" content=\"Nubia Rangel\" \/>\n\t<meta name=\"twitter:label2\" content=\"Est. tempo de leitura\" \/>\n\t<meta name=\"twitter:data2\" content=\"4 minutos\" \/>\n<!-- \/ Yoast SEO plugin. -->","yoast_head_json":{"title":"Fen\u00f4meno raro marca a abertura de um portal espiritual hoje (07\/07) - UAI Not\u00edcias","description":"Compreenda o significado do Portal 07\/07 e suas pr\u00e1ticas espirituais. Descubra por que essa data \u00e9 especial e como aproveitar sua energia!","robots":{"index":"index","follow":"follow","max-snippet":"max-snippet:-1","max-image-preview":"max-image-preview:large","max-video-preview":"max-video-preview:-1"},"canonical":"https:\/\/www.uai.com.br\/uainoticias\/2025\/07\/07\/fenomeno-raro-marca-a-abertura-de-um-portal-espiritual-hoje-07-07\/","og_locale":"pt_BR","og_type":"article","og_title":"Fen\u00f4meno raro marca a abertura de um portal espiritual hoje (07\/07) - UAI Not\u00edcias","og_description":"Compreenda o significado do Portal 07\/07 e suas pr\u00e1ticas espirituais. Descubra por que essa data \u00e9 especial e como aproveitar sua energia!","og_url":"https:\/\/www.uai.com.br\/uainoticias\/2025\/07\/07\/fenomeno-raro-marca-a-abertura-de-um-portal-espiritual-hoje-07-07\/","og_site_name":"UAI Not\u00edcias","article_published_time":"2025-07-07T13:06:08+00:00","article_modified_time":"2025-07-07T13:06:09+00:00","og_image":[{"width":1280,"height":720,"url":"https:\/\/www.uai.com.br\/uainoticias\/wp-content\/uploads\/2025\/07\/portal_1751893420520.jpg","type":"image\/jpeg"}],"author":"Nubia Rangel","twitter_card":"summary_large_image","twitter_misc":{"Escrito por":"Nubia Rangel","Est. tempo de leitura":"4 minutos"},"schema":{"@context":"https:\/\/schema.org","@graph":[{"@type":"WebPage","@id":"https:\/\/www.uai.com.br\/uainoticias\/2025\/07\/07\/fenomeno-raro-marca-a-abertura-de-um-portal-espiritual-hoje-07-07\/","url":"https:\/\/www.uai.com.br\/uainoticias\/2025\/07\/07\/fenomeno-raro-marca-a-abertura-de-um-portal-espiritual-hoje-07-07\/","name":"Fen\u00f4meno raro marca a abertura de um portal espiritual hoje (07\/07) - UAI Not\u00edcias","isPartOf":{"@id":"https:\/\/www.uai.com.br\/uainoticias\/#website"},"primaryImageOfPage":{"@id":"https:\/\/www.uai.com.br\/uainoticias\/2025\/07\/07\/fenomeno-raro-marca-a-abertura-de-um-portal-espiritual-hoje-07-07\/#primaryimage"},"image":{"@id":"https:\/\/www.uai.com.br\/uainoticias\/2025\/07\/07\/fenomeno-raro-marca-a-abertura-de-um-portal-espiritual-hoje-07-07\/#primaryimage"},"thumbnailUrl":"https:\/\/www.uai.com.br\/uainoticias\/wp-content\/uploads\/2025\/07\/portal_1751893420520.jpg","datePublished":"2025-07-07T13:06:08+00:00","dateModified":"2025-07-07T13:06:09+00:00","author":{"@id":"https:\/\/www.uai.com.br\/uainoticias\/#\/schema\/person\/d70e886a4103e1e8683d36d868d7aa74"},"description":"Compreenda o significado do Portal 07\/07 e suas pr\u00e1ticas espirituais. Descubra por que essa data \u00e9 especial e como aproveitar sua energia!","breadcrumb":{"@id":"https:\/\/www.uai.com.br\/uainoticias\/2025\/07\/07\/fenomeno-raro-marca-a-abertura-de-um-portal-espiritual-hoje-07-07\/#breadcrumb"},"inLanguage":"pt-BR","potentialAction":[{"@type":"ReadAction","target":["https:\/\/www.uai.com.br\/uainoticias\/2025\/07\/07\/fenomeno-raro-marca-a-abertura-de-um-portal-espiritual-hoje-07-07\/"]}]},{"@type":"ImageObject","inLanguage":"pt-BR","@id":"https:\/\/www.uai.com.br\/uainoticias\/2025\/07\/07\/fenomeno-raro-marca-a-abertura-de-um-portal-espiritual-hoje-07-07\/#primaryimage","url":"https:\/\/www.uai.com.br\/uainoticias\/wp-content\/uploads\/2025\/07\/portal_1751893420520.jpg","contentUrl":"https:\/\/www.uai.com.br\/uainoticias\/wp-content\/uploads\/2025\/07\/portal_1751893420520.jpg","width":1280,"height":720,"caption":"Portal - Cr\u00e9ditos: depositphotos.com \/ camilabo"},{"@type":"BreadcrumbList","@id":"https:\/\/www.uai.com.br\/uainoticias\/2025\/07\/07\/fenomeno-raro-marca-a-abertura-de-um-portal-espiritual-hoje-07-07\/#breadcrumb","itemListElement":[{"@type":"ListItem","position":1,"name":"In\u00edcio","item":"https:\/\/www.uai.com.br\/uainoticias\/"},{"@type":"ListItem","position":2,"name":"Fen\u00f4meno raro marca a abertura de um portal espiritual hoje (07\/07)"}]},{"@type":"WebSite","@id":"https:\/\/www.uai.com.br\/uainoticias\/#website","url":"https:\/\/www.uai.com.br\/uainoticias\/","name":"UAI Not\u00edcias","description":"Acompanhe as \u00faltimas not\u00edcias e fique bem informado sobre tudo o que acontece no Brasil e no mundo.","potentialAction":[{"@type":"SearchAction","target":{"@type":"EntryPoint","urlTemplate":"https:\/\/www.uai.com.br\/uainoticias\/?s={search_term_string}"},"query-input":{"@type":"PropertyValueSpecification","valueRequired":true,"valueName":"search_term_string"}}],"inLanguage":"pt-BR"},{"@type":"Person","@id":"https:\/\/www.uai.com.br\/uainoticias\/#\/schema\/person\/d70e886a4103e1e8683d36d868d7aa74","name":"Nubia Rangel","image":{"@type":"ImageObject","inLanguage":"pt-BR","@id":"https:\/\/www.uai.com.br\/uainoticias\/#\/schema\/person\/image\/","url":"https:\/\/secure.gravatar.com\/avatar\/252f169abe8ee815746433e68b4eaf99c7f991aa4da64e1bc97505ca39ff93e4?s=96&d=mm&r=g","contentUrl":"https:\/\/secure.gravatar.com\/avatar\/252f169abe8ee815746433e68b4eaf99c7f991aa4da64e1bc97505ca39ff93e4?s=96&d=mm&r=g","caption":"Nubia Rangel"},"sameAs":["https:\/\/www.uai.com.br\/uainoticias\/"],"url":"https:\/\/www.uai.com.br\/uainoticias\/author\/nubiamyth\/"}]}},"_links":{"self":[{"href":"https:\/\/www.uai.com.br\/uainoticias\/wp-json\/wp\/v2\/posts\/31928","targetHints":{"allow":["GET"]}}],"collection":[{"href":"https:\/\/www.uai.com.br\/uainoticias\/wp-json\/wp\/v2\/posts"}],"about":[{"href":"https:\/\/www.uai.com.br\/uainoticias\/wp-json\/wp\/v2\/types\/post"}],"author":[{"embeddable":true,"href":"https:\/\/www.uai.com.br\/uainoticias\/wp-json\/wp\/v2\/users\/6"}],"replies":[{"embeddable":true,"href":"https:\/\/www.uai.com.br\/uainoticias\/wp-json\/wp\/v2\/comments?post=31928"}],"version-history":[{"count":3,"href":"https:\/\/www.uai.com.br\/uainoticias\/wp-json\/wp\/v2\/posts\/31928\/revisions"}],"predecessor-version":[{"id":31937,"href":"https:\/\/www.uai.com.br\/uainoticias\/wp-json\/wp\/v2\/posts\/31928\/revisions\/31937"}],"wp:featuredmedia":[{"embeddable":true,"href":"https:\/\/www.uai.com.br\/uainoticias\/wp-json\/wp\/v2\/media\/31938"}],"wp:attachment":[{"href":"https:\/\/www.uai.com.br\/uainoticias\/wp-json\/wp\/v2\/media?parent=31928"}],"wp:term":[{"taxonomy":"category","embeddable":true,"href":"https:\/\/www.uai.com.br\/uainoticias\/wp-json\/wp\/v2\/categories?post=31928"},{"taxonomy":"post_tag","embeddable":true,"href":"https:\/\/www.uai.com.br\/uainoticias\/wp-json\/wp\/v2\/tags?post=31928"}],"curies":[{"name":"wp","href":"https:\/\/api.w.org\/{rel}","templated":true}]}}