{"id":31520,"date":"2025-07-07T10:30:00","date_gmt":"2025-07-07T13:30:00","guid":{"rendered":"https:\/\/www.uai.com.br\/uainoticias\/?p=31520"},"modified":"2025-07-04T11:50:22","modified_gmt":"2025-07-04T14:50:22","slug":"voce-vai-se-surpreender-com-os-efeitos-da-caminhada-diaria-no-corpo","status":"publish","type":"post","link":"https:\/\/www.uai.com.br\/uainoticias\/2025\/07\/07\/voce-vai-se-surpreender-com-os-efeitos-da-caminhada-diaria-no-corpo\/","title":{"rendered":"Voc\u00ea vai se surpreender com os efeitos da caminhada di\u00e1ria no corpo"},"content":{"rendered":"\n<p>A d\u00favida sobre&nbsp;<strong>quantos quil\u00f4metros caminhar por dia<\/strong>&nbsp;para obter resultados percept\u00edveis \u00e9 cada vez mais comum entre quem busca qualidade de vida, emagrecimento ou controle do estresse. Entender a dist\u00e2ncia ideal e a frequ\u00eancia correta faz toda a diferen\u00e7a nos resultados desse h\u00e1bito simples, mas indicado por especialistas em sa\u00fade. Conhe\u00e7a agora as principais orienta\u00e7\u00f5es para alcan\u00e7ar seus objetivos caminhando diariamente.<\/p>\n\n\n\n<p>Al\u00e9m de auxiliar no controle de doen\u00e7as cr\u00f4nicas, a caminhada di\u00e1ria tamb\u00e9m melhora a sa\u00fade mental, ajuda na socializa\u00e7\u00e3o e pode ser adaptada conforme as necessidades e disponibilidade de cada pessoa. O importante \u00e9 reconhecer o pr\u00f3prio ritmo e buscar equil\u00edbrio entre esfor\u00e7o e prazer, tornando esse h\u00e1bito sustent\u00e1vel no longo prazo.<\/p>\n\n\n\n<h2 class=\"wp-block-heading\">O que determina o quanto caminhar por dia faz diferen\u00e7a?<\/h2>\n\n\n\n<p><strong>O principal fator que vai definir resultados ao caminhar est\u00e1 ligado \u00e0 regularidade da rotina e \u00e0 dist\u00e2ncia total percorrida diariamente.<\/strong>&nbsp;Especialistas geralmente recomendam entre 3 a 5 quil\u00f4metros por dia para a maioria dos adultos, respeitando limites individuais.<\/p>\n\n\n\n<p>A const\u00e2ncia dessa pr\u00e1tica semanal \u00e9 o que acelera a percep\u00e7\u00e3o de mudan\u00e7as. Pessoas iniciantes podem come\u00e7ar com dist\u00e2ncias menores, adaptando e aumentando gradualmente.<\/p>\n\n\n\n<blockquote class=\"tiktok-embed\" cite=\"https:\/\/www.tiktok.com\/@fatosdesconhecidos\/video\/7270920137241382149\" data-video-id=\"7270920137241382149\" style=\"max-width: 605px;min-width: 325px;\" > <section> <a target=\"_blank\" title=\"@fatosdesconhecidos\" href=\"https:\/\/www.tiktok.com\/@fatosdesconhecidos?refer=embed\">@fatosdesconhecidos<\/a> <p>O que acontece se voc\u00ea caminhar 1 hora todo dia?<\/p> <a target=\"_blank\" title=\"\u266c som original - Fatos Desconhecidos\" href=\"https:\/\/www.tiktok.com\/music\/som-original-7270920179554814726?refer=embed\">\u266c som original &#8211; Fatos Desconhecidos<\/a> <\/section> <\/blockquote> <script async src=\"https:\/\/www.tiktok.com\/embed.js\"><\/script>\n\n\n\n<h2 class=\"wp-block-heading\">Qual o n\u00famero m\u00ednimo de quil\u00f4metros para ver mudan\u00e7as?<\/h2>\n\n\n\n<p><strong>Iniciar com 2 a 3 quil\u00f4metros j\u00e1 \u00e9 suficiente para notar diferen\u00e7as na disposi\u00e7\u00e3o e na sa\u00fade, especialmente quando associado a uma alimenta\u00e7\u00e3o equilibrada.<\/strong>&nbsp;Com o passar das semanas, \u00e9 poss\u00edvel avan\u00e7ar para&nbsp;<strong>5 quil\u00f4metros di\u00e1rios<\/strong>, potencializando resultados em emagrecimento e controle de doen\u00e7as como diabetes e hipertens\u00e3o.<\/p>\n\n\n\n<p>Quem busca varia\u00e7\u00f5es pode alternar o trajeto e o ritmo semanalmente, o que ajuda a evitar a estagna\u00e7\u00e3o dos resultados.<\/p>\n\n\n\n<p><strong>Leia tamb\u00e9m:\u00a0<a href=\"https:\/\/www.uai.com.br\/uainoticias\/2025\/07\/04\/os-melhores-exercicios-para-perder-barriga-sem-sair-de-casa\/\">Os melhores exerc\u00edcios para perder barriga sem sair de casa<\/a><\/strong><\/p>\n\n\n\n<h2 class=\"wp-block-heading\">Quais os benef\u00edcios de caminhar de 3 a 5 quil\u00f4metros diariamente?<\/h2>\n\n\n\n<p><strong>Ao incluir a caminhada na rotina, os resultados aparecem gradativamente. Os principais benef\u00edcios dessa pr\u00e1tica s\u00e3o observados em diferentes \u00e1reas da qualidade de vida.<\/strong><\/p>\n\n\n\n<ul class=\"wp-block-list\">\n<li><strong>Redu\u00e7\u00e3o de peso corporal<\/strong>: Combinada \u00e0 alimenta\u00e7\u00e3o saud\u00e1vel, auxilia no d\u00e9ficit cal\u00f3rico.<\/li>\n\n\n\n<li><strong>Melhora no funcionamento cardiovascular<\/strong>: Regulariza press\u00e3o arterial e fortalece o cora\u00e7\u00e3o.<\/li>\n\n\n\n<li><strong>Fortalecimento muscular<\/strong>: Tonifica\u00e7\u00e3o dos m\u00fasculos das pernas, gl\u00fateos e abd\u00f4men.<\/li>\n\n\n\n<li><strong>Bem-estar mental<\/strong>: Redu\u00e7\u00e3o do estresse e melhoria do humor.<\/li>\n<\/ul>\n\n\n\n<p>Para quem caminha regularmente, os ganhos v\u00e3o al\u00e9m da est\u00e9tica, com impacto positivo na qualidade do sono, nos n\u00edveis de energia e at\u00e9 mesmo na intera\u00e7\u00e3o social quando praticada em grupo.<\/p>\n\n\n\n<h3 class=\"wp-block-heading\">\u00c9 preciso caminhar todos os dias para emagrecer?<\/h3>\n\n\n\n<p><strong>Incluir a caminhada pelo menos 5 vezes na semana j\u00e1 contribui muito para a queima cal\u00f3rica.<\/strong>&nbsp;Descansar 1 ou 2 dias auxilia na recupera\u00e7\u00e3o muscular e evita les\u00f5es.<\/p>\n\n\n\n<p>Resultados no emagrecimento dependem, tamb\u00e9m, da const\u00e2ncia na alimenta\u00e7\u00e3o e na hidrata\u00e7\u00e3o di\u00e1ria.<\/p>\n\n\n\n<p><strong>Leia tamb\u00e9m:\u00a0<a href=\"https:\/\/www.uai.com.br\/uainoticias\/2025\/07\/04\/o-desconforto-que-mais-afeta-mulheres-acima-dos-45-e-como-contornar\/\">O desconforto que mais afeta mulheres acima dos 45 e como contornar<\/a><\/strong><\/p>\n\n\n\n<h2 class=\"wp-block-heading\">Como adaptar a dist\u00e2ncia da caminhada para diferentes perfis?<\/h2>\n\n\n\n<p><strong>Pessoas idosas ou iniciantes devem adaptar a dist\u00e2ncia, come\u00e7ando com caminhadas de 1 a 2 km e aumentando segundos sinais de conforto.<\/strong><\/p>\n\n\n<div class=\"wp-block-image\">\n<figure class=\"aligncenter size-large is-resized\"><img decoding=\"async\" width=\"1024\" height=\"576\" src=\"https:\/\/www.uai.com.br\/uainoticias\/wp-content\/uploads\/2025\/07\/CORRIDAS-PELA-MANHA-_1751640086277-1024x576.jpg\" alt=\"\" class=\"wp-image-31534\" style=\"width:1024px;height:auto\" srcset=\"https:\/\/www.uai.com.br\/uainoticias\/wp-content\/uploads\/2025\/07\/CORRIDAS-PELA-MANHA-_1751640086277-1024x576.jpg 1024w, https:\/\/www.uai.com.br\/uainoticias\/wp-content\/uploads\/2025\/07\/CORRIDAS-PELA-MANHA-_1751640086277-300x169.jpg 300w, https:\/\/www.uai.com.br\/uainoticias\/wp-content\/uploads\/2025\/07\/CORRIDAS-PELA-MANHA-_1751640086277-768x432.jpg 768w, https:\/\/www.uai.com.br\/uainoticias\/wp-content\/uploads\/2025\/07\/CORRIDAS-PELA-MANHA-_1751640086277-750x422.jpg 750w, https:\/\/www.uai.com.br\/uainoticias\/wp-content\/uploads\/2025\/07\/CORRIDAS-PELA-MANHA-_1751640086277-1140x641.jpg 1140w, https:\/\/www.uai.com.br\/uainoticias\/wp-content\/uploads\/2025\/07\/CORRIDAS-PELA-MANHA-_1751640086277.jpg 1280w\" sizes=\"(max-width: 1024px) 100vw, 1024px\" \/><figcaption class=\"wp-element-caption\">Uma menina em uma corrida matinal &#8211; Cr\u00e9ditos: depositphotos.com \/ zhukovvvlad<\/figcaption><\/figure><\/div>\n\n\n<ul class=\"wp-block-list\">\n<li>O ideal \u00e9 respeitar limites f\u00edsicos e buscar orienta\u00e7\u00e3o m\u00e9dica, principalmente se houver doen\u00e7as cr\u00f4nicas.<\/li>\n\n\n\n<li>Variar percursos e ambientes torna o h\u00e1bito mais prazeroso e menos repetitivo.<\/li>\n<\/ul>\n\n\n\n<p>Adaptar a caminhada \u00e0 rotina e ao condicionamento \u00e9 uma forma inteligente de evitar les\u00f5es e garantir evolu\u00e7\u00e3o constante, valorizando a sa\u00fade e o bem-estar.<\/p>\n\n\n\n<h3 class=\"wp-block-heading\">Existe um hor\u00e1rio preferencial para caminhar?<\/h3>\n\n\n\n<p><strong>Pela manh\u00e3, a caminhada pode ajudar a regular o metabolismo e fornecer energia para o dia todo.<\/strong><\/p>\n\n\n\n<p>J\u00e1 \u00e0 noite, contribui para relaxamento e melhor qualidade do sono. O melhor hor\u00e1rio \u00e9 sempre aquele que se encaixa bem na rotina.<\/p>\n\n\n\n<h2 class=\"wp-block-heading\">O que fazer para manter a motiva\u00e7\u00e3o ao caminhar todos os dias?<\/h2>\n\n\n\n<p><strong>Criar metas semanais, usar aplicativos de acompanhamento e escutar m\u00fasica aumentam o engajamento na caminhada.<\/strong><\/p>\n\n\n\n<ol class=\"wp-block-list\">\n<li>Estabele\u00e7a compromissos com amigos ou familiares para n\u00e3o desistir.<\/li>\n\n\n\n<li>Registre cada avan\u00e7o, celebrando pequenas metas atingidas.<\/li>\n\n\n\n<li>Mude os trajetos regularmente para manter o desafio e o interesse.<\/li>\n<\/ol>\n\n\n\n<ul class=\"wp-block-list\">\n<li>Praticar de\u00a0<strong>3 a 5 quil\u00f4metros de caminhada<\/strong>\u00a0por dia estimula mudan\u00e7as percept\u00edveis em poucas semanas.<\/li>\n\n\n\n<li>O segredo est\u00e1 na\u00a0<strong>regularidade<\/strong>\u00a0e adapta\u00e7\u00e3o da quilometragem conforme o pr\u00f3prio condicionamento f\u00edsico.<\/li>\n\n\n\n<li>Caminhar faz bem para o corpo, mente e contribui para uma vida mais ativa e equilibrada.<\/li>\n<\/ul>\n\n\n\n<p>Gostou? Compartilhe este guia no WhatsApp!<\/p>\n\n\n\n<p><\/p>\n","protected":false},"excerpt":{"rendered":"<p>A d\u00favida sobre&nbsp;quantos quil\u00f4metros caminhar por dia&nbsp;para obter resultados percept\u00edveis \u00e9 cada vez mais comum entre quem busca qualidade de vida, emagrecimento ou controle do estresse. Entender a dist\u00e2ncia ideal e a frequ\u00eancia correta faz toda a diferen\u00e7a nos resultados desse h\u00e1bito simples, mas indicado por especialistas em sa\u00fade. Conhe\u00e7a agora as principais orienta\u00e7\u00f5es para [&hellip;]<\/p>\n","protected":false},"author":8,"featured_media":31532,"comment_status":"open","ping_status":"open","sticky":false,"template":"","format":"standard","meta":{"jnews-multi-image_gallery":[],"jnews_single_post":{"format":"standard"},"jnews_primary_category":[],"jnews_social_meta":[],"jnews_override_counter":[],"footnotes":""},"categories":[476],"tags":[3874,973,327],"class_list":["post-31520","post","type-post","status-publish","format-standard","has-post-thumbnail","hentry","category-saude-e-bem-estar","tag-caminhada","tag-emagrecimento","tag-saude"],"yoast_head":"<!-- This site is optimized with the Yoast SEO plugin v26.5 - https:\/\/yoast.com\/wordpress\/plugins\/seo\/ -->\n<title>Voc\u00ea vai se surpreender com os efeitos da caminhada di\u00e1ria no corpo - UAI Not\u00edcias<\/title>\n<meta name=\"description\" content=\"A caminhada di\u00e1ria virou o xod\u00f3 de quem busca bem-estar. Entenda a dist\u00e2ncia ideal para ver resultados r\u00e1pidos e duradouros.\" \/>\n<meta name=\"robots\" content=\"index, follow, max-snippet:-1, max-image-preview:large, max-video-preview:-1\" \/>\n<link rel=\"canonical\" href=\"https:\/\/www.uai.com.br\/uainoticias\/2025\/07\/07\/voce-vai-se-surpreender-com-os-efeitos-da-caminhada-diaria-no-corpo\/\" \/>\n<meta property=\"og:locale\" content=\"pt_BR\" \/>\n<meta property=\"og:type\" content=\"article\" \/>\n<meta property=\"og:title\" content=\"Voc\u00ea vai se surpreender com os efeitos da caminhada di\u00e1ria no corpo - UAI Not\u00edcias\" \/>\n<meta property=\"og:description\" content=\"A caminhada di\u00e1ria virou o xod\u00f3 de quem busca bem-estar. Entenda a dist\u00e2ncia ideal para ver resultados r\u00e1pidos e duradouros.\" \/>\n<meta property=\"og:url\" content=\"https:\/\/www.uai.com.br\/uainoticias\/2025\/07\/07\/voce-vai-se-surpreender-com-os-efeitos-da-caminhada-diaria-no-corpo\/\" \/>\n<meta property=\"og:site_name\" content=\"UAI Not\u00edcias\" \/>\n<meta property=\"article:published_time\" content=\"2025-07-07T13:30:00+00:00\" \/>\n<meta property=\"og:image\" content=\"https:\/\/www.uai.com.br\/uainoticias\/wp-content\/uploads\/2025\/07\/CAMINHADA-_1751639946218.jpg\" \/>\n\t<meta property=\"og:image:width\" content=\"1280\" \/>\n\t<meta property=\"og:image:height\" content=\"720\" \/>\n\t<meta property=\"og:image:type\" content=\"image\/jpeg\" \/>\n<meta name=\"author\" content=\"Gabriela Minella\" \/>\n<meta name=\"twitter:card\" content=\"summary_large_image\" \/>\n<meta name=\"twitter:label1\" content=\"Escrito por\" \/>\n\t<meta name=\"twitter:data1\" content=\"Gabriela Minella\" \/>\n\t<meta name=\"twitter:label2\" content=\"Est. tempo de leitura\" \/>\n\t<meta name=\"twitter:data2\" content=\"5 minutos\" \/>\n<!-- \/ Yoast SEO plugin. -->","yoast_head_json":{"title":"Voc\u00ea vai se surpreender com os efeitos da caminhada di\u00e1ria no corpo - UAI Not\u00edcias","description":"A caminhada di\u00e1ria virou o xod\u00f3 de quem busca bem-estar. Entenda a dist\u00e2ncia ideal para ver resultados r\u00e1pidos e duradouros.","robots":{"index":"index","follow":"follow","max-snippet":"max-snippet:-1","max-image-preview":"max-image-preview:large","max-video-preview":"max-video-preview:-1"},"canonical":"https:\/\/www.uai.com.br\/uainoticias\/2025\/07\/07\/voce-vai-se-surpreender-com-os-efeitos-da-caminhada-diaria-no-corpo\/","og_locale":"pt_BR","og_type":"article","og_title":"Voc\u00ea vai se surpreender com os efeitos da caminhada di\u00e1ria no corpo - UAI Not\u00edcias","og_description":"A caminhada di\u00e1ria virou o xod\u00f3 de quem busca bem-estar. Entenda a dist\u00e2ncia ideal para ver resultados r\u00e1pidos e duradouros.","og_url":"https:\/\/www.uai.com.br\/uainoticias\/2025\/07\/07\/voce-vai-se-surpreender-com-os-efeitos-da-caminhada-diaria-no-corpo\/","og_site_name":"UAI Not\u00edcias","article_published_time":"2025-07-07T13:30:00+00:00","og_image":[{"width":1280,"height":720,"url":"https:\/\/www.uai.com.br\/uainoticias\/wp-content\/uploads\/2025\/07\/CAMINHADA-_1751639946218.jpg","type":"image\/jpeg"}],"author":"Gabriela Minella","twitter_card":"summary_large_image","twitter_misc":{"Escrito por":"Gabriela Minella","Est. tempo de leitura":"5 minutos"},"schema":{"@context":"https:\/\/schema.org","@graph":[{"@type":"WebPage","@id":"https:\/\/www.uai.com.br\/uainoticias\/2025\/07\/07\/voce-vai-se-surpreender-com-os-efeitos-da-caminhada-diaria-no-corpo\/","url":"https:\/\/www.uai.com.br\/uainoticias\/2025\/07\/07\/voce-vai-se-surpreender-com-os-efeitos-da-caminhada-diaria-no-corpo\/","name":"Voc\u00ea vai se surpreender com os efeitos da caminhada di\u00e1ria no corpo - UAI Not\u00edcias","isPartOf":{"@id":"https:\/\/www.uai.com.br\/uainoticias\/#website"},"primaryImageOfPage":{"@id":"https:\/\/www.uai.com.br\/uainoticias\/2025\/07\/07\/voce-vai-se-surpreender-com-os-efeitos-da-caminhada-diaria-no-corpo\/#primaryimage"},"image":{"@id":"https:\/\/www.uai.com.br\/uainoticias\/2025\/07\/07\/voce-vai-se-surpreender-com-os-efeitos-da-caminhada-diaria-no-corpo\/#primaryimage"},"thumbnailUrl":"https:\/\/www.uai.com.br\/uainoticias\/wp-content\/uploads\/2025\/07\/CAMINHADA-_1751639946218.jpg","datePublished":"2025-07-07T13:30:00+00:00","author":{"@id":"https:\/\/www.uai.com.br\/uainoticias\/#\/schema\/person\/99d8df0cf575c195d1aee9c6ce4e13b3"},"description":"A caminhada di\u00e1ria virou o xod\u00f3 de quem busca bem-estar. Entenda a dist\u00e2ncia ideal para ver resultados r\u00e1pidos e duradouros.","breadcrumb":{"@id":"https:\/\/www.uai.com.br\/uainoticias\/2025\/07\/07\/voce-vai-se-surpreender-com-os-efeitos-da-caminhada-diaria-no-corpo\/#breadcrumb"},"inLanguage":"pt-BR","potentialAction":[{"@type":"ReadAction","target":["https:\/\/www.uai.com.br\/uainoticias\/2025\/07\/07\/voce-vai-se-surpreender-com-os-efeitos-da-caminhada-diaria-no-corpo\/"]}]},{"@type":"ImageObject","inLanguage":"pt-BR","@id":"https:\/\/www.uai.com.br\/uainoticias\/2025\/07\/07\/voce-vai-se-surpreender-com-os-efeitos-da-caminhada-diaria-no-corpo\/#primaryimage","url":"https:\/\/www.uai.com.br\/uainoticias\/wp-content\/uploads\/2025\/07\/CAMINHADA-_1751639946218.jpg","contentUrl":"https:\/\/www.uai.com.br\/uainoticias\/wp-content\/uploads\/2025\/07\/CAMINHADA-_1751639946218.jpg","width":1280,"height":720,"caption":"Movimento leve di\u00e1rio que oxigena o corpo e eleva o bem-estar. - Cr\u00e9ditos: depositphotos.com \/ VitalikRadko"},{"@type":"BreadcrumbList","@id":"https:\/\/www.uai.com.br\/uainoticias\/2025\/07\/07\/voce-vai-se-surpreender-com-os-efeitos-da-caminhada-diaria-no-corpo\/#breadcrumb","itemListElement":[{"@type":"ListItem","position":1,"name":"In\u00edcio","item":"https:\/\/www.uai.com.br\/uainoticias\/"},{"@type":"ListItem","position":2,"name":"Voc\u00ea vai se surpreender com os efeitos da caminhada di\u00e1ria no corpo"}]},{"@type":"WebSite","@id":"https:\/\/www.uai.com.br\/uainoticias\/#website","url":"https:\/\/www.uai.com.br\/uainoticias\/","name":"UAI Not\u00edcias","description":"Acompanhe as \u00faltimas not\u00edcias e fique bem informado sobre tudo o que acontece no Brasil e no mundo.","potentialAction":[{"@type":"SearchAction","target":{"@type":"EntryPoint","urlTemplate":"https:\/\/www.uai.com.br\/uainoticias\/?s={search_term_string}"},"query-input":{"@type":"PropertyValueSpecification","valueRequired":true,"valueName":"search_term_string"}}],"inLanguage":"pt-BR"},{"@type":"Person","@id":"https:\/\/www.uai.com.br\/uainoticias\/#\/schema\/person\/99d8df0cf575c195d1aee9c6ce4e13b3","name":"Gabriela Minella","image":{"@type":"ImageObject","inLanguage":"pt-BR","@id":"https:\/\/www.uai.com.br\/uainoticias\/#\/schema\/person\/image\/","url":"https:\/\/secure.gravatar.com\/avatar\/effdabf98954eaac26fa2c6d9cd1aea2ff027c90c9638bb4bf424a6e1befc9c9?s=96&d=mm&r=g","contentUrl":"https:\/\/secure.gravatar.com\/avatar\/effdabf98954eaac26fa2c6d9cd1aea2ff027c90c9638bb4bf424a6e1befc9c9?s=96&d=mm&r=g","caption":"Gabriela Minella"},"sameAs":["https:\/\/www.uai.com.br\/uainoticias\/"],"url":"https:\/\/www.uai.com.br\/uainoticias\/author\/gabimyth\/"}]}},"_links":{"self":[{"href":"https:\/\/www.uai.com.br\/uainoticias\/wp-json\/wp\/v2\/posts\/31520","targetHints":{"allow":["GET"]}}],"collection":[{"href":"https:\/\/www.uai.com.br\/uainoticias\/wp-json\/wp\/v2\/posts"}],"about":[{"href":"https:\/\/www.uai.com.br\/uainoticias\/wp-json\/wp\/v2\/types\/post"}],"author":[{"embeddable":true,"href":"https:\/\/www.uai.com.br\/uainoticias\/wp-json\/wp\/v2\/users\/8"}],"replies":[{"embeddable":true,"href":"https:\/\/www.uai.com.br\/uainoticias\/wp-json\/wp\/v2\/comments?post=31520"}],"version-history":[{"count":1,"href":"https:\/\/www.uai.com.br\/uainoticias\/wp-json\/wp\/v2\/posts\/31520\/revisions"}],"predecessor-version":[{"id":31546,"href":"https:\/\/www.uai.com.br\/uainoticias\/wp-json\/wp\/v2\/posts\/31520\/revisions\/31546"}],"wp:featuredmedia":[{"embeddable":true,"href":"https:\/\/www.uai.com.br\/uainoticias\/wp-json\/wp\/v2\/media\/31532"}],"wp:attachment":[{"href":"https:\/\/www.uai.com.br\/uainoticias\/wp-json\/wp\/v2\/media?parent=31520"}],"wp:term":[{"taxonomy":"category","embeddable":true,"href":"https:\/\/www.uai.com.br\/uainoticias\/wp-json\/wp\/v2\/categories?post=31520"},{"taxonomy":"post_tag","embeddable":true,"href":"https:\/\/www.uai.com.br\/uainoticias\/wp-json\/wp\/v2\/tags?post=31520"}],"curies":[{"name":"wp","href":"https:\/\/api.w.org\/{rel}","templated":true}]}}