{"id":3013,"date":"2025-04-04T19:20:00","date_gmt":"2025-04-04T22:20:00","guid":{"rendered":"https:\/\/www.uai.com.br\/uainoticias\/?p=3013"},"modified":"2025-04-02T11:23:39","modified_gmt":"2025-04-02T14:23:39","slug":"o-impacto-do-novo-calculo-do-salario-minimo-no-brasil","status":"publish","type":"post","link":"https:\/\/www.uai.com.br\/uainoticias\/2025\/04\/04\/o-impacto-do-novo-calculo-do-salario-minimo-no-brasil\/","title":{"rendered":"O impacto do novo c\u00e1lculo do sal\u00e1rio m\u00ednimo no Brasil"},"content":{"rendered":"\n<p>Em 2025, o sal\u00e1rio m\u00ednimo no <strong>Brasil<\/strong> foi reajustado para R$ 1.518, representando um aumento de R$ 106 em rela\u00e7\u00e3o ao valor anterior. Este reajuste de 7,5% supera a infla\u00e7\u00e3o do per\u00edodo, mas reflete mudan\u00e7as significativas na f\u00f3rmula de <a href=\"https:\/\/www.uai.com.br\/uainoticias\/2025\/04\/02\/4-recursos-em-que-rivais-de-ia-se-destacam-sobre-o-chatgpt\/\" target=\"_blank\" rel=\"noreferrer noopener\">c\u00e1lculo<\/a> adotada pelo governo. A nova metodologia visa equilibrar o crescimento com as restri\u00e7\u00f5es or\u00e7ament\u00e1rias do pa\u00eds.<\/p>\n\n\n\n<p>Historicamente, o c\u00e1lculo do sal\u00e1rio m\u00ednimo no Brasil considerava a reposi\u00e7\u00e3o da infla\u00e7\u00e3o medida pelo <strong>INPC (\u00cdndice Nacional de Pre\u00e7os ao Consumidor)<\/strong> e a varia\u00e7\u00e3o do <strong>PIB (Produto Interno Bruto)<\/strong>. No entanto, uma nova regra foi implementada, adicionando um teto de aumento de despesas de 2,5%, mesmo que o crescimento do PIB seja superior a esse percentual.<\/p>\n\n\n\n<h2 class=\"wp-block-heading\">Como a nova f\u00f3rmula afeta o sal\u00e1rio m\u00ednimo?<\/h2>\n\n\n<div class=\"wp-block-image\">\n<figure class=\"aligncenter size-large is-resized\"><img decoding=\"async\" width=\"1024\" height=\"576\" src=\"https:\/\/www.uai.com.br\/uainoticias\/wp-content\/uploads\/2025\/04\/Dinheiro_1743603157900-1024x576.jpg\" alt=\"\" class=\"wp-image-3020\" style=\"object-fit:cover;width:1280px;height:720px\" srcset=\"https:\/\/www.uai.com.br\/uainoticias\/wp-content\/uploads\/2025\/04\/Dinheiro_1743603157900-1024x576.jpg 1024w, https:\/\/www.uai.com.br\/uainoticias\/wp-content\/uploads\/2025\/04\/Dinheiro_1743603157900-300x169.jpg 300w, https:\/\/www.uai.com.br\/uainoticias\/wp-content\/uploads\/2025\/04\/Dinheiro_1743603157900-768x432.jpg 768w, https:\/\/www.uai.com.br\/uainoticias\/wp-content\/uploads\/2025\/04\/Dinheiro_1743603157900-750x422.jpg 750w, https:\/\/www.uai.com.br\/uainoticias\/wp-content\/uploads\/2025\/04\/Dinheiro_1743603157900-1140x641.jpg 1140w, https:\/\/www.uai.com.br\/uainoticias\/wp-content\/uploads\/2025\/04\/Dinheiro_1743603157900.jpg 1280w\" sizes=\"(max-width: 1024px) 100vw, 1024px\" \/><figcaption class=\"wp-element-caption\">Mulher segurando notas Americanas. &#8211; Cr\u00e9ditos: depositphotos.com \/ AntonMatyukha<\/figcaption><\/figure><\/div>\n\n\n<p>A introdu\u00e7\u00e3o do teto de 2,5% nas despesas \u00e9 uma tentativa de controlar o impacto fiscal do aumento. Isso significa que, mesmo que o PIB cres\u00e7a 3,2%, o aumento aplicado ser\u00e1 limitado a 2,5%. Essa medida busca evitar que o aumento do sal\u00e1rio m\u00ednimo gere um efeito cascata nos gastos p\u00fablicos, especialmente em tempos de conten\u00e7\u00e3o de despesas.<\/p>\n\n\n\n<p>Essa mudan\u00e7a tem implica\u00e7\u00f5es diretas n\u00e3o apenas no sal\u00e1rio dos trabalhadores, mas tamb\u00e9m em benef\u00edcios sociais e aposentadorias, principalmente aquelas geridas pelo <strong>INSS (Instituto Nacional do Seguro Social)<\/strong>. O governo tem se mostrado preocupado com o impacto que aumentos abruptos do sal\u00e1rio m\u00ednimo podem ter no or\u00e7amento, especialmente em um cen\u00e1rio de restri\u00e7\u00f5es fiscais.<\/p>\n\n\n\n<h2 class=\"wp-block-heading\">Quais s\u00e3o as implica\u00e7\u00f5es para os benefici\u00e1rios do INSS?<\/h2>\n\n\n\n<p>O sal\u00e1rio m\u00ednimo serve como base para o c\u00e1lculo de diversas aposentadorias e<a href=\"https:\/\/www.uai.com.br\/uainoticias\/2025\/04\/01\/5-melhores-alexas-para-gerenciar-dispositivos-inteligentes-em-um-so-lugar\/\" target=\"_blank\" rel=\"noreferrer noopener\"> benef\u00edcios<\/a> sociais no Brasil. Com o novo teto de aumento, o governo busca controlar o crescimento das despesas com esses benef\u00edcios. Isso pode significar que, mesmo com um crescimento econ\u00f4mico robusto, os aumentos nos benef\u00edcios ser\u00e3o mais contidos, o que pode impactar o poder de compra dos benefici\u00e1rios.<\/p>\n\n\n\n<ul class=\"wp-block-list\">\n<li>Reposi\u00e7\u00e3o da infla\u00e7\u00e3o pelo INPC<\/li>\n\n\n\n<li>Varia\u00e7\u00e3o do PIB limitada a 2,5%<\/li>\n\n\n\n<li>Impacto direto em aposentadorias e benef\u00edcios sociais<\/li>\n<\/ul>\n\n\n\n<h2 class=\"wp-block-heading\">O que esperar para o futuro do sal\u00e1rio m\u00ednimo?<\/h2>\n\n\n\n<p>Com a nova regra em vigor, espera-se que o sal\u00e1rio m\u00ednimo continue a ser ajustado de forma a equilibrar o crescimento econ\u00f4mico com as restri\u00e7\u00f5es or\u00e7ament\u00e1rias. O governo ter\u00e1 que monitorar de perto os efeitos dessa pol\u00edtica, garantindo que os trabalhadores e benefici\u00e1rios do INSS n\u00e3o sejam prejudicados em termos de poder de compra.<\/p>\n\n\n\n<p>Em resumo, a mudan\u00e7a na f\u00f3rmula de c\u00e1lculo no Brasil representa um esfor\u00e7o para manter a sustentabilidade fiscal, ao mesmo tempo em que busca proteger o poder aquisitivo dos trabalhadores e benefici\u00e1rios. A efic\u00e1cia dessa pol\u00edtica depender\u00e1 de uma gest\u00e3o cuidadosa e de ajustes conforme as condi\u00e7\u00f5es econ\u00f4micas do pa\u00eds evoluam.<\/p>\n","protected":false},"excerpt":{"rendered":"<p>Em 2025, o sal\u00e1rio m\u00ednimo no Brasil foi reajustado para R$ 1.518, representando um aumento de R$ 106 em rela\u00e7\u00e3o ao valor anterior. Este reajuste de 7,5% supera a infla\u00e7\u00e3o do per\u00edodo, mas reflete mudan\u00e7as significativas na f\u00f3rmula de c\u00e1lculo adotada pelo governo. A nova metodologia visa equilibrar o crescimento com as restri\u00e7\u00f5es or\u00e7ament\u00e1rias do [&hellip;]<\/p>\n","protected":false},"author":7,"featured_media":3018,"comment_status":"open","ping_status":"open","sticky":false,"template":"","format":"standard","meta":{"jnews-multi-image_gallery":[],"jnews_single_post":{"format":"standard"},"jnews_primary_category":[],"jnews_social_meta":[],"jnews_override_counter":[],"footnotes":""},"categories":[609],"tags":[233,808,251],"class_list":["post-3013","post","type-post","status-publish","format-standard","has-post-thumbnail","hentry","category-economia","tag-brasil","tag-inss","tag-tendencia"],"yoast_head":"<!-- This site is optimized with the Yoast SEO plugin v26.5 - https:\/\/yoast.com\/wordpress\/plugins\/seo\/ -->\n<title>O impacto do novo c\u00e1lculo do sal\u00e1rio m\u00ednimo no Brasil - UAI Not\u00edcias<\/title>\n<meta name=\"description\" content=\"Sal\u00e1rio m\u00ednimo 2025 reajustado! Novo c\u00e1lculo limita aumentos e impacta benef\u00edcios do INSS. Saiba como essa mudan\u00e7a pode afetar seu bolso.\" \/>\n<meta name=\"robots\" content=\"index, follow, max-snippet:-1, max-image-preview:large, max-video-preview:-1\" \/>\n<link rel=\"canonical\" href=\"https:\/\/www.uai.com.br\/uainoticias\/2025\/04\/04\/o-impacto-do-novo-calculo-do-salario-minimo-no-brasil\/\" \/>\n<meta property=\"og:locale\" content=\"pt_BR\" \/>\n<meta property=\"og:type\" content=\"article\" \/>\n<meta property=\"og:title\" content=\"O impacto do novo c\u00e1lculo do sal\u00e1rio m\u00ednimo no Brasil - UAI Not\u00edcias\" \/>\n<meta property=\"og:description\" content=\"Sal\u00e1rio m\u00ednimo 2025 reajustado! Novo c\u00e1lculo limita aumentos e impacta benef\u00edcios do INSS. Saiba como essa mudan\u00e7a pode afetar seu bolso.\" \/>\n<meta property=\"og:url\" content=\"https:\/\/www.uai.com.br\/uainoticias\/2025\/04\/04\/o-impacto-do-novo-calculo-do-salario-minimo-no-brasil\/\" \/>\n<meta property=\"og:site_name\" content=\"UAI Not\u00edcias\" \/>\n<meta property=\"article:published_time\" content=\"2025-04-04T22:20:00+00:00\" \/>\n<meta property=\"og:image\" content=\"https:\/\/www.uai.com.br\/uainoticias\/wp-content\/uploads\/2025\/04\/Dinheiro_1743603107267.jpg\" \/>\n\t<meta property=\"og:image:width\" content=\"1280\" \/>\n\t<meta property=\"og:image:height\" content=\"720\" \/>\n\t<meta property=\"og:image:type\" content=\"image\/jpeg\" \/>\n<meta name=\"author\" content=\"Guilherme Lucas\" \/>\n<meta name=\"twitter:card\" content=\"summary_large_image\" \/>\n<meta name=\"twitter:label1\" content=\"Escrito por\" \/>\n\t<meta name=\"twitter:data1\" content=\"Guilherme Lucas\" \/>\n\t<meta name=\"twitter:label2\" content=\"Est. tempo de leitura\" \/>\n\t<meta name=\"twitter:data2\" content=\"3 minutos\" \/>\n<!-- \/ Yoast SEO plugin. -->","yoast_head_json":{"title":"O impacto do novo c\u00e1lculo do sal\u00e1rio m\u00ednimo no Brasil - UAI Not\u00edcias","description":"Sal\u00e1rio m\u00ednimo 2025 reajustado! Novo c\u00e1lculo limita aumentos e impacta benef\u00edcios do INSS. Saiba como essa mudan\u00e7a pode afetar seu bolso.","robots":{"index":"index","follow":"follow","max-snippet":"max-snippet:-1","max-image-preview":"max-image-preview:large","max-video-preview":"max-video-preview:-1"},"canonical":"https:\/\/www.uai.com.br\/uainoticias\/2025\/04\/04\/o-impacto-do-novo-calculo-do-salario-minimo-no-brasil\/","og_locale":"pt_BR","og_type":"article","og_title":"O impacto do novo c\u00e1lculo do sal\u00e1rio m\u00ednimo no Brasil - UAI Not\u00edcias","og_description":"Sal\u00e1rio m\u00ednimo 2025 reajustado! Novo c\u00e1lculo limita aumentos e impacta benef\u00edcios do INSS. Saiba como essa mudan\u00e7a pode afetar seu bolso.","og_url":"https:\/\/www.uai.com.br\/uainoticias\/2025\/04\/04\/o-impacto-do-novo-calculo-do-salario-minimo-no-brasil\/","og_site_name":"UAI Not\u00edcias","article_published_time":"2025-04-04T22:20:00+00:00","og_image":[{"width":1280,"height":720,"url":"https:\/\/www.uai.com.br\/uainoticias\/wp-content\/uploads\/2025\/04\/Dinheiro_1743603107267.jpg","type":"image\/jpeg"}],"author":"Guilherme Lucas","twitter_card":"summary_large_image","twitter_misc":{"Escrito por":"Guilherme Lucas","Est. tempo de leitura":"3 minutos"},"schema":{"@context":"https:\/\/schema.org","@graph":[{"@type":"WebPage","@id":"https:\/\/www.uai.com.br\/uainoticias\/2025\/04\/04\/o-impacto-do-novo-calculo-do-salario-minimo-no-brasil\/","url":"https:\/\/www.uai.com.br\/uainoticias\/2025\/04\/04\/o-impacto-do-novo-calculo-do-salario-minimo-no-brasil\/","name":"O impacto do novo c\u00e1lculo do sal\u00e1rio m\u00ednimo no Brasil - UAI Not\u00edcias","isPartOf":{"@id":"https:\/\/www.uai.com.br\/uainoticias\/#website"},"primaryImageOfPage":{"@id":"https:\/\/www.uai.com.br\/uainoticias\/2025\/04\/04\/o-impacto-do-novo-calculo-do-salario-minimo-no-brasil\/#primaryimage"},"image":{"@id":"https:\/\/www.uai.com.br\/uainoticias\/2025\/04\/04\/o-impacto-do-novo-calculo-do-salario-minimo-no-brasil\/#primaryimage"},"thumbnailUrl":"https:\/\/www.uai.com.br\/uainoticias\/wp-content\/uploads\/2025\/04\/Dinheiro_1743603107267.jpg","datePublished":"2025-04-04T22:20:00+00:00","author":{"@id":"https:\/\/www.uai.com.br\/uainoticias\/#\/schema\/person\/055b74ae27408d3c9bd325cd12d1c65f"},"description":"Sal\u00e1rio m\u00ednimo 2025 reajustado! Novo c\u00e1lculo limita aumentos e impacta benef\u00edcios do INSS. Saiba como essa mudan\u00e7a pode afetar seu bolso.","breadcrumb":{"@id":"https:\/\/www.uai.com.br\/uainoticias\/2025\/04\/04\/o-impacto-do-novo-calculo-do-salario-minimo-no-brasil\/#breadcrumb"},"inLanguage":"pt-BR","potentialAction":[{"@type":"ReadAction","target":["https:\/\/www.uai.com.br\/uainoticias\/2025\/04\/04\/o-impacto-do-novo-calculo-do-salario-minimo-no-brasil\/"]}]},{"@type":"ImageObject","inLanguage":"pt-BR","@id":"https:\/\/www.uai.com.br\/uainoticias\/2025\/04\/04\/o-impacto-do-novo-calculo-do-salario-minimo-no-brasil\/#primaryimage","url":"https:\/\/www.uai.com.br\/uainoticias\/wp-content\/uploads\/2025\/04\/Dinheiro_1743603107267.jpg","contentUrl":"https:\/\/www.uai.com.br\/uainoticias\/wp-content\/uploads\/2025\/04\/Dinheiro_1743603107267.jpg","width":1280,"height":720,"caption":"Vis\u00e3o recortada de um empres\u00e1rio usando calculadora perto de dinheiro e contrato. - Cr\u00e9ditos: depositphotos.com \/ HayDmitriy"},{"@type":"BreadcrumbList","@id":"https:\/\/www.uai.com.br\/uainoticias\/2025\/04\/04\/o-impacto-do-novo-calculo-do-salario-minimo-no-brasil\/#breadcrumb","itemListElement":[{"@type":"ListItem","position":1,"name":"In\u00edcio","item":"https:\/\/www.uai.com.br\/uainoticias\/"},{"@type":"ListItem","position":2,"name":"O impacto do novo c\u00e1lculo do sal\u00e1rio m\u00ednimo no Brasil"}]},{"@type":"WebSite","@id":"https:\/\/www.uai.com.br\/uainoticias\/#website","url":"https:\/\/www.uai.com.br\/uainoticias\/","name":"UAI Not\u00edcias","description":"Acompanhe as \u00faltimas not\u00edcias e fique bem informado sobre tudo o que acontece no Brasil e no mundo.","potentialAction":[{"@type":"SearchAction","target":{"@type":"EntryPoint","urlTemplate":"https:\/\/www.uai.com.br\/uainoticias\/?s={search_term_string}"},"query-input":{"@type":"PropertyValueSpecification","valueRequired":true,"valueName":"search_term_string"}}],"inLanguage":"pt-BR"},{"@type":"Person","@id":"https:\/\/www.uai.com.br\/uainoticias\/#\/schema\/person\/055b74ae27408d3c9bd325cd12d1c65f","name":"Guilherme Lucas","image":{"@type":"ImageObject","inLanguage":"pt-BR","@id":"https:\/\/www.uai.com.br\/uainoticias\/#\/schema\/person\/image\/","url":"https:\/\/secure.gravatar.com\/avatar\/bde204e124e2b0380869a2811281ec228473f402fb8e1ac4b18eaf0e42abfc30?s=96&d=mm&r=g","contentUrl":"https:\/\/secure.gravatar.com\/avatar\/bde204e124e2b0380869a2811281ec228473f402fb8e1ac4b18eaf0e42abfc30?s=96&d=mm&r=g","caption":"Guilherme Lucas"},"url":"https:\/\/www.uai.com.br\/uainoticias\/author\/guilhermemyth\/"}]}},"_links":{"self":[{"href":"https:\/\/www.uai.com.br\/uainoticias\/wp-json\/wp\/v2\/posts\/3013","targetHints":{"allow":["GET"]}}],"collection":[{"href":"https:\/\/www.uai.com.br\/uainoticias\/wp-json\/wp\/v2\/posts"}],"about":[{"href":"https:\/\/www.uai.com.br\/uainoticias\/wp-json\/wp\/v2\/types\/post"}],"author":[{"embeddable":true,"href":"https:\/\/www.uai.com.br\/uainoticias\/wp-json\/wp\/v2\/users\/7"}],"replies":[{"embeddable":true,"href":"https:\/\/www.uai.com.br\/uainoticias\/wp-json\/wp\/v2\/comments?post=3013"}],"version-history":[{"count":1,"href":"https:\/\/www.uai.com.br\/uainoticias\/wp-json\/wp\/v2\/posts\/3013\/revisions"}],"predecessor-version":[{"id":3022,"href":"https:\/\/www.uai.com.br\/uainoticias\/wp-json\/wp\/v2\/posts\/3013\/revisions\/3022"}],"wp:featuredmedia":[{"embeddable":true,"href":"https:\/\/www.uai.com.br\/uainoticias\/wp-json\/wp\/v2\/media\/3018"}],"wp:attachment":[{"href":"https:\/\/www.uai.com.br\/uainoticias\/wp-json\/wp\/v2\/media?parent=3013"}],"wp:term":[{"taxonomy":"category","embeddable":true,"href":"https:\/\/www.uai.com.br\/uainoticias\/wp-json\/wp\/v2\/categories?post=3013"},{"taxonomy":"post_tag","embeddable":true,"href":"https:\/\/www.uai.com.br\/uainoticias\/wp-json\/wp\/v2\/tags?post=3013"}],"curies":[{"name":"wp","href":"https:\/\/api.w.org\/{rel}","templated":true}]}}