{"id":2945,"date":"2025-04-04T07:20:00","date_gmt":"2025-04-04T10:20:00","guid":{"rendered":"https:\/\/www.uai.com.br\/uainoticias\/?p=2945"},"modified":"2025-04-02T09:40:54","modified_gmt":"2025-04-02T12:40:54","slug":"calendario-de-pagamento-do-bolsa-familia-em-abril-de-2025","status":"publish","type":"post","link":"https:\/\/www.uai.com.br\/uainoticias\/2025\/04\/04\/calendario-de-pagamento-do-bolsa-familia-em-abril-de-2025\/","title":{"rendered":"Governo libera o calend\u00e1rio de pagamento do Bolsa Fam\u00edlia em Abril de 2025"},"content":{"rendered":"\n<p>O <strong>Minist\u00e9rio do Desenvolvimento <\/strong>e <strong>Assist\u00eancia Social<\/strong>, <strong>Fam\u00edlia<\/strong> e <strong>Combate \u00e0 Fome<\/strong> j\u00e1 definiu as datas de pagamento do <strong>Bolsa Fam\u00edlia<\/strong> para abril de 2025. Os pagamentos ter\u00e3o in\u00edcio no dia 15 e seguir\u00e3o at\u00e9 o final do m\u00eas, de forma escalonada. Este cronograma \u00e9 organizado de acordo com o \u00faltimo d\u00edgito do N\u00famero de Identifica\u00e7\u00e3o Social (NIS) de cada benefici\u00e1rio.<\/p>\n\n\n\n<p>Os valores do Bolsa Fam\u00edlia s\u00e3o disponibilizados nos \u00faltimos 10 dias \u00fateis de cada m\u00eas, com exce\u00e7\u00e3o de dezembro, quando os pagamentos come\u00e7am no dia 10 e s\u00e3o conclu\u00eddos antes do Natal. Este planejamento visa garantir que as fam\u00edlias possam se organizar financeiramente de maneira eficiente.<\/p>\n\n\n\n<h2 class=\"wp-block-heading\">Como funciona o pagamento escalonado do Bolsa Fam\u00edlia?<\/h2>\n\n\n<div class=\"wp-block-image\">\n<figure class=\"aligncenter size-large is-resized\"><img decoding=\"async\" width=\"1024\" height=\"576\" src=\"https:\/\/www.uai.com.br\/uainoticias\/wp-content\/uploads\/2025\/04\/Bolsa-Familia_1743596994968-1024x576.jpg\" alt=\"\" class=\"wp-image-2953\" style=\"object-fit:cover;width:1280px;height:720px\" srcset=\"https:\/\/www.uai.com.br\/uainoticias\/wp-content\/uploads\/2025\/04\/Bolsa-Familia_1743596994968-1024x576.jpg 1024w, https:\/\/www.uai.com.br\/uainoticias\/wp-content\/uploads\/2025\/04\/Bolsa-Familia_1743596994968-300x169.jpg 300w, https:\/\/www.uai.com.br\/uainoticias\/wp-content\/uploads\/2025\/04\/Bolsa-Familia_1743596994968-768x432.jpg 768w, https:\/\/www.uai.com.br\/uainoticias\/wp-content\/uploads\/2025\/04\/Bolsa-Familia_1743596994968-750x422.jpg 750w, https:\/\/www.uai.com.br\/uainoticias\/wp-content\/uploads\/2025\/04\/Bolsa-Familia_1743596994968-1140x641.jpg 1140w, https:\/\/www.uai.com.br\/uainoticias\/wp-content\/uploads\/2025\/04\/Bolsa-Familia_1743596994968.jpg 1280w\" sizes=\"(max-width: 1024px) 100vw, 1024px\" \/><figcaption class=\"wp-element-caption\">Mulher segurando o cartao do Bolsa Familia com umas notas de dinheiro. &#8211; Cr\u00e9ditos: depositphotos.com \/ joasouza<\/figcaption><\/figure><\/div>\n\n\n<p>O pagamento escalonado do <a href=\"https:\/\/www.gov.br\/mds\/pt-br\/acoes-e-programas\/bolsa-familia\" target=\"_blank\" rel=\"noreferrer noopener\">Bolsa Fam\u00edlia<\/a> \u00e9 uma estrat\u00e9gia para evitar aglomera\u00e7\u00f5es e facilitar o acesso dos <a href=\"https:\/\/www.uai.com.br\/uainoticias\/2025\/04\/02\/4-recursos-em-que-rivais-de-ia-se-destacam-sobre-o-chatgpt\/\" target=\"_blank\" rel=\"noreferrer noopener\">benefici\u00e1rios<\/a> aos recursos. A data exata de recebimento \u00e9 determinada pelo \u00faltimo d\u00edgito do NIS, que pode ser encontrado no cart\u00e3o do programa. Este sistema assegura que o processo de saque seja ordenado e seguro para todos os envolvidos.<\/p>\n\n\n\n<p>Por exemplo, se o \u00faltimo d\u00edgito do NIS for 1, o pagamento ser\u00e1 realizado no primeiro dia do cronograma. Assim, cada grupo de benefici\u00e1rios recebe em dias diferentes, at\u00e9 que todos tenham acesso ao benef\u00edcio dentro do m\u00eas.<\/p>\n\n\n\n<h2 class=\"wp-block-heading\">Quais s\u00e3o os benef\u00edcios do programa Bolsa Fam\u00edlia?<\/h2>\n\n\n\n<p>O Bolsa Fam\u00edlia \u00e9 composto por seis benef\u00edcios distintos, cada um destinado a atender necessidades espec\u00edficas das fam\u00edlias benefici\u00e1rias. Esses benef\u00edcios s\u00e3o projetados para oferecer suporte financeiro e promover o bem-estar social, garantindo que as fam\u00edlias tenham acesso a recursos b\u00e1sicos.<\/p>\n\n\n\n<ul class=\"wp-block-list\">\n<li><strong>Benef\u00edcio B\u00e1sico:<\/strong> Oferecido a fam\u00edlias em situa\u00e7\u00e3o de extrema pobreza.<\/li>\n\n\n\n<li><strong>Benef\u00edcio Vari\u00e1vel:<\/strong> Destinado a fam\u00edlias com crian\u00e7as e adolescentes de at\u00e9 15 anos.<\/li>\n\n\n\n<li><strong>Benef\u00edcio Vari\u00e1vel Jovem:<\/strong> Para fam\u00edlias com adolescentes entre 16 e 17 anos.<\/li>\n\n\n\n<li><strong>Benef\u00edcio para Supera\u00e7\u00e3o da Extrema Pobreza:<\/strong> Complementa a renda das fam\u00edlias extremamente pobres.<\/li>\n\n\n\n<li><strong>Benef\u00edcio para Gestantes:<\/strong> Apoio financeiro durante a gravidez.<\/li>\n\n\n\n<li><strong>Benef\u00edcio para Nutriz:<\/strong> Destinado a fam\u00edlias com crian\u00e7as de at\u00e9 seis meses.<\/li>\n<\/ul>\n\n\n\n<h2 class=\"wp-block-heading\">Quais condi\u00e7\u00f5es devem ser cumpridas para receber o Bolsa Fam\u00edlia?<\/h2>\n\n\n\n<p>Para receber o Bolsa Fam\u00edlia, as fam\u00edlias devem cumprir algumas condi\u00e7\u00f5es nas \u00e1reas de sa\u00fade e educa\u00e7\u00e3o. \u00c9 essencial que as crian\u00e7as estejam matriculadas na escola e com a vacina\u00e7\u00e3o em dia. Al\u00e9m disso, \u00e9 necess\u00e1rio informar que a fam\u00edlia \u00e9 benefici\u00e1ria do programa no momento da matr\u00edcula escolar e durante as visitas aos postos de sa\u00fade.<\/p>\n\n\n\n<p>Essas condi\u00e7\u00f5es s\u00e3o fundamentais para garantir que o <a href=\"https:\/\/www.uai.com.br\/uainoticias\/2025\/04\/01\/5-melhores-alexas-para-gerenciar-dispositivos-inteligentes-em-um-so-lugar\/\" target=\"_blank\" rel=\"noreferrer noopener\">programa<\/a> alcance seus objetivos de promover a educa\u00e7\u00e3o e a sa\u00fade entre as fam\u00edlias de baixa renda, contribuindo para a melhoria da qualidade de vida e o desenvolvimento social.<\/p>\n\n\n\n<h2 class=\"wp-block-heading\">Como garantir o recebimento do benef\u00edcio?<\/h2>\n\n\n\n<p>Para garantir o recebimento do Bolsa Fam\u00edlia, \u00e9 crucial que as fam\u00edlias estejam atentas \u00e0s datas de pagamento e cumpram todas as condi\u00e7\u00f5es exigidas pelo programa. Manter os dados atualizados e seguir as orienta\u00e7\u00f5es do Minist\u00e9rio do Desenvolvimento e Assist\u00eancia Social \u00e9 essencial para evitar problemas no recebimento dos benef\u00edcios.<\/p>\n\n\n\n<p>Ao seguir essas diretrizes, as fam\u00edlias podem assegurar que continuar\u00e3o a receber o suporte financeiro necess\u00e1rio para enfrentar os desafios do dia a dia, contribuindo para um futuro mais est\u00e1vel e promissor.<\/p>\n","protected":false},"excerpt":{"rendered":"<p>O Minist\u00e9rio do Desenvolvimento e Assist\u00eancia Social, Fam\u00edlia e Combate \u00e0 Fome j\u00e1 definiu as datas de pagamento do Bolsa Fam\u00edlia para abril de 2025. Os pagamentos ter\u00e3o in\u00edcio no dia 15 e seguir\u00e3o at\u00e9 o final do m\u00eas, de forma escalonada. Este cronograma \u00e9 organizado de acordo com o \u00faltimo d\u00edgito do N\u00famero de [&hellip;]<\/p>\n","protected":false},"author":7,"featured_media":2952,"comment_status":"open","ping_status":"open","sticky":false,"template":"","format":"standard","meta":{"jnews-multi-image_gallery":[],"jnews_single_post":{"format":"standard"},"jnews_primary_category":[],"jnews_social_meta":[],"jnews_override_counter":[],"footnotes":""},"categories":[609],"tags":[796,233,251],"class_list":["post-2945","post","type-post","status-publish","format-standard","has-post-thumbnail","hentry","category-economia","tag-beneficios","tag-brasil","tag-tendencia"],"yoast_head":"<!-- This site is optimized with the Yoast SEO plugin v26.5 - https:\/\/yoast.com\/wordpress\/plugins\/seo\/ -->\n<title>Governo libera o calend\u00e1rio de pagamento do Bolsa Fam\u00edlia em Abril de 2025 - UAI Not\u00edcias<\/title>\n<meta name=\"description\" content=\"Confira as datas do Bolsa Fam\u00edlia para abril de 2025! Veja quem recebe primeiro e como garantir seu benef\u00edcio sem imprevistos.\" \/>\n<meta name=\"robots\" content=\"index, follow, max-snippet:-1, max-image-preview:large, max-video-preview:-1\" \/>\n<link rel=\"canonical\" href=\"https:\/\/www.uai.com.br\/uainoticias\/2025\/04\/04\/calendario-de-pagamento-do-bolsa-familia-em-abril-de-2025\/\" \/>\n<meta property=\"og:locale\" content=\"pt_BR\" \/>\n<meta property=\"og:type\" content=\"article\" \/>\n<meta property=\"og:title\" content=\"Governo libera o calend\u00e1rio de pagamento do Bolsa Fam\u00edlia em Abril de 2025 - UAI Not\u00edcias\" \/>\n<meta property=\"og:description\" content=\"Confira as datas do Bolsa Fam\u00edlia para abril de 2025! Veja quem recebe primeiro e como garantir seu benef\u00edcio sem imprevistos.\" \/>\n<meta property=\"og:url\" content=\"https:\/\/www.uai.com.br\/uainoticias\/2025\/04\/04\/calendario-de-pagamento-do-bolsa-familia-em-abril-de-2025\/\" \/>\n<meta property=\"og:site_name\" content=\"UAI Not\u00edcias\" \/>\n<meta property=\"article:published_time\" content=\"2025-04-04T10:20:00+00:00\" \/>\n<meta property=\"og:image\" content=\"https:\/\/www.uai.com.br\/uainoticias\/wp-content\/uploads\/2025\/04\/Luiz-inacio-lula-da-silva_1743596838093.jpg\" \/>\n\t<meta property=\"og:image:width\" content=\"1280\" \/>\n\t<meta property=\"og:image:height\" content=\"720\" \/>\n\t<meta property=\"og:image:type\" content=\"image\/jpeg\" \/>\n<meta name=\"author\" content=\"Guilherme Lucas\" \/>\n<meta name=\"twitter:card\" content=\"summary_large_image\" \/>\n<meta name=\"twitter:label1\" content=\"Escrito por\" \/>\n\t<meta name=\"twitter:data1\" content=\"Guilherme Lucas\" \/>\n\t<meta name=\"twitter:label2\" content=\"Est. tempo de leitura\" \/>\n\t<meta name=\"twitter:data2\" content=\"4 minutos\" \/>\n<!-- \/ Yoast SEO plugin. -->","yoast_head_json":{"title":"Governo libera o calend\u00e1rio de pagamento do Bolsa Fam\u00edlia em Abril de 2025 - UAI Not\u00edcias","description":"Confira as datas do Bolsa Fam\u00edlia para abril de 2025! Veja quem recebe primeiro e como garantir seu benef\u00edcio sem imprevistos.","robots":{"index":"index","follow":"follow","max-snippet":"max-snippet:-1","max-image-preview":"max-image-preview:large","max-video-preview":"max-video-preview:-1"},"canonical":"https:\/\/www.uai.com.br\/uainoticias\/2025\/04\/04\/calendario-de-pagamento-do-bolsa-familia-em-abril-de-2025\/","og_locale":"pt_BR","og_type":"article","og_title":"Governo libera o calend\u00e1rio de pagamento do Bolsa Fam\u00edlia em Abril de 2025 - UAI Not\u00edcias","og_description":"Confira as datas do Bolsa Fam\u00edlia para abril de 2025! Veja quem recebe primeiro e como garantir seu benef\u00edcio sem imprevistos.","og_url":"https:\/\/www.uai.com.br\/uainoticias\/2025\/04\/04\/calendario-de-pagamento-do-bolsa-familia-em-abril-de-2025\/","og_site_name":"UAI Not\u00edcias","article_published_time":"2025-04-04T10:20:00+00:00","og_image":[{"width":1280,"height":720,"url":"https:\/\/www.uai.com.br\/uainoticias\/wp-content\/uploads\/2025\/04\/Luiz-inacio-lula-da-silva_1743596838093.jpg","type":"image\/jpeg"}],"author":"Guilherme Lucas","twitter_card":"summary_large_image","twitter_misc":{"Escrito por":"Guilherme Lucas","Est. tempo de leitura":"4 minutos"},"schema":{"@context":"https:\/\/schema.org","@graph":[{"@type":"WebPage","@id":"https:\/\/www.uai.com.br\/uainoticias\/2025\/04\/04\/calendario-de-pagamento-do-bolsa-familia-em-abril-de-2025\/","url":"https:\/\/www.uai.com.br\/uainoticias\/2025\/04\/04\/calendario-de-pagamento-do-bolsa-familia-em-abril-de-2025\/","name":"Governo libera o calend\u00e1rio de pagamento do Bolsa Fam\u00edlia em Abril de 2025 - UAI Not\u00edcias","isPartOf":{"@id":"https:\/\/www.uai.com.br\/uainoticias\/#website"},"primaryImageOfPage":{"@id":"https:\/\/www.uai.com.br\/uainoticias\/2025\/04\/04\/calendario-de-pagamento-do-bolsa-familia-em-abril-de-2025\/#primaryimage"},"image":{"@id":"https:\/\/www.uai.com.br\/uainoticias\/2025\/04\/04\/calendario-de-pagamento-do-bolsa-familia-em-abril-de-2025\/#primaryimage"},"thumbnailUrl":"https:\/\/www.uai.com.br\/uainoticias\/wp-content\/uploads\/2025\/04\/Luiz-inacio-lula-da-silva_1743596838093.jpg","datePublished":"2025-04-04T10:20:00+00:00","author":{"@id":"https:\/\/www.uai.com.br\/uainoticias\/#\/schema\/person\/055b74ae27408d3c9bd325cd12d1c65f"},"description":"Confira as datas do Bolsa Fam\u00edlia para abril de 2025! Veja quem recebe primeiro e como garantir seu benef\u00edcio sem imprevistos.","breadcrumb":{"@id":"https:\/\/www.uai.com.br\/uainoticias\/2025\/04\/04\/calendario-de-pagamento-do-bolsa-familia-em-abril-de-2025\/#breadcrumb"},"inLanguage":"pt-BR","potentialAction":[{"@type":"ReadAction","target":["https:\/\/www.uai.com.br\/uainoticias\/2025\/04\/04\/calendario-de-pagamento-do-bolsa-familia-em-abril-de-2025\/"]}]},{"@type":"ImageObject","inLanguage":"pt-BR","@id":"https:\/\/www.uai.com.br\/uainoticias\/2025\/04\/04\/calendario-de-pagamento-do-bolsa-familia-em-abril-de-2025\/#primaryimage","url":"https:\/\/www.uai.com.br\/uainoticias\/wp-content\/uploads\/2025\/04\/Luiz-inacio-lula-da-silva_1743596838093.jpg","contentUrl":"https:\/\/www.uai.com.br\/uainoticias\/wp-content\/uploads\/2025\/04\/Luiz-inacio-lula-da-silva_1743596838093.jpg","width":1280,"height":720,"caption":"O presidente Lula, durante uma campanha no Brasil. - Cr\u00e9ditos: depositphotos.com \/ fredpinheiro.hotmail.com.br"},{"@type":"BreadcrumbList","@id":"https:\/\/www.uai.com.br\/uainoticias\/2025\/04\/04\/calendario-de-pagamento-do-bolsa-familia-em-abril-de-2025\/#breadcrumb","itemListElement":[{"@type":"ListItem","position":1,"name":"In\u00edcio","item":"https:\/\/www.uai.com.br\/uainoticias\/"},{"@type":"ListItem","position":2,"name":"Governo libera o calend\u00e1rio de pagamento do Bolsa Fam\u00edlia em Abril de 2025"}]},{"@type":"WebSite","@id":"https:\/\/www.uai.com.br\/uainoticias\/#website","url":"https:\/\/www.uai.com.br\/uainoticias\/","name":"UAI Not\u00edcias","description":"Acompanhe as \u00faltimas not\u00edcias e fique bem informado sobre tudo o que acontece no Brasil e no mundo.","potentialAction":[{"@type":"SearchAction","target":{"@type":"EntryPoint","urlTemplate":"https:\/\/www.uai.com.br\/uainoticias\/?s={search_term_string}"},"query-input":{"@type":"PropertyValueSpecification","valueRequired":true,"valueName":"search_term_string"}}],"inLanguage":"pt-BR"},{"@type":"Person","@id":"https:\/\/www.uai.com.br\/uainoticias\/#\/schema\/person\/055b74ae27408d3c9bd325cd12d1c65f","name":"Guilherme Lucas","image":{"@type":"ImageObject","inLanguage":"pt-BR","@id":"https:\/\/www.uai.com.br\/uainoticias\/#\/schema\/person\/image\/","url":"https:\/\/secure.gravatar.com\/avatar\/bde204e124e2b0380869a2811281ec228473f402fb8e1ac4b18eaf0e42abfc30?s=96&d=mm&r=g","contentUrl":"https:\/\/secure.gravatar.com\/avatar\/bde204e124e2b0380869a2811281ec228473f402fb8e1ac4b18eaf0e42abfc30?s=96&d=mm&r=g","caption":"Guilherme Lucas"},"url":"https:\/\/www.uai.com.br\/uainoticias\/author\/guilhermemyth\/"}]}},"_links":{"self":[{"href":"https:\/\/www.uai.com.br\/uainoticias\/wp-json\/wp\/v2\/posts\/2945","targetHints":{"allow":["GET"]}}],"collection":[{"href":"https:\/\/www.uai.com.br\/uainoticias\/wp-json\/wp\/v2\/posts"}],"about":[{"href":"https:\/\/www.uai.com.br\/uainoticias\/wp-json\/wp\/v2\/types\/post"}],"author":[{"embeddable":true,"href":"https:\/\/www.uai.com.br\/uainoticias\/wp-json\/wp\/v2\/users\/7"}],"replies":[{"embeddable":true,"href":"https:\/\/www.uai.com.br\/uainoticias\/wp-json\/wp\/v2\/comments?post=2945"}],"version-history":[{"count":2,"href":"https:\/\/www.uai.com.br\/uainoticias\/wp-json\/wp\/v2\/posts\/2945\/revisions"}],"predecessor-version":[{"id":2961,"href":"https:\/\/www.uai.com.br\/uainoticias\/wp-json\/wp\/v2\/posts\/2945\/revisions\/2961"}],"wp:featuredmedia":[{"embeddable":true,"href":"https:\/\/www.uai.com.br\/uainoticias\/wp-json\/wp\/v2\/media\/2952"}],"wp:attachment":[{"href":"https:\/\/www.uai.com.br\/uainoticias\/wp-json\/wp\/v2\/media?parent=2945"}],"wp:term":[{"taxonomy":"category","embeddable":true,"href":"https:\/\/www.uai.com.br\/uainoticias\/wp-json\/wp\/v2\/categories?post=2945"},{"taxonomy":"post_tag","embeddable":true,"href":"https:\/\/www.uai.com.br\/uainoticias\/wp-json\/wp\/v2\/tags?post=2945"}],"curies":[{"name":"wp","href":"https:\/\/api.w.org\/{rel}","templated":true}]}}