{"id":18782,"date":"2025-06-06T19:20:00","date_gmt":"2025-06-06T22:20:00","guid":{"rendered":"https:\/\/www.uai.com.br\/uainoticias\/?p=18782"},"modified":"2025-06-04T16:23:47","modified_gmt":"2025-06-04T19:23:47","slug":"cidade-encanta-turistas-de-todo-o-pais-por-seu-clima-quente-e-a-prosperidade-economica","status":"publish","type":"post","link":"https:\/\/www.uai.com.br\/uainoticias\/2025\/06\/06\/cidade-encanta-turistas-de-todo-o-pais-por-seu-clima-quente-e-a-prosperidade-economica\/","title":{"rendered":"Cidade encanta turistas de todo o pa\u00eds por seu clima quente e \u00e0 prosperidade econ\u00f4mica"},"content":{"rendered":"\n<p><strong>Ribeir\u00e3o Preto<\/strong>, localizada no interior do estado de <strong>S\u00e3o Paulo<\/strong>, \u00e9 uma cidade conhecida por sua <a href=\"https:\/\/www.uai.com.br\/uainoticias\/2025\/06\/04\/frente-fria-chega-no-sul-surpreendendo-as-capitais-com-minimas-de-8c\/\" target=\"_blank\" rel=\"noreferrer noopener\">import\u00e2ncia <\/a>econ\u00f4mica e cultural. Fundada em 1856, a cidade se desenvolveu rapidamente, tornando-se um dos principais polos regionais do <strong>Brasil<\/strong>. Com uma popula\u00e7\u00e3o estimada em mais de 720 mil habitantes em 2025, Ribeir\u00e3o Preto \u00e9 frequentemente referida como a &#8220;<strong>Calif\u00f3rnia Brasileira<\/strong>&#8221; devido ao seu clima quente e \u00e0 prosperidade econ\u00f4mica.<\/p>\n\n\n\n<p>A cidade \u00e9 um importante centro de neg\u00f3cios, educa\u00e7\u00e3o e sa\u00fade, atraindo pessoas de diversas partes do pa\u00eds. Ribeir\u00e3o Preto \u00e9 tamb\u00e9m famosa por sua produ\u00e7\u00e3o de cerveja artesanal e pela presen\u00e7a de universidades renomadas, como a <strong>Universidade de S\u00e3o Paulo<\/strong> (USP), que contribuem para o seu dinamismo cultural e acad\u00eamico. A combina\u00e7\u00e3o de institui\u00e7\u00f5es educacionais de prest\u00edgio com um mercado de trabalho vibrante faz com que a cidade seja um polo atrativo para jovens profissionais e estudantes.<\/p>\n\n\n\n<h2 class=\"wp-block-heading\">Quantas pessoas visitam e mudam para Ribeir\u00e3o Preto anualmente?<\/h2>\n\n\n\n<figure class=\"wp-block-embed is-type-video is-provider-youtube wp-block-embed-youtube wp-embed-aspect-16-9 wp-has-aspect-ratio\"><div class=\"wp-block-embed__wrapper\">\n<div class=\"jeg_video_container jeg_video_content\"><iframe loading=\"lazy\" title=\"21 Dicas de Passeio Incr\u00edveis em Ribeir\u00e3o Preto | O que fazer em Ribeir\u00e3o Preto\" width=\"500\" height=\"281\" src=\"https:\/\/www.youtube.com\/embed\/vG5pEhaeN9w?feature=oembed\" frameborder=\"0\" allow=\"accelerometer; autoplay; clipboard-write; encrypted-media; gyroscope; picture-in-picture; web-share\" referrerpolicy=\"strict-origin-when-cross-origin\" allowfullscreen><\/iframe><\/div>\n<\/div><\/figure>\n\n\n\n<p><a href=\"https:\/\/www.ribeiraopreto.sp.gov.br\/portal\/\" target=\"_blank\" rel=\"noreferrer noopener\">Ribeir\u00e3o Preto<\/a> atrai milhares de visitantes todos os anos, tanto para turismo quanto para neg\u00f3cios. <strong>Estima-se que cerca de 1,5 milh\u00e3o de pessoas visitem a cidade anualmente, participando de eventos culturais, feiras e congressos.<\/strong> Al\u00e9m disso, a cidade \u00e9 um destino popular para estudantes e profissionais em busca de oportunidades educacionais e de carreira, gra\u00e7as \u00e0 sua ampla oferta educacional e \u00e0 presen\u00e7a de um vibrante centro m\u00e9dico-hospitalar.<\/p>\n\n\n\n<p>Em termos de migra\u00e7\u00e3o, Ribeir\u00e3o Preto recebe aproximadamente 10 mil novos moradores por ano. Esse fluxo migrat\u00f3rio \u00e9 impulsionado pela qualidade de vida que a cidade oferece, incluindo boas op\u00e7\u00f5es de educa\u00e7\u00e3o, sa\u00fade e lazer. A infraestrutura urbana e as oportunidades de emprego tamb\u00e9m s\u00e3o fatores que atraem novos residentes. A cidade tem investido em melhorias urbanas, o que tamb\u00e9m tem elevado seu perfil como um local desej\u00e1vel para se estabelecer.<\/p>\n\n\n\n<h2 class=\"wp-block-heading\">Como \u00e9 a moradia em Ribeir\u00e3o Preto e o que ela oferece?<\/h2>\n\n\n\n<p>A moradia em Ribeir\u00e3o Preto \u00e9 diversificada, atendendo a diferentes perfis e necessidades. <strong>A cidade possui uma ampla oferta de im\u00f3veis, desde apartamentos em \u00e1reas centrais at\u00e9 casas em bairros mais tranquilos e afastados. <\/strong>O mercado imobili\u00e1rio \u00e9 din\u00e2mico, com lan\u00e7amentos frequentes de novos empreendimentos residenciais e comerciais. Al\u00e9m disso, existe um di\u00e1logo constante entre as construtoras e o poder p\u00fablico para atrelar desenvolvimento urbano a iniciativas sustent\u00e1veis, refletindo-se em constru\u00e7\u00f5es mais ecol\u00f3gicas e eficientes energeticamente.<\/p>\n\n\n\n<p>Os bairros mais procurados para morar incluem o <strong>Jardim Bot\u00e2nico<\/strong>, <strong>Nova Alian\u00e7a<\/strong> e <strong>Alto da Boa Vista<\/strong>, que oferecem infraestrutura completa e f\u00e1cil acesso a servi\u00e7os essenciais. Al\u00e9m disso, a cidade conta com condom\u00ednios fechados que garantem seguran\u00e7a e conforto para os moradores. Esses bairros s\u00e3o conhecidos por suas \u00e1reas verdes, escolas de qualidade e acesso a centros comerciais, tornando-se op\u00e7\u00f5es ideais para fam\u00edlias e jovens profissionais que buscam qualidade de vida.<\/p>\n\n\n\n<h2 class=\"wp-block-heading\">Quais s\u00e3o os desafios e oportunidades de moradia na cidade?<\/h2>\n\n\n\n<p>Embora Ribeir\u00e3o Preto ofere\u00e7a uma boa qualidade de vida, a cidade enfrenta desafios relacionados ao crescimento urbano, como o<strong> aumento do tr\u00e2nsito e a necessidade de melhorias na infraestrutura p\u00fablica.<\/strong> No entanto, essas quest\u00f5es s\u00e3o contrabalan\u00e7adas por oportunidades de desenvolvimento, como investimentos em mobilidade urbana e expans\u00e3o de \u00e1reas verdes. Al\u00e9m disso, h\u00e1 projetos em andamento para ampliar a rede de ciclovias, incentivando o uso de transportes alternativos e diminuindo o impacto ambiental.<\/p>\n\n\n\n<p>O mercado imobili\u00e1rio continua a crescer, com novas \u00e1reas sendo desenvolvidas para atender \u00e0 demanda crescente. Al\u00e9m disso, a cidade est\u00e1 investindo em projetos de sustentabilidade e efici\u00eancia energ\u00e9tica, tornando-se um exemplo de urbaniza\u00e7\u00e3o moderna e respons\u00e1vel. Os empreendimentos imobili\u00e1rios mais recentes t\u00eam observado as tend\u00eancias globais de arquitetura e design, garantindo que os novos desenvolvimentos sejam tanto funcionais quanto ecologicamente respons\u00e1veis.<\/p>\n\n\n\n<h2 class=\"wp-block-heading\">Qual ser\u00e1 o futuro de Ribeir\u00e3o Preto nos pr\u00f3ximos anos?<\/h2>\n\n\n\n<p><strong>O futuro de Ribeir\u00e3o Preto parece promissor, com expectativas de crescimento cont\u00ednuo em diversos setores.<\/strong> A cidade est\u00e1 se posicionando como um importante hub de inova\u00e7\u00e3o e tecnologia, atraindo startups e empresas de tecnologia da informa\u00e7\u00e3o. Com investimentos em infraestrutura e qualidade de vida, Ribeir\u00e3o Preto est\u00e1 preparada para enfrentar os desafios do futuro e continuar a ser um destino atraente para visitantes e novos moradores. O compromisso com a sustentabilidade e a inova\u00e7\u00e3o ainda deve consolidar sua posi\u00e7\u00e3o de l\u00edder regional em desenvolvimento urbano.<\/p>\n\n\n\n<p>Em suma, Ribeir\u00e3o Preto \u00e9 uma cidade vibrante e em constante evolu\u00e7\u00e3o, oferecendo um ambiente acolhedor e oportunidades para todos que escolhem viver ou visitar este importante centro do interior paulista. O fortalecimento do setor tecnol\u00f3gico aliado \u00e0s pr\u00e1ticas de governan\u00e7a sustent\u00e1vel garante que a cidade continue a ser um exemplo de modernidade e desenvolvimento respons\u00e1vel no <strong>Brasil<\/strong>.<\/p>\n\n\n\n<h2 class=\"wp-block-heading\">Como a cultura influencia Ribeir\u00e3o Preto atualmente?<\/h2>\n\n\n<div class=\"wp-block-image\">\n<figure class=\"aligncenter size-large is-resized\"><img decoding=\"async\" width=\"1024\" height=\"576\" src=\"https:\/\/www.uai.com.br\/uainoticias\/wp-content\/uploads\/2025\/06\/Sao-Paulo_1749064603154-1024x576.jpg\" alt=\"\" class=\"wp-image-18802\" style=\"object-fit:cover;width:1280px;height:720px\" srcset=\"https:\/\/www.uai.com.br\/uainoticias\/wp-content\/uploads\/2025\/06\/Sao-Paulo_1749064603154-1024x576.jpg 1024w, https:\/\/www.uai.com.br\/uainoticias\/wp-content\/uploads\/2025\/06\/Sao-Paulo_1749064603154-300x169.jpg 300w, https:\/\/www.uai.com.br\/uainoticias\/wp-content\/uploads\/2025\/06\/Sao-Paulo_1749064603154-768x432.jpg 768w, https:\/\/www.uai.com.br\/uainoticias\/wp-content\/uploads\/2025\/06\/Sao-Paulo_1749064603154-750x422.jpg 750w, https:\/\/www.uai.com.br\/uainoticias\/wp-content\/uploads\/2025\/06\/Sao-Paulo_1749064603154-1140x641.jpg 1140w, https:\/\/www.uai.com.br\/uainoticias\/wp-content\/uploads\/2025\/06\/Sao-Paulo_1749064603154.jpg 1280w\" sizes=\"(max-width: 1024px) 100vw, 1024px\" \/><figcaption class=\"wp-element-caption\">Cidade localizada em S\u00e3o Paulo. &#8211; Cr\u00e9ditos: depositphotos.com \/ lucato<\/figcaption><\/figure><\/div>\n\n\n<p>A cultura desempenha um papel vital em Ribeir\u00e3o Preto, com a cidade sendo um centro regional de atividades culturais. <strong>A cidade \u00e9 famosa por seus festivais de m\u00fasica, teatro e dan\u00e7a, al\u00e9m de abrigar diversas galerias de arte e museus. <\/strong>O <strong>Teatro Pedro II<\/strong>, um dos maiores teatros brasileiros, \u00e9 um destaque cultural e frequentemente sedia produ\u00e7\u00f5es nacionais e internacionais. Essas atividades culturais n\u00e3o apenas atraem turistas, mas tamb\u00e9m fortalecem a identidade local e fomentam a economia criativa. As iniciativas culturais s\u00e3o amplamente apoiadas pelo munic\u00edpio, garantindo a preserva\u00e7\u00e3o das tradi\u00e7\u00f5es locais e a inova\u00e7\u00e3o art\u00edstica.<\/p>\n\n\n\n<p>A riqueza cultural de Ribeir\u00e3o Preto se reflete tanto na diversidade de eventos quanto no envolvimento da comunidade local. Existe um compromisso constante em promover a inclus\u00e3o cultural, ampliando o acesso de diferentes p\u00fablicos aos eventos e atividades. Esse enfoque ajuda a construir uma sociedade mais coesa e garante que a cidadania cultural seja acess\u00edvel a todos os habitantes da cidade.<\/p>\n\n\n\n<h2 class=\"wp-block-heading\">Quais s\u00e3o as iniciativas de sustentabilidade em Ribeir\u00e3o Preto atualmente?<\/h2>\n\n\n\n<p>Ribeir\u00e3o Preto tem adotado diversas iniciativas de sustentabilidade para enfrentar os desafios ambientais modernos. <strong>A cidade tem investido em energia renov\u00e1vel, com a instala\u00e7\u00e3o de pain\u00e9is solares em pr\u00e9dios p\u00fablicos, e no aumento da cobertura de vegeta\u00e7\u00e3o urbana para melhorar a qualidade do ar<\/strong> e garantir espa\u00e7os de lazer. Programas de reciclagem e educa\u00e7\u00e3o ambiental tamb\u00e9m s\u00e3o promovidos para sensibilizar a popula\u00e7\u00e3o sobre a import\u00e2ncia da preserva\u00e7\u00e3o ambiental, consolidando a cidade como um modelo de desenvolvimento sustent\u00e1vel para outras regi\u00f5es.<\/p>\n\n\n\n<p>Al\u00e9m dos esfor\u00e7os locais, Ribeir\u00e3o Preto participa ativamente de redes nacionais e internacionais de cidades sustent\u00e1veis, <a href=\"https:\/\/www.uai.com.br\/uainoticias\/2025\/06\/04\/os-lancamentos-mais-esperados-da-semana-invadem-a-netflix-com-series-e-filmes-incriveis\/\" target=\"_blank\" rel=\"noreferrer noopener\">compartilhando <\/a>pr\u00e1ticas e ideias que possam ser replicadas em outros contextos. A cidade tem promovido colabora\u00e7\u00f5es com universidades e centros de pesquisa para desenvolver novas solu\u00e7\u00f5es em sustentabilidade urbana, integrando tecnologia e desenvolvimento comunit\u00e1rio para criar um futuro mais verde e saud\u00e1vel para todos os seus habitantes.<\/p>\n","protected":false},"excerpt":{"rendered":"<p>Ribeir\u00e3o Preto, localizada no interior do estado de S\u00e3o Paulo, \u00e9 uma cidade conhecida por sua import\u00e2ncia econ\u00f4mica e cultural. Fundada em 1856, a cidade se desenvolveu rapidamente, tornando-se um dos principais polos regionais do Brasil. Com uma popula\u00e7\u00e3o estimada em mais de 720 mil habitantes em 2025, Ribeir\u00e3o Preto \u00e9 frequentemente referida como a [&hellip;]<\/p>\n","protected":false},"author":7,"featured_media":18801,"comment_status":"open","ping_status":"open","sticky":false,"template":"","format":"standard","meta":{"jnews-multi-image_gallery":[],"jnews_single_post":{"format":"standard"},"jnews_primary_category":[],"jnews_social_meta":[],"jnews_override_counter":[],"footnotes":""},"categories":[473],"tags":[233,395,5267],"class_list":["post-18782","post","type-post","status-publish","format-standard","has-post-thumbnail","hentry","category-turismo","tag-brasil","tag-cidade","tag-ribeirao-preto"],"yoast_head":"<!-- This site is optimized with the Yoast SEO plugin v26.5 - https:\/\/yoast.com\/wordpress\/plugins\/seo\/ -->\n<title>Cidade encanta turistas de todo o pa\u00eds por seu clima quente e \u00e0 prosperidade econ\u00f4mica - UAI Not\u00edcias<\/title>\n<meta name=\"description\" content=\"Uma cidade quente e pr\u00f3spera esconde segredos de inova\u00e7\u00e3o, cultura vibrante e crescimento sustent\u00e1vel. Quer descobrir esse polo surpreendente?\" \/>\n<meta name=\"robots\" content=\"index, follow, max-snippet:-1, max-image-preview:large, max-video-preview:-1\" \/>\n<link rel=\"canonical\" href=\"https:\/\/www.uai.com.br\/uainoticias\/2025\/06\/06\/cidade-encanta-turistas-de-todo-o-pais-por-seu-clima-quente-e-a-prosperidade-economica\/\" \/>\n<meta property=\"og:locale\" content=\"pt_BR\" \/>\n<meta property=\"og:type\" content=\"article\" \/>\n<meta property=\"og:title\" content=\"Cidade encanta turistas de todo o pa\u00eds por seu clima quente e \u00e0 prosperidade econ\u00f4mica - UAI Not\u00edcias\" \/>\n<meta property=\"og:description\" content=\"Uma cidade quente e pr\u00f3spera esconde segredos de inova\u00e7\u00e3o, cultura vibrante e crescimento sustent\u00e1vel. Quer descobrir esse polo surpreendente?\" \/>\n<meta property=\"og:url\" content=\"https:\/\/www.uai.com.br\/uainoticias\/2025\/06\/06\/cidade-encanta-turistas-de-todo-o-pais-por-seu-clima-quente-e-a-prosperidade-economica\/\" \/>\n<meta property=\"og:site_name\" content=\"UAI Not\u00edcias\" \/>\n<meta property=\"article:published_time\" content=\"2025-06-06T22:20:00+00:00\" \/>\n<meta property=\"og:image\" content=\"https:\/\/www.uai.com.br\/uainoticias\/wp-content\/uploads\/2025\/06\/Design-sem-nome-2025-06-04T161533.382.jpg\" \/>\n\t<meta property=\"og:image:width\" content=\"1280\" \/>\n\t<meta property=\"og:image:height\" content=\"720\" \/>\n\t<meta property=\"og:image:type\" content=\"image\/jpeg\" \/>\n<meta name=\"author\" content=\"Guilherme Lucas\" \/>\n<meta name=\"twitter:card\" content=\"summary_large_image\" \/>\n<meta name=\"twitter:label1\" content=\"Escrito por\" \/>\n\t<meta name=\"twitter:data1\" content=\"Guilherme Lucas\" \/>\n\t<meta name=\"twitter:label2\" content=\"Est. tempo de leitura\" \/>\n\t<meta name=\"twitter:data2\" content=\"7 minutos\" \/>\n<!-- \/ Yoast SEO plugin. -->","yoast_head_json":{"title":"Cidade encanta turistas de todo o pa\u00eds por seu clima quente e \u00e0 prosperidade econ\u00f4mica - UAI Not\u00edcias","description":"Uma cidade quente e pr\u00f3spera esconde segredos de inova\u00e7\u00e3o, cultura vibrante e crescimento sustent\u00e1vel. Quer descobrir esse polo surpreendente?","robots":{"index":"index","follow":"follow","max-snippet":"max-snippet:-1","max-image-preview":"max-image-preview:large","max-video-preview":"max-video-preview:-1"},"canonical":"https:\/\/www.uai.com.br\/uainoticias\/2025\/06\/06\/cidade-encanta-turistas-de-todo-o-pais-por-seu-clima-quente-e-a-prosperidade-economica\/","og_locale":"pt_BR","og_type":"article","og_title":"Cidade encanta turistas de todo o pa\u00eds por seu clima quente e \u00e0 prosperidade econ\u00f4mica - UAI Not\u00edcias","og_description":"Uma cidade quente e pr\u00f3spera esconde segredos de inova\u00e7\u00e3o, cultura vibrante e crescimento sustent\u00e1vel. Quer descobrir esse polo surpreendente?","og_url":"https:\/\/www.uai.com.br\/uainoticias\/2025\/06\/06\/cidade-encanta-turistas-de-todo-o-pais-por-seu-clima-quente-e-a-prosperidade-economica\/","og_site_name":"UAI Not\u00edcias","article_published_time":"2025-06-06T22:20:00+00:00","og_image":[{"width":1280,"height":720,"url":"https:\/\/www.uai.com.br\/uainoticias\/wp-content\/uploads\/2025\/06\/Design-sem-nome-2025-06-04T161533.382.jpg","type":"image\/jpeg"}],"author":"Guilherme Lucas","twitter_card":"summary_large_image","twitter_misc":{"Escrito por":"Guilherme Lucas","Est. tempo de leitura":"7 minutos"},"schema":{"@context":"https:\/\/schema.org","@graph":[{"@type":"WebPage","@id":"https:\/\/www.uai.com.br\/uainoticias\/2025\/06\/06\/cidade-encanta-turistas-de-todo-o-pais-por-seu-clima-quente-e-a-prosperidade-economica\/","url":"https:\/\/www.uai.com.br\/uainoticias\/2025\/06\/06\/cidade-encanta-turistas-de-todo-o-pais-por-seu-clima-quente-e-a-prosperidade-economica\/","name":"Cidade encanta turistas de todo o pa\u00eds por seu clima quente e \u00e0 prosperidade econ\u00f4mica - UAI Not\u00edcias","isPartOf":{"@id":"https:\/\/www.uai.com.br\/uainoticias\/#website"},"primaryImageOfPage":{"@id":"https:\/\/www.uai.com.br\/uainoticias\/2025\/06\/06\/cidade-encanta-turistas-de-todo-o-pais-por-seu-clima-quente-e-a-prosperidade-economica\/#primaryimage"},"image":{"@id":"https:\/\/www.uai.com.br\/uainoticias\/2025\/06\/06\/cidade-encanta-turistas-de-todo-o-pais-por-seu-clima-quente-e-a-prosperidade-economica\/#primaryimage"},"thumbnailUrl":"https:\/\/www.uai.com.br\/uainoticias\/wp-content\/uploads\/2025\/06\/Design-sem-nome-2025-06-04T161533.382.jpg","datePublished":"2025-06-06T22:20:00+00:00","author":{"@id":"https:\/\/www.uai.com.br\/uainoticias\/#\/schema\/person\/055b74ae27408d3c9bd325cd12d1c65f"},"description":"Uma cidade quente e pr\u00f3spera esconde segredos de inova\u00e7\u00e3o, cultura vibrante e crescimento sustent\u00e1vel. Quer descobrir esse polo surpreendente?","breadcrumb":{"@id":"https:\/\/www.uai.com.br\/uainoticias\/2025\/06\/06\/cidade-encanta-turistas-de-todo-o-pais-por-seu-clima-quente-e-a-prosperidade-economica\/#breadcrumb"},"inLanguage":"pt-BR","potentialAction":[{"@type":"ReadAction","target":["https:\/\/www.uai.com.br\/uainoticias\/2025\/06\/06\/cidade-encanta-turistas-de-todo-o-pais-por-seu-clima-quente-e-a-prosperidade-economica\/"]}]},{"@type":"ImageObject","inLanguage":"pt-BR","@id":"https:\/\/www.uai.com.br\/uainoticias\/2025\/06\/06\/cidade-encanta-turistas-de-todo-o-pais-por-seu-clima-quente-e-a-prosperidade-economica\/#primaryimage","url":"https:\/\/www.uai.com.br\/uainoticias\/wp-content\/uploads\/2025\/06\/Design-sem-nome-2025-06-04T161533.382.jpg","contentUrl":"https:\/\/www.uai.com.br\/uainoticias\/wp-content\/uploads\/2025\/06\/Design-sem-nome-2025-06-04T161533.382.jpg","width":1280,"height":720,"caption":"Ribeir\u00e3o Preto. - Cr\u00e9ditos; Imagem divulga\u00e7\u00e3o Wikip\u00e9dia"},{"@type":"BreadcrumbList","@id":"https:\/\/www.uai.com.br\/uainoticias\/2025\/06\/06\/cidade-encanta-turistas-de-todo-o-pais-por-seu-clima-quente-e-a-prosperidade-economica\/#breadcrumb","itemListElement":[{"@type":"ListItem","position":1,"name":"In\u00edcio","item":"https:\/\/www.uai.com.br\/uainoticias\/"},{"@type":"ListItem","position":2,"name":"Cidade encanta turistas de todo o pa\u00eds por seu clima quente e \u00e0 prosperidade econ\u00f4mica"}]},{"@type":"WebSite","@id":"https:\/\/www.uai.com.br\/uainoticias\/#website","url":"https:\/\/www.uai.com.br\/uainoticias\/","name":"UAI Not\u00edcias","description":"Acompanhe as \u00faltimas not\u00edcias e fique bem informado sobre tudo o que acontece no Brasil e no mundo.","potentialAction":[{"@type":"SearchAction","target":{"@type":"EntryPoint","urlTemplate":"https:\/\/www.uai.com.br\/uainoticias\/?s={search_term_string}"},"query-input":{"@type":"PropertyValueSpecification","valueRequired":true,"valueName":"search_term_string"}}],"inLanguage":"pt-BR"},{"@type":"Person","@id":"https:\/\/www.uai.com.br\/uainoticias\/#\/schema\/person\/055b74ae27408d3c9bd325cd12d1c65f","name":"Guilherme Lucas","image":{"@type":"ImageObject","inLanguage":"pt-BR","@id":"https:\/\/www.uai.com.br\/uainoticias\/#\/schema\/person\/image\/","url":"https:\/\/secure.gravatar.com\/avatar\/bde204e124e2b0380869a2811281ec228473f402fb8e1ac4b18eaf0e42abfc30?s=96&d=mm&r=g","contentUrl":"https:\/\/secure.gravatar.com\/avatar\/bde204e124e2b0380869a2811281ec228473f402fb8e1ac4b18eaf0e42abfc30?s=96&d=mm&r=g","caption":"Guilherme Lucas"},"url":"https:\/\/www.uai.com.br\/uainoticias\/author\/guilhermemyth\/"}]}},"_links":{"self":[{"href":"https:\/\/www.uai.com.br\/uainoticias\/wp-json\/wp\/v2\/posts\/18782","targetHints":{"allow":["GET"]}}],"collection":[{"href":"https:\/\/www.uai.com.br\/uainoticias\/wp-json\/wp\/v2\/posts"}],"about":[{"href":"https:\/\/www.uai.com.br\/uainoticias\/wp-json\/wp\/v2\/types\/post"}],"author":[{"embeddable":true,"href":"https:\/\/www.uai.com.br\/uainoticias\/wp-json\/wp\/v2\/users\/7"}],"replies":[{"embeddable":true,"href":"https:\/\/www.uai.com.br\/uainoticias\/wp-json\/wp\/v2\/comments?post=18782"}],"version-history":[{"count":1,"href":"https:\/\/www.uai.com.br\/uainoticias\/wp-json\/wp\/v2\/posts\/18782\/revisions"}],"predecessor-version":[{"id":18812,"href":"https:\/\/www.uai.com.br\/uainoticias\/wp-json\/wp\/v2\/posts\/18782\/revisions\/18812"}],"wp:featuredmedia":[{"embeddable":true,"href":"https:\/\/www.uai.com.br\/uainoticias\/wp-json\/wp\/v2\/media\/18801"}],"wp:attachment":[{"href":"https:\/\/www.uai.com.br\/uainoticias\/wp-json\/wp\/v2\/media?parent=18782"}],"wp:term":[{"taxonomy":"category","embeddable":true,"href":"https:\/\/www.uai.com.br\/uainoticias\/wp-json\/wp\/v2\/categories?post=18782"},{"taxonomy":"post_tag","embeddable":true,"href":"https:\/\/www.uai.com.br\/uainoticias\/wp-json\/wp\/v2\/tags?post=18782"}],"curies":[{"name":"wp","href":"https:\/\/api.w.org\/{rel}","templated":true}]}}