{"id":129169,"date":"2026-05-01T07:20:00","date_gmt":"2026-05-01T10:20:00","guid":{"rendered":"https:\/\/www.uai.com.br\/uainoticias\/?p=129169"},"modified":"2026-04-30T18:15:28","modified_gmt":"2026-04-30T21:15:28","slug":"a-fruta-doce-de-casca-aspera-que-marcou-os-natais-da-infancia-e-pode-ser-cultivada-no-quintal-com-podas-regulares","status":"publish","type":"post","link":"https:\/\/www.uai.com.br\/uainoticias\/2026\/05\/01\/a-fruta-doce-de-casca-aspera-que-marcou-os-natais-da-infancia-e-pode-ser-cultivada-no-quintal-com-podas-regulares\/","title":{"rendered":"A fruta doce de casca \u00e1spera que marcou os natais da inf\u00e2ncia e pode ser cultivada no quintal com podas regulares"},"content":{"rendered":"\n<p>A lichia \u00e9 uma fruta ex\u00f3tica que se tornou s\u00edmbolo das festas de fim de ano devido ao seu sabor adocicado e visual vibrante. Ter uma \u00e1rvore produtiva no quintal exige planejamento e cuidados espec\u00edficos com o solo e a irriga\u00e7\u00e3o constante.<\/p>\n\n\n\n<h2 class=\"wp-block-heading\">Por que a lichia \u00e9 associada ao per\u00edodo das festas natalinas?<\/h2>\n\n\n\n<p>A colheita dessa esp\u00e9cie ocorre predominantemente entre os meses de novembro e janeiro, coincidindo com o auge do ver\u00e3o na <strong>Am\u00e9rica do Sul<\/strong>. Essa disponibilidade sazonal garantiu que a fruta estivesse presente nas ceias tradicionais.<\/p>\n\n\n\n<p>O contraste entre a casca vermelha e a polpa branca transl\u00facida remete \u00e0s cores cl\u00e1ssicas das celebra\u00e7\u00f5es de dezembro. Al\u00e9m da beleza est\u00e9tica, a refresc\u00e2ncia do fruto \u00e9 ideal para o clima quente registrado nesse per\u00edodo do ano.<\/p>\n\n\n\n<figure class=\"wp-block-image size-large\"><img decoding=\"async\" width=\"1024\" height=\"576\" src=\"https:\/\/www.uai.com.br\/uainoticias\/wp-content\/uploads\/2026\/04\/Lichia-2-1024x576.jpg\" alt=\"\" class=\"wp-image-129175\" srcset=\"https:\/\/www.uai.com.br\/uainoticias\/wp-content\/uploads\/2026\/04\/Lichia-2-1024x576.jpg 1024w, https:\/\/www.uai.com.br\/uainoticias\/wp-content\/uploads\/2026\/04\/Lichia-2-300x169.jpg 300w, https:\/\/www.uai.com.br\/uainoticias\/wp-content\/uploads\/2026\/04\/Lichia-2-768x432.jpg 768w, https:\/\/www.uai.com.br\/uainoticias\/wp-content\/uploads\/2026\/04\/Lichia-2-750x422.jpg 750w, https:\/\/www.uai.com.br\/uainoticias\/wp-content\/uploads\/2026\/04\/Lichia-2-1140x641.jpg 1140w, https:\/\/www.uai.com.br\/uainoticias\/wp-content\/uploads\/2026\/04\/Lichia-2.jpg 1280w\" sizes=\"(max-width: 1024px) 100vw, 1024px\" \/><figcaption class=\"wp-element-caption\">Sem esse cuidado no solo e clima, a \u00e1rvore cresce, mas n\u00e3o produz frutos mesmo ap\u00f3s anos de desenvolvimento &#8211; Cr\u00e9ditos: Imagem Ilustrativa<\/figcaption><\/figure>\n\n\n\n<p>Leia tamb\u00e9m: <strong><a href=\"https:\/\/www.uai.com.br\/uainoticias\/2026\/04\/30\/como-podar-a-cebolinha-para-obter-um-crescimento-continuo-nunca-puxe-a-raiz-corte-sempre-um-dedo-acima-da-terra\/\" target=\"_blank\" rel=\"noreferrer noopener\">Como podar a cebolinha para obter um crescimento cont\u00ednuo: nunca puxe a raiz, corte sempre um dedo acima da terra<\/a><\/strong><\/p>\n\n\n\n<h2 class=\"wp-block-heading\">Quais s\u00e3o as exig\u00eancias clim\u00e1ticas para o cultivo produtivo?<\/h2>\n\n\n\n<p>O sucesso no plantio depende diretamente da exposi\u00e7\u00e3o ao sol e da altern\u00e2ncia de temperaturas entre as esta\u00e7\u00f5es. Embora seja uma planta tropical, ela necessita de um per\u00edodo de frio moderado para que a indu\u00e7\u00e3o floral aconte\u00e7a.<\/p>\n\n\n\n<p>Veja abaixo os dados t\u00e9cnicos essenciais para garantir o desenvolvimento saud\u00e1vel da \u00e1rvore frut\u00edfera:<\/p>\n\n\n\n<figure class=\"wp-block-image size-large\"><img decoding=\"async\" width=\"1024\" height=\"374\" src=\"https:\/\/www.uai.com.br\/uainoticias\/wp-content\/uploads\/2026\/04\/Lichia-tabela-1024x374.jpg\" alt=\"\" class=\"wp-image-129170\" srcset=\"https:\/\/www.uai.com.br\/uainoticias\/wp-content\/uploads\/2026\/04\/Lichia-tabela-1024x374.jpg 1024w, https:\/\/www.uai.com.br\/uainoticias\/wp-content\/uploads\/2026\/04\/Lichia-tabela-300x109.jpg 300w, https:\/\/www.uai.com.br\/uainoticias\/wp-content\/uploads\/2026\/04\/Lichia-tabela-768x280.jpg 768w, https:\/\/www.uai.com.br\/uainoticias\/wp-content\/uploads\/2026\/04\/Lichia-tabela-750x274.jpg 750w, https:\/\/www.uai.com.br\/uainoticias\/wp-content\/uploads\/2026\/04\/Lichia-tabela-1140x416.jpg 1140w, https:\/\/www.uai.com.br\/uainoticias\/wp-content\/uploads\/2026\/04\/Lichia-tabela.jpg 1280w\" sizes=\"(max-width: 1024px) 100vw, 1024px\" \/><\/figure>\n\n\n\n<h2 class=\"wp-block-heading\">Como as podas regulares influenciam a sa\u00fade da \u00e1rvore?<\/h2>\n\n\n\n<p>A manuten\u00e7\u00e3o da copa \u00e9 vital para evitar que a planta cres\u00e7a desordenadamente e perca sua capacidade de produzir frutos acess\u00edveis. Retirar os galhos secos permite que a luz solar penetre melhor no centro da \u00e1rvore.<\/p>\n\n\n\n<p>Observe as principais diretrizes para realizar a limpeza e o manejo correto dos galhos da lichia:<\/p>\n\n\n\n<ul class=\"wp-block-list\">\n<li>Remover ramos ladr\u00f5es que sugam a energia vital sem produzir frutos.<\/li>\n\n\n\n<li>Manter a altura controlada para facilitar a colheita manual no quintal.<\/li>\n\n\n\n<li>Eliminar partes doentes para prevenir a propaga\u00e7\u00e3o de fungos e pragas.<\/li>\n\n\n\n<li>Desbastar o excesso de folhagem para melhorar a circula\u00e7\u00e3o de ar interno.<\/li>\n<\/ul>\n\n\n\n<h2 class=\"wp-block-heading\">Quais s\u00e3o os benef\u00edcios nutricionais oferecidos pelo fruto?<\/h2>\n\n\n\n<p>O consumo regular auxilia no fortalecimento do sistema imunol\u00f3gico gra\u00e7as ao alto teor de vitamina <strong>C<\/strong>. Essa subst\u00e2ncia atua como um antioxidante que combate o envelhecimento precoce das c\u00e9lulas e protege o organismo contra inflama\u00e7\u00f5es.<\/p>\n\n\n\n<p>A fruta tamb\u00e9m \u00e9 rica em pot\u00e1ssio, mineral essencial para o controle da press\u00e3o arterial e o bom funcionamento muscular. Sua baixa densidade cal\u00f3rica a torna uma op\u00e7\u00e3o saud\u00e1vel para dietas equilibradas que buscam variedade.<\/p>\n\n\n\n<p>Assista ao v\u00eddeo do canal <strong>Minuto Horta<\/strong>, que conta com <strong>373 mil<\/strong> de inscritos. O v\u00eddeo faz um alerta essencial sobre o cultivo da <strong>lichia<\/strong>, explicando os desafios t\u00e9cnicos, o tempo de matura\u00e7\u00e3o e os cuidados necess\u00e1rios com o solo e o clima. O conte\u00fado \u00e9 fundamental para quem deseja ter sucesso na produ\u00e7\u00e3o desta fruta, evitando erros comuns que podem comprometer o desenvolvimento da planta:<\/p>\n\n\n\n<figure class=\"wp-block-embed is-type-video is-provider-youtube wp-block-embed-youtube wp-embed-aspect-16-9 wp-has-aspect-ratio\"><div class=\"wp-block-embed__wrapper\">\n<div class=\"jeg_video_container jeg_video_content\"><iframe loading=\"lazy\" title=\"N\u00c3O PLANTE LICHIA ANTES DE ASSISTIR ESSE V\u00cdDEO.\" width=\"500\" height=\"281\" src=\"https:\/\/www.youtube.com\/embed\/vRIYpbIrQT8?feature=oembed\" frameborder=\"0\" allow=\"accelerometer; autoplay; clipboard-write; encrypted-media; gyroscope; picture-in-picture; web-share\" referrerpolicy=\"strict-origin-when-cross-origin\" allowfullscreen><\/iframe><\/div>\n<\/div><\/figure>\n\n\n\n<p>Leia tamb\u00e9m: <strong><a href=\"https:\/\/www.uai.com.br\/uainoticias\/2026\/04\/30\/os-feijoes-germinam-como-fermento-ao-umedecer-a-terra-use-a-agua-sem-sal-que-sobrou-do-cozimento-de-vegetais\/\" target=\"_blank\" rel=\"noreferrer noopener\">Os feij\u00f5es germinam como fermento: ao umedecer a terra, use a \u00e1gua sem sal que sobrou do cozimento de vegetais<\/a><\/strong><\/p>\n\n\n\n<h2 class=\"wp-block-heading\">Como escolher as melhores lichias no momento da compra?<\/h2>\n\n\n\n<p>A casca deve apresentar uma colora\u00e7\u00e3o avermelhada intensa e estar firme ao toque, indicando que o fruto est\u00e1 maduro. Evite unidades que possuam manchas escuras ou rachaduras profundas, pois isso sinaliza o in\u00edcio da fermenta\u00e7\u00e3o.<\/p>\n\n\n\n<p>O peso \u00e9 outro indicador importante de qualidade, j\u00e1 que frutos pesados costumam ter maior quantidade de suco e polpa. Armazenar o produto sob refrigera\u00e7\u00e3o ajuda a manter o frescor e a do\u00e7ura por um per\u00edodo mais longo.<\/p>\n","protected":false},"excerpt":{"rendered":"<p>A lichia \u00e9 uma fruta ex\u00f3tica que se tornou s\u00edmbolo das festas de fim de ano devido ao seu sabor adocicado e visual vibrante. Ter uma \u00e1rvore produtiva no quintal exige planejamento e cuidados espec\u00edficos com o solo e a irriga\u00e7\u00e3o constante. Por que a lichia \u00e9 associada ao per\u00edodo das festas natalinas? A colheita [&hellip;]<\/p>\n","protected":false},"author":29,"featured_media":129174,"comment_status":"open","ping_status":"open","sticky":false,"template":"","format":"standard","meta":{"jnews-multi-image_gallery":[],"jnews_single_post":{"format":"standard"},"jnews_primary_category":[],"jnews_social_meta":[],"jnews_override_counter":[],"footnotes":""},"categories":[11599],"tags":[23723,18986,7004],"class_list":["post-129169","post","type-post","status-publish","format-standard","has-post-thumbnail","hentry","category-jardinagem","tag-fruta-doce","tag-lichia","tag-quintal"],"yoast_head":"<!-- This site is optimized with the Yoast SEO plugin v26.5 - https:\/\/yoast.com\/wordpress\/plugins\/seo\/ -->\n<title>A fruta doce de casca \u00e1spera que marcou os natais da inf\u00e2ncia e pode ser cultivada no quintal com podas regulares - UAI Not\u00edcias<\/title>\n<meta name=\"description\" content=\"A fruta t\u00edpica das festas depende de um fator invis\u00edvel antes da flora\u00e7\u00e3o que poucos consideram no cultivo dom\u00e9stico\" \/>\n<meta name=\"robots\" content=\"index, follow, max-snippet:-1, max-image-preview:large, max-video-preview:-1\" \/>\n<link rel=\"canonical\" href=\"https:\/\/www.uai.com.br\/uainoticias\/2026\/05\/01\/a-fruta-doce-de-casca-aspera-que-marcou-os-natais-da-infancia-e-pode-ser-cultivada-no-quintal-com-podas-regulares\/\" \/>\n<meta property=\"og:locale\" content=\"pt_BR\" \/>\n<meta property=\"og:type\" content=\"article\" \/>\n<meta property=\"og:title\" content=\"A fruta doce de casca \u00e1spera que marcou os natais da inf\u00e2ncia e pode ser cultivada no quintal com podas regulares - UAI Not\u00edcias\" \/>\n<meta property=\"og:description\" content=\"A fruta t\u00edpica das festas depende de um fator invis\u00edvel antes da flora\u00e7\u00e3o que poucos consideram no cultivo dom\u00e9stico\" \/>\n<meta property=\"og:url\" content=\"https:\/\/www.uai.com.br\/uainoticias\/2026\/05\/01\/a-fruta-doce-de-casca-aspera-que-marcou-os-natais-da-infancia-e-pode-ser-cultivada-no-quintal-com-podas-regulares\/\" \/>\n<meta property=\"og:site_name\" content=\"UAI Not\u00edcias\" \/>\n<meta property=\"article:published_time\" content=\"2026-05-01T10:20:00+00:00\" \/>\n<meta property=\"og:image\" content=\"https:\/\/www.uai.com.br\/uainoticias\/wp-content\/uploads\/2026\/04\/Lichia-1.jpg\" \/>\n\t<meta property=\"og:image:width\" content=\"1280\" \/>\n\t<meta property=\"og:image:height\" content=\"720\" \/>\n\t<meta property=\"og:image:type\" content=\"image\/jpeg\" \/>\n<meta name=\"author\" content=\"Leonardo Nunes\" \/>\n<meta name=\"twitter:card\" content=\"summary_large_image\" \/>\n<meta name=\"twitter:label1\" content=\"Escrito por\" \/>\n\t<meta name=\"twitter:data1\" content=\"Leonardo Nunes\" \/>\n\t<meta name=\"twitter:label2\" content=\"Est. tempo de leitura\" \/>\n\t<meta name=\"twitter:data2\" content=\"4 minutos\" \/>\n<!-- \/ Yoast SEO plugin. -->","yoast_head_json":{"title":"A fruta doce de casca \u00e1spera que marcou os natais da inf\u00e2ncia e pode ser cultivada no quintal com podas regulares - UAI Not\u00edcias","description":"A fruta t\u00edpica das festas depende de um fator invis\u00edvel antes da flora\u00e7\u00e3o que poucos consideram no cultivo dom\u00e9stico","robots":{"index":"index","follow":"follow","max-snippet":"max-snippet:-1","max-image-preview":"max-image-preview:large","max-video-preview":"max-video-preview:-1"},"canonical":"https:\/\/www.uai.com.br\/uainoticias\/2026\/05\/01\/a-fruta-doce-de-casca-aspera-que-marcou-os-natais-da-infancia-e-pode-ser-cultivada-no-quintal-com-podas-regulares\/","og_locale":"pt_BR","og_type":"article","og_title":"A fruta doce de casca \u00e1spera que marcou os natais da inf\u00e2ncia e pode ser cultivada no quintal com podas regulares - UAI Not\u00edcias","og_description":"A fruta t\u00edpica das festas depende de um fator invis\u00edvel antes da flora\u00e7\u00e3o que poucos consideram no cultivo dom\u00e9stico","og_url":"https:\/\/www.uai.com.br\/uainoticias\/2026\/05\/01\/a-fruta-doce-de-casca-aspera-que-marcou-os-natais-da-infancia-e-pode-ser-cultivada-no-quintal-com-podas-regulares\/","og_site_name":"UAI Not\u00edcias","article_published_time":"2026-05-01T10:20:00+00:00","og_image":[{"width":1280,"height":720,"url":"https:\/\/www.uai.com.br\/uainoticias\/wp-content\/uploads\/2026\/04\/Lichia-1.jpg","type":"image\/jpeg"}],"author":"Leonardo Nunes","twitter_card":"summary_large_image","twitter_misc":{"Escrito por":"Leonardo Nunes","Est. tempo de leitura":"4 minutos"},"schema":{"@context":"https:\/\/schema.org","@graph":[{"@type":"WebPage","@id":"https:\/\/www.uai.com.br\/uainoticias\/2026\/05\/01\/a-fruta-doce-de-casca-aspera-que-marcou-os-natais-da-infancia-e-pode-ser-cultivada-no-quintal-com-podas-regulares\/","url":"https:\/\/www.uai.com.br\/uainoticias\/2026\/05\/01\/a-fruta-doce-de-casca-aspera-que-marcou-os-natais-da-infancia-e-pode-ser-cultivada-no-quintal-com-podas-regulares\/","name":"A fruta doce de casca \u00e1spera que marcou os natais da inf\u00e2ncia e pode ser cultivada no quintal com podas regulares - UAI Not\u00edcias","isPartOf":{"@id":"https:\/\/www.uai.com.br\/uainoticias\/#website"},"primaryImageOfPage":{"@id":"https:\/\/www.uai.com.br\/uainoticias\/2026\/05\/01\/a-fruta-doce-de-casca-aspera-que-marcou-os-natais-da-infancia-e-pode-ser-cultivada-no-quintal-com-podas-regulares\/#primaryimage"},"image":{"@id":"https:\/\/www.uai.com.br\/uainoticias\/2026\/05\/01\/a-fruta-doce-de-casca-aspera-que-marcou-os-natais-da-infancia-e-pode-ser-cultivada-no-quintal-com-podas-regulares\/#primaryimage"},"thumbnailUrl":"https:\/\/www.uai.com.br\/uainoticias\/wp-content\/uploads\/2026\/04\/Lichia-1.jpg","datePublished":"2026-05-01T10:20:00+00:00","author":{"@id":"https:\/\/www.uai.com.br\/uainoticias\/#\/schema\/person\/f57cbcb79cae89ff53b4e2a7511676fb"},"description":"A fruta t\u00edpica das festas depende de um fator invis\u00edvel antes da flora\u00e7\u00e3o que poucos consideram no cultivo dom\u00e9stico","breadcrumb":{"@id":"https:\/\/www.uai.com.br\/uainoticias\/2026\/05\/01\/a-fruta-doce-de-casca-aspera-que-marcou-os-natais-da-infancia-e-pode-ser-cultivada-no-quintal-com-podas-regulares\/#breadcrumb"},"inLanguage":"pt-BR","potentialAction":[{"@type":"ReadAction","target":["https:\/\/www.uai.com.br\/uainoticias\/2026\/05\/01\/a-fruta-doce-de-casca-aspera-que-marcou-os-natais-da-infancia-e-pode-ser-cultivada-no-quintal-com-podas-regulares\/"]}]},{"@type":"ImageObject","inLanguage":"pt-BR","@id":"https:\/\/www.uai.com.br\/uainoticias\/2026\/05\/01\/a-fruta-doce-de-casca-aspera-que-marcou-os-natais-da-infancia-e-pode-ser-cultivada-no-quintal-com-podas-regulares\/#primaryimage","url":"https:\/\/www.uai.com.br\/uainoticias\/wp-content\/uploads\/2026\/04\/Lichia-1.jpg","contentUrl":"https:\/\/www.uai.com.br\/uainoticias\/wp-content\/uploads\/2026\/04\/Lichia-1.jpg","width":1280,"height":720,"caption":"Um detalhe clim\u00e1tico ignorado impede a flora\u00e7\u00e3o da lichia mesmo em regi\u00f5es quentes e afeta diretamente a produ\u00e7\u00e3o anual - Cr\u00e9ditos: Imagem Ilustrativa"},{"@type":"BreadcrumbList","@id":"https:\/\/www.uai.com.br\/uainoticias\/2026\/05\/01\/a-fruta-doce-de-casca-aspera-que-marcou-os-natais-da-infancia-e-pode-ser-cultivada-no-quintal-com-podas-regulares\/#breadcrumb","itemListElement":[{"@type":"ListItem","position":1,"name":"In\u00edcio","item":"https:\/\/www.uai.com.br\/uainoticias\/"},{"@type":"ListItem","position":2,"name":"A fruta doce de casca \u00e1spera que marcou os natais da inf\u00e2ncia e pode ser cultivada no quintal com podas regulares"}]},{"@type":"WebSite","@id":"https:\/\/www.uai.com.br\/uainoticias\/#website","url":"https:\/\/www.uai.com.br\/uainoticias\/","name":"UAI Not\u00edcias","description":"Acompanhe as \u00faltimas not\u00edcias e fique bem informado sobre tudo o que acontece no Brasil e no mundo.","potentialAction":[{"@type":"SearchAction","target":{"@type":"EntryPoint","urlTemplate":"https:\/\/www.uai.com.br\/uainoticias\/?s={search_term_string}"},"query-input":{"@type":"PropertyValueSpecification","valueRequired":true,"valueName":"search_term_string"}}],"inLanguage":"pt-BR"},{"@type":"Person","@id":"https:\/\/www.uai.com.br\/uainoticias\/#\/schema\/person\/f57cbcb79cae89ff53b4e2a7511676fb","name":"Leonardo Nunes","image":{"@type":"ImageObject","inLanguage":"pt-BR","@id":"https:\/\/www.uai.com.br\/uainoticias\/#\/schema\/person\/image\/","url":"https:\/\/secure.gravatar.com\/avatar\/bcbad95ea1da2f5458464789977fbb5ca8a5da4f7f82d946c83505ef5f769a9c?s=96&d=mm&r=g","contentUrl":"https:\/\/secure.gravatar.com\/avatar\/bcbad95ea1da2f5458464789977fbb5ca8a5da4f7f82d946c83505ef5f769a9c?s=96&d=mm&r=g","caption":"Leonardo Nunes"},"sameAs":["https:\/\/www.uai.com.br\/uainoticias\/"],"url":"https:\/\/www.uai.com.br\/uainoticias\/author\/leonardo-nunes\/"}]}},"_links":{"self":[{"href":"https:\/\/www.uai.com.br\/uainoticias\/wp-json\/wp\/v2\/posts\/129169","targetHints":{"allow":["GET"]}}],"collection":[{"href":"https:\/\/www.uai.com.br\/uainoticias\/wp-json\/wp\/v2\/posts"}],"about":[{"href":"https:\/\/www.uai.com.br\/uainoticias\/wp-json\/wp\/v2\/types\/post"}],"author":[{"embeddable":true,"href":"https:\/\/www.uai.com.br\/uainoticias\/wp-json\/wp\/v2\/users\/29"}],"replies":[{"embeddable":true,"href":"https:\/\/www.uai.com.br\/uainoticias\/wp-json\/wp\/v2\/comments?post=129169"}],"version-history":[{"count":2,"href":"https:\/\/www.uai.com.br\/uainoticias\/wp-json\/wp\/v2\/posts\/129169\/revisions"}],"predecessor-version":[{"id":129184,"href":"https:\/\/www.uai.com.br\/uainoticias\/wp-json\/wp\/v2\/posts\/129169\/revisions\/129184"}],"wp:featuredmedia":[{"embeddable":true,"href":"https:\/\/www.uai.com.br\/uainoticias\/wp-json\/wp\/v2\/media\/129174"}],"wp:attachment":[{"href":"https:\/\/www.uai.com.br\/uainoticias\/wp-json\/wp\/v2\/media?parent=129169"}],"wp:term":[{"taxonomy":"category","embeddable":true,"href":"https:\/\/www.uai.com.br\/uainoticias\/wp-json\/wp\/v2\/categories?post=129169"},{"taxonomy":"post_tag","embeddable":true,"href":"https:\/\/www.uai.com.br\/uainoticias\/wp-json\/wp\/v2\/tags?post=129169"}],"curies":[{"name":"wp","href":"https:\/\/api.w.org\/{rel}","templated":true}]}}