{"id":129167,"date":"2026-05-01T11:20:00","date_gmt":"2026-05-01T14:20:00","guid":{"rendered":"https:\/\/www.uai.com.br\/uainoticias\/?p=129167"},"modified":"2026-04-30T18:17:37","modified_gmt":"2026-04-30T21:17:37","slug":"como-podar-o-alecrim-para-obter-mais-folhas-e-evitar-que-o-tronco-central-fique-amadeirado-e-seco-por-dentro","status":"publish","type":"post","link":"https:\/\/www.uai.com.br\/uainoticias\/2026\/05\/01\/como-podar-o-alecrim-para-obter-mais-folhas-e-evitar-que-o-tronco-central-fique-amadeirado-e-seco-por-dentro\/","title":{"rendered":"Como podar o alecrim para obter mais folhas e evitar que o tronco central fique amadeirado e seco por dentro"},"content":{"rendered":"\n<p>O manejo correto do alecrim \u00e9 essencial para garantir que o arbusto permane\u00e7a produtivo e arom\u00e1tico por longos per\u00edodos. A poda estrat\u00e9gica evita o endurecimento precoce do caule e estimula o surgimento de novas ramifica\u00e7\u00f5es laterais vi\u00e7osas.<\/p>\n\n\n\n<h2 class=\"wp-block-heading\">Por que o alecrim desenvolve uma base lenhosa com o tempo?<\/h2>\n\n\n\n<p>O processo de lignifica\u00e7\u00e3o \u00e9 uma caracter\u00edstica natural de esp\u00e9cies origin\u00e1rias do <strong>Mar Mediterr\u00e2neo<\/strong> para sustentar o crescimento vertical. Sem a interven\u00e7\u00e3o peri\u00f3dica, os tecidos internos se tornam r\u00edgidos e perdem a capacidade de gerar brotos novos e macios.<\/p>\n\n\n\n<p>O ac\u00famulo de madeira na base impede que a seiva circule com efici\u00eancia at\u00e9 as extremidades mais jovens e verdes da planta. Isso resulta em um centro seco e visualmente pobre, diminuindo drasticamente a oferta de temperos para o cotidiano.<\/p>\n\n\n\n<p>Assista ao v\u00eddeo do canal <strong>GLEYDE NA COZINHA<\/strong>, que conta com <strong>37,6 mil<\/strong> inscritos. O v\u00eddeo ensina como realizar a poda de forma\u00e7\u00e3o no <strong>alecrim<\/strong>, t\u00e9cnica essencial para transformar a planta em um arbusto denso, bonito e saud\u00e1vel. O tutorial mostra o passo a passo de onde cortar para estimular o crescimento lateral, garantindo que o seu tempero cres\u00e7a com vigor e formato ornamental:<\/p>\n\n\n\n<figure class=\"wp-block-embed is-type-video is-provider-youtube wp-block-embed-youtube wp-embed-aspect-16-9 wp-has-aspect-ratio\"><div class=\"wp-block-embed__wrapper\">\n<div class=\"jeg_video_container jeg_video_content\"><iframe loading=\"lazy\" title=\"COMO PODAR ALECRIM. aprenda hoje como fazer a poda do seu alecrim formando um ARBUSTO MUITO LINDO.\" width=\"500\" height=\"281\" src=\"https:\/\/www.youtube.com\/embed\/XStaU124YNA?feature=oembed\" frameborder=\"0\" allow=\"accelerometer; autoplay; clipboard-write; encrypted-media; gyroscope; picture-in-picture; web-share\" referrerpolicy=\"strict-origin-when-cross-origin\" allowfullscreen><\/iframe><\/div>\n<\/div><\/figure>\n\n\n\n<p>Leia tamb\u00e9m: <strong><a href=\"https:\/\/www.uai.com.br\/uainoticias\/2026\/04\/30\/como-podar-a-cebolinha-para-obter-um-crescimento-continuo-nunca-puxe-a-raiz-corte-sempre-um-dedo-acima-da-terra\/\" target=\"_blank\" rel=\"noreferrer noopener\">Como podar a cebolinha para obter um crescimento cont\u00ednuo: nunca puxe a raiz, corte sempre um dedo acima da terra<\/a><\/strong><\/p>\n\n\n\n<h2 class=\"wp-block-heading\">Quais s\u00e3o os benef\u00edcios da poda frequente para a produ\u00e7\u00e3o de folhas?<\/h2>\n\n\n\n<p>A retirada constante das pontas superiores dos ramos for\u00e7a a distribui\u00e7\u00e3o de nutrientes para as gemas laterais que est\u00e3o em dorm\u00eancia. Esse est\u00edmulo qu\u00edmico resulta em um arbusto muito mais denso e volumoso, sendo ideal para quem colhe temperos com frequ\u00eancia em seu dia a dia no jardim.<\/p>\n\n\n\n<p>Veja as principais vantagens de manter uma rotina de cortes leves e regulares para a sa\u00fade e o vigor do seu arbusto:<\/p>\n\n\n\n<ul class=\"wp-block-list\">\n<li>Aumento significativo na densidade da folhagem verde e arom\u00e1tica.<\/li>\n\n\n\n<li>Melhoria na circula\u00e7\u00e3o de ar entre os galhos internos do vegetal.<\/li>\n\n\n\n<li>Redu\u00e7\u00e3o da vulnerabilidade ao ataque de fungos por umidade.<\/li>\n\n\n\n<li>Prolongamento da vida \u00fatil da planta antes da necessidade de replantio.<\/li>\n<\/ul>\n\n\n\n<h2 class=\"wp-block-heading\">Como identificar o ponto correto para realizar o corte nos ramos?<\/h2>\n\n\n\n<p>Identificar a zona de transi\u00e7\u00e3o entre o tecido verde e a parte marrom \u00e9 o segredo para uma manuten\u00e7\u00e3o segura em seu jardim dom\u00e9stico. Realizar o corte muito abaixo da linha de brota\u00e7\u00e3o pode impedir que o galho se recupere e volte a crescer de forma saud\u00e1vel e vigorosa.<\/p>\n\n\n\n<p>Observe os crit\u00e9rios t\u00e9cnicos para realizar o manejo de acordo com o est\u00e1gio de desenvolvimento de cada parte do vegetal:<\/p>\n\n\n\n<figure class=\"wp-block-image size-large\"><img decoding=\"async\" width=\"1024\" height=\"374\" src=\"https:\/\/www.uai.com.br\/uainoticias\/wp-content\/uploads\/2026\/04\/Alecrim-tabela-1024x374.jpg\" alt=\"\" class=\"wp-image-129172\" srcset=\"https:\/\/www.uai.com.br\/uainoticias\/wp-content\/uploads\/2026\/04\/Alecrim-tabela-1024x374.jpg 1024w, https:\/\/www.uai.com.br\/uainoticias\/wp-content\/uploads\/2026\/04\/Alecrim-tabela-300x109.jpg 300w, https:\/\/www.uai.com.br\/uainoticias\/wp-content\/uploads\/2026\/04\/Alecrim-tabela-768x280.jpg 768w, https:\/\/www.uai.com.br\/uainoticias\/wp-content\/uploads\/2026\/04\/Alecrim-tabela-750x274.jpg 750w, https:\/\/www.uai.com.br\/uainoticias\/wp-content\/uploads\/2026\/04\/Alecrim-tabela-1140x416.jpg 1140w, https:\/\/www.uai.com.br\/uainoticias\/wp-content\/uploads\/2026\/04\/Alecrim-tabela.jpg 1280w\" sizes=\"(max-width: 1024px) 100vw, 1024px\" \/><\/figure>\n\n\n\n<h2 class=\"wp-block-heading\">Qual \u00e9 a melhor \u00e9poca para fazer a manuten\u00e7\u00e3o da planta?<\/h2>\n\n\n\n<p>O per\u00edodo ideal para interven\u00e7\u00f5es mais dr\u00e1sticas ocorre logo ap\u00f3s o inverno, quando o vegetal inicia seu novo ciclo de crescimento. Evitar podas pesadas em momentos de calor extremo protege as feridas abertas contra a desidrata\u00e7\u00e3o excessiva causada pelo sol.<\/p>\n\n\n\n<p>Durante o outono, \u00e9 recomend\u00e1vel apenas a retirada de galhos secos ou doentes para preparar o exemplar para o repouso vegetativo. Esse cuidado garante que a energia seja preservada para a explos\u00e3o de folhas verdes que ocorre no in\u00edcio da primavera.<\/p>\n\n\n\n<figure class=\"wp-block-image size-large\"><img decoding=\"async\" width=\"1024\" height=\"576\" src=\"https:\/\/www.uai.com.br\/uainoticias\/wp-content\/uploads\/2026\/04\/Alecrim-poda-2-1024x576.jpg\" alt=\"\" class=\"wp-image-129181\" srcset=\"https:\/\/www.uai.com.br\/uainoticias\/wp-content\/uploads\/2026\/04\/Alecrim-poda-2-1024x576.jpg 1024w, https:\/\/www.uai.com.br\/uainoticias\/wp-content\/uploads\/2026\/04\/Alecrim-poda-2-300x169.jpg 300w, https:\/\/www.uai.com.br\/uainoticias\/wp-content\/uploads\/2026\/04\/Alecrim-poda-2-768x432.jpg 768w, https:\/\/www.uai.com.br\/uainoticias\/wp-content\/uploads\/2026\/04\/Alecrim-poda-2-750x422.jpg 750w, https:\/\/www.uai.com.br\/uainoticias\/wp-content\/uploads\/2026\/04\/Alecrim-poda-2-1140x641.jpg 1140w, https:\/\/www.uai.com.br\/uainoticias\/wp-content\/uploads\/2026\/04\/Alecrim-poda-2.jpg 1280w\" sizes=\"(max-width: 1024px) 100vw, 1024px\" \/><figcaption class=\"wp-element-caption\">Sem poda estrat\u00e9gica, o arbusto perde densidade e deixa de produzir ramos novos e arom\u00e1ticos &#8211; Cr\u00e9ditos: Imagem Ilustrativa<\/figcaption><\/figure>\n\n\n\n<p>Leia tamb\u00e9m: <strong><a href=\"https:\/\/www.uai.com.br\/uainoticias\/2026\/04\/30\/os-feijoes-germinam-como-fermento-ao-umedecer-a-terra-use-a-agua-sem-sal-que-sobrou-do-cozimento-de-vegetais\/\" target=\"_blank\" rel=\"noreferrer noopener\">Os feij\u00f5es germinam como fermento: ao umedecer a terra, use a \u00e1gua sem sal que sobrou do cozimento de vegetais<\/a><\/strong><\/p>\n\n\n\n<h2 class=\"wp-block-heading\">Como evitar que o centro do arbusto fique seco e sem vida?<\/h2>\n\n\n\n<p>A falta de luminosidade no interior da copa \u00e9 a principal causa do secamento precoce dos ramos centrais deste arbusto lenoso. O desbaste criterioso permite que os raios solares alcancem todas as partes, mantendo a produ\u00e7\u00e3o de energia ativa e saud\u00e1vel.<\/p>\n\n\n\n<p>Garantir que o solo tenha uma drenagem eficiente tamb\u00e9m evita que as ra\u00edzes sofram com o excesso de \u00e1gua em \u00e1reas \u00famidas da <strong>Europa<\/strong>. Um vegetal bem ventilado e iluminado ter\u00e1 uma base forte e folhagem sempre vi\u00e7osa para o uso culin\u00e1rio.<\/p>\n","protected":false},"excerpt":{"rendered":"<p>O manejo correto do alecrim \u00e9 essencial para garantir que o arbusto permane\u00e7a produtivo e arom\u00e1tico por longos per\u00edodos. A poda estrat\u00e9gica evita o endurecimento precoce do caule e estimula o surgimento de novas ramifica\u00e7\u00f5es laterais vi\u00e7osas. Por que o alecrim desenvolve uma base lenhosa com o tempo? O processo de lignifica\u00e7\u00e3o \u00e9 uma caracter\u00edstica [&hellip;]<\/p>\n","protected":false},"author":29,"featured_media":129180,"comment_status":"open","ping_status":"open","sticky":false,"template":"","format":"standard","meta":{"jnews-multi-image_gallery":[],"jnews_single_post":{"format":"standard"},"jnews_primary_category":[],"jnews_social_meta":[],"jnews_override_counter":[],"footnotes":""},"categories":[11599],"tags":[3076,10377,22919],"class_list":["post-129167","post","type-post","status-publish","format-standard","has-post-thumbnail","hentry","category-jardinagem","tag-alecrim","tag-folhas","tag-podar"],"yoast_head":"<!-- This site is optimized with the Yoast SEO plugin v26.5 - https:\/\/yoast.com\/wordpress\/plugins\/seo\/ -->\n<title>Como podar o alecrim para obter mais folhas e evitar que o tronco central fique amadeirado e seco por dentro - UAI Not\u00edcias<\/title>\n<meta name=\"description\" content=\"Um corte no ponto errado pode impedir o alecrim de brotar novamente e comprometer toda a produ\u00e7\u00e3o de folhas\" \/>\n<meta name=\"robots\" content=\"index, follow, max-snippet:-1, max-image-preview:large, max-video-preview:-1\" \/>\n<link rel=\"canonical\" href=\"https:\/\/www.uai.com.br\/uainoticias\/2026\/05\/01\/como-podar-o-alecrim-para-obter-mais-folhas-e-evitar-que-o-tronco-central-fique-amadeirado-e-seco-por-dentro\/\" \/>\n<meta property=\"og:locale\" content=\"pt_BR\" \/>\n<meta property=\"og:type\" content=\"article\" \/>\n<meta property=\"og:title\" content=\"Como podar o alecrim para obter mais folhas e evitar que o tronco central fique amadeirado e seco por dentro - UAI Not\u00edcias\" \/>\n<meta property=\"og:description\" content=\"Um corte no ponto errado pode impedir o alecrim de brotar novamente e comprometer toda a produ\u00e7\u00e3o de folhas\" \/>\n<meta property=\"og:url\" content=\"https:\/\/www.uai.com.br\/uainoticias\/2026\/05\/01\/como-podar-o-alecrim-para-obter-mais-folhas-e-evitar-que-o-tronco-central-fique-amadeirado-e-seco-por-dentro\/\" \/>\n<meta property=\"og:site_name\" content=\"UAI Not\u00edcias\" \/>\n<meta property=\"article:published_time\" content=\"2026-05-01T14:20:00+00:00\" \/>\n<meta property=\"og:image\" content=\"https:\/\/www.uai.com.br\/uainoticias\/wp-content\/uploads\/2026\/04\/Alecrim-poda-1.jpg\" \/>\n\t<meta property=\"og:image:width\" content=\"1280\" \/>\n\t<meta property=\"og:image:height\" content=\"720\" \/>\n\t<meta property=\"og:image:type\" content=\"image\/jpeg\" \/>\n<meta name=\"author\" content=\"Leonardo Nunes\" \/>\n<meta name=\"twitter:card\" content=\"summary_large_image\" \/>\n<meta name=\"twitter:label1\" content=\"Escrito por\" \/>\n\t<meta name=\"twitter:data1\" content=\"Leonardo Nunes\" \/>\n\t<meta name=\"twitter:label2\" content=\"Est. tempo de leitura\" \/>\n\t<meta name=\"twitter:data2\" content=\"5 minutos\" \/>\n<!-- \/ Yoast SEO plugin. -->","yoast_head_json":{"title":"Como podar o alecrim para obter mais folhas e evitar que o tronco central fique amadeirado e seco por dentro - UAI Not\u00edcias","description":"Um corte no ponto errado pode impedir o alecrim de brotar novamente e comprometer toda a produ\u00e7\u00e3o de folhas","robots":{"index":"index","follow":"follow","max-snippet":"max-snippet:-1","max-image-preview":"max-image-preview:large","max-video-preview":"max-video-preview:-1"},"canonical":"https:\/\/www.uai.com.br\/uainoticias\/2026\/05\/01\/como-podar-o-alecrim-para-obter-mais-folhas-e-evitar-que-o-tronco-central-fique-amadeirado-e-seco-por-dentro\/","og_locale":"pt_BR","og_type":"article","og_title":"Como podar o alecrim para obter mais folhas e evitar que o tronco central fique amadeirado e seco por dentro - UAI Not\u00edcias","og_description":"Um corte no ponto errado pode impedir o alecrim de brotar novamente e comprometer toda a produ\u00e7\u00e3o de folhas","og_url":"https:\/\/www.uai.com.br\/uainoticias\/2026\/05\/01\/como-podar-o-alecrim-para-obter-mais-folhas-e-evitar-que-o-tronco-central-fique-amadeirado-e-seco-por-dentro\/","og_site_name":"UAI Not\u00edcias","article_published_time":"2026-05-01T14:20:00+00:00","og_image":[{"width":1280,"height":720,"url":"https:\/\/www.uai.com.br\/uainoticias\/wp-content\/uploads\/2026\/04\/Alecrim-poda-1.jpg","type":"image\/jpeg"}],"author":"Leonardo Nunes","twitter_card":"summary_large_image","twitter_misc":{"Escrito por":"Leonardo Nunes","Est. tempo de leitura":"5 minutos"},"schema":{"@context":"https:\/\/schema.org","@graph":[{"@type":"WebPage","@id":"https:\/\/www.uai.com.br\/uainoticias\/2026\/05\/01\/como-podar-o-alecrim-para-obter-mais-folhas-e-evitar-que-o-tronco-central-fique-amadeirado-e-seco-por-dentro\/","url":"https:\/\/www.uai.com.br\/uainoticias\/2026\/05\/01\/como-podar-o-alecrim-para-obter-mais-folhas-e-evitar-que-o-tronco-central-fique-amadeirado-e-seco-por-dentro\/","name":"Como podar o alecrim para obter mais folhas e evitar que o tronco central fique amadeirado e seco por dentro - UAI Not\u00edcias","isPartOf":{"@id":"https:\/\/www.uai.com.br\/uainoticias\/#website"},"primaryImageOfPage":{"@id":"https:\/\/www.uai.com.br\/uainoticias\/2026\/05\/01\/como-podar-o-alecrim-para-obter-mais-folhas-e-evitar-que-o-tronco-central-fique-amadeirado-e-seco-por-dentro\/#primaryimage"},"image":{"@id":"https:\/\/www.uai.com.br\/uainoticias\/2026\/05\/01\/como-podar-o-alecrim-para-obter-mais-folhas-e-evitar-que-o-tronco-central-fique-amadeirado-e-seco-por-dentro\/#primaryimage"},"thumbnailUrl":"https:\/\/www.uai.com.br\/uainoticias\/wp-content\/uploads\/2026\/04\/Alecrim-poda-1.jpg","datePublished":"2026-05-01T14:20:00+00:00","author":{"@id":"https:\/\/www.uai.com.br\/uainoticias\/#\/schema\/person\/f57cbcb79cae89ff53b4e2a7511676fb"},"description":"Um corte no ponto errado pode impedir o alecrim de brotar novamente e comprometer toda a produ\u00e7\u00e3o de folhas","breadcrumb":{"@id":"https:\/\/www.uai.com.br\/uainoticias\/2026\/05\/01\/como-podar-o-alecrim-para-obter-mais-folhas-e-evitar-que-o-tronco-central-fique-amadeirado-e-seco-por-dentro\/#breadcrumb"},"inLanguage":"pt-BR","potentialAction":[{"@type":"ReadAction","target":["https:\/\/www.uai.com.br\/uainoticias\/2026\/05\/01\/como-podar-o-alecrim-para-obter-mais-folhas-e-evitar-que-o-tronco-central-fique-amadeirado-e-seco-por-dentro\/"]}]},{"@type":"ImageObject","inLanguage":"pt-BR","@id":"https:\/\/www.uai.com.br\/uainoticias\/2026\/05\/01\/como-podar-o-alecrim-para-obter-mais-folhas-e-evitar-que-o-tronco-central-fique-amadeirado-e-seco-por-dentro\/#primaryimage","url":"https:\/\/www.uai.com.br\/uainoticias\/wp-content\/uploads\/2026\/04\/Alecrim-poda-1.jpg","contentUrl":"https:\/\/www.uai.com.br\/uainoticias\/wp-content\/uploads\/2026\/04\/Alecrim-poda-1.jpg","width":1280,"height":720,"caption":"A base lenhosa esconde um problema silencioso que reduz o vigor da planta ao longo do tempo - Cr\u00e9ditos: Imagem Ilustrativa"},{"@type":"BreadcrumbList","@id":"https:\/\/www.uai.com.br\/uainoticias\/2026\/05\/01\/como-podar-o-alecrim-para-obter-mais-folhas-e-evitar-que-o-tronco-central-fique-amadeirado-e-seco-por-dentro\/#breadcrumb","itemListElement":[{"@type":"ListItem","position":1,"name":"In\u00edcio","item":"https:\/\/www.uai.com.br\/uainoticias\/"},{"@type":"ListItem","position":2,"name":"Como podar o alecrim para obter mais folhas e evitar que o tronco central fique amadeirado e seco por dentro"}]},{"@type":"WebSite","@id":"https:\/\/www.uai.com.br\/uainoticias\/#website","url":"https:\/\/www.uai.com.br\/uainoticias\/","name":"UAI Not\u00edcias","description":"Acompanhe as \u00faltimas not\u00edcias e fique bem informado sobre tudo o que acontece no Brasil e no mundo.","potentialAction":[{"@type":"SearchAction","target":{"@type":"EntryPoint","urlTemplate":"https:\/\/www.uai.com.br\/uainoticias\/?s={search_term_string}"},"query-input":{"@type":"PropertyValueSpecification","valueRequired":true,"valueName":"search_term_string"}}],"inLanguage":"pt-BR"},{"@type":"Person","@id":"https:\/\/www.uai.com.br\/uainoticias\/#\/schema\/person\/f57cbcb79cae89ff53b4e2a7511676fb","name":"Leonardo Nunes","image":{"@type":"ImageObject","inLanguage":"pt-BR","@id":"https:\/\/www.uai.com.br\/uainoticias\/#\/schema\/person\/image\/","url":"https:\/\/secure.gravatar.com\/avatar\/bcbad95ea1da2f5458464789977fbb5ca8a5da4f7f82d946c83505ef5f769a9c?s=96&d=mm&r=g","contentUrl":"https:\/\/secure.gravatar.com\/avatar\/bcbad95ea1da2f5458464789977fbb5ca8a5da4f7f82d946c83505ef5f769a9c?s=96&d=mm&r=g","caption":"Leonardo Nunes"},"sameAs":["https:\/\/www.uai.com.br\/uainoticias\/"],"url":"https:\/\/www.uai.com.br\/uainoticias\/author\/leonardo-nunes\/"}]}},"_links":{"self":[{"href":"https:\/\/www.uai.com.br\/uainoticias\/wp-json\/wp\/v2\/posts\/129167","targetHints":{"allow":["GET"]}}],"collection":[{"href":"https:\/\/www.uai.com.br\/uainoticias\/wp-json\/wp\/v2\/posts"}],"about":[{"href":"https:\/\/www.uai.com.br\/uainoticias\/wp-json\/wp\/v2\/types\/post"}],"author":[{"embeddable":true,"href":"https:\/\/www.uai.com.br\/uainoticias\/wp-json\/wp\/v2\/users\/29"}],"replies":[{"embeddable":true,"href":"https:\/\/www.uai.com.br\/uainoticias\/wp-json\/wp\/v2\/comments?post=129167"}],"version-history":[{"count":2,"href":"https:\/\/www.uai.com.br\/uainoticias\/wp-json\/wp\/v2\/posts\/129167\/revisions"}],"predecessor-version":[{"id":129185,"href":"https:\/\/www.uai.com.br\/uainoticias\/wp-json\/wp\/v2\/posts\/129167\/revisions\/129185"}],"wp:featuredmedia":[{"embeddable":true,"href":"https:\/\/www.uai.com.br\/uainoticias\/wp-json\/wp\/v2\/media\/129180"}],"wp:attachment":[{"href":"https:\/\/www.uai.com.br\/uainoticias\/wp-json\/wp\/v2\/media?parent=129167"}],"wp:term":[{"taxonomy":"category","embeddable":true,"href":"https:\/\/www.uai.com.br\/uainoticias\/wp-json\/wp\/v2\/categories?post=129167"},{"taxonomy":"post_tag","embeddable":true,"href":"https:\/\/www.uai.com.br\/uainoticias\/wp-json\/wp\/v2\/tags?post=129167"}],"curies":[{"name":"wp","href":"https:\/\/api.w.org\/{rel}","templated":true}]}}