{"id":129165,"date":"2026-05-01T17:20:00","date_gmt":"2026-05-01T20:20:00","guid":{"rendered":"https:\/\/www.uai.com.br\/uainoticias\/?p=129165"},"modified":"2026-04-30T18:50:40","modified_gmt":"2026-04-30T21:50:40","slug":"para-o-lirio-branco-durar-anos-o-macete-nao-e-o-sol-pleno-mas-entender-que-ele-e-a-unica-planta-que-pede-agua-deitando-as-folhas","status":"publish","type":"post","link":"https:\/\/www.uai.com.br\/uainoticias\/2026\/05\/01\/para-o-lirio-branco-durar-anos-o-macete-nao-e-o-sol-pleno-mas-entender-que-ele-e-a-unica-planta-que-pede-agua-deitando-as-folhas\/","title":{"rendered":"Para o l\u00edrio branco durar anos: o macete n\u00e3o \u00e9 o sol pleno, mas entender que ele \u00e9 a \u00fanica planta que pede \u00e1gua deitando as folhas"},"content":{"rendered":"\n<p>O l\u00edrio-da-paz \u00e9 uma das esp\u00e9cies mais apreciadas para decora\u00e7\u00e3o de interiores devido \u00e0 sua eleg\u00e2ncia e resist\u00eancia. Para garantir que essa planta dure por muitos anos, \u00e9 preciso compreender seus sinais biol\u00f3gicos e necessidades espec\u00edficas de luz.<\/p>\n\n\n\n<h2 class=\"wp-block-heading\">Por que o sol direto pode ser fatal para essa planta?<\/h2>\n\n\n\n<p>Diferente de muitas flores tropicais, essa esp\u00e9cie prefere ambientes de luz filtrada ou meia-sombra. A exposi\u00e7\u00e3o direta aos raios solares queima as bordas das folhas e prejudica a flora\u00e7\u00e3o branca caracter\u00edstica.<\/p>\n\n\n\n<p>Em ambientes internos, o ideal \u00e9 posicionar o vaso pr\u00f3ximo a janelas que recebam luminosidade, mas sem o contato direto. Essa prote\u00e7\u00e3o preserva o verde intenso da folhagem e a sa\u00fade geral do vegetal no longo prazo.<\/p>\n\n\n\n<figure class=\"wp-block-image size-large\"><img decoding=\"async\" width=\"1024\" height=\"576\" src=\"https:\/\/www.uai.com.br\/uainoticias\/wp-content\/uploads\/2026\/04\/Lirio-da-paz-2-1024x576.jpg\" alt=\"\" class=\"wp-image-129192\" srcset=\"https:\/\/www.uai.com.br\/uainoticias\/wp-content\/uploads\/2026\/04\/Lirio-da-paz-2-1024x576.jpg 1024w, https:\/\/www.uai.com.br\/uainoticias\/wp-content\/uploads\/2026\/04\/Lirio-da-paz-2-300x169.jpg 300w, https:\/\/www.uai.com.br\/uainoticias\/wp-content\/uploads\/2026\/04\/Lirio-da-paz-2-768x432.jpg 768w, https:\/\/www.uai.com.br\/uainoticias\/wp-content\/uploads\/2026\/04\/Lirio-da-paz-2-750x422.jpg 750w, https:\/\/www.uai.com.br\/uainoticias\/wp-content\/uploads\/2026\/04\/Lirio-da-paz-2-1140x641.jpg 1140w, https:\/\/www.uai.com.br\/uainoticias\/wp-content\/uploads\/2026\/04\/Lirio-da-paz-2.jpg 1280w\" sizes=\"(max-width: 1024px) 100vw, 1024px\" \/><figcaption class=\"wp-element-caption\">Regar em excesso ap\u00f3s o murchamento pode causar danos invis\u00edveis \u00e0s ra\u00edzes e afetar a recupera\u00e7\u00e3o da planta &#8211; Cr\u00e9ditos: Imagem Ilustrativa<\/figcaption><\/figure>\n\n\n\n<p>Leia tamb\u00e9m: <strong><a href=\"https:\/\/www.uai.com.br\/uainoticias\/2026\/04\/30\/como-podar-a-cebolinha-para-obter-um-crescimento-continuo-nunca-puxe-a-raiz-corte-sempre-um-dedo-acima-da-terra\/\" target=\"_blank\" rel=\"noreferrer noopener\">Como podar a cebolinha para obter um crescimento cont\u00ednuo: nunca puxe a raiz, corte sempre um dedo acima da terra<\/a><\/strong><\/p>\n\n\n\n<h2 class=\"wp-block-heading\">Qual \u00e9 o comportamento das folhas quando falta umidade?<\/h2>\n\n\n\n<p>A observa\u00e7\u00e3o constante das rea\u00e7\u00f5es f\u00edsicas dessa esp\u00e9cie \u00e9 o segredo para manter o solo sempre no n\u00edvel de umidade ideal. Ao notar que o verde perdeu a firmeza, o cultivador deve agir prontamente com a hidrata\u00e7\u00e3o necess\u00e1ria para o vaso.<\/p>\n\n\n\n<p>Confira abaixo os indicadores de sa\u00fade e as a\u00e7\u00f5es necess\u00e1rias para manter o equil\u00edbrio h\u00eddrico do seu exemplar:<\/p>\n\n\n\n<figure class=\"wp-block-image size-large\"><img decoding=\"async\" width=\"1024\" height=\"375\" src=\"https:\/\/www.uai.com.br\/uainoticias\/wp-content\/uploads\/2026\/04\/Lirio-da-paz-tabela-1024x375.jpg\" alt=\"\" class=\"wp-image-129186\" srcset=\"https:\/\/www.uai.com.br\/uainoticias\/wp-content\/uploads\/2026\/04\/Lirio-da-paz-tabela-1024x375.jpg 1024w, https:\/\/www.uai.com.br\/uainoticias\/wp-content\/uploads\/2026\/04\/Lirio-da-paz-tabela-300x110.jpg 300w, https:\/\/www.uai.com.br\/uainoticias\/wp-content\/uploads\/2026\/04\/Lirio-da-paz-tabela-768x281.jpg 768w, https:\/\/www.uai.com.br\/uainoticias\/wp-content\/uploads\/2026\/04\/Lirio-da-paz-tabela-750x275.jpg 750w, https:\/\/www.uai.com.br\/uainoticias\/wp-content\/uploads\/2026\/04\/Lirio-da-paz-tabela-1140x418.jpg 1140w, https:\/\/www.uai.com.br\/uainoticias\/wp-content\/uploads\/2026\/04\/Lirio-da-paz-tabela.jpg 1280w\" sizes=\"(max-width: 1024px) 100vw, 1024px\" \/><\/figure>\n\n\n\n<h2 class=\"wp-block-heading\">Como realizar a rega correta ap\u00f3s o sinal de murchamento?<\/h2>\n\n\n\n<p>Quando a planta deita as folhas, a absor\u00e7\u00e3o de \u00e1gua deve ser feita de forma gradual para n\u00e3o encharcar as ra\u00edzes. O uso de \u00e1gua em temperatura ambiente evita choques t\u00e9rmicos que podem danificar os tecidos sens\u00edveis do vegetal.<\/p>\n\n\n\n<p>Para garantir uma recupera\u00e7\u00e3o r\u00e1pida e segura do vigor das folhas, siga estas orienta\u00e7\u00f5es fundamentais de manejo:<\/p>\n\n\n\n<ul class=\"wp-block-list\">\n<li>Adicionar \u00e1gua at\u00e9 que comece a sair pelos furos de drenagem no fundo do vaso.<\/li>\n\n\n\n<li>Remover o excesso de l\u00edquido do pratinho para evitar o apodrecimento radicular.<\/li>\n\n\n\n<li>Borrifar \u00e1gua nas folhas para ajudar na hidrata\u00e7\u00e3o a\u00e9rea durante dias de calor.<\/li>\n\n\n\n<li>Verificar a umidade do substrato com o dedo antes de repetir o processo no dia seguinte.<\/li>\n<\/ul>\n\n\n\n<h2 class=\"wp-block-heading\">Quais s\u00e3o os benef\u00edcios de manter essa esp\u00e9cie dentro de casa?<\/h2>\n\n\n\n<p>Al\u00e9m do apelo est\u00e9tico, essa planta \u00e9 conhecida por sua capacidade de filtrar impurezas presentes no ar dos ambientes fechados. Estudos da <strong>NASA<\/strong> indicam que ela remove subst\u00e2ncias como benzeno e mon\u00f3xido de carbono do local.<\/p>\n\n\n\n<p>A presen\u00e7a de vegeta\u00e7\u00e3o em escrit\u00f3rios e dormit\u00f3rios contribui para o aumento da umidade relativa do ar. Esse fator \u00e9 ben\u00e9fico para a sa\u00fade respirat\u00f3ria dos moradores, especialmente durante os meses de clima seco.<\/p>\n\n\n\n<p>Assista ao v\u00eddeo do canal <strong>Minhas Plantas<\/strong>, que conta com <strong>2,07 milh\u00f5es<\/strong> de inscritos. O v\u00eddeo mostra como plantar o <strong>l\u00edrio-da-paz<\/strong> em vasos de forma adequada, abordando o preparo do substrato e as regas ideais. O conte\u00fado tamb\u00e9m ensina a t\u00e9cnica correta para fazer mudas por meio da divis\u00e3o de touceiras, garantindo que a planta se multiplique com sa\u00fade e continue a florescer dentro de casa:<\/p>\n\n\n\n<figure class=\"wp-block-embed is-type-video is-provider-youtube wp-block-embed-youtube wp-embed-aspect-16-9 wp-has-aspect-ratio\"><div class=\"wp-block-embed__wrapper\">\n<div class=\"jeg_video_container jeg_video_content\"><iframe loading=\"lazy\" title=\"Como plantar L\u00cdRIO DA PAZ em VASO e fazer MUDAS\" width=\"500\" height=\"281\" src=\"https:\/\/www.youtube.com\/embed\/ocMAqdvq3NU?feature=oembed\" frameborder=\"0\" allow=\"accelerometer; autoplay; clipboard-write; encrypted-media; gyroscope; picture-in-picture; web-share\" referrerpolicy=\"strict-origin-when-cross-origin\" allowfullscreen><\/iframe><\/div>\n<\/div><\/figure>\n\n\n\n<p>Leia tamb\u00e9m: <strong><a href=\"https:\/\/www.uai.com.br\/uainoticias\/2026\/04\/30\/os-feijoes-germinam-como-fermento-ao-umedecer-a-terra-use-a-agua-sem-sal-que-sobrou-do-cozimento-de-vegetais\/\" target=\"_blank\" rel=\"noreferrer noopener\">Os feij\u00f5es germinam como fermento: ao umedecer a terra, use a \u00e1gua sem sal que sobrou do cozimento de vegetais<\/a><\/strong><\/p>\n\n\n\n<h2 class=\"wp-block-heading\">Como garantir a flora\u00e7\u00e3o branca por mais tempo?<\/h2>\n\n\n\n<p>A manuten\u00e7\u00e3o da limpeza das folhas \u00e9 essencial para que o processo de fotoss\u00edntese ocorra sem interfer\u00eancias de poeira. O uso de um pano \u00famido remove detritos e devolve o brilho natural que valoriza a beleza da flor.<\/p>\n\n\n\n<p>A aplica\u00e7\u00e3o de fertilizantes ricos em f\u00f3sforo durante a primavera estimula a produ\u00e7\u00e3o das espatas brancas. O corte de flores secas na base do caule direciona a energia da planta para o nascimento de novos bot\u00f5es.<\/p>\n","protected":false},"excerpt":{"rendered":"<p>O l\u00edrio-da-paz \u00e9 uma das esp\u00e9cies mais apreciadas para decora\u00e7\u00e3o de interiores devido \u00e0 sua eleg\u00e2ncia e resist\u00eancia. Para garantir que essa planta dure por muitos anos, \u00e9 preciso compreender seus sinais biol\u00f3gicos e necessidades espec\u00edficas de luz. Por que o sol direto pode ser fatal para essa planta? Diferente de muitas flores tropicais, essa [&hellip;]<\/p>\n","protected":false},"author":29,"featured_media":129191,"comment_status":"open","ping_status":"open","sticky":false,"template":"","format":"standard","meta":{"jnews-multi-image_gallery":[],"jnews_single_post":{"format":"standard"},"jnews_primary_category":[],"jnews_social_meta":[],"jnews_override_counter":[],"footnotes":""},"categories":[11599],"tags":[23727,1522],"class_list":["post-129165","post","type-post","status-publish","format-standard","has-post-thumbnail","hentry","category-jardinagem","tag-lirio-branco","tag-lirio-da-paz"],"yoast_head":"<!-- This site is optimized with the Yoast SEO plugin v26.5 - https:\/\/yoast.com\/wordpress\/plugins\/seo\/ -->\n<title>Para o l\u00edrio branco durar anos: o macete n\u00e3o \u00e9 o sol pleno, mas entender que ele \u00e9 a \u00fanica planta que pede \u00e1gua deitando as folhas - UAI Not\u00edcias<\/title>\n<meta name=\"description\" content=\"Um erro na exposi\u00e7\u00e3o ao sol pode queimar as folhas do l\u00edrio-da-paz e comprometer sua sobreviv\u00eancia em ambientes internos\" \/>\n<meta name=\"robots\" content=\"index, follow, max-snippet:-1, max-image-preview:large, max-video-preview:-1\" \/>\n<link rel=\"canonical\" href=\"https:\/\/www.uai.com.br\/uainoticias\/2026\/05\/01\/para-o-lirio-branco-durar-anos-o-macete-nao-e-o-sol-pleno-mas-entender-que-ele-e-a-unica-planta-que-pede-agua-deitando-as-folhas\/\" \/>\n<meta property=\"og:locale\" content=\"pt_BR\" \/>\n<meta property=\"og:type\" content=\"article\" \/>\n<meta property=\"og:title\" content=\"Para o l\u00edrio branco durar anos: o macete n\u00e3o \u00e9 o sol pleno, mas entender que ele \u00e9 a \u00fanica planta que pede \u00e1gua deitando as folhas - UAI Not\u00edcias\" \/>\n<meta property=\"og:description\" content=\"Um erro na exposi\u00e7\u00e3o ao sol pode queimar as folhas do l\u00edrio-da-paz e comprometer sua sobreviv\u00eancia em ambientes internos\" \/>\n<meta property=\"og:url\" content=\"https:\/\/www.uai.com.br\/uainoticias\/2026\/05\/01\/para-o-lirio-branco-durar-anos-o-macete-nao-e-o-sol-pleno-mas-entender-que-ele-e-a-unica-planta-que-pede-agua-deitando-as-folhas\/\" \/>\n<meta property=\"og:site_name\" content=\"UAI Not\u00edcias\" \/>\n<meta property=\"article:published_time\" content=\"2026-05-01T20:20:00+00:00\" \/>\n<meta property=\"og:image\" content=\"https:\/\/www.uai.com.br\/uainoticias\/wp-content\/uploads\/2026\/04\/Lirio-da-paz-1.jpg\" \/>\n\t<meta property=\"og:image:width\" content=\"1280\" \/>\n\t<meta property=\"og:image:height\" content=\"720\" \/>\n\t<meta property=\"og:image:type\" content=\"image\/jpeg\" \/>\n<meta name=\"author\" content=\"Leonardo Nunes\" \/>\n<meta name=\"twitter:card\" content=\"summary_large_image\" \/>\n<meta name=\"twitter:label1\" content=\"Escrito por\" \/>\n\t<meta name=\"twitter:data1\" content=\"Leonardo Nunes\" \/>\n\t<meta name=\"twitter:label2\" content=\"Est. tempo de leitura\" \/>\n\t<meta name=\"twitter:data2\" content=\"4 minutos\" \/>\n<!-- \/ Yoast SEO plugin. -->","yoast_head_json":{"title":"Para o l\u00edrio branco durar anos: o macete n\u00e3o \u00e9 o sol pleno, mas entender que ele \u00e9 a \u00fanica planta que pede \u00e1gua deitando as folhas - UAI Not\u00edcias","description":"Um erro na exposi\u00e7\u00e3o ao sol pode queimar as folhas do l\u00edrio-da-paz e comprometer sua sobreviv\u00eancia em ambientes internos","robots":{"index":"index","follow":"follow","max-snippet":"max-snippet:-1","max-image-preview":"max-image-preview:large","max-video-preview":"max-video-preview:-1"},"canonical":"https:\/\/www.uai.com.br\/uainoticias\/2026\/05\/01\/para-o-lirio-branco-durar-anos-o-macete-nao-e-o-sol-pleno-mas-entender-que-ele-e-a-unica-planta-que-pede-agua-deitando-as-folhas\/","og_locale":"pt_BR","og_type":"article","og_title":"Para o l\u00edrio branco durar anos: o macete n\u00e3o \u00e9 o sol pleno, mas entender que ele \u00e9 a \u00fanica planta que pede \u00e1gua deitando as folhas - UAI Not\u00edcias","og_description":"Um erro na exposi\u00e7\u00e3o ao sol pode queimar as folhas do l\u00edrio-da-paz e comprometer sua sobreviv\u00eancia em ambientes internos","og_url":"https:\/\/www.uai.com.br\/uainoticias\/2026\/05\/01\/para-o-lirio-branco-durar-anos-o-macete-nao-e-o-sol-pleno-mas-entender-que-ele-e-a-unica-planta-que-pede-agua-deitando-as-folhas\/","og_site_name":"UAI Not\u00edcias","article_published_time":"2026-05-01T20:20:00+00:00","og_image":[{"width":1280,"height":720,"url":"https:\/\/www.uai.com.br\/uainoticias\/wp-content\/uploads\/2026\/04\/Lirio-da-paz-1.jpg","type":"image\/jpeg"}],"author":"Leonardo Nunes","twitter_card":"summary_large_image","twitter_misc":{"Escrito por":"Leonardo Nunes","Est. tempo de leitura":"4 minutos"},"schema":{"@context":"https:\/\/schema.org","@graph":[{"@type":"WebPage","@id":"https:\/\/www.uai.com.br\/uainoticias\/2026\/05\/01\/para-o-lirio-branco-durar-anos-o-macete-nao-e-o-sol-pleno-mas-entender-que-ele-e-a-unica-planta-que-pede-agua-deitando-as-folhas\/","url":"https:\/\/www.uai.com.br\/uainoticias\/2026\/05\/01\/para-o-lirio-branco-durar-anos-o-macete-nao-e-o-sol-pleno-mas-entender-que-ele-e-a-unica-planta-que-pede-agua-deitando-as-folhas\/","name":"Para o l\u00edrio branco durar anos: o macete n\u00e3o \u00e9 o sol pleno, mas entender que ele \u00e9 a \u00fanica planta que pede \u00e1gua deitando as folhas - UAI Not\u00edcias","isPartOf":{"@id":"https:\/\/www.uai.com.br\/uainoticias\/#website"},"primaryImageOfPage":{"@id":"https:\/\/www.uai.com.br\/uainoticias\/2026\/05\/01\/para-o-lirio-branco-durar-anos-o-macete-nao-e-o-sol-pleno-mas-entender-que-ele-e-a-unica-planta-que-pede-agua-deitando-as-folhas\/#primaryimage"},"image":{"@id":"https:\/\/www.uai.com.br\/uainoticias\/2026\/05\/01\/para-o-lirio-branco-durar-anos-o-macete-nao-e-o-sol-pleno-mas-entender-que-ele-e-a-unica-planta-que-pede-agua-deitando-as-folhas\/#primaryimage"},"thumbnailUrl":"https:\/\/www.uai.com.br\/uainoticias\/wp-content\/uploads\/2026\/04\/Lirio-da-paz-1.jpg","datePublished":"2026-05-01T20:20:00+00:00","author":{"@id":"https:\/\/www.uai.com.br\/uainoticias\/#\/schema\/person\/f57cbcb79cae89ff53b4e2a7511676fb"},"description":"Um erro na exposi\u00e7\u00e3o ao sol pode queimar as folhas do l\u00edrio-da-paz e comprometer sua sobreviv\u00eancia em ambientes internos","breadcrumb":{"@id":"https:\/\/www.uai.com.br\/uainoticias\/2026\/05\/01\/para-o-lirio-branco-durar-anos-o-macete-nao-e-o-sol-pleno-mas-entender-que-ele-e-a-unica-planta-que-pede-agua-deitando-as-folhas\/#breadcrumb"},"inLanguage":"pt-BR","potentialAction":[{"@type":"ReadAction","target":["https:\/\/www.uai.com.br\/uainoticias\/2026\/05\/01\/para-o-lirio-branco-durar-anos-o-macete-nao-e-o-sol-pleno-mas-entender-que-ele-e-a-unica-planta-que-pede-agua-deitando-as-folhas\/"]}]},{"@type":"ImageObject","inLanguage":"pt-BR","@id":"https:\/\/www.uai.com.br\/uainoticias\/2026\/05\/01\/para-o-lirio-branco-durar-anos-o-macete-nao-e-o-sol-pleno-mas-entender-que-ele-e-a-unica-planta-que-pede-agua-deitando-as-folhas\/#primaryimage","url":"https:\/\/www.uai.com.br\/uainoticias\/wp-content\/uploads\/2026\/04\/Lirio-da-paz-1.jpg","contentUrl":"https:\/\/www.uai.com.br\/uainoticias\/wp-content\/uploads\/2026\/04\/Lirio-da-paz-1.jpg","width":1280,"height":720,"caption":"As folhas revelam sinais claros quando a planta precisa de \u00e1gua, mas poucos interpretam corretamente esse alerta - Cr\u00e9ditos: Imagem Ilustrativa"},{"@type":"BreadcrumbList","@id":"https:\/\/www.uai.com.br\/uainoticias\/2026\/05\/01\/para-o-lirio-branco-durar-anos-o-macete-nao-e-o-sol-pleno-mas-entender-que-ele-e-a-unica-planta-que-pede-agua-deitando-as-folhas\/#breadcrumb","itemListElement":[{"@type":"ListItem","position":1,"name":"In\u00edcio","item":"https:\/\/www.uai.com.br\/uainoticias\/"},{"@type":"ListItem","position":2,"name":"Para o l\u00edrio branco durar anos: o macete n\u00e3o \u00e9 o sol pleno, mas entender que ele \u00e9 a \u00fanica planta que pede \u00e1gua deitando as folhas"}]},{"@type":"WebSite","@id":"https:\/\/www.uai.com.br\/uainoticias\/#website","url":"https:\/\/www.uai.com.br\/uainoticias\/","name":"UAI Not\u00edcias","description":"Acompanhe as \u00faltimas not\u00edcias e fique bem informado sobre tudo o que acontece no Brasil e no mundo.","potentialAction":[{"@type":"SearchAction","target":{"@type":"EntryPoint","urlTemplate":"https:\/\/www.uai.com.br\/uainoticias\/?s={search_term_string}"},"query-input":{"@type":"PropertyValueSpecification","valueRequired":true,"valueName":"search_term_string"}}],"inLanguage":"pt-BR"},{"@type":"Person","@id":"https:\/\/www.uai.com.br\/uainoticias\/#\/schema\/person\/f57cbcb79cae89ff53b4e2a7511676fb","name":"Leonardo Nunes","image":{"@type":"ImageObject","inLanguage":"pt-BR","@id":"https:\/\/www.uai.com.br\/uainoticias\/#\/schema\/person\/image\/","url":"https:\/\/secure.gravatar.com\/avatar\/bcbad95ea1da2f5458464789977fbb5ca8a5da4f7f82d946c83505ef5f769a9c?s=96&d=mm&r=g","contentUrl":"https:\/\/secure.gravatar.com\/avatar\/bcbad95ea1da2f5458464789977fbb5ca8a5da4f7f82d946c83505ef5f769a9c?s=96&d=mm&r=g","caption":"Leonardo Nunes"},"sameAs":["https:\/\/www.uai.com.br\/uainoticias\/"],"url":"https:\/\/www.uai.com.br\/uainoticias\/author\/leonardo-nunes\/"}]}},"_links":{"self":[{"href":"https:\/\/www.uai.com.br\/uainoticias\/wp-json\/wp\/v2\/posts\/129165","targetHints":{"allow":["GET"]}}],"collection":[{"href":"https:\/\/www.uai.com.br\/uainoticias\/wp-json\/wp\/v2\/posts"}],"about":[{"href":"https:\/\/www.uai.com.br\/uainoticias\/wp-json\/wp\/v2\/types\/post"}],"author":[{"embeddable":true,"href":"https:\/\/www.uai.com.br\/uainoticias\/wp-json\/wp\/v2\/users\/29"}],"replies":[{"embeddable":true,"href":"https:\/\/www.uai.com.br\/uainoticias\/wp-json\/wp\/v2\/comments?post=129165"}],"version-history":[{"count":2,"href":"https:\/\/www.uai.com.br\/uainoticias\/wp-json\/wp\/v2\/posts\/129165\/revisions"}],"predecessor-version":[{"id":129198,"href":"https:\/\/www.uai.com.br\/uainoticias\/wp-json\/wp\/v2\/posts\/129165\/revisions\/129198"}],"wp:featuredmedia":[{"embeddable":true,"href":"https:\/\/www.uai.com.br\/uainoticias\/wp-json\/wp\/v2\/media\/129191"}],"wp:attachment":[{"href":"https:\/\/www.uai.com.br\/uainoticias\/wp-json\/wp\/v2\/media?parent=129165"}],"wp:term":[{"taxonomy":"category","embeddable":true,"href":"https:\/\/www.uai.com.br\/uainoticias\/wp-json\/wp\/v2\/categories?post=129165"},{"taxonomy":"post_tag","embeddable":true,"href":"https:\/\/www.uai.com.br\/uainoticias\/wp-json\/wp\/v2\/tags?post=129165"}],"curies":[{"name":"wp","href":"https:\/\/api.w.org\/{rel}","templated":true}]}}