{"id":129035,"date":"2026-05-01T14:15:00","date_gmt":"2026-05-01T17:15:00","guid":{"rendered":"https:\/\/www.uai.com.br\/uainoticias\/?p=129035"},"modified":"2026-04-30T15:03:25","modified_gmt":"2026-04-30T18:03:25","slug":"gottfried-wilhelm-leibniz-pensador-do-otimismo-e-da-logica-tudo-pode-melhorar","status":"publish","type":"post","link":"https:\/\/www.uai.com.br\/uainoticias\/2026\/05\/01\/gottfried-wilhelm-leibniz-pensador-do-otimismo-e-da-logica-tudo-pode-melhorar\/","title":{"rendered":"Gottfried Wilhelm Leibniz, pensador do otimismo e da l\u00f3gica: \u201cTudo pode melhorar\u201d"},"content":{"rendered":"\n<link href=\"https:\/\/fonts.googleapis.com\/css2?family=Merriweather:wght@700&#038;family=Open+Sans:wght@400;600;700&#038;display=swap\" rel=\"stylesheet\">\r\n<style>\r\n.rdp-resumo-wrapper {\r\n  max-width: 620px;\r\n  margin: 28px auto;\r\n  background: #FFFFFF;\r\n  border: 1px solid #D0D0D0;\r\n  border-radius: 6px;\r\n  padding: 28px 32px;\r\n  font-family: 'Open Sans', sans-serif;\r\n  box-shadow: 0 2px 12px rgba(0,0,0,0.08);\r\n}\r\n.rdp-resumo-header {\r\n  display: flex;\r\n  align-items: center;\r\n  gap: 16px;\r\n  margin-bottom: 22px;\r\n}\r\n.rdp-resumo-line {\r\n  flex: 1;\r\n  height: 1px;\r\n  background: #D0D0D0;\r\n}\r\n.rdp-resumo-title {\r\n  font-family: 'Merriweather', serif;\r\n  font-size: 13px;\r\n  font-weight: 700;\r\n  text-transform: uppercase;\r\n  letter-spacing: 3px;\r\n  color: #1A1A1A;\r\n  white-space: nowrap;\r\n}\r\n.rdp-resumo-list {\r\n  list-style: none;\r\n  padding: 0;\r\n  margin: 0;\r\n}\r\n.rdp-resumo-item {\r\n  padding: 0 0 18px 22px;\r\n  position: relative;\r\n  line-height: 1.7;\r\n}\r\n.rdp-resumo-item:last-child {\r\n  padding-bottom: 0;\r\n}\r\n.rdp-resumo-item::before {\r\n  content: \"\";\r\n  position: absolute;\r\n  left: 0;\r\n  top: 8px;\r\n  width: 8px;\r\n  height: 8px;\r\n  background: #2B5A83;\r\n  border-radius: 50%;\r\n}\r\n.rdp-resumo-item-title {\r\n  font-size: 15px;\r\n  font-weight: 700;\r\n  color: #1A1A1A;\r\n}\r\n.rdp-resumo-item-desc {\r\n  font-size: 15px;\r\n  color: #4A4A4A;\r\n  line-height: 1.7;\r\n}\r\n@media (max-width: 768px) {\r\n  .rdp-resumo-wrapper {\r\n    max-width: 100%;\r\n    margin: 20px 12px;\r\n    padding: 22px 20px;\r\n  }\r\n}\r\n<\/style>\r\n<div class=\"rdp-resumo-wrapper\">\r\n  <div class=\"rdp-resumo-header\">\r\n    <span class=\"rdp-resumo-line\"><\/span>\r\n    <span class=\"rdp-resumo-title\">Resumo<\/span>\r\n    <span class=\"rdp-resumo-line\"><\/span>\r\n  <\/div>\r\n  <ul class=\"rdp-resumo-list\">\r\n    <li class=\"rdp-resumo-item\">\r\n      <span class=\"rdp-resumo-item-title\">Frase filos\u00f3fica:<\/span> <span class=\"rdp-resumo-item-desc\">A ideia \u201cTudo pode melhorar\u201d sintetiza o pensamento otimista e racional de Leibniz sobre o progresso humano.<\/span>\r\n    <\/li>\r\n    <li class=\"rdp-resumo-item\">\r\n      <span class=\"rdp-resumo-item-title\">Conex\u00e3o intelectual:<\/span> <span class=\"rdp-resumo-item-desc\">A frase dialoga com o conceito de mundo poss\u00edvel e com a l\u00f3gica como ferramenta de aperfei\u00e7oamento.<\/span>\r\n    <\/li>\r\n    <li class=\"rdp-resumo-item\">\r\n      <span class=\"rdp-resumo-item-title\">Relev\u00e2ncia atual:<\/span> <span class=\"rdp-resumo-item-desc\">O pensamento leibniziano segue influente nos debates sobre ci\u00eancia, filosofia e evolu\u00e7\u00e3o social.<\/span>\r\n    <\/li>\r\n  <\/ul>\r\n<\/div>\n\n\n\n<p>Na tradi\u00e7\u00e3o da filosofia moderna, poucas ideias ecoam com tanta for\u00e7a quanto a afirma\u00e7\u00e3o de Gottfried Wilhelm Leibniz de que <em>\u201cTudo pode melhorar\u201d<\/em>. A frase condensa um dos pilares do pensamento iluminista, marcado pela confian\u00e7a na raz\u00e3o, na l\u00f3gica e no progresso cont\u00ednuo. Mais do que um slogan otimista, trata-se de uma vis\u00e3o estruturada sobre o mundo, profundamente ligada ao desenvolvimento cient\u00edfico e \u00e0 constru\u00e7\u00e3o de conhecimento.<\/p>\n\n\n\n<h2 class=\"wp-block-heading\">Quem \u00e9 Gottfried Wilhelm Leibniz e por que sua voz importa<\/h2>\n\n\n\n<p><strong>Gottfried Wilhelm Leibniz<\/strong> foi um dos grandes fil\u00f3sofos do s\u00e9culo XVII, al\u00e9m de matem\u00e1tico, l\u00f3gico e diplomata. Sua contribui\u00e7\u00e3o ao c\u00e1lculo diferencial e \u00e0 l\u00f3gica simb\u00f3lica o coloca como figura central na hist\u00f3ria da ci\u00eancia e da filosofia.<\/p>\n\n\n\n<p>No campo filos\u00f3fico, Leibniz desenvolveu teorias sobre metaf\u00edsica, conhecimento e harmonia universal. Sua defesa de um mundo racionalmente estruturado influenciou o pensamento europeu e ajudou a moldar a base intelectual do Iluminismo.<\/p>\n\n\n\n<figure class=\"wp-block-embed is-type-video is-provider-youtube wp-block-embed-youtube wp-embed-aspect-16-9 wp-has-aspect-ratio\"><div class=\"wp-block-embed__wrapper\">\n<div class=\"jeg_video_container jeg_video_content\"><iframe loading=\"lazy\" title=\"Leibniz para Iniciantes: A Filosofia Por Tr\u00e1s da Mente Brilhante\" width=\"500\" height=\"281\" src=\"https:\/\/www.youtube.com\/embed\/YF_U4z_SzOg?feature=oembed\" frameborder=\"0\" allow=\"accelerometer; autoplay; clipboard-write; encrypted-media; gyroscope; picture-in-picture; web-share\" referrerpolicy=\"strict-origin-when-cross-origin\" allowfullscreen><\/iframe><\/div>\n<\/div><\/figure>\n\n\n\n<h2 class=\"wp-block-heading\">O que Gottfried Wilhelm Leibniz quis dizer com essa frase<\/h2>\n\n\n\n<p>Ao afirmar que \u201cTudo pode melhorar\u201d, Leibniz n\u00e3o se refere a um otimismo ing\u00eanuo, mas a uma vis\u00e3o filos\u00f3fica fundamentada na ideia de aperfei\u00e7oamento cont\u00ednuo. Para ele, o mundo \u00e9 composto por possibilidades e est\u00e1 em constante evolu\u00e7\u00e3o.<\/p>\n\n\n\n<p>Essa perspectiva se conecta diretamente ao conceito do \u201cmelhor dos mundos poss\u00edveis\u201d, onde a raz\u00e3o e a l\u00f3gica orientam o desenvolvimento humano. A frase sugere que, por meio do conhecimento e da an\u00e1lise racional, \u00e9 sempre poss\u00edvel avan\u00e7ar.<\/p>\n\n\n\n<h2 class=\"wp-block-heading\">O otimismo filos\u00f3fico: o contexto por tr\u00e1s das palavras<\/h2>\n\n\n\n<p>O chamado <strong>otimismo filos\u00f3fico<\/strong> de Leibniz surge em um momento de transforma\u00e7\u00e3o intelectual na Europa, marcado pela valoriza\u00e7\u00e3o da ci\u00eancia, da matem\u00e1tica e da l\u00f3gica. Nesse cen\u00e1rio, o progresso era visto como resultado da aplica\u00e7\u00e3o racional do pensamento.<\/p>\n\n\n\n<p>A frase reflete esse esp\u00edrito de \u00e9poca, no qual fil\u00f3sofos buscavam compreender o mundo como um sistema organizado e intelig\u00edvel. O otimismo, nesse sentido, n\u00e3o era apenas emocional, mas profundamente te\u00f3rico e estruturado.<\/p>\n\n\n\n<link href=\"https:\/\/fonts.googleapis.com\/css2?family=Merriweather:wght@700&#038;family=Open+Sans:wght@400;600;700&#038;display=swap\" rel=\"stylesheet\">\r\n<style>\r\n.rdp-cards-wrapper .jnews_inline_related_post_wrapper,\r\n.rdp-cards-wrapper .jnews_inline_related_post,\r\n.rdp-cards-wrapper .jeg_postblock,\r\n.rdp-cards-wrapper [class*=\"jnews_inline\"],\r\n.rdp-cards-wrapper [class*=\"jeg_postblock\"],\r\n.rdp-cards-wrapper [class*=\"jeg_block\"] {\r\n  display: none !important;\r\n  height: 0 !important;\r\n  max-height: 0 !important;\r\n  overflow: hidden !important;\r\n  visibility: hidden !important;\r\n  margin: 0 !important;\r\n  padding: 0 !important;\r\n  border: none !important;\r\n  font-size: 0 !important;\r\n  line-height: 0 !important;\r\n}\r\n.rdp-cards-wrapper {\r\n  max-width: 100%;\r\n  margin: 32px 0;\r\n  background: #F5F7FA;\r\n  border: 1px solid #E1E5EB;\r\n  border-radius: 10px;\r\n  padding: 28px 28px 20px;\r\n  font-family: 'Open Sans', sans-serif;\r\n  overflow: hidden;\r\n  contain: layout style;\r\n  isolation: isolate;\r\n  position: relative;\r\n  z-index: 1;\r\n}\r\n.rdp-cards-wrapper > *:not(.rdp-cards-title):not(.rdp-cards-grid) {\r\n  display: none !important;\r\n}\r\n.rdp-cards-title {\r\n  font-family: 'Merriweather', serif;\r\n  font-size: 20px;\r\n  font-weight: 700;\r\n  color: #1A1A1A;\r\n  margin-bottom: 20px;\r\n  text-align: center;\r\n}\r\n.rdp-cards-grid {\r\n  display: grid;\r\n  grid-template-columns: repeat(3, 1fr);\r\n  gap: 18px;\r\n}\r\n.rdp-cards-item {\r\n  background: #FFFFFF;\r\n  border: 1px solid #E1E5EB;\r\n  border-top: 3px solid #2B5A83;\r\n  border-radius: 10px;\r\n  padding: 22px 20px;\r\n}\r\n.rdp-cards-emoji {\r\n  font-size: 32px;\r\n  margin-bottom: 12px;\r\n}\r\n.rdp-cards-item-title {\r\n  font-weight: 700;\r\n  margin-bottom: 8px;\r\n}\r\n.rdp-cards-item-desc {\r\n  font-size: 14px;\r\n  color: #4A4A4A;\r\n}\r\n@media (max-width: 768px) {\r\n  .rdp-cards-grid {\r\n    grid-template-columns: 1fr;\r\n  }\r\n}\r\n<\/style>\r\n<div class=\"rdp-cards-wrapper\">\r\n  <div class=\"rdp-cards-title\">Saiba mais sobre o tema<\/div>\r\n  <div class=\"rdp-cards-grid\">\r\n    <div class=\"rdp-cards-item\">\r\n      <span class=\"rdp-cards-emoji\">\ud83d\udcda<\/span>\r\n      <div class=\"rdp-cards-item-title\">Pai da l\u00f3gica moderna<\/div>\r\n      <p class=\"rdp-cards-item-desc\">Leibniz desenvolveu conceitos fundamentais para a l\u00f3gica matem\u00e1tica, influenciando \u00e1reas como computa\u00e7\u00e3o e intelig\u00eancia artificial.<\/p>\r\n    <\/div>\r\n    <div class=\"rdp-cards-item\">\r\n      <span class=\"rdp-cards-emoji\">\u2797<\/span>\r\n      <div class=\"rdp-cards-item-title\">Inventor do c\u00e1lculo<\/div>\r\n      <p class=\"rdp-cards-item-desc\">Ao lado de Newton, criou o c\u00e1lculo diferencial e integral, base para avan\u00e7os cient\u00edficos e tecnol\u00f3gicos modernos.<\/p>\r\n    <\/div>\r\n    <div class=\"rdp-cards-item\">\r\n      <span class=\"rdp-cards-emoji\">\ud83c\udf10<\/span>\r\n      <div class=\"rdp-cards-item-title\">Vis\u00e3o de mundo racional<\/div>\r\n      <p class=\"rdp-cards-item-desc\">Sua filosofia defendia que o universo segue uma ordem l\u00f3gica, acess\u00edvel \u00e0 raz\u00e3o humana.<\/p>\r\n    <\/div>\r\n  <\/div>\r\n<\/div>\r\n<div style=\"clear:both;height:0;overflow:hidden;\"><\/div>\n\n\n\n<h2 class=\"wp-block-heading\">Por que essa declara\u00e7\u00e3o repercutiu<\/h2>\n\n\n\n<p>A ideia de que tudo pode melhorar ressoa fortemente em contextos contempor\u00e2neos, especialmente em debates sobre ci\u00eancia, tecnologia e sociedade. O pensamento de Leibniz encontra eco em discuss\u00f5es sobre inova\u00e7\u00e3o e progresso sustent\u00e1vel.<\/p>\n\n\n\n<p>Al\u00e9m disso, sua vis\u00e3o racional continua sendo refer\u00eancia em \u00e1reas como filosofia anal\u00edtica e teoria do conhecimento, refor\u00e7ando a relev\u00e2ncia de sua obra em diferentes campos acad\u00eamicos.<\/p>\n\n\n\n<h2 class=\"wp-block-heading\">O legado e a relev\u00e2ncia para a categoria<\/h2>\n\n\n\n<p>Dentro da filosofia, Leibniz permanece como s\u00edmbolo de uma tradi\u00e7\u00e3o que valoriza a raz\u00e3o, a l\u00f3gica e a possibilidade de evolu\u00e7\u00e3o cont\u00ednua. Sua frase sintetiza uma vis\u00e3o que ainda orienta debates sobre \u00e9tica, ci\u00eancia e desenvolvimento humano.<\/p>\n\n\n\n<p>Ao revisitar pensamentos como o de Gottfried Wilhelm Leibniz, o leitor se depara com uma provoca\u00e7\u00e3o que atravessa s\u00e9culos. Em um mundo em constante transforma\u00e7\u00e3o, a ideia de que sempre \u00e9 poss\u00edvel melhorar continua sendo um convite \u00e0 reflex\u00e3o e \u00e0 a\u00e7\u00e3o intelectual.<\/p>\n","protected":false},"excerpt":{"rendered":"<p>Resumo Frase filos\u00f3fica: A ideia \u201cTudo pode melhorar\u201d sintetiza o pensamento otimista e racional de Leibniz sobre o progresso humano. Conex\u00e3o intelectual: A frase dialoga com o conceito de mundo poss\u00edvel e com a l\u00f3gica como ferramenta de aperfei\u00e7oamento. Relev\u00e2ncia atual: O pensamento leibniziano segue influente nos debates sobre ci\u00eancia, filosofia e evolu\u00e7\u00e3o social. Na [&hellip;]<\/p>\n","protected":false},"author":23,"featured_media":129037,"comment_status":"open","ping_status":"open","sticky":false,"template":"","format":"standard","meta":{"jnews-multi-image_gallery":[],"jnews_single_post":{"format":"standard"},"jnews_primary_category":[],"jnews_social_meta":[],"jnews_override_counter":[],"footnotes":""},"categories":[3046,475],"tags":[22328,22344,5475,22897],"class_list":["post-129035","post","type-post","status-publish","format-standard","has-post-thumbnail","hentry","category-curiosidades","category-entretenimento","tag-filosofia-da-felicidade","tag-filosofia-de-vida","tag-mudanca","tag-otimismo"],"yoast_head":"<!-- This site is optimized with the Yoast SEO plugin v26.5 - https:\/\/yoast.com\/wordpress\/plugins\/seo\/ -->\n<title>Gottfried Wilhelm Leibniz, pensador do otimismo e da l\u00f3gica: \u201cTudo pode melhorar\u201d - UAI Not\u00edcias<\/title>\n<meta name=\"description\" content=\"O pensamento de Leibniz sobre evolu\u00e7\u00e3o e raz\u00e3o continua atual e pode mudar a forma como voc\u00ea entende o mundo e o futuro\" \/>\n<meta name=\"robots\" content=\"index, follow, max-snippet:-1, max-image-preview:large, max-video-preview:-1\" \/>\n<link rel=\"canonical\" href=\"https:\/\/www.uai.com.br\/uainoticias\/2026\/05\/01\/gottfried-wilhelm-leibniz-pensador-do-otimismo-e-da-logica-tudo-pode-melhorar\/\" \/>\n<meta property=\"og:locale\" content=\"pt_BR\" \/>\n<meta property=\"og:type\" content=\"article\" \/>\n<meta property=\"og:title\" content=\"Gottfried Wilhelm Leibniz, pensador do otimismo e da l\u00f3gica: \u201cTudo pode melhorar\u201d - UAI Not\u00edcias\" \/>\n<meta property=\"og:description\" content=\"O pensamento de Leibniz sobre evolu\u00e7\u00e3o e raz\u00e3o continua atual e pode mudar a forma como voc\u00ea entende o mundo e o futuro\" \/>\n<meta property=\"og:url\" content=\"https:\/\/www.uai.com.br\/uainoticias\/2026\/05\/01\/gottfried-wilhelm-leibniz-pensador-do-otimismo-e-da-logica-tudo-pode-melhorar\/\" \/>\n<meta property=\"og:site_name\" content=\"UAI Not\u00edcias\" \/>\n<meta property=\"article:published_time\" content=\"2026-05-01T17:15:00+00:00\" \/>\n<meta property=\"og:image\" content=\"https:\/\/www.uai.com.br\/uainoticias\/wp-content\/uploads\/2026\/04\/Design_sem_nome-2026-04-30T150304.241.jpg\" \/>\n\t<meta property=\"og:image:width\" content=\"1280\" \/>\n\t<meta property=\"og:image:height\" content=\"720\" \/>\n\t<meta property=\"og:image:type\" content=\"image\/jpeg\" \/>\n<meta name=\"author\" content=\"Gustavo Trindade\" \/>\n<meta name=\"twitter:card\" content=\"summary_large_image\" \/>\n<meta name=\"twitter:label1\" content=\"Escrito por\" \/>\n\t<meta name=\"twitter:data1\" content=\"Gustavo Trindade\" \/>\n\t<meta name=\"twitter:label2\" content=\"Est. tempo de leitura\" \/>\n\t<meta name=\"twitter:data2\" content=\"4 minutos\" \/>\n<!-- \/ Yoast SEO plugin. -->","yoast_head_json":{"title":"Gottfried Wilhelm Leibniz, pensador do otimismo e da l\u00f3gica: \u201cTudo pode melhorar\u201d - UAI Not\u00edcias","description":"O pensamento de Leibniz sobre evolu\u00e7\u00e3o e raz\u00e3o continua atual e pode mudar a forma como voc\u00ea entende o mundo e o futuro","robots":{"index":"index","follow":"follow","max-snippet":"max-snippet:-1","max-image-preview":"max-image-preview:large","max-video-preview":"max-video-preview:-1"},"canonical":"https:\/\/www.uai.com.br\/uainoticias\/2026\/05\/01\/gottfried-wilhelm-leibniz-pensador-do-otimismo-e-da-logica-tudo-pode-melhorar\/","og_locale":"pt_BR","og_type":"article","og_title":"Gottfried Wilhelm Leibniz, pensador do otimismo e da l\u00f3gica: \u201cTudo pode melhorar\u201d - UAI Not\u00edcias","og_description":"O pensamento de Leibniz sobre evolu\u00e7\u00e3o e raz\u00e3o continua atual e pode mudar a forma como voc\u00ea entende o mundo e o futuro","og_url":"https:\/\/www.uai.com.br\/uainoticias\/2026\/05\/01\/gottfried-wilhelm-leibniz-pensador-do-otimismo-e-da-logica-tudo-pode-melhorar\/","og_site_name":"UAI Not\u00edcias","article_published_time":"2026-05-01T17:15:00+00:00","og_image":[{"width":1280,"height":720,"url":"https:\/\/www.uai.com.br\/uainoticias\/wp-content\/uploads\/2026\/04\/Design_sem_nome-2026-04-30T150304.241.jpg","type":"image\/jpeg"}],"author":"Gustavo Trindade","twitter_card":"summary_large_image","twitter_misc":{"Escrito por":"Gustavo Trindade","Est. tempo de leitura":"4 minutos"},"schema":{"@context":"https:\/\/schema.org","@graph":[{"@type":"WebPage","@id":"https:\/\/www.uai.com.br\/uainoticias\/2026\/05\/01\/gottfried-wilhelm-leibniz-pensador-do-otimismo-e-da-logica-tudo-pode-melhorar\/","url":"https:\/\/www.uai.com.br\/uainoticias\/2026\/05\/01\/gottfried-wilhelm-leibniz-pensador-do-otimismo-e-da-logica-tudo-pode-melhorar\/","name":"Gottfried Wilhelm Leibniz, pensador do otimismo e da l\u00f3gica: \u201cTudo pode melhorar\u201d - UAI Not\u00edcias","isPartOf":{"@id":"https:\/\/www.uai.com.br\/uainoticias\/#website"},"primaryImageOfPage":{"@id":"https:\/\/www.uai.com.br\/uainoticias\/2026\/05\/01\/gottfried-wilhelm-leibniz-pensador-do-otimismo-e-da-logica-tudo-pode-melhorar\/#primaryimage"},"image":{"@id":"https:\/\/www.uai.com.br\/uainoticias\/2026\/05\/01\/gottfried-wilhelm-leibniz-pensador-do-otimismo-e-da-logica-tudo-pode-melhorar\/#primaryimage"},"thumbnailUrl":"https:\/\/www.uai.com.br\/uainoticias\/wp-content\/uploads\/2026\/04\/Design_sem_nome-2026-04-30T150304.241.jpg","datePublished":"2026-05-01T17:15:00+00:00","author":{"@id":"https:\/\/www.uai.com.br\/uainoticias\/#\/schema\/person\/060f8bb02e250479c83590e2c4706fcc"},"description":"O pensamento de Leibniz sobre evolu\u00e7\u00e3o e raz\u00e3o continua atual e pode mudar a forma como voc\u00ea entende o mundo e o futuro","breadcrumb":{"@id":"https:\/\/www.uai.com.br\/uainoticias\/2026\/05\/01\/gottfried-wilhelm-leibniz-pensador-do-otimismo-e-da-logica-tudo-pode-melhorar\/#breadcrumb"},"inLanguage":"pt-BR","potentialAction":[{"@type":"ReadAction","target":["https:\/\/www.uai.com.br\/uainoticias\/2026\/05\/01\/gottfried-wilhelm-leibniz-pensador-do-otimismo-e-da-logica-tudo-pode-melhorar\/"]}]},{"@type":"ImageObject","inLanguage":"pt-BR","@id":"https:\/\/www.uai.com.br\/uainoticias\/2026\/05\/01\/gottfried-wilhelm-leibniz-pensador-do-otimismo-e-da-logica-tudo-pode-melhorar\/#primaryimage","url":"https:\/\/www.uai.com.br\/uainoticias\/wp-content\/uploads\/2026\/04\/Design_sem_nome-2026-04-30T150304.241.jpg","contentUrl":"https:\/\/www.uai.com.br\/uainoticias\/wp-content\/uploads\/2026\/04\/Design_sem_nome-2026-04-30T150304.241.jpg","width":1280,"height":720,"caption":"Vis\u00e3o filos\u00f3fica que conecta l\u00f3gica e progresso humano"},{"@type":"BreadcrumbList","@id":"https:\/\/www.uai.com.br\/uainoticias\/2026\/05\/01\/gottfried-wilhelm-leibniz-pensador-do-otimismo-e-da-logica-tudo-pode-melhorar\/#breadcrumb","itemListElement":[{"@type":"ListItem","position":1,"name":"In\u00edcio","item":"https:\/\/www.uai.com.br\/uainoticias\/"},{"@type":"ListItem","position":2,"name":"Gottfried Wilhelm Leibniz, pensador do otimismo e da l\u00f3gica: \u201cTudo pode melhorar\u201d"}]},{"@type":"WebSite","@id":"https:\/\/www.uai.com.br\/uainoticias\/#website","url":"https:\/\/www.uai.com.br\/uainoticias\/","name":"UAI Not\u00edcias","description":"Acompanhe as \u00faltimas not\u00edcias e fique bem informado sobre tudo o que acontece no Brasil e no mundo.","potentialAction":[{"@type":"SearchAction","target":{"@type":"EntryPoint","urlTemplate":"https:\/\/www.uai.com.br\/uainoticias\/?s={search_term_string}"},"query-input":{"@type":"PropertyValueSpecification","valueRequired":true,"valueName":"search_term_string"}}],"inLanguage":"pt-BR"},{"@type":"Person","@id":"https:\/\/www.uai.com.br\/uainoticias\/#\/schema\/person\/060f8bb02e250479c83590e2c4706fcc","name":"Gustavo Trindade","image":{"@type":"ImageObject","inLanguage":"pt-BR","@id":"https:\/\/www.uai.com.br\/uainoticias\/#\/schema\/person\/image\/","url":"https:\/\/secure.gravatar.com\/avatar\/05714a54ada0bd2b20e75b2c72a9e7802581213945810c2354d320b79f27b427?s=96&d=mm&r=g","contentUrl":"https:\/\/secure.gravatar.com\/avatar\/05714a54ada0bd2b20e75b2c72a9e7802581213945810c2354d320b79f27b427?s=96&d=mm&r=g","caption":"Gustavo Trindade"},"sameAs":["https:\/\/www.uai.com.br\/uainoticias\/"],"url":"https:\/\/www.uai.com.br\/uainoticias\/author\/gustavotrindade\/"}]}},"_links":{"self":[{"href":"https:\/\/www.uai.com.br\/uainoticias\/wp-json\/wp\/v2\/posts\/129035","targetHints":{"allow":["GET"]}}],"collection":[{"href":"https:\/\/www.uai.com.br\/uainoticias\/wp-json\/wp\/v2\/posts"}],"about":[{"href":"https:\/\/www.uai.com.br\/uainoticias\/wp-json\/wp\/v2\/types\/post"}],"author":[{"embeddable":true,"href":"https:\/\/www.uai.com.br\/uainoticias\/wp-json\/wp\/v2\/users\/23"}],"replies":[{"embeddable":true,"href":"https:\/\/www.uai.com.br\/uainoticias\/wp-json\/wp\/v2\/comments?post=129035"}],"version-history":[{"count":1,"href":"https:\/\/www.uai.com.br\/uainoticias\/wp-json\/wp\/v2\/posts\/129035\/revisions"}],"predecessor-version":[{"id":129038,"href":"https:\/\/www.uai.com.br\/uainoticias\/wp-json\/wp\/v2\/posts\/129035\/revisions\/129038"}],"wp:featuredmedia":[{"embeddable":true,"href":"https:\/\/www.uai.com.br\/uainoticias\/wp-json\/wp\/v2\/media\/129037"}],"wp:attachment":[{"href":"https:\/\/www.uai.com.br\/uainoticias\/wp-json\/wp\/v2\/media?parent=129035"}],"wp:term":[{"taxonomy":"category","embeddable":true,"href":"https:\/\/www.uai.com.br\/uainoticias\/wp-json\/wp\/v2\/categories?post=129035"},{"taxonomy":"post_tag","embeddable":true,"href":"https:\/\/www.uai.com.br\/uainoticias\/wp-json\/wp\/v2\/tags?post=129035"}],"curies":[{"name":"wp","href":"https:\/\/api.w.org\/{rel}","templated":true}]}}