{"id":128977,"date":"2026-05-01T12:45:00","date_gmt":"2026-05-01T15:45:00","guid":{"rendered":"https:\/\/www.uai.com.br\/uainoticias\/?p=128977"},"modified":"2026-04-30T14:26:48","modified_gmt":"2026-04-30T17:26:48","slug":"segundo-a-psicologia-estas-cores-sao-as-mais-usadas-por-pessoas-com-baixa-autoestima","status":"publish","type":"post","link":"https:\/\/www.uai.com.br\/uainoticias\/2026\/05\/01\/segundo-a-psicologia-estas-cores-sao-as-mais-usadas-por-pessoas-com-baixa-autoestima\/","title":{"rendered":"Segundo a psicologia, estas cores s\u00e3o as mais usadas por pessoas com baixa autoestima"},"content":{"rendered":"\n<p>A forma como selecionamos as tonalidades do nosso guarda-roupa revela muito sobre o estado emocional interno e a percep\u00e7\u00e3o de valor pr\u00f3prio que carregamos diariamente. Muitas vezes, a prefer\u00eancia por tons espec\u00edficos ocorre de maneira inconsciente para criar uma barreira de prote\u00e7\u00e3o ou evitar o julgamento alheio em ambientes sociais diversos.<\/p>\n\n\n\n<h2 class=\"wp-block-heading\">O papel do cinza e das tonalidades neutras na busca por invisibilidade<\/h2>\n\n\n\n<p>Para a <strong>psicologia das cores<\/strong>, o uso constante do <strong>cinza<\/strong> pode indicar um desejo profundo de n\u00e3o ser notado ou de se fundir ao ambiente para evitar cr\u00edticas. Essa escolha reflete uma <strong>autoestima fragilizada<\/strong>, onde o indiv\u00edduo prefere a neutralidade absoluta para n\u00e3o atrair olhares indesejados ou avalia\u00e7\u00f5es externas que geram desconforto em sua rotina.<\/p>\n\n\n\n<p>A <strong>invisibilidade social<\/strong> buscada atrav\u00e9s de tons s\u00f3brios serve como um escudo <a href=\"https:\/\/www.uai.com.br\/uainoticias\/2026\/04\/27\/psicologia-mostra-como-o-habito-de-procrastinar-pode-estar-ligado-a-ansiedade-emocional\/\" target=\"_blank\" rel=\"noreferrer noopener\">emocional <\/a>para quem enfrenta sentimentos de <strong>inadequa\u00e7\u00e3o<\/strong> ou medo constante da rejei\u00e7\u00e3o. Ao optar por roupas que n\u00e3o comunicam for\u00e7a ou personalidade, a pessoa tenta proteger sua <strong>sa\u00fade mental<\/strong> reduzindo as chances de ser o centro das aten\u00e7\u00f5es indesejadas.<\/p>\n\n\n<div class=\"wp-block-image\">\n<figure class=\"aligncenter size-large\"><img decoding=\"async\" width=\"1024\" height=\"576\" src=\"https:\/\/www.uai.com.br\/uainoticias\/wp-content\/uploads\/2026\/04\/cores-1024x576.jpg\" alt=\"\" class=\"wp-image-128997\" srcset=\"https:\/\/www.uai.com.br\/uainoticias\/wp-content\/uploads\/2026\/04\/cores-1024x576.jpg 1024w, https:\/\/www.uai.com.br\/uainoticias\/wp-content\/uploads\/2026\/04\/cores-300x169.jpg 300w, https:\/\/www.uai.com.br\/uainoticias\/wp-content\/uploads\/2026\/04\/cores-768x432.jpg 768w, https:\/\/www.uai.com.br\/uainoticias\/wp-content\/uploads\/2026\/04\/cores-750x422.jpg 750w, https:\/\/www.uai.com.br\/uainoticias\/wp-content\/uploads\/2026\/04\/cores-1140x641.jpg 1140w, https:\/\/www.uai.com.br\/uainoticias\/wp-content\/uploads\/2026\/04\/cores.jpg 1280w\" sizes=\"(max-width: 1024px) 100vw, 1024px\" \/><figcaption class=\"wp-element-caption\">Para a psicologia das cores, o uso constante do cinza pode indicar um desejo profundo de n\u00e3o ser notado<\/figcaption><\/figure><\/div>\n\n\n<h2 class=\"wp-block-heading\">Por que o preto \u00e9 utilizado como uma armadura emocional constante<\/h2>\n\n\n\n<p>Embora seja associado \u00e0 eleg\u00e2ncia, o <strong>preto<\/strong> em excesso costuma ser utilizado por quem possui <strong>baixa autoestima<\/strong> para ocultar o corpo e sentimentos de vulnerabilidade. Essa cor atua como um limite f\u00edsico entre o eu e o mundo, transmitindo uma mensagem de <strong>distanciamento<\/strong> e prote\u00e7\u00e3o contra poss\u00edveis feridas emocionais ou exposi\u00e7\u00f5es excessivas.<\/p>\n\n\n\n<p><a href=\"https:\/\/www.sciencedirect.com\/science\/article\/abs\/pii\/S0022103112000200?via%3Dihub\" target=\"_blank\" rel=\"noreferrer noopener\">Especialistas estudaram<\/a> como a prefer\u00eancia por tons escuros pode sinalizar um estado de <strong>nega\u00e7\u00e3o<\/strong> ou uma tentativa de exercer controle sobre a pr\u00f3pria imagem. Quando a <strong>seguran\u00e7a pessoal<\/strong> est\u00e1 abalada, o indiv\u00edduo recorre ao preto para se sentir mais forte ou menos exposto \u00e0s press\u00f5es est\u00e9ticas da sociedade atual.<\/p>\n\n\n\n<h2 class=\"wp-block-heading\">A influ\u00eancia do bege e tons terrosos na comunica\u00e7\u00e3o n\u00e3o verbal<\/h2>\n\n\n\n<p>O uso recorrente do <strong>bege<\/strong> e de varia\u00e7\u00f5es de marrom claro pode demonstrar uma necessidade de <strong>passividade<\/strong> e uma falta de confian\u00e7a para assumir riscos visuais. Para a <strong>terapia cognitiva<\/strong>, essa inclina\u00e7\u00e3o por tons que n\u00e3o se destacam sugere que a pessoa busca seguran\u00e7a na <strong>conformidade<\/strong>, evitando qualquer tipo de destaque que exija autoconfian\u00e7a.<\/p>\n\n\n\n<p>\u00c9 comum que indiv\u00edduos com <strong>tra\u00e7os ansiosos<\/strong> ou fobia social escolham essas cores para passar despercebidos em ambientes corporativos como o <strong>Google<\/strong> ou em c\u00edrculos acad\u00eamicos. Essa estrat\u00e9gia de <strong>camuflagem<\/strong> refor\u00e7a o ciclo de baixa valoriza\u00e7\u00e3o, impedindo que a personalidade \u00fanica da pessoa seja percebida atrav\u00e9s de escolhas mais vibrantes.<\/p>\n\n\n<div class=\"wp-block-image\">\n<figure class=\"aligncenter size-large\"><img decoding=\"async\" width=\"1024\" height=\"576\" src=\"https:\/\/www.uai.com.br\/uainoticias\/wp-content\/uploads\/2026\/04\/magnific_a-delicate-gold-necklace-_2894856036-1-1024x576.jpeg\" alt=\"\" class=\"wp-image-129001\" srcset=\"https:\/\/www.uai.com.br\/uainoticias\/wp-content\/uploads\/2026\/04\/magnific_a-delicate-gold-necklace-_2894856036-1-1024x576.jpeg 1024w, https:\/\/www.uai.com.br\/uainoticias\/wp-content\/uploads\/2026\/04\/magnific_a-delicate-gold-necklace-_2894856036-1-300x169.jpeg 300w, https:\/\/www.uai.com.br\/uainoticias\/wp-content\/uploads\/2026\/04\/magnific_a-delicate-gold-necklace-_2894856036-1-768x432.jpeg 768w, https:\/\/www.uai.com.br\/uainoticias\/wp-content\/uploads\/2026\/04\/magnific_a-delicate-gold-necklace-_2894856036-1-750x422.jpeg 750w, https:\/\/www.uai.com.br\/uainoticias\/wp-content\/uploads\/2026\/04\/magnific_a-delicate-gold-necklace-_2894856036-1-1140x641.jpeg 1140w, https:\/\/www.uai.com.br\/uainoticias\/wp-content\/uploads\/2026\/04\/magnific_a-delicate-gold-necklace-_2894856036-1.jpeg 1280w\" sizes=\"(max-width: 1024px) 100vw, 1024px\" \/><figcaption class=\"wp-element-caption\">O uso recorrente do bege e de varia\u00e7\u00f5es de marrom claro pode demonstrar uma necessidade de passividade<\/figcaption><\/figure><\/div>\n\n\n<h2 class=\"wp-block-heading\">Como a aus\u00eancia de cores vibrantes afeta o humor e a percep\u00e7\u00e3o pr\u00f3pria<\/h2>\n\n\n\n<p>A evita\u00e7\u00e3o sistem\u00e1tica de cores como o <strong>vermelho<\/strong> ou o <strong>amarelo<\/strong> indica uma resist\u00eancia em ocupar espa\u00e7os de <strong>lideran\u00e7a<\/strong> ou de brilho pessoal aut\u00eantico. A <strong>psicologia comportamental<\/strong> observa que o medo de parecer exagerado limita o repert\u00f3rio visual de quem n\u00e3o se sente digno de admira\u00e7\u00e3o, perpetuando uma imagem de autodeprecia\u00e7\u00e3o.<\/p>\n\n\n\n<p>Utilizar apenas uma paleta limitada e sem vida pode intensificar sentimentos de <strong>apatia<\/strong> e reduzir a motiva\u00e7\u00e3o di\u00e1ria para enfrentar novos desafios profissionais ou afetivos. Implementar pequenas mudan\u00e7as graduais no guarda-roupa pode ser um exerc\u00edcio pr\u00e1tico fundamental para reconstruir a <strong>autoimagem<\/strong> e sinalizar para o c\u00e9rebro uma abertura emocional.<\/p>\n\n\n\n<link href=\"https:\/\/fonts.googleapis.com\/css2?family=Inter:wght@400;600;700;800&#038;display=swap\" rel=\"stylesheet\">\n<style>\n\/* Prote\u00e7\u00e3o contra inje\u00e7\u00e3o do \"Veja Tamb\u00e9m\" *\/\n.rdp-pontos-wrapper .jnews_inline_related_post_wrapper,\n.rdp-pontos-wrapper .jnews_inline_related_post,\n.rdp-pontos-wrapper .jeg_postblock,\n.rdp-pontos-wrapper [class*=\"jnews_inline\"],\n.rdp-pontos-wrapper [class*=\"jeg_postblock\"],\n.rdp-pontos-wrapper [class*=\"jeg_block\"] {\n  display: none !important;\n  height: 0 !important;\n  max-height: 0 !important;\n  overflow: hidden !important;\n  visibility: hidden !important;\n  margin: 0 !important;\n  padding: 0 !important;\n  border: none !important;\n  font-size: 0 !important;\n  line-height: 0 !important;\n}\n.rdp-pontos-wrapper {\n  max-width: 100%;\n  margin: 32px 0;\n  background: #F8F9FA;\n  border: 1px solid #E0E0E0;\n  border-radius: 12px;\n  padding: 28px 28px 20px;\n  font-family: 'Inter', sans-serif;\n  box-shadow: 0 4px 20px rgba(47,195,238,0.12);\n  overflow: hidden;\n  contain: layout style;\n  isolation: isolate;\n  position: relative;\n  z-index: 1;\n}\n.rdp-pontos-wrapper > *:not(.rdp-pontos-title):not(.rdp-pontos-grid) {\n  display: none !important;\n  height: 0 !important;\n  overflow: hidden !important;\n  margin: 0 !important;\n  padding: 0 !important;\n  border: none !important;\n}\n.rdp-pontos-title {\n  font-family: 'Inter', sans-serif;\n  font-size: 20px;\n  font-weight: 800;\n  color: #1A1A1A;\n  margin: 0 0 20px 0;\n  line-height: 1.3;\n  text-align: center;\n}\n.rdp-pontos-grid {\n  display: grid;\n  grid-template-columns: repeat(3, 1fr);\n  gap: 18px;\n}\n.rdp-pontos-item {\n  background: #FFFFFF;\n  border: 1px solid #E0E0E0;\n  border-top: 3px solid #2FC3EE;\n  border-radius: 10px;\n  padding: 22px 20px;\n  box-shadow: 0 2px 10px rgba(47,195,238,0.10);\n  transition: box-shadow 0.3s ease, border-color 0.3s ease;\n  text-align: center;\n}\n.rdp-pontos-item:hover {\n  box-shadow: 0 4px 20px rgba(47,195,238,0.22);\n  border-color: #2FC3EE;\n}\n.rdp-pontos-emoji {\n  font-size: 32px;\n  line-height: 1;\n  margin-bottom: 12px;\n  display: block;\n  text-align: center;\n}\n.rdp-pontos-item-title {\n  font-size: 15px;\n  font-weight: 700;\n  color: #1A1A1A;\n  margin-bottom: 8px;\n  line-height: 1.3;\n}\n.rdp-pontos-item-desc {\n  font-size: 14px;\n  color: #333333;\n  line-height: 1.6;\n  margin: 0;\n}\n@media (max-width: 768px) {\n  .rdp-pontos-wrapper {\n    padding: 20px 16px 14px;\n  }\n  .rdp-pontos-grid {\n    grid-template-columns: 1fr;\n    gap: 14px;\n  }\n}\n<\/style>\n\n<div class=\"rdp-pontos-wrapper\">\n  <div class=\"rdp-pontos-title\">Dicas para Incorporar Cores e Estilo<\/div>\n  <div class=\"rdp-pontos-grid\">\n    <div class=\"rdp-pontos-item\">\n      <span class=\"rdp-pontos-emoji\">\ud83c\udfa8<\/span>\n      <div class=\"rdp-pontos-item-title\">Transi\u00e7\u00e3o Gradual<\/div>\n      <p class=\"rdp-pontos-item-desc\">Inserir acess\u00f3rios pequenos com cores prim\u00e1rias para quebrar a monotonia visual de forma leve e gradual.<\/p>\n    <\/div>\n    <div class=\"rdp-pontos-item\">\n      <span class=\"rdp-pontos-emoji\">\ud83d\udc99<\/span>\n      <div class=\"rdp-pontos-item-title\">Explora\u00e7\u00e3o Visual<\/div>\n      <p class=\"rdp-pontos-item-desc\">Observar quais emo\u00e7\u00f5es surgem ao vestir uma pe\u00e7a de azul vibrante ou tons quentes em momentos de lazer.<\/p>\n    <\/div>\n    <div class=\"rdp-pontos-item\">\n      <span class=\"rdp-pontos-emoji\">\ud83d\udc54<\/span>\n      <div class=\"rdp-pontos-item-title\">An\u00e1lise Crom\u00e1tica<\/div>\n      <p class=\"rdp-pontos-item-desc\">Consultar um especialista em an\u00e1lise crom\u00e1tica para entender quais tons favorecem sua apar\u00eancia natural.<\/p>\n    <\/div>\n    <div class=\"rdp-pontos-item\">\n      <span class=\"rdp-pontos-emoji\">\ud83d\udc65<\/span>\n      <div class=\"rdp-pontos-item-title\">Ambiente Seguro<\/div>\n      <p class=\"rdp-pontos-item-desc\">Praticar o uso de pe\u00e7as coloridas em ambientes controlados com familiares antes de grandes eventos.<\/p>\n    <\/div>\n    <div class=\"rdp-pontos-item\">\n      <span class=\"rdp-pontos-emoji\">\ud83d\udcf8<\/span>\n      <div class=\"rdp-pontos-item-title\">Autoestima<\/div>\n      <p class=\"rdp-pontos-item-desc\">Acompanhar o progresso da autoconfian\u00e7a atrav\u00e9s de registros fotogr\u00e1ficos focados na mudan\u00e7a da express\u00e3o facial.<\/p>\n    <\/div>\n  <\/div>\n<\/div>\n<div style=\"clear:both;height:0;overflow:hidden;\"><\/div>\n\n\n\n<h2 class=\"wp-block-heading\">O caminho para a recupera\u00e7\u00e3o da autoconfian\u00e7a atrav\u00e9s da express\u00e3o visual<\/h2>\n\n\n\n<p>Mudar a forma como nos vestimos \u00e9 um passo terap\u00eautico importante para quem deseja elevar a <strong>percep\u00e7\u00e3o de si mesmo<\/strong> e superar barreiras. A <strong>moda terap\u00eautica<\/strong> defende que a introdu\u00e7\u00e3o consciente de novos tons pode alterar a qu\u00edmica cerebral, promovendo a libera\u00e7\u00e3o de <strong>serotonina<\/strong> e melhorando o humor de forma natural.<\/p>\n\n\n\n<p>Ao desafiar o h\u00e1bito de se esconder sob camadas de <strong>cores neutras<\/strong>, o indiv\u00edduo come\u00e7a a validar sua pr\u00f3pria exist\u00eancia e import\u00e2ncia no contexto social. O equil\u00edbrio crom\u00e1tico reflete uma <strong>mente saud\u00e1vel<\/strong>, capaz de transitar entre a discri\u00e7\u00e3o necess\u00e1ria e o brilho pessoal que todos possuem o direito de manifestar livremente.<\/p>\n","protected":false},"excerpt":{"rendered":"<p>A forma como selecionamos as tonalidades do nosso guarda-roupa revela muito sobre o estado emocional interno e a percep\u00e7\u00e3o de valor pr\u00f3prio que carregamos diariamente. Muitas vezes, a prefer\u00eancia por tons espec\u00edficos ocorre de maneira inconsciente para criar uma barreira de prote\u00e7\u00e3o ou evitar o julgamento alheio em ambientes sociais diversos. O papel do cinza [&hellip;]<\/p>\n","protected":false},"author":24,"featured_media":129000,"comment_status":"open","ping_status":"open","sticky":false,"template":"","format":"standard","meta":{"jnews-multi-image_gallery":[],"jnews_single_post":{"format":"standard"},"jnews_primary_category":[],"jnews_social_meta":[],"jnews_override_counter":[],"footnotes":""},"categories":[3046,475],"tags":[399,2532,13353],"class_list":["post-128977","post","type-post","status-publish","format-standard","has-post-thumbnail","hentry","category-curiosidades","category-entretenimento","tag-cores","tag-cores-neutras","tag-psicologia-das-cores"],"yoast_head":"<!-- This site is optimized with the Yoast SEO plugin v26.5 - https:\/\/yoast.com\/wordpress\/plugins\/seo\/ -->\n<title>Segundo a psicologia, estas cores s\u00e3o as mais usadas por pessoas com baixa autoestima - UAI Not\u00edcias<\/title>\n<meta name=\"description\" content=\"Entenda o que a psicologia revela sobre o uso frequente de roupas neutras e como isso pode refletir emo\u00e7\u00f5es e comportamento.\" \/>\n<meta name=\"robots\" content=\"index, follow, max-snippet:-1, max-image-preview:large, max-video-preview:-1\" \/>\n<link rel=\"canonical\" href=\"https:\/\/www.uai.com.br\/uainoticias\/2026\/05\/01\/segundo-a-psicologia-estas-cores-sao-as-mais-usadas-por-pessoas-com-baixa-autoestima\/\" \/>\n<meta property=\"og:locale\" content=\"pt_BR\" \/>\n<meta property=\"og:type\" content=\"article\" \/>\n<meta property=\"og:title\" content=\"Segundo a psicologia, estas cores s\u00e3o as mais usadas por pessoas com baixa autoestima - UAI Not\u00edcias\" \/>\n<meta property=\"og:description\" content=\"Entenda o que a psicologia revela sobre o uso frequente de roupas neutras e como isso pode refletir emo\u00e7\u00f5es e comportamento.\" \/>\n<meta property=\"og:url\" content=\"https:\/\/www.uai.com.br\/uainoticias\/2026\/05\/01\/segundo-a-psicologia-estas-cores-sao-as-mais-usadas-por-pessoas-com-baixa-autoestima\/\" \/>\n<meta property=\"og:site_name\" content=\"UAI Not\u00edcias\" \/>\n<meta property=\"article:published_time\" content=\"2026-05-01T15:45:00+00:00\" \/>\n<meta property=\"og:image\" content=\"https:\/\/www.uai.com.br\/uainoticias\/wp-content\/uploads\/2026\/04\/magnific_a-minimalist-walkin-close_2899388150-1.jpeg\" \/>\n\t<meta property=\"og:image:width\" content=\"1280\" \/>\n\t<meta property=\"og:image:height\" content=\"720\" \/>\n\t<meta property=\"og:image:type\" content=\"image\/jpeg\" \/>\n<meta name=\"author\" content=\"Daniely Cardoso\" \/>\n<meta name=\"twitter:card\" content=\"summary_large_image\" \/>\n<meta name=\"twitter:label1\" content=\"Escrito por\" \/>\n\t<meta name=\"twitter:data1\" content=\"Daniely Cardoso\" \/>\n\t<meta name=\"twitter:label2\" content=\"Est. tempo de leitura\" \/>\n\t<meta name=\"twitter:data2\" content=\"5 minutos\" \/>\n<!-- \/ Yoast SEO plugin. -->","yoast_head_json":{"title":"Segundo a psicologia, estas cores s\u00e3o as mais usadas por pessoas com baixa autoestima - UAI Not\u00edcias","description":"Entenda o que a psicologia revela sobre o uso frequente de roupas neutras e como isso pode refletir emo\u00e7\u00f5es e comportamento.","robots":{"index":"index","follow":"follow","max-snippet":"max-snippet:-1","max-image-preview":"max-image-preview:large","max-video-preview":"max-video-preview:-1"},"canonical":"https:\/\/www.uai.com.br\/uainoticias\/2026\/05\/01\/segundo-a-psicologia-estas-cores-sao-as-mais-usadas-por-pessoas-com-baixa-autoestima\/","og_locale":"pt_BR","og_type":"article","og_title":"Segundo a psicologia, estas cores s\u00e3o as mais usadas por pessoas com baixa autoestima - UAI Not\u00edcias","og_description":"Entenda o que a psicologia revela sobre o uso frequente de roupas neutras e como isso pode refletir emo\u00e7\u00f5es e comportamento.","og_url":"https:\/\/www.uai.com.br\/uainoticias\/2026\/05\/01\/segundo-a-psicologia-estas-cores-sao-as-mais-usadas-por-pessoas-com-baixa-autoestima\/","og_site_name":"UAI Not\u00edcias","article_published_time":"2026-05-01T15:45:00+00:00","og_image":[{"width":1280,"height":720,"url":"https:\/\/www.uai.com.br\/uainoticias\/wp-content\/uploads\/2026\/04\/magnific_a-minimalist-walkin-close_2899388150-1.jpeg","type":"image\/jpeg"}],"author":"Daniely Cardoso","twitter_card":"summary_large_image","twitter_misc":{"Escrito por":"Daniely Cardoso","Est. tempo de leitura":"5 minutos"},"schema":{"@context":"https:\/\/schema.org","@graph":[{"@type":"WebPage","@id":"https:\/\/www.uai.com.br\/uainoticias\/2026\/05\/01\/segundo-a-psicologia-estas-cores-sao-as-mais-usadas-por-pessoas-com-baixa-autoestima\/","url":"https:\/\/www.uai.com.br\/uainoticias\/2026\/05\/01\/segundo-a-psicologia-estas-cores-sao-as-mais-usadas-por-pessoas-com-baixa-autoestima\/","name":"Segundo a psicologia, estas cores s\u00e3o as mais usadas por pessoas com baixa autoestima - UAI Not\u00edcias","isPartOf":{"@id":"https:\/\/www.uai.com.br\/uainoticias\/#website"},"primaryImageOfPage":{"@id":"https:\/\/www.uai.com.br\/uainoticias\/2026\/05\/01\/segundo-a-psicologia-estas-cores-sao-as-mais-usadas-por-pessoas-com-baixa-autoestima\/#primaryimage"},"image":{"@id":"https:\/\/www.uai.com.br\/uainoticias\/2026\/05\/01\/segundo-a-psicologia-estas-cores-sao-as-mais-usadas-por-pessoas-com-baixa-autoestima\/#primaryimage"},"thumbnailUrl":"https:\/\/www.uai.com.br\/uainoticias\/wp-content\/uploads\/2026\/04\/magnific_a-minimalist-walkin-close_2899388150-1.jpeg","datePublished":"2026-05-01T15:45:00+00:00","author":{"@id":"https:\/\/www.uai.com.br\/uainoticias\/#\/schema\/person\/b40f59cad9eb0656c8ae35fee468cc57"},"description":"Entenda o que a psicologia revela sobre o uso frequente de roupas neutras e como isso pode refletir emo\u00e7\u00f5es e comportamento.","breadcrumb":{"@id":"https:\/\/www.uai.com.br\/uainoticias\/2026\/05\/01\/segundo-a-psicologia-estas-cores-sao-as-mais-usadas-por-pessoas-com-baixa-autoestima\/#breadcrumb"},"inLanguage":"pt-BR","potentialAction":[{"@type":"ReadAction","target":["https:\/\/www.uai.com.br\/uainoticias\/2026\/05\/01\/segundo-a-psicologia-estas-cores-sao-as-mais-usadas-por-pessoas-com-baixa-autoestima\/"]}]},{"@type":"ImageObject","inLanguage":"pt-BR","@id":"https:\/\/www.uai.com.br\/uainoticias\/2026\/05\/01\/segundo-a-psicologia-estas-cores-sao-as-mais-usadas-por-pessoas-com-baixa-autoestima\/#primaryimage","url":"https:\/\/www.uai.com.br\/uainoticias\/wp-content\/uploads\/2026\/04\/magnific_a-minimalist-walkin-close_2899388150-1.jpeg","contentUrl":"https:\/\/www.uai.com.br\/uainoticias\/wp-content\/uploads\/2026\/04\/magnific_a-minimalist-walkin-close_2899388150-1.jpeg","width":1280,"height":720,"caption":"\u00c9 comum que indiv\u00edduos com tra\u00e7os ansiosos ou fobia social escolham essas cores"},{"@type":"BreadcrumbList","@id":"https:\/\/www.uai.com.br\/uainoticias\/2026\/05\/01\/segundo-a-psicologia-estas-cores-sao-as-mais-usadas-por-pessoas-com-baixa-autoestima\/#breadcrumb","itemListElement":[{"@type":"ListItem","position":1,"name":"In\u00edcio","item":"https:\/\/www.uai.com.br\/uainoticias\/"},{"@type":"ListItem","position":2,"name":"Segundo a psicologia, estas cores s\u00e3o as mais usadas por pessoas com baixa autoestima"}]},{"@type":"WebSite","@id":"https:\/\/www.uai.com.br\/uainoticias\/#website","url":"https:\/\/www.uai.com.br\/uainoticias\/","name":"UAI Not\u00edcias","description":"Acompanhe as \u00faltimas not\u00edcias e fique bem informado sobre tudo o que acontece no Brasil e no mundo.","potentialAction":[{"@type":"SearchAction","target":{"@type":"EntryPoint","urlTemplate":"https:\/\/www.uai.com.br\/uainoticias\/?s={search_term_string}"},"query-input":{"@type":"PropertyValueSpecification","valueRequired":true,"valueName":"search_term_string"}}],"inLanguage":"pt-BR"},{"@type":"Person","@id":"https:\/\/www.uai.com.br\/uainoticias\/#\/schema\/person\/b40f59cad9eb0656c8ae35fee468cc57","name":"Daniely Cardoso","image":{"@type":"ImageObject","inLanguage":"pt-BR","@id":"https:\/\/www.uai.com.br\/uainoticias\/#\/schema\/person\/image\/","url":"https:\/\/secure.gravatar.com\/avatar\/b43c203f79e2ee2d699e04567f61958ba1731d1c994abcd298aa4fee5f54cb3a?s=96&d=mm&r=g","contentUrl":"https:\/\/secure.gravatar.com\/avatar\/b43c203f79e2ee2d699e04567f61958ba1731d1c994abcd298aa4fee5f54cb3a?s=96&d=mm&r=g","caption":"Daniely Cardoso"},"sameAs":["https:\/\/www.uai.com.br\/uainoticias\/"],"url":"https:\/\/www.uai.com.br\/uainoticias\/author\/daniely-morais\/"}]}},"_links":{"self":[{"href":"https:\/\/www.uai.com.br\/uainoticias\/wp-json\/wp\/v2\/posts\/128977","targetHints":{"allow":["GET"]}}],"collection":[{"href":"https:\/\/www.uai.com.br\/uainoticias\/wp-json\/wp\/v2\/posts"}],"about":[{"href":"https:\/\/www.uai.com.br\/uainoticias\/wp-json\/wp\/v2\/types\/post"}],"author":[{"embeddable":true,"href":"https:\/\/www.uai.com.br\/uainoticias\/wp-json\/wp\/v2\/users\/24"}],"replies":[{"embeddable":true,"href":"https:\/\/www.uai.com.br\/uainoticias\/wp-json\/wp\/v2\/comments?post=128977"}],"version-history":[{"count":3,"href":"https:\/\/www.uai.com.br\/uainoticias\/wp-json\/wp\/v2\/posts\/128977\/revisions"}],"predecessor-version":[{"id":129005,"href":"https:\/\/www.uai.com.br\/uainoticias\/wp-json\/wp\/v2\/posts\/128977\/revisions\/129005"}],"wp:featuredmedia":[{"embeddable":true,"href":"https:\/\/www.uai.com.br\/uainoticias\/wp-json\/wp\/v2\/media\/129000"}],"wp:attachment":[{"href":"https:\/\/www.uai.com.br\/uainoticias\/wp-json\/wp\/v2\/media?parent=128977"}],"wp:term":[{"taxonomy":"category","embeddable":true,"href":"https:\/\/www.uai.com.br\/uainoticias\/wp-json\/wp\/v2\/categories?post=128977"},{"taxonomy":"post_tag","embeddable":true,"href":"https:\/\/www.uai.com.br\/uainoticias\/wp-json\/wp\/v2\/tags?post=128977"}],"curies":[{"name":"wp","href":"https:\/\/api.w.org\/{rel}","templated":true}]}}