{"id":128972,"date":"2026-05-01T11:15:00","date_gmt":"2026-05-01T14:15:00","guid":{"rendered":"https:\/\/www.uai.com.br\/uainoticias\/?p=128972"},"modified":"2026-04-30T14:04:28","modified_gmt":"2026-04-30T17:04:28","slug":"hannah-arendt-analista-da-acao-e-da-consciencia-aja-nao-espere","status":"publish","type":"post","link":"https:\/\/www.uai.com.br\/uainoticias\/2026\/05\/01\/hannah-arendt-analista-da-acao-e-da-consciencia-aja-nao-espere\/","title":{"rendered":"Hannah Arendt, analista da a\u00e7\u00e3o e da consci\u00eancia: \u201cAja, n\u00e3o espere\u201d"},"content":{"rendered":"\n<link href=\"https:\/\/fonts.googleapis.com\/css2?family=Merriweather:wght@700&#038;family=Open+Sans:wght@400;600;700&#038;display=swap\" rel=\"stylesheet\">\r\n<style>\r\n.rdp-resumo-wrapper {\r\n  max-width: 620px;\r\n  margin: 28px auto;\r\n  background: #FFFFFF;\r\n  border: 1px solid #D0D0D0;\r\n  border-radius: 6px;\r\n  padding: 28px 32px;\r\n  font-family: 'Open Sans', sans-serif;\r\n  box-shadow: 0 2px 12px rgba(0,0,0,0.08);\r\n}\r\n.rdp-resumo-header {\r\n  display: flex;\r\n  align-items: center;\r\n  gap: 16px;\r\n  margin-bottom: 22px;\r\n}\r\n.rdp-resumo-line {\r\n  flex: 1;\r\n  height: 1px;\r\n  background: #D0D0D0;\r\n}\r\n.rdp-resumo-title {\r\n  font-family: 'Merriweather', serif;\r\n  font-size: 13px;\r\n  font-weight: 700;\r\n  text-transform: uppercase;\r\n  letter-spacing: 3px;\r\n  color: #1A1A1A;\r\n  white-space: nowrap;\r\n}\r\n.rdp-resumo-list {\r\n  list-style: none;\r\n  padding: 0;\r\n  margin: 0;\r\n}\r\n.rdp-resumo-item {\r\n  padding: 0 0 18px 22px;\r\n  position: relative;\r\n  line-height: 1.7;\r\n}\r\n.rdp-resumo-item:last-child {\r\n  padding-bottom: 0;\r\n}\r\n.rdp-resumo-item::before {\r\n  content: \"\";\r\n  position: absolute;\r\n  left: 0;\r\n  top: 8px;\r\n  width: 8px;\r\n  height: 8px;\r\n  background: #2B5A83;\r\n  border-radius: 50%;\r\n}\r\n.rdp-resumo-item-title {\r\n  font-size: 15px;\r\n  font-weight: 700;\r\n  color: #1A1A1A;\r\n}\r\n.rdp-resumo-item-desc {\r\n  font-size: 15px;\r\n  color: #4A4A4A;\r\n  line-height: 1.7;\r\n}\r\n@media (max-width: 768px) {\r\n  .rdp-resumo-wrapper {\r\n    max-width: 100%;\r\n    margin: 20px 12px;\r\n    padding: 22px 20px;\r\n  }\r\n}\r\n<\/style>\r\n<div class=\"rdp-resumo-wrapper\">\r\n  <div class=\"rdp-resumo-header\">\r\n    <span class=\"rdp-resumo-line\"><\/span>\r\n    <span class=\"rdp-resumo-title\">Resumo<\/span>\r\n    <span class=\"rdp-resumo-line\"><\/span>\r\n  <\/div>\r\n  <ul class=\"rdp-resumo-list\">\r\n    <li class=\"rdp-resumo-item\">\r\n      <span class=\"rdp-resumo-item-title\">Frase central:<\/span> <span class=\"rdp-resumo-item-desc\">A fil\u00f3sofa Hannah Arendt sintetiza sua vis\u00e3o pol\u00edtica ao afirmar \u201cAja, n\u00e3o espere\u201d, destacando a import\u00e2ncia da a\u00e7\u00e3o no espa\u00e7o p\u00fablico.<\/span>\r\n    <\/li>\r\n    <li class=\"rdp-resumo-item\">\r\n      <span class=\"rdp-resumo-item-title\">Tema abordado:<\/span> <span class=\"rdp-resumo-item-desc\">A rela\u00e7\u00e3o entre consci\u00eancia, responsabilidade individual e participa\u00e7\u00e3o ativa na vida pol\u00edtica e social.<\/span>\r\n    <\/li>\r\n    <li class=\"rdp-resumo-item\">\r\n      <span class=\"rdp-resumo-item-title\">Contexto:<\/span> <span class=\"rdp-resumo-item-desc\">Ideia associada \u00e0s reflex\u00f5es de Arendt em entrevistas e obras filos\u00f3ficas sobre totalitarismo e cidadania ativa.<\/span>\r\n    <\/li>\r\n  <\/ul>\r\n<\/div>\n\n\n\n<p>Quando <strong>Hannah Arendt<\/strong> afirma <em>\u201cAja, n\u00e3o espere\u201d<\/em>, ela n\u00e3o apenas formula uma provoca\u00e7\u00e3o filos\u00f3fica, mas convoca uma postura ativa diante da pol\u00edtica, da \u00e9tica e da vida em sociedade. A frase ecoa no campo da teoria pol\u00edtica, onde conceitos como participa\u00e7\u00e3o, responsabilidade e liberdade moldam o debate p\u00fablico. Em um cen\u00e1rio marcado por crises institucionais e dilemas morais, a ideia de agir ganha peso como elemento central da experi\u00eancia pol\u00edtica.<\/p>\n\n\n\n<h2 class=\"wp-block-heading\">Quem \u00e9 Hannah Arendt e por que sua voz importa<\/h2>\n\n\n\n<p><strong>Hannah Arendt<\/strong> foi uma das mais influentes fil\u00f3sofas pol\u00edticas do s\u00e9culo XX, conhecida por suas an\u00e1lises sobre poder, autoridade e totalitarismo. Autora de obras como <strong>\u201cOrigens do Totalitarismo\u201d<\/strong> e <strong>\u201cA Condi\u00e7\u00e3o Humana\u201d<\/strong>, ela investigou profundamente os mecanismos da a\u00e7\u00e3o pol\u00edtica e da responsabilidade individual.<\/p>\n\n\n\n<p>Seu pensamento atravessa temas como cidadania, esfera p\u00fablica e \u00e9tica pol\u00edtica, sempre destacando o papel do indiv\u00edduo como agente ativo. Ao refletir sobre regimes autorit\u00e1rios e a banalidade do mal, Arendt consolidou uma abordagem cr\u00edtica que continua sendo debatida em universidades, parlamentos e espa\u00e7os culturais.<\/p>\n\n\n\n<h2 class=\"wp-block-heading\">O que Hannah Arendt quis dizer com essa frase<\/h2>\n\n\n\n<p>Ao dizer <strong>\u201cAja, n\u00e3o espere\u201d<\/strong>, <strong>Hannah Arendt<\/strong> refor\u00e7a a ideia de que a pol\u00edtica n\u00e3o \u00e9 apenas um campo de observa\u00e7\u00e3o, mas de interven\u00e7\u00e3o. Para ela, a a\u00e7\u00e3o \u00e9 a ess\u00eancia da vida p\u00fablica, o momento em que o indiv\u00edduo se insere no mundo e exerce sua liberdade.<\/p>\n\n\n\n<p>A frase tamb\u00e9m sugere uma cr\u00edtica \u00e0 passividade social. Em vez de aguardar solu\u00e7\u00f5es externas ou decis\u00f5es institucionais, Arendt prop\u00f5e que a transforma\u00e7\u00e3o come\u00e7a no gesto individual, consciente e respons\u00e1vel, capaz de influenciar o coletivo.<\/p>\n\n\n\n<h2 class=\"wp-block-heading\">A a\u00e7\u00e3o pol\u00edtica: o contexto por tr\u00e1s das palavras<\/h2>\n\n\n\n<p>No pensamento de <strong>Hannah Arendt<\/strong>, a a\u00e7\u00e3o pol\u00edtica \u00e9 o que distingue a vida humana no espa\u00e7o p\u00fablico. Diferente do trabalho ou da produ\u00e7\u00e3o, agir significa interagir, dialogar e construir narrativas coletivas que moldam a sociedade.<\/p>\n\n\n\n<p>Essa perspectiva foi desenvolvida em suas obras e entrevistas, onde ela analisa como regimes autorit\u00e1rios se alimentam da in\u00e9rcia social. A a\u00e7\u00e3o, nesse sentido, torna-se uma forma de resist\u00eancia, um instrumento de participa\u00e7\u00e3o democr\u00e1tica e um gesto essencial para a preserva\u00e7\u00e3o da liberdade.<\/p>\n\n\n\n<link href=\"https:\/\/fonts.googleapis.com\/css2?family=Merriweather:wght@700&#038;family=Open+Sans:wght@400;600;700&#038;display=swap\" rel=\"stylesheet\">\r\n<style>\r\n.rdp-cards-wrapper .jnews_inline_related_post_wrapper,\r\n.rdp-cards-wrapper .jnews_inline_related_post,\r\n.rdp-cards-wrapper .jeg_postblock,\r\n.rdp-cards-wrapper [class*=\"jnews_inline\"],\r\n.rdp-cards-wrapper [class*=\"jeg_postblock\"],\r\n.rdp-cards-wrapper [class*=\"jeg_block\"] {\r\n  display: none !important;\r\n  height: 0 !important;\r\n  max-height: 0 !important;\r\n  overflow: hidden !important;\r\n  visibility: hidden !important;\r\n  margin: 0 !important;\r\n  padding: 0 !important;\r\n  border: none !important;\r\n  font-size: 0 !important;\r\n  line-height: 0 !important;\r\n}\r\n.rdp-cards-wrapper {\r\n  max-width: 100%;\r\n  margin: 32px 0;\r\n  background: #F5F7FA;\r\n  border: 1px solid #E1E5EB;\r\n  border-radius: 10px;\r\n  padding: 28px 28px 20px;\r\n  font-family: 'Open Sans', sans-serif;\r\n  overflow: hidden;\r\n  contain: layout style;\r\n  isolation: isolate;\r\n  position: relative;\r\n  z-index: 1;\r\n}\r\n.rdp-cards-wrapper > *:not(.rdp-cards-title):not(.rdp-cards-grid) {\r\n  display: none !important;\r\n  height: 0 !important;\r\n  overflow: hidden !important;\r\n  margin: 0 !important;\r\n  padding: 0 !important;\r\n  border: none !important;\r\n}\r\n.rdp-cards-title {\r\n  font-family: 'Merriweather', serif;\r\n  font-size: 20px;\r\n  font-weight: 700;\r\n  color: #1A1A1A;\r\n  margin: 0 0 20px 0;\r\n  line-height: 1.3;\r\n  text-align: center;\r\n}\r\n.rdp-cards-grid {\r\n  display: grid;\r\n  grid-template-columns: repeat(3, 1fr);\r\n  gap: 18px;\r\n}\r\n.rdp-cards-item {\r\n  background: #FFFFFF;\r\n  border: 1px solid #E1E5EB;\r\n  border-top: 3px solid #2B5A83;\r\n  border-radius: 10px;\r\n  padding: 22px 20px;\r\n  box-shadow: 0 2px 8px rgba(0,0,0,0.04);\r\n  transition: box-shadow 0.3s ease;\r\n}\r\n.rdp-cards-item:hover {\r\n  box-shadow: 0 4px 16px rgba(43,90,131,0.1);\r\n}\r\n.rdp-cards-emoji {\r\n  font-size: 32px;\r\n  line-height: 1;\r\n  margin-bottom: 12px;\r\n  display: block;\r\n}\r\n.rdp-cards-item-title {\r\n  font-size: 15px;\r\n  font-weight: 700;\r\n  color: #1A1A1A;\r\n  margin-bottom: 8px;\r\n  line-height: 1.3;\r\n}\r\n.rdp-cards-item-desc {\r\n  font-size: 14px;\r\n  color: #4A4A4A;\r\n  line-height: 1.6;\r\n  margin: 0;\r\n}\r\n@media (max-width: 768px) {\r\n  .rdp-cards-wrapper {\r\n    padding: 20px 16px 14px;\r\n  }\r\n  .rdp-cards-grid {\r\n    grid-template-columns: 1fr;\r\n    gap: 14px;\r\n  }\r\n  .rdp-cards-title {\r\n    font-size: 18px;\r\n  }\r\n}\r\n<\/style>\r\n<div class=\"rdp-cards-wrapper\">\r\n  <div class=\"rdp-cards-title\">Saiba mais sobre o tema<\/div>\r\n  <div class=\"rdp-cards-grid\">\r\n    <div class=\"rdp-cards-item\">\r\n      <span class=\"rdp-cards-emoji\">\ud83d\udcda<\/span>\r\n      <div class=\"rdp-cards-item-title\">Obra fundamental<\/div>\r\n      <p class=\"rdp-cards-item-desc\">\u201cA Condi\u00e7\u00e3o Humana\u201d explora a a\u00e7\u00e3o como elemento central da pol\u00edtica e distingue trabalho, fabrica\u00e7\u00e3o e a\u00e7\u00e3o na vida p\u00fablica.<\/p>\r\n    <\/div>\r\n    <div class=\"rdp-cards-item\">\r\n      <span class=\"rdp-cards-emoji\">\u2696\ufe0f<\/span>\r\n      <div class=\"rdp-cards-item-title\">Banalidade do mal<\/div>\r\n      <p class=\"rdp-cards-item-desc\">Conceito desenvolvido por Arendt ao analisar julgamentos nazistas, mostrando como a aus\u00eancia de reflex\u00e3o pode gerar atos extremos.<\/p>\r\n    <\/div>\r\n    <div class=\"rdp-cards-item\">\r\n      <span class=\"rdp-cards-emoji\">\ud83c\udf10<\/span>\r\n      <div class=\"rdp-cards-item-title\">Impacto global<\/div>\r\n      <p class=\"rdp-cards-item-desc\">Seu pensamento influencia debates contempor\u00e2neos sobre democracia, participa\u00e7\u00e3o cidad\u00e3 e \u00e9tica pol\u00edtica em diferentes pa\u00edses.<\/p>\r\n    <\/div>\r\n  <\/div>\r\n<\/div>\r\n<div style=\"clear:both;height:0;overflow:hidden;\"><\/div>\n\n\n\n<h2 class=\"wp-block-heading\">Por que essa declara\u00e7\u00e3o repercutiu<\/h2>\n\n\n\n<p>A frase de <strong>Hannah Arendt<\/strong> ganhou destaque justamente por dialogar com contextos pol\u00edticos atuais, marcados por polariza\u00e7\u00e3o, desinforma\u00e7\u00e3o e crise de representatividade. Em um ambiente onde muitos se sentem distantes das decis\u00f5es p\u00fablicas, o chamado \u00e0 a\u00e7\u00e3o ressoa como um convite \u00e0 participa\u00e7\u00e3o.<\/p>\n\n\n\n<p>Al\u00e9m disso, sua presen\u00e7a em entrevistas e debates amplifica a relev\u00e2ncia do pensamento arendtiano. Ao circular em ambientes acad\u00eamicos e editoriais, a frase se consolida como um s\u00edmbolo de engajamento pol\u00edtico e consci\u00eancia cr\u00edtica.<\/p>\n\n\n\n<h2 class=\"wp-block-heading\">O legado e a relev\u00e2ncia para a pol\u00edtica<\/h2>\n\n\n\n<p>O legado de <strong>Hannah Arendt<\/strong> permanece central no debate pol\u00edtico contempor\u00e2neo. Sua defesa da a\u00e7\u00e3o como ess\u00eancia da vida p\u00fablica continua a inspirar movimentos sociais, an\u00e1lises acad\u00eamicas e discuss\u00f5es sobre democracia, cidadania e responsabilidade coletiva.<\/p>\n\n\n\n<p>Ao refletir sobre a pol\u00edtica como espa\u00e7o de a\u00e7\u00e3o e discurso, a frase <em>\u201cAja, n\u00e3o espere\u201d<\/em> convida o leitor a repensar seu papel no mundo. Em tempos de incerteza, agir pode ser mais do que uma escolha, pode ser uma necessidade para manter viva a pr\u00f3pria ideia de participa\u00e7\u00e3o democr\u00e1tica.<\/p>\n","protected":false},"excerpt":{"rendered":"<p>Resumo Frase central: A fil\u00f3sofa Hannah Arendt sintetiza sua vis\u00e3o pol\u00edtica ao afirmar \u201cAja, n\u00e3o espere\u201d, destacando a import\u00e2ncia da a\u00e7\u00e3o no espa\u00e7o p\u00fablico. Tema abordado: A rela\u00e7\u00e3o entre consci\u00eancia, responsabilidade individual e participa\u00e7\u00e3o ativa na vida pol\u00edtica e social. Contexto: Ideia associada \u00e0s reflex\u00f5es de Arendt em entrevistas e obras filos\u00f3ficas sobre totalitarismo e [&hellip;]<\/p>\n","protected":false},"author":23,"featured_media":128976,"comment_status":"open","ping_status":"open","sticky":false,"template":"","format":"standard","meta":{"jnews-multi-image_gallery":[],"jnews_single_post":{"format":"standard"},"jnews_primary_category":[],"jnews_social_meta":[],"jnews_override_counter":[],"footnotes":""},"categories":[3046,475],"tags":[22344,22317,5475,22339],"class_list":["post-128972","post","type-post","status-publish","format-standard","has-post-thumbnail","hentry","category-curiosidades","category-entretenimento","tag-filosofia-de-vida","tag-hannah-arendt","tag-mudanca","tag-politica-2"],"yoast_head":"<!-- This site is optimized with the Yoast SEO plugin v26.5 - https:\/\/yoast.com\/wordpress\/plugins\/seo\/ -->\n<title>Hannah Arendt, analista da a\u00e7\u00e3o e da consci\u00eancia: \u201cAja, n\u00e3o espere\u201d - UAI Not\u00edcias<\/title>\n<meta name=\"description\" content=\"Hannah Arendt trouxe uma reflex\u00e3o sobre a\u00e7\u00e3o pol\u00edtica que volta a repercutir e o impacto dessa ideia pode surpreender muita gente\" \/>\n<meta name=\"robots\" content=\"index, follow, max-snippet:-1, max-image-preview:large, max-video-preview:-1\" \/>\n<link rel=\"canonical\" href=\"https:\/\/www.uai.com.br\/uainoticias\/2026\/05\/01\/hannah-arendt-analista-da-acao-e-da-consciencia-aja-nao-espere\/\" \/>\n<meta property=\"og:locale\" content=\"pt_BR\" \/>\n<meta property=\"og:type\" content=\"article\" \/>\n<meta property=\"og:title\" content=\"Hannah Arendt, analista da a\u00e7\u00e3o e da consci\u00eancia: \u201cAja, n\u00e3o espere\u201d - UAI Not\u00edcias\" \/>\n<meta property=\"og:description\" content=\"Hannah Arendt trouxe uma reflex\u00e3o sobre a\u00e7\u00e3o pol\u00edtica que volta a repercutir e o impacto dessa ideia pode surpreender muita gente\" \/>\n<meta property=\"og:url\" content=\"https:\/\/www.uai.com.br\/uainoticias\/2026\/05\/01\/hannah-arendt-analista-da-acao-e-da-consciencia-aja-nao-espere\/\" \/>\n<meta property=\"og:site_name\" content=\"UAI Not\u00edcias\" \/>\n<meta property=\"article:published_time\" content=\"2026-05-01T14:15:00+00:00\" \/>\n<meta property=\"og:image\" content=\"https:\/\/www.uai.com.br\/uainoticias\/wp-content\/uploads\/2026\/04\/Design_sem_nome-2026-04-30T140300.165.jpg\" \/>\n\t<meta property=\"og:image:width\" content=\"1280\" \/>\n\t<meta property=\"og:image:height\" content=\"720\" \/>\n\t<meta property=\"og:image:type\" content=\"image\/jpeg\" \/>\n<meta name=\"author\" content=\"Gustavo Trindade\" \/>\n<meta name=\"twitter:card\" content=\"summary_large_image\" \/>\n<meta name=\"twitter:label1\" content=\"Escrito por\" \/>\n\t<meta name=\"twitter:data1\" content=\"Gustavo Trindade\" \/>\n\t<meta name=\"twitter:label2\" content=\"Est. tempo de leitura\" \/>\n\t<meta name=\"twitter:data2\" content=\"4 minutos\" \/>\n<!-- \/ Yoast SEO plugin. -->","yoast_head_json":{"title":"Hannah Arendt, analista da a\u00e7\u00e3o e da consci\u00eancia: \u201cAja, n\u00e3o espere\u201d - UAI Not\u00edcias","description":"Hannah Arendt trouxe uma reflex\u00e3o sobre a\u00e7\u00e3o pol\u00edtica que volta a repercutir e o impacto dessa ideia pode surpreender muita gente","robots":{"index":"index","follow":"follow","max-snippet":"max-snippet:-1","max-image-preview":"max-image-preview:large","max-video-preview":"max-video-preview:-1"},"canonical":"https:\/\/www.uai.com.br\/uainoticias\/2026\/05\/01\/hannah-arendt-analista-da-acao-e-da-consciencia-aja-nao-espere\/","og_locale":"pt_BR","og_type":"article","og_title":"Hannah Arendt, analista da a\u00e7\u00e3o e da consci\u00eancia: \u201cAja, n\u00e3o espere\u201d - UAI Not\u00edcias","og_description":"Hannah Arendt trouxe uma reflex\u00e3o sobre a\u00e7\u00e3o pol\u00edtica que volta a repercutir e o impacto dessa ideia pode surpreender muita gente","og_url":"https:\/\/www.uai.com.br\/uainoticias\/2026\/05\/01\/hannah-arendt-analista-da-acao-e-da-consciencia-aja-nao-espere\/","og_site_name":"UAI Not\u00edcias","article_published_time":"2026-05-01T14:15:00+00:00","og_image":[{"width":1280,"height":720,"url":"https:\/\/www.uai.com.br\/uainoticias\/wp-content\/uploads\/2026\/04\/Design_sem_nome-2026-04-30T140300.165.jpg","type":"image\/jpeg"}],"author":"Gustavo Trindade","twitter_card":"summary_large_image","twitter_misc":{"Escrito por":"Gustavo Trindade","Est. tempo de leitura":"4 minutos"},"schema":{"@context":"https:\/\/schema.org","@graph":[{"@type":"WebPage","@id":"https:\/\/www.uai.com.br\/uainoticias\/2026\/05\/01\/hannah-arendt-analista-da-acao-e-da-consciencia-aja-nao-espere\/","url":"https:\/\/www.uai.com.br\/uainoticias\/2026\/05\/01\/hannah-arendt-analista-da-acao-e-da-consciencia-aja-nao-espere\/","name":"Hannah Arendt, analista da a\u00e7\u00e3o e da consci\u00eancia: \u201cAja, n\u00e3o espere\u201d - UAI Not\u00edcias","isPartOf":{"@id":"https:\/\/www.uai.com.br\/uainoticias\/#website"},"primaryImageOfPage":{"@id":"https:\/\/www.uai.com.br\/uainoticias\/2026\/05\/01\/hannah-arendt-analista-da-acao-e-da-consciencia-aja-nao-espere\/#primaryimage"},"image":{"@id":"https:\/\/www.uai.com.br\/uainoticias\/2026\/05\/01\/hannah-arendt-analista-da-acao-e-da-consciencia-aja-nao-espere\/#primaryimage"},"thumbnailUrl":"https:\/\/www.uai.com.br\/uainoticias\/wp-content\/uploads\/2026\/04\/Design_sem_nome-2026-04-30T140300.165.jpg","datePublished":"2026-05-01T14:15:00+00:00","author":{"@id":"https:\/\/www.uai.com.br\/uainoticias\/#\/schema\/person\/060f8bb02e250479c83590e2c4706fcc"},"description":"Hannah Arendt trouxe uma reflex\u00e3o sobre a\u00e7\u00e3o pol\u00edtica que volta a repercutir e o impacto dessa ideia pode surpreender muita gente","breadcrumb":{"@id":"https:\/\/www.uai.com.br\/uainoticias\/2026\/05\/01\/hannah-arendt-analista-da-acao-e-da-consciencia-aja-nao-espere\/#breadcrumb"},"inLanguage":"pt-BR","potentialAction":[{"@type":"ReadAction","target":["https:\/\/www.uai.com.br\/uainoticias\/2026\/05\/01\/hannah-arendt-analista-da-acao-e-da-consciencia-aja-nao-espere\/"]}]},{"@type":"ImageObject","inLanguage":"pt-BR","@id":"https:\/\/www.uai.com.br\/uainoticias\/2026\/05\/01\/hannah-arendt-analista-da-acao-e-da-consciencia-aja-nao-espere\/#primaryimage","url":"https:\/\/www.uai.com.br\/uainoticias\/wp-content\/uploads\/2026\/04\/Design_sem_nome-2026-04-30T140300.165.jpg","contentUrl":"https:\/\/www.uai.com.br\/uainoticias\/wp-content\/uploads\/2026\/04\/Design_sem_nome-2026-04-30T140300.165.jpg","width":1280,"height":720,"caption":"Reflex\u00e3o sobre a\u00e7\u00e3o pol\u00edtica e responsabilidade individual"},{"@type":"BreadcrumbList","@id":"https:\/\/www.uai.com.br\/uainoticias\/2026\/05\/01\/hannah-arendt-analista-da-acao-e-da-consciencia-aja-nao-espere\/#breadcrumb","itemListElement":[{"@type":"ListItem","position":1,"name":"In\u00edcio","item":"https:\/\/www.uai.com.br\/uainoticias\/"},{"@type":"ListItem","position":2,"name":"Hannah Arendt, analista da a\u00e7\u00e3o e da consci\u00eancia: \u201cAja, n\u00e3o espere\u201d"}]},{"@type":"WebSite","@id":"https:\/\/www.uai.com.br\/uainoticias\/#website","url":"https:\/\/www.uai.com.br\/uainoticias\/","name":"UAI Not\u00edcias","description":"Acompanhe as \u00faltimas not\u00edcias e fique bem informado sobre tudo o que acontece no Brasil e no mundo.","potentialAction":[{"@type":"SearchAction","target":{"@type":"EntryPoint","urlTemplate":"https:\/\/www.uai.com.br\/uainoticias\/?s={search_term_string}"},"query-input":{"@type":"PropertyValueSpecification","valueRequired":true,"valueName":"search_term_string"}}],"inLanguage":"pt-BR"},{"@type":"Person","@id":"https:\/\/www.uai.com.br\/uainoticias\/#\/schema\/person\/060f8bb02e250479c83590e2c4706fcc","name":"Gustavo Trindade","image":{"@type":"ImageObject","inLanguage":"pt-BR","@id":"https:\/\/www.uai.com.br\/uainoticias\/#\/schema\/person\/image\/","url":"https:\/\/secure.gravatar.com\/avatar\/05714a54ada0bd2b20e75b2c72a9e7802581213945810c2354d320b79f27b427?s=96&d=mm&r=g","contentUrl":"https:\/\/secure.gravatar.com\/avatar\/05714a54ada0bd2b20e75b2c72a9e7802581213945810c2354d320b79f27b427?s=96&d=mm&r=g","caption":"Gustavo Trindade"},"sameAs":["https:\/\/www.uai.com.br\/uainoticias\/"],"url":"https:\/\/www.uai.com.br\/uainoticias\/author\/gustavotrindade\/"}]}},"_links":{"self":[{"href":"https:\/\/www.uai.com.br\/uainoticias\/wp-json\/wp\/v2\/posts\/128972","targetHints":{"allow":["GET"]}}],"collection":[{"href":"https:\/\/www.uai.com.br\/uainoticias\/wp-json\/wp\/v2\/posts"}],"about":[{"href":"https:\/\/www.uai.com.br\/uainoticias\/wp-json\/wp\/v2\/types\/post"}],"author":[{"embeddable":true,"href":"https:\/\/www.uai.com.br\/uainoticias\/wp-json\/wp\/v2\/users\/23"}],"replies":[{"embeddable":true,"href":"https:\/\/www.uai.com.br\/uainoticias\/wp-json\/wp\/v2\/comments?post=128972"}],"version-history":[{"count":1,"href":"https:\/\/www.uai.com.br\/uainoticias\/wp-json\/wp\/v2\/posts\/128972\/revisions"}],"predecessor-version":[{"id":128978,"href":"https:\/\/www.uai.com.br\/uainoticias\/wp-json\/wp\/v2\/posts\/128972\/revisions\/128978"}],"wp:featuredmedia":[{"embeddable":true,"href":"https:\/\/www.uai.com.br\/uainoticias\/wp-json\/wp\/v2\/media\/128976"}],"wp:attachment":[{"href":"https:\/\/www.uai.com.br\/uainoticias\/wp-json\/wp\/v2\/media?parent=128972"}],"wp:term":[{"taxonomy":"category","embeddable":true,"href":"https:\/\/www.uai.com.br\/uainoticias\/wp-json\/wp\/v2\/categories?post=128972"},{"taxonomy":"post_tag","embeddable":true,"href":"https:\/\/www.uai.com.br\/uainoticias\/wp-json\/wp\/v2\/tags?post=128972"}],"curies":[{"name":"wp","href":"https:\/\/api.w.org\/{rel}","templated":true}]}}