{"id":128942,"date":"2026-05-01T07:15:00","date_gmt":"2026-05-01T10:15:00","guid":{"rendered":"https:\/\/www.uai.com.br\/uainoticias\/?p=128942"},"modified":"2026-04-30T13:42:57","modified_gmt":"2026-04-30T16:42:57","slug":"karl-marx-critico-do-sistema-e-defensor-da-mudanca-nada-muda-sem-acao","status":"publish","type":"post","link":"https:\/\/www.uai.com.br\/uainoticias\/2026\/05\/01\/karl-marx-critico-do-sistema-e-defensor-da-mudanca-nada-muda-sem-acao\/","title":{"rendered":"Karl Marx, cr\u00edtico do sistema e defensor da mudan\u00e7a: \u201cNada muda sem a\u00e7\u00e3o\u201d"},"content":{"rendered":"\n<link href=\"https:\/\/fonts.googleapis.com\/css2?family=Merriweather:wght@700&#038;family=Open+Sans:wght@400;600;700&#038;display=swap\" rel=\"stylesheet\">\r\n<style>\r\n.rdp-resumo-wrapper {\r\n  max-width: 620px;\r\n  margin: 28px auto;\r\n  background: #FFFFFF;\r\n  border: 1px solid #D0D0D0;\r\n  border-radius: 6px;\r\n  padding: 28px 32px;\r\n  font-family: 'Open Sans', sans-serif;\r\n  box-shadow: 0 2px 12px rgba(0,0,0,0.08);\r\n}\r\n.rdp-resumo-header {\r\n  display: flex;\r\n  align-items: center;\r\n  gap: 16px;\r\n  margin-bottom: 22px;\r\n}\r\n.rdp-resumo-line {\r\n  flex: 1;\r\n  height: 1px;\r\n  background: #D0D0D0;\r\n}\r\n.rdp-resumo-title {\r\n  font-family: 'Merriweather', serif;\r\n  font-size: 13px;\r\n  font-weight: 700;\r\n  text-transform: uppercase;\r\n  letter-spacing: 3px;\r\n  color: #1A1A1A;\r\n  white-space: nowrap;\r\n}\r\n.rdp-resumo-list {\r\n  list-style: none;\r\n  padding: 0;\r\n  margin: 0;\r\n}\r\n.rdp-resumo-item {\r\n  padding: 0 0 18px 22px;\r\n  position: relative;\r\n  line-height: 1.7;\r\n}\r\n.rdp-resumo-item:last-child {\r\n  padding-bottom: 0;\r\n}\r\n.rdp-resumo-item::before {\r\n  content: \"\";\r\n  position: absolute;\r\n  left: 0;\r\n  top: 8px;\r\n  width: 8px;\r\n  height: 8px;\r\n  background: #2B5A83;\r\n  border-radius: 50%;\r\n}\r\n.rdp-resumo-item-title {\r\n  font-size: 15px;\r\n  font-weight: 700;\r\n  color: #1A1A1A;\r\n}\r\n.rdp-resumo-item-desc {\r\n  font-size: 15px;\r\n  color: #4A4A4A;\r\n  line-height: 1.7;\r\n}\r\n@media (max-width: 768px) {\r\n  .rdp-resumo-wrapper {\r\n    max-width: 100%;\r\n    margin: 20px 12px;\r\n    padding: 22px 20px;\r\n  }\r\n}\r\n<\/style>\r\n<div class=\"rdp-resumo-wrapper\">\r\n  <div class=\"rdp-resumo-header\">\r\n    <span class=\"rdp-resumo-line\"><\/span>\r\n    <span class=\"rdp-resumo-title\">Resumo<\/span>\r\n    <span class=\"rdp-resumo-line\"><\/span>\r\n  <\/div>\r\n  <ul class=\"rdp-resumo-list\">\r\n    <li class=\"rdp-resumo-item\">\r\n      <span class=\"rdp-resumo-item-title\">Declara\u00e7\u00e3o central:<\/span> <span class=\"rdp-resumo-item-desc\">A frase \u201cNada muda sem a\u00e7\u00e3o\u201d sintetiza o pensamento de Karl Marx sobre transforma\u00e7\u00e3o social e pr\u00e1tica pol\u00edtica.<\/span>\r\n    <\/li>\r\n    <li class=\"rdp-resumo-item\">\r\n      <span class=\"rdp-resumo-item-title\">Conex\u00e3o te\u00f3rica:<\/span> <span class=\"rdp-resumo-item-desc\">O conceito dialoga com sua cr\u00edtica ao capitalismo e a defesa da mobiliza\u00e7\u00e3o coletiva como motor hist\u00f3rico.<\/span>\r\n    <\/li>\r\n    <li class=\"rdp-resumo-item\">\r\n      <span class=\"rdp-resumo-item-title\">Relev\u00e2ncia atual:<\/span> <span class=\"rdp-resumo-item-desc\">A ideia segue presente em debates contempor\u00e2neos sobre pol\u00edtica, ativismo e mudan\u00e7as estruturais.<\/span>\r\n    <\/li>\r\n  <\/ul>\r\n<\/div>\n\n\n\n<p>Quando Karl Marx afirmou <em>\u201cNada muda sem a\u00e7\u00e3o\u201d<\/em>, ele condensou em poucas palavras um dos pilares da teoria pol\u00edtica moderna. Inserida no debate sobre luta de classes, revolu\u00e7\u00e3o e transforma\u00e7\u00e3o social, a frase atravessa s\u00e9culos como um chamado direto \u00e0 pr\u00e1tica. Mais do que um slogan, trata-se de um princ\u00edpio central dentro da an\u00e1lise cr\u00edtica do capitalismo e das din\u00e2micas de poder.<\/p>\n\n\n\n<h2 class=\"wp-block-heading\">Quem \u00e9 Karl Marx e por que sua voz importa<\/h2>\n\n\n\n<p>Karl Marx foi um fil\u00f3sofo, economista e te\u00f3rico pol\u00edtico alem\u00e3o do s\u00e9culo XIX, conhecido por obras como <strong>\u201cO Capital\u201d<\/strong> e o <strong>\u201cManifesto Comunista\u201d<\/strong>. Seu pensamento moldou correntes ideol\u00f3gicas e influenciou movimentos sociais, sindicatos e partidos pol\u00edticos ao redor do mundo.<\/p>\n\n\n\n<p>Ao analisar o funcionamento do capitalismo, Marx desenvolveu conceitos como mais-valia, aliena\u00e7\u00e3o e luta de classes. Sua produ\u00e7\u00e3o intelectual n\u00e3o ficou restrita \u00e0 teoria, mas serviu de base para estrat\u00e9gias pol\u00edticas e projetos de transforma\u00e7\u00e3o social em diferentes contextos hist\u00f3ricos.<\/p>\n\n\n\n<figure class=\"wp-block-embed is-type-video is-provider-youtube wp-block-embed-youtube wp-embed-aspect-16-9 wp-has-aspect-ratio\"><div class=\"wp-block-embed__wrapper\">\n<div class=\"jeg_video_container jeg_video_content\"><iframe loading=\"lazy\" title=\"Karl Marx - TRABALHO, MAIS VALIA, VALOR DE USO E DE TROCA E ALIENA\u00c7\u00c3O (Teorias Resumo)\" width=\"500\" height=\"281\" src=\"https:\/\/www.youtube.com\/embed\/nJPx2S2LkfM?feature=oembed\" frameborder=\"0\" allow=\"accelerometer; autoplay; clipboard-write; encrypted-media; gyroscope; picture-in-picture; web-share\" referrerpolicy=\"strict-origin-when-cross-origin\" allowfullscreen><\/iframe><\/div>\n<\/div><\/figure>\n\n\n\n<h2 class=\"wp-block-heading\">O que Karl Marx quis dizer com essa frase<\/h2>\n\n\n\n<p>A frase \u201cNada muda sem a\u00e7\u00e3o\u201d expressa a ideia de que a hist\u00f3ria n\u00e3o avan\u00e7a apenas por reflex\u00e3o ou discurso. Para Marx, a transforma\u00e7\u00e3o social exige pr\u00e1tica, mobiliza\u00e7\u00e3o e interven\u00e7\u00e3o direta nas estruturas econ\u00f4micas e pol\u00edticas.<\/p>\n\n\n\n<p>Esse pensamento aparece em diversos momentos de sua obra e tamb\u00e9m em declara\u00e7\u00f5es registradas em publica\u00e7\u00f5es e debates pol\u00edticos de sua \u00e9poca. A teoria marxista insiste que a consci\u00eancia cr\u00edtica deve ser acompanhada de a\u00e7\u00e3o concreta, especialmente por parte da classe trabalhadora.<\/p>\n\n\n\n<h2 class=\"wp-block-heading\">Transforma\u00e7\u00e3o social: o contexto por tr\u00e1s das palavras<\/h2>\n\n\n\n<p>A no\u00e7\u00e3o de transforma\u00e7\u00e3o social em Marx est\u00e1 diretamente ligada \u00e0 cr\u00edtica ao capitalismo industrial do s\u00e9culo XIX. Ele observava desigualdades profundas, explora\u00e7\u00e3o do trabalho e concentra\u00e7\u00e3o de riqueza, propondo que essas estruturas s\u00f3 poderiam ser alteradas por meio da a\u00e7\u00e3o coletiva.<\/p>\n\n\n\n<p>Esse conceito se tornou central em movimentos pol\u00edticos, revolu\u00e7\u00f5es e teorias cr\u00edticas ao longo do s\u00e9culo XX. A ideia de que mudan\u00e7as estruturais dependem de organiza\u00e7\u00e3o e pr\u00e1tica continua a influenciar debates sobre justi\u00e7a social, economia e governan\u00e7a.<\/p>\n\n\n\n<link href=\"https:\/\/fonts.googleapis.com\/css2?family=Merriweather:wght@700&#038;family=Open+Sans:wght@400;600;700&#038;display=swap\" rel=\"stylesheet\">\r\n<style>\r\n.rdp-cards-wrapper .jnews_inline_related_post_wrapper,\r\n.rdp-cards-wrapper .jnews_inline_related_post,\r\n.rdp-cards-wrapper .jeg_postblock,\r\n.rdp-cards-wrapper [class*=\"jnews_inline\"],\r\n.rdp-cards-wrapper [class*=\"jeg_postblock\"],\r\n.rdp-cards-wrapper [class*=\"jeg_block\"] {\r\n  display: none !important;\r\n  height: 0 !important;\r\n  max-height: 0 !important;\r\n  overflow: hidden !important;\r\n  visibility: hidden !important;\r\n  margin: 0 !important;\r\n  padding: 0 !important;\r\n  border: none !important;\r\n  font-size: 0 !important;\r\n  line-height: 0 !important;\r\n}\r\n.rdp-cards-wrapper {\r\n  max-width: 100%;\r\n  margin: 32px 0;\r\n  background: #F5F7FA;\r\n  border: 1px solid #E1E5EB;\r\n  border-radius: 10px;\r\n  padding: 28px 28px 20px;\r\n  font-family: 'Open Sans', sans-serif;\r\n  overflow: hidden;\r\n  contain: layout style;\r\n  isolation: isolate;\r\n  position: relative;\r\n  z-index: 1;\r\n}\r\n.rdp-cards-wrapper > *:not(.rdp-cards-title):not(.rdp-cards-grid) {\r\n  display: none !important;\r\n  height: 0 !important;\r\n  overflow: hidden !important;\r\n  margin: 0 !important;\r\n  padding: 0 !important;\r\n  border: none !important;\r\n}\r\n.rdp-cards-title {\r\n  font-family: 'Merriweather', serif;\r\n  font-size: 20px;\r\n  font-weight: 700;\r\n  color: #1A1A1A;\r\n  margin: 0 0 20px 0;\r\n  line-height: 1.3;\r\n  text-align: center;\r\n}\r\n.rdp-cards-grid {\r\n  display: grid;\r\n  grid-template-columns: repeat(3, 1fr);\r\n  gap: 18px;\r\n}\r\n.rdp-cards-item {\r\n  background: #FFFFFF;\r\n  border: 1px solid #E1E5EB;\r\n  border-top: 3px solid #2B5A83;\r\n  border-radius: 10px;\r\n  padding: 22px 20px;\r\n  box-shadow: 0 2px 8px rgba(0,0,0,0.04);\r\n  transition: box-shadow 0.3s ease;\r\n}\r\n.rdp-cards-item:hover {\r\n  box-shadow: 0 4px 16px rgba(43,90,131,0.1);\r\n}\r\n.rdp-cards-emoji {\r\n  font-size: 32px;\r\n  line-height: 1;\r\n  margin-bottom: 12px;\r\n  display: block;\r\n}\r\n.rdp-cards-item-title {\r\n  font-size: 15px;\r\n  font-weight: 700;\r\n  color: #1A1A1A;\r\n  margin-bottom: 8px;\r\n  line-height: 1.3;\r\n}\r\n.rdp-cards-item-desc {\r\n  font-size: 14px;\r\n  color: #4A4A4A;\r\n  line-height: 1.6;\r\n  margin: 0;\r\n}\r\n@media (max-width: 768px) {\r\n  .rdp-cards-wrapper {\r\n    padding: 20px 16px 14px;\r\n  }\r\n  .rdp-cards-grid {\r\n    grid-template-columns: 1fr;\r\n    gap: 14px;\r\n  }\r\n  .rdp-cards-title {\r\n    font-size: 18px;\r\n  }\r\n}\r\n<\/style>\r\n<div class=\"rdp-cards-wrapper\">\r\n  <div class=\"rdp-cards-title\">Saiba mais sobre o tema<\/div>\r\n  <div class=\"rdp-cards-grid\">\r\n    <div class=\"rdp-cards-item\">\r\n      <span class=\"rdp-cards-emoji\">\ud83d\udcda<\/span>\r\n      <div class=\"rdp-cards-item-title\">Obra fundamental<\/div>\r\n      <p class=\"rdp-cards-item-desc\">\u201cO Capital\u201d \u00e9 considerado um dos textos mais influentes da teoria econ\u00f4mica e pol\u00edtica, analisando o funcionamento do capitalismo.<\/p>\r\n    <\/div>\r\n    <div class=\"rdp-cards-item\">\r\n      <span class=\"rdp-cards-emoji\">\u2699\ufe0f<\/span>\r\n      <div class=\"rdp-cards-item-title\">Conceito-chave<\/div>\r\n      <p class=\"rdp-cards-item-desc\">A luta de classes \u00e9 central no pensamento marxista, explicando conflitos sociais como motores da hist\u00f3ria.<\/p>\r\n    <\/div>\r\n    <div class=\"rdp-cards-item\">\r\n      <span class=\"rdp-cards-emoji\">\ud83c\udf10<\/span>\r\n      <div class=\"rdp-cards-item-title\">Impacto global<\/div>\r\n      <p class=\"rdp-cards-item-desc\">As ideias de Marx influenciaram revolu\u00e7\u00f5es, sistemas pol\u00edticos e debates acad\u00eamicos em diversos pa\u00edses ao longo dos s\u00e9culos.<\/p>\r\n    <\/div>\r\n  <\/div>\r\n<\/div>\r\n<div style=\"clear:both;height:0;overflow:hidden;\"><\/div>\n\n\n\n<h2 class=\"wp-block-heading\">Por que essa declara\u00e7\u00e3o repercutiu<\/h2>\n\n\n\n<p>A frase atribu\u00edda a Karl Marx ganhou for\u00e7a por sua simplicidade e contund\u00eancia. Em um cen\u00e1rio pol\u00edtico marcado por desigualdades e disputas ideol\u00f3gicas, ela funciona como um lembrete direto de que mudan\u00e7as estruturais exigem participa\u00e7\u00e3o ativa.<\/p>\n\n\n\n<p>No debate contempor\u00e2neo, essa ideia aparece em discursos de ativismo, movimentos sociais e at\u00e9 na an\u00e1lise acad\u00eamica. A no\u00e7\u00e3o de a\u00e7\u00e3o como motor pol\u00edtico continua a ser discutida em universidades, partidos e organiza\u00e7\u00f5es civis.<\/p>\n\n\n\n<h2 class=\"wp-block-heading\">O legado e a relev\u00e2ncia para a pol\u00edtica<\/h2>\n\n\n\n<p>O pensamento de Karl Marx permanece central no campo da teoria pol\u00edtica. Sua defesa da a\u00e7\u00e3o como instrumento de transforma\u00e7\u00e3o influencia desde estrat\u00e9gias de mobiliza\u00e7\u00e3o at\u00e9 an\u00e1lises sobre sistemas econ\u00f4micos, mantendo sua relev\u00e2ncia no debate pol\u00edtico global.<\/p>\n\n\n\n<p>Ao refletir sobre a frase, fica evidente que pol\u00edtica n\u00e3o se constr\u00f3i apenas com ideias, mas com pr\u00e1tica. No cruzamento entre teoria e a\u00e7\u00e3o, o legado de Marx segue provocando discuss\u00f5es e inspirando novas leituras sobre o papel do indiv\u00edduo na transforma\u00e7\u00e3o social.<\/p>\n","protected":false},"excerpt":{"rendered":"<p>Resumo Declara\u00e7\u00e3o central: A frase \u201cNada muda sem a\u00e7\u00e3o\u201d sintetiza o pensamento de Karl Marx sobre transforma\u00e7\u00e3o social e pr\u00e1tica pol\u00edtica. Conex\u00e3o te\u00f3rica: O conceito dialoga com sua cr\u00edtica ao capitalismo e a defesa da mobiliza\u00e7\u00e3o coletiva como motor hist\u00f3rico. Relev\u00e2ncia atual: A ideia segue presente em debates contempor\u00e2neos sobre pol\u00edtica, ativismo e mudan\u00e7as estruturais. [&hellip;]<\/p>\n","protected":false},"author":23,"featured_media":128943,"comment_status":"open","ping_status":"open","sticky":false,"template":"","format":"standard","meta":{"jnews-multi-image_gallery":[],"jnews_single_post":{"format":"standard"},"jnews_primary_category":[],"jnews_social_meta":[],"jnews_override_counter":[],"footnotes":""},"categories":[3046,475],"tags":[22344,22334,5475,1795],"class_list":["post-128942","post","type-post","status-publish","format-standard","has-post-thumbnail","hentry","category-curiosidades","category-entretenimento","tag-filosofia-de-vida","tag-karl-marx","tag-mudanca","tag-prosperidade"],"yoast_head":"<!-- This site is optimized with the Yoast SEO plugin v26.5 - https:\/\/yoast.com\/wordpress\/plugins\/seo\/ -->\n<title>Karl Marx, cr\u00edtico do sistema e defensor da mudan\u00e7a: \u201cNada muda sem a\u00e7\u00e3o\u201d - UAI Not\u00edcias<\/title>\n<meta name=\"description\" content=\"Essa frase de Karl Marx voltou ao centro dos debates pol\u00edticos e o significado pode mudar sua forma de ver a sociedade\" \/>\n<meta name=\"robots\" content=\"index, follow, max-snippet:-1, max-image-preview:large, max-video-preview:-1\" \/>\n<link rel=\"canonical\" href=\"https:\/\/www.uai.com.br\/uainoticias\/2026\/05\/01\/karl-marx-critico-do-sistema-e-defensor-da-mudanca-nada-muda-sem-acao\/\" \/>\n<meta property=\"og:locale\" content=\"pt_BR\" \/>\n<meta property=\"og:type\" content=\"article\" \/>\n<meta property=\"og:title\" content=\"Karl Marx, cr\u00edtico do sistema e defensor da mudan\u00e7a: \u201cNada muda sem a\u00e7\u00e3o\u201d - UAI Not\u00edcias\" \/>\n<meta property=\"og:description\" content=\"Essa frase de Karl Marx voltou ao centro dos debates pol\u00edticos e o significado pode mudar sua forma de ver a sociedade\" \/>\n<meta property=\"og:url\" content=\"https:\/\/www.uai.com.br\/uainoticias\/2026\/05\/01\/karl-marx-critico-do-sistema-e-defensor-da-mudanca-nada-muda-sem-acao\/\" \/>\n<meta property=\"og:site_name\" content=\"UAI Not\u00edcias\" \/>\n<meta property=\"article:published_time\" content=\"2026-05-01T10:15:00+00:00\" \/>\n<meta property=\"og:image\" content=\"https:\/\/www.uai.com.br\/uainoticias\/wp-content\/uploads\/2026\/04\/Design_sem_nome-2026-04-30T134057.844.jpg\" \/>\n\t<meta property=\"og:image:width\" content=\"1280\" \/>\n\t<meta property=\"og:image:height\" content=\"720\" \/>\n\t<meta property=\"og:image:type\" content=\"image\/jpeg\" \/>\n<meta name=\"author\" content=\"Gustavo Trindade\" \/>\n<meta name=\"twitter:card\" content=\"summary_large_image\" \/>\n<meta name=\"twitter:label1\" content=\"Escrito por\" \/>\n\t<meta name=\"twitter:data1\" content=\"Gustavo Trindade\" \/>\n\t<meta name=\"twitter:label2\" content=\"Est. tempo de leitura\" \/>\n\t<meta name=\"twitter:data2\" content=\"4 minutos\" \/>\n<!-- \/ Yoast SEO plugin. -->","yoast_head_json":{"title":"Karl Marx, cr\u00edtico do sistema e defensor da mudan\u00e7a: \u201cNada muda sem a\u00e7\u00e3o\u201d - UAI Not\u00edcias","description":"Essa frase de Karl Marx voltou ao centro dos debates pol\u00edticos e o significado pode mudar sua forma de ver a sociedade","robots":{"index":"index","follow":"follow","max-snippet":"max-snippet:-1","max-image-preview":"max-image-preview:large","max-video-preview":"max-video-preview:-1"},"canonical":"https:\/\/www.uai.com.br\/uainoticias\/2026\/05\/01\/karl-marx-critico-do-sistema-e-defensor-da-mudanca-nada-muda-sem-acao\/","og_locale":"pt_BR","og_type":"article","og_title":"Karl Marx, cr\u00edtico do sistema e defensor da mudan\u00e7a: \u201cNada muda sem a\u00e7\u00e3o\u201d - UAI Not\u00edcias","og_description":"Essa frase de Karl Marx voltou ao centro dos debates pol\u00edticos e o significado pode mudar sua forma de ver a sociedade","og_url":"https:\/\/www.uai.com.br\/uainoticias\/2026\/05\/01\/karl-marx-critico-do-sistema-e-defensor-da-mudanca-nada-muda-sem-acao\/","og_site_name":"UAI Not\u00edcias","article_published_time":"2026-05-01T10:15:00+00:00","og_image":[{"width":1280,"height":720,"url":"https:\/\/www.uai.com.br\/uainoticias\/wp-content\/uploads\/2026\/04\/Design_sem_nome-2026-04-30T134057.844.jpg","type":"image\/jpeg"}],"author":"Gustavo Trindade","twitter_card":"summary_large_image","twitter_misc":{"Escrito por":"Gustavo Trindade","Est. tempo de leitura":"4 minutos"},"schema":{"@context":"https:\/\/schema.org","@graph":[{"@type":"WebPage","@id":"https:\/\/www.uai.com.br\/uainoticias\/2026\/05\/01\/karl-marx-critico-do-sistema-e-defensor-da-mudanca-nada-muda-sem-acao\/","url":"https:\/\/www.uai.com.br\/uainoticias\/2026\/05\/01\/karl-marx-critico-do-sistema-e-defensor-da-mudanca-nada-muda-sem-acao\/","name":"Karl Marx, cr\u00edtico do sistema e defensor da mudan\u00e7a: \u201cNada muda sem a\u00e7\u00e3o\u201d - UAI Not\u00edcias","isPartOf":{"@id":"https:\/\/www.uai.com.br\/uainoticias\/#website"},"primaryImageOfPage":{"@id":"https:\/\/www.uai.com.br\/uainoticias\/2026\/05\/01\/karl-marx-critico-do-sistema-e-defensor-da-mudanca-nada-muda-sem-acao\/#primaryimage"},"image":{"@id":"https:\/\/www.uai.com.br\/uainoticias\/2026\/05\/01\/karl-marx-critico-do-sistema-e-defensor-da-mudanca-nada-muda-sem-acao\/#primaryimage"},"thumbnailUrl":"https:\/\/www.uai.com.br\/uainoticias\/wp-content\/uploads\/2026\/04\/Design_sem_nome-2026-04-30T134057.844.jpg","datePublished":"2026-05-01T10:15:00+00:00","author":{"@id":"https:\/\/www.uai.com.br\/uainoticias\/#\/schema\/person\/060f8bb02e250479c83590e2c4706fcc"},"description":"Essa frase de Karl Marx voltou ao centro dos debates pol\u00edticos e o significado pode mudar sua forma de ver a sociedade","breadcrumb":{"@id":"https:\/\/www.uai.com.br\/uainoticias\/2026\/05\/01\/karl-marx-critico-do-sistema-e-defensor-da-mudanca-nada-muda-sem-acao\/#breadcrumb"},"inLanguage":"pt-BR","potentialAction":[{"@type":"ReadAction","target":["https:\/\/www.uai.com.br\/uainoticias\/2026\/05\/01\/karl-marx-critico-do-sistema-e-defensor-da-mudanca-nada-muda-sem-acao\/"]}]},{"@type":"ImageObject","inLanguage":"pt-BR","@id":"https:\/\/www.uai.com.br\/uainoticias\/2026\/05\/01\/karl-marx-critico-do-sistema-e-defensor-da-mudanca-nada-muda-sem-acao\/#primaryimage","url":"https:\/\/www.uai.com.br\/uainoticias\/wp-content\/uploads\/2026\/04\/Design_sem_nome-2026-04-30T134057.844.jpg","contentUrl":"https:\/\/www.uai.com.br\/uainoticias\/wp-content\/uploads\/2026\/04\/Design_sem_nome-2026-04-30T134057.844.jpg","width":1280,"height":720,"caption":"Ideia central do pensamento marxista aplicada ao cen\u00e1rio contempor\u00e2neo"},{"@type":"BreadcrumbList","@id":"https:\/\/www.uai.com.br\/uainoticias\/2026\/05\/01\/karl-marx-critico-do-sistema-e-defensor-da-mudanca-nada-muda-sem-acao\/#breadcrumb","itemListElement":[{"@type":"ListItem","position":1,"name":"In\u00edcio","item":"https:\/\/www.uai.com.br\/uainoticias\/"},{"@type":"ListItem","position":2,"name":"Karl Marx, cr\u00edtico do sistema e defensor da mudan\u00e7a: \u201cNada muda sem a\u00e7\u00e3o\u201d"}]},{"@type":"WebSite","@id":"https:\/\/www.uai.com.br\/uainoticias\/#website","url":"https:\/\/www.uai.com.br\/uainoticias\/","name":"UAI Not\u00edcias","description":"Acompanhe as \u00faltimas not\u00edcias e fique bem informado sobre tudo o que acontece no Brasil e no mundo.","potentialAction":[{"@type":"SearchAction","target":{"@type":"EntryPoint","urlTemplate":"https:\/\/www.uai.com.br\/uainoticias\/?s={search_term_string}"},"query-input":{"@type":"PropertyValueSpecification","valueRequired":true,"valueName":"search_term_string"}}],"inLanguage":"pt-BR"},{"@type":"Person","@id":"https:\/\/www.uai.com.br\/uainoticias\/#\/schema\/person\/060f8bb02e250479c83590e2c4706fcc","name":"Gustavo Trindade","image":{"@type":"ImageObject","inLanguage":"pt-BR","@id":"https:\/\/www.uai.com.br\/uainoticias\/#\/schema\/person\/image\/","url":"https:\/\/secure.gravatar.com\/avatar\/05714a54ada0bd2b20e75b2c72a9e7802581213945810c2354d320b79f27b427?s=96&d=mm&r=g","contentUrl":"https:\/\/secure.gravatar.com\/avatar\/05714a54ada0bd2b20e75b2c72a9e7802581213945810c2354d320b79f27b427?s=96&d=mm&r=g","caption":"Gustavo Trindade"},"sameAs":["https:\/\/www.uai.com.br\/uainoticias\/"],"url":"https:\/\/www.uai.com.br\/uainoticias\/author\/gustavotrindade\/"}]}},"_links":{"self":[{"href":"https:\/\/www.uai.com.br\/uainoticias\/wp-json\/wp\/v2\/posts\/128942","targetHints":{"allow":["GET"]}}],"collection":[{"href":"https:\/\/www.uai.com.br\/uainoticias\/wp-json\/wp\/v2\/posts"}],"about":[{"href":"https:\/\/www.uai.com.br\/uainoticias\/wp-json\/wp\/v2\/types\/post"}],"author":[{"embeddable":true,"href":"https:\/\/www.uai.com.br\/uainoticias\/wp-json\/wp\/v2\/users\/23"}],"replies":[{"embeddable":true,"href":"https:\/\/www.uai.com.br\/uainoticias\/wp-json\/wp\/v2\/comments?post=128942"}],"version-history":[{"count":1,"href":"https:\/\/www.uai.com.br\/uainoticias\/wp-json\/wp\/v2\/posts\/128942\/revisions"}],"predecessor-version":[{"id":128946,"href":"https:\/\/www.uai.com.br\/uainoticias\/wp-json\/wp\/v2\/posts\/128942\/revisions\/128946"}],"wp:featuredmedia":[{"embeddable":true,"href":"https:\/\/www.uai.com.br\/uainoticias\/wp-json\/wp\/v2\/media\/128943"}],"wp:attachment":[{"href":"https:\/\/www.uai.com.br\/uainoticias\/wp-json\/wp\/v2\/media?parent=128942"}],"wp:term":[{"taxonomy":"category","embeddable":true,"href":"https:\/\/www.uai.com.br\/uainoticias\/wp-json\/wp\/v2\/categories?post=128942"},{"taxonomy":"post_tag","embeddable":true,"href":"https:\/\/www.uai.com.br\/uainoticias\/wp-json\/wp\/v2\/tags?post=128942"}],"curies":[{"name":"wp","href":"https:\/\/api.w.org\/{rel}","templated":true}]}}