{"id":128938,"date":"2026-05-01T06:15:00","date_gmt":"2026-05-01T09:15:00","guid":{"rendered":"https:\/\/www.uai.com.br\/uainoticias\/?p=128938"},"modified":"2026-04-30T13:36:25","modified_gmt":"2026-04-30T16:36:25","slug":"estou-cuidando-da-neta-da-minha-filha-de-graca-como-peco-para-me-mudar-para-a-casa-deles","status":"publish","type":"post","link":"https:\/\/www.uai.com.br\/uainoticias\/2026\/05\/01\/estou-cuidando-da-neta-da-minha-filha-de-graca-como-peco-para-me-mudar-para-a-casa-deles\/","title":{"rendered":"Estou cuidando da neta da minha filha de gra\u00e7a. Como pe\u00e7o para me mudar para a casa deles?"},"content":{"rendered":"\n<link href=\"https:\/\/fonts.googleapis.com\/css2?family=Inter:wght@400;600;700;800&#038;display=swap\" rel=\"stylesheet\">\r\n<style>\r\n\/* Prote\u00e7\u00e3o contra inje\u00e7\u00e3o do \"Veja Tamb\u00e9m\" (JNews inline related posts) *\/\r\n.rdp-curiosidades-wrapper .jnews_inline_related_post_wrapper,\r\n.rdp-curiosidades-wrapper .jnews_inline_related_post,\r\n.rdp-curiosidades-wrapper .jeg_postblock,\r\n.rdp-curiosidades-wrapper [class*=\"jnews_inline\"],\r\n.rdp-curiosidades-wrapper [class*=\"jeg_postblock\"],\r\n.rdp-curiosidades-wrapper [class*=\"jeg_block\"] {\r\n  display: none !important;\r\n  height: 0 !important;\r\n  max-height: 0 !important;\r\n  overflow: hidden !important;\r\n  visibility: hidden !important;\r\n  margin: 0 !important;\r\n  padding: 0 !important;\r\n  border: none !important;\r\n  font-size: 0 !important;\r\n  line-height: 0 !important;\r\n}\r\n.rdp-curiosidades-wrapper {\r\n  max-width: 620px;\r\n  margin: 28px auto;\r\n  background: #FFFFFF;\r\n  border: 1px solid #E0E0E0;\r\n  border-top: 3px solid #2FC3EE;\r\n  border-radius: 12px;\r\n  padding: 28px 32px;\r\n  font-family: 'Inter', sans-serif;\r\n  box-shadow: 0 4px 20px rgba(47,195,238,0.18);\r\n  overflow: hidden;\r\n  contain: layout style;\r\n  isolation: isolate;\r\n  position: relative;\r\n  z-index: 1;\r\n}\r\n.rdp-curiosidades-wrapper > *:not(.rdp-curiosidades-header):not(.rdp-curiosidades-list) {\r\n  display: none !important;\r\n  height: 0 !important;\r\n  overflow: hidden !important;\r\n  margin: 0 !important;\r\n  padding: 0 !important;\r\n  border: none !important;\r\n}\r\n.rdp-curiosidades-header {\r\n  display: flex;\r\n  align-items: center;\r\n  justify-content: center;\r\n  gap: 16px;\r\n  margin-bottom: 24px;\r\n}\r\n.rdp-curiosidades-line {\r\n  flex: 1;\r\n  height: 1px;\r\n  background: #E0E0E0;\r\n}\r\n.rdp-curiosidades-title {\r\n  font-family: 'Inter', sans-serif;\r\n  font-size: 12px;\r\n  font-weight: 800;\r\n  text-transform: uppercase;\r\n  letter-spacing: 4px;\r\n  color: #1A1A1A;\r\n  white-space: nowrap;\r\n}\r\n.rdp-curiosidades-list {\r\n  list-style: none;\r\n  padding: 0;\r\n  margin: 0;\r\n  text-align: center;\r\n}\r\n.rdp-curiosidades-item {\r\n  padding: 0 0 18px 0;\r\n  line-height: 1.7;\r\n}\r\n.rdp-curiosidades-item:last-child {\r\n  padding-bottom: 0;\r\n}\r\n.rdp-curiosidades-item-bullet {\r\n  display: inline-block;\r\n  width: 8px;\r\n  height: 8px;\r\n  background: #2FC3EE;\r\n  border-radius: 50%;\r\n  box-shadow: 0 0 6px rgba(47,195,238,0.40);\r\n  margin-right: 10px;\r\n  vertical-align: middle;\r\n}\r\n.rdp-curiosidades-item-title {\r\n  font-size: 15px;\r\n  font-weight: 700;\r\n  color: #1A1A1A;\r\n}\r\n.rdp-curiosidades-item-desc {\r\n  font-size: 15px;\r\n  color: #333333;\r\n  line-height: 1.7;\r\n}\r\n@media (max-width: 768px) {\r\n  .rdp-curiosidades-wrapper {\r\n    max-width: 100%;\r\n    margin: 20px 12px;\r\n    padding: 22px 20px;\r\n  }\r\n}\r\n<\/style>\r\n<div class=\"rdp-curiosidades-wrapper\">\r\n  <div class=\"rdp-curiosidades-header\">\r\n    <span class=\"rdp-curiosidades-line\"><\/span>\r\n    <span class=\"rdp-curiosidades-title\">Curiosidades da hist\u00f3ria<\/span>\r\n    <span class=\"rdp-curiosidades-line\"><\/span>\r\n  <\/div>\r\n  <ul class=\"rdp-curiosidades-list\">\r\n    <li class=\"rdp-curiosidades-item\">\r\n      <span class=\"rdp-curiosidades-item-bullet\"><\/span><span class=\"rdp-curiosidades-item-title\">Pedido delicado:<\/span> <span class=\"rdp-curiosidades-item-desc\">A av\u00f3 pensou em pedir para morar com a filha, mas o medo de ouvir um \u201cn\u00e3o\u201d travou tudo.<\/span>\r\n    <\/li>\r\n    <li class=\"rdp-curiosidades-item\">\r\n      <span class=\"rdp-curiosidades-item-bullet\"><\/span><span class=\"rdp-curiosidades-item-title\">Cansa\u00e7o silencioso:<\/span> <span class=\"rdp-curiosidades-item-desc\">Entre madrugadas e cuidados com os netos, ela come\u00e7ou a sentir o peso da rotina.<\/span>\r\n    <\/li>\r\n    <li class=\"rdp-curiosidades-item\">\r\n      <span class=\"rdp-curiosidades-item-bullet\"><\/span><span class=\"rdp-curiosidades-item-title\">Reflex\u00e3o importante:<\/span> <span class=\"rdp-curiosidades-item-desc\">A hist\u00f3ria mostra como conversar com clareza pode evitar m\u00e1goas e fortalecer la\u00e7os.<\/span>\r\n    <\/li>\r\n  <\/ul>\r\n<\/div>\r\n<div style=\"clear:both;height:0;overflow:hidden;\"><\/div>\n\n\n\n<p>Essa \u00e9 uma daquelas hist\u00f3rias reais que fazem a gente parar e pensar na pr\u00f3pria vida. A hist\u00f3ria da av\u00f3 cansada traz um relato sincero, cheio de emo\u00e7\u00e3o e d\u00favidas, sobre fam\u00edlia, conviv\u00eancia e aquele medo silencioso de pedir ajuda. \u00c9 o tipo de situa\u00e7\u00e3o que muita gente j\u00e1 viveu ou ainda vai viver.<\/p>\n\n\n\n<h2 class=\"wp-block-heading\">Como tudo come\u00e7ou<\/h2>\n\n\n\n<p>A hist\u00f3ria da av\u00f3 cansada come\u00e7a com uma rotina que, aos poucos, foi ficando pesada. Mesmo com todo amor pelos netos, ela acordava de madrugada v\u00e1rias vezes por semana para ajudar a filha com os cuidados das crian\u00e7as.<\/p>\n\n\n\n<p>Com o tempo, esse esfor\u00e7o come\u00e7ou a pesar. O corpo j\u00e1 n\u00e3o respondia como antes, e o cansa\u00e7o foi se acumulando, junto com uma d\u00favida que crescia em sil\u00eancio dentro dela.<\/p>\n\n\n\n<figure class=\"wp-block-image aligncenter size-large\"><img decoding=\"async\" width=\"1024\" height=\"576\" src=\"https:\/\/www.uai.com.br\/uainoticias\/wp-content\/uploads\/2026\/04\/Design_sem_nome-2026-04-30T133446.812-1024x576.jpg\" alt=\"Estou cuidando da neta da minha filha de gra\u00e7a. Como pe\u00e7o para me mudar para a casa deles?\" class=\"wp-image-128939\" srcset=\"https:\/\/www.uai.com.br\/uainoticias\/wp-content\/uploads\/2026\/04\/Design_sem_nome-2026-04-30T133446.812-1024x576.jpg 1024w, https:\/\/www.uai.com.br\/uainoticias\/wp-content\/uploads\/2026\/04\/Design_sem_nome-2026-04-30T133446.812-300x169.jpg 300w, https:\/\/www.uai.com.br\/uainoticias\/wp-content\/uploads\/2026\/04\/Design_sem_nome-2026-04-30T133446.812-768x432.jpg 768w, https:\/\/www.uai.com.br\/uainoticias\/wp-content\/uploads\/2026\/04\/Design_sem_nome-2026-04-30T133446.812-750x422.jpg 750w, https:\/\/www.uai.com.br\/uainoticias\/wp-content\/uploads\/2026\/04\/Design_sem_nome-2026-04-30T133446.812-1140x641.jpg 1140w, https:\/\/www.uai.com.br\/uainoticias\/wp-content\/uploads\/2026\/04\/Design_sem_nome-2026-04-30T133446.812.jpg 1280w\" sizes=\"(max-width: 1024px) 100vw, 1024px\" \/><figcaption class=\"wp-element-caption\">A leitora, que n\u00e3o est\u00e1 na foto, quer morar com a fam\u00edlia da filha e se pergunta se ela deveria perguntar. Elva Etienne\/Getty Images\n<\/figcaption><\/figure>\n\n\n\n<h2 class=\"wp-block-heading\">O momento que mudou tudo<\/h2>\n\n\n\n<p>O ponto de virada na hist\u00f3ria da av\u00f3 cansada foi quando ela come\u00e7ou a considerar algo que parecia simples, mas era carregado de emo\u00e7\u00e3o: pedir para morar com a filha.<\/p>\n\n\n\n<p>Mas junto com essa ideia veio o medo. E se a resposta fosse n\u00e3o? E se isso mudasse a rela\u00e7\u00e3o entre elas? Esse dilema trouxe \u00e0 tona sentimentos profundos, daqueles que muita gente guarda sem coragem de falar.<\/p>\n\n\n\n<h2 class=\"wp-block-heading\">O peso do sil\u00eancio: o que mais chamou aten\u00e7\u00e3o no relato<\/h2>\n\n\n\n<p>O que mais chama aten\u00e7\u00e3o nessa hist\u00f3ria da av\u00f3 cansada \u00e9 o sil\u00eancio que se forma entre m\u00e3e e filha. De um lado, uma av\u00f3 exausta tentando dar conta de tudo. Do outro, uma filha que talvez nem imagine o quanto a m\u00e3e est\u00e1 se sacrificando.<\/p>\n\n\n\n<p><strong>Esse desencontro de percep\u00e7\u00f5es<\/strong> \u00e9 mais comum do que parece. Enquanto uma espera reconhecimento, a outra acredita que est\u00e1 tudo bem. E assim, sem conversa, o risco de m\u00e1goas cresce.<\/p>\n\n\n\n<link href=\"https:\/\/fonts.googleapis.com\/css2?family=Inter:wght@400;600;700;800&#038;display=swap\" rel=\"stylesheet\">\r\n<style>\r\n\/* Prote\u00e7\u00e3o contra inje\u00e7\u00e3o do \"Veja Tamb\u00e9m\" (JNews inline related posts) *\/\r\n.rdp-pontos-wrapper .jnews_inline_related_post_wrapper,\r\n.rdp-pontos-wrapper .jnews_inline_related_post,\r\n.rdp-pontos-wrapper .jeg_postblock,\r\n.rdp-pontos-wrapper [class*=\"jnews_inline\"],\r\n.rdp-pontos-wrapper [class*=\"jeg_postblock\"],\r\n.rdp-pontos-wrapper [class*=\"jeg_block\"] {\r\n  display: none !important;\r\n  height: 0 !important;\r\n  max-height: 0 !important;\r\n  overflow: hidden !important;\r\n  visibility: hidden !important;\r\n  margin: 0 !important;\r\n  padding: 0 !important;\r\n  border: none !important;\r\n  font-size: 0 !important;\r\n  line-height: 0 !important;\r\n}\r\n.rdp-pontos-wrapper {\r\n  max-width: 100%;\r\n  margin: 32px 0;\r\n  background: #F8F9FA;\r\n  border: 1px solid #E0E0E0;\r\n  border-radius: 12px;\r\n  padding: 28px 28px 20px;\r\n  font-family: 'Inter', sans-serif;\r\n  box-shadow: 0 4px 20px rgba(47,195,238,0.12);\r\n  overflow: hidden;\r\n  contain: layout style;\r\n  isolation: isolate;\r\n  position: relative;\r\n  z-index: 1;\r\n}\r\n.rdp-pontos-wrapper > *:not(.rdp-pontos-title):not(.rdp-pontos-grid) {\r\n  display: none !important;\r\n  height: 0 !important;\r\n  overflow: hidden !important;\r\n  margin: 0 !important;\r\n  padding: 0 !important;\r\n  border: none !important;\r\n}\r\n.rdp-pontos-title {\r\n  font-family: 'Inter', sans-serif;\r\n  font-size: 20px;\r\n  font-weight: 800;\r\n  color: #1A1A1A;\r\n  margin: 0 0 20px 0;\r\n  line-height: 1.3;\r\n  text-align: center;\r\n}\r\n.rdp-pontos-grid {\r\n  display: grid;\r\n  grid-template-columns: repeat(3, 1fr);\r\n  gap: 18px;\r\n}\r\n.rdp-pontos-item {\r\n  background: #FFFFFF;\r\n  border: 1px solid #E0E0E0;\r\n  border-top: 3px solid #2FC3EE;\r\n  border-radius: 10px;\r\n  padding: 22px 20px;\r\n  box-shadow: 0 2px 10px rgba(47,195,238,0.10);\r\n  text-align: center;\r\n}\r\n.rdp-pontos-emoji {\r\n  font-size: 32px;\r\n  margin-bottom: 12px;\r\n}\r\n.rdp-pontos-item-title {\r\n  font-size: 15px;\r\n  font-weight: 700;\r\n  color: #1A1A1A;\r\n}\r\n.rdp-pontos-item-desc {\r\n  font-size: 14px;\r\n  color: #333333;\r\n}\r\n<\/style>\r\n<div class=\"rdp-pontos-wrapper\">\r\n  <div class=\"rdp-pontos-title\">Pontos marcantes do relato<\/div>\r\n  <div class=\"rdp-pontos-grid\">\r\n    <div class=\"rdp-pontos-item\">\r\n      <span class=\"rdp-pontos-emoji\">\ud83d\udcac<\/span>\r\n      <div class=\"rdp-pontos-item-title\">Rotina exaustiva<\/div>\r\n      <p class=\"rdp-pontos-item-desc\">A av\u00f3 acordava cedo v\u00e1rias vezes na semana para cuidar dos netos, acumulando cansa\u00e7o.<\/p>\r\n    <\/div>\r\n    <div class=\"rdp-pontos-item\">\r\n      <span class=\"rdp-pontos-emoji\">\u2764\ufe0f<\/span>\r\n      <div class=\"rdp-pontos-item-title\">D\u00favida emocional<\/div>\r\n      <p class=\"rdp-pontos-item-desc\">Ela pensou em pedir para morar com a filha, mas o medo de rejei\u00e7\u00e3o a fez hesitar.<\/p>\r\n    <\/div>\r\n    <div class=\"rdp-pontos-item\">\r\n      <span class=\"rdp-pontos-emoji\">\u2728<\/span>\r\n      <div class=\"rdp-pontos-item-title\">Falta de di\u00e1logo<\/div>\r\n      <p class=\"rdp-pontos-item-desc\">O sil\u00eancio entre m\u00e3e e filha poderia gerar mal-entendidos e sentimentos n\u00e3o ditos.<\/p>\r\n    <\/div>\r\n  <\/div>\r\n<\/div>\r\n<div style=\"clear:both;height:0;overflow:hidden;\"><\/div>\n\n\n\n<h2 class=\"wp-block-heading\">Por que essa hist\u00f3ria tocou tanta gente<\/h2>\n\n\n\n<p>A hist\u00f3ria da av\u00f3 cansada emociona porque \u00e9 muito real. Quem nunca teve dificuldade de pedir ajuda ou medo de incomodar algu\u00e9m que ama? Esse tipo de situa\u00e7\u00e3o faz parte da vida de muitas fam\u00edlias.<\/p>\n\n\n\n<p><strong>O mais marcante \u00e9 perceber<\/strong> que uma simples conversa pode evitar anos de m\u00e1goa. Quando sentimentos ficam guardados, eles crescem de um jeito silencioso e pesado.<\/p>\n\n\n\n<h2 class=\"wp-block-heading\">O que aconteceu depois<\/h2>\n\n\n\n<p>A reflex\u00e3o trouxe um aprendizado importante. Independentemente da resposta da filha, o mais essencial era a honestidade e o respeito na conversa. Assim, qualquer decis\u00e3o poderia ser tomada com carinho e compreens\u00e3o.<\/p>\n\n\n\n<p>No fim, a hist\u00f3ria da av\u00f3 cansada deixa aquele pensamento que fica com a gente: \u00e0s vezes, o mais dif\u00edcil n\u00e3o \u00e9 a resposta, mas ter coragem de perguntar. E \u00e9 justamente a\u00ed que mora a transforma\u00e7\u00e3o nas rela\u00e7\u00f5es.<\/p>\n","protected":false},"excerpt":{"rendered":"<p>Curiosidades da hist\u00f3ria Pedido delicado: A av\u00f3 pensou em pedir para morar com a filha, mas o medo de ouvir um \u201cn\u00e3o\u201d travou tudo. Cansa\u00e7o silencioso: Entre madrugadas e cuidados com os netos, ela come\u00e7ou a sentir o peso da rotina. Reflex\u00e3o importante: A hist\u00f3ria mostra como conversar com clareza pode evitar m\u00e1goas e fortalecer [&hellip;]<\/p>\n","protected":false},"author":23,"featured_media":128939,"comment_status":"open","ping_status":"open","sticky":false,"template":"","format":"standard","meta":{"jnews-multi-image_gallery":[],"jnews_single_post":{"format":"standard"},"jnews_primary_category":[],"jnews_social_meta":[],"jnews_override_counter":[],"footnotes":""},"categories":[11601],"tags":[1051,22675,23694,252],"class_list":["post-128938","post","type-post","status-publish","format-standard","has-post-thumbnail","hentry","category-noticia","tag-amor","tag-avo-2","tag-cuidar-da-neta","tag-familia"],"yoast_head":"<!-- This site is optimized with the Yoast SEO plugin v26.5 - https:\/\/yoast.com\/wordpress\/plugins\/seo\/ -->\n<title>Estou cuidando da neta da minha filha de gra\u00e7a. Como pe\u00e7o para me mudar para a casa deles? - UAI Not\u00edcias<\/title>\n<meta name=\"description\" content=\"O relato de uma av\u00f3 exausta levanta um alerta sobre limites e comunica\u00e7\u00e3o dentro de casa e o impacto pode surpreender voc\u00ea\" \/>\n<meta name=\"robots\" content=\"index, follow, max-snippet:-1, max-image-preview:large, max-video-preview:-1\" \/>\n<link rel=\"canonical\" href=\"https:\/\/www.uai.com.br\/uainoticias\/2026\/05\/01\/estou-cuidando-da-neta-da-minha-filha-de-graca-como-peco-para-me-mudar-para-a-casa-deles\/\" \/>\n<meta property=\"og:locale\" content=\"pt_BR\" \/>\n<meta property=\"og:type\" content=\"article\" \/>\n<meta property=\"og:title\" content=\"Estou cuidando da neta da minha filha de gra\u00e7a. Como pe\u00e7o para me mudar para a casa deles? - UAI Not\u00edcias\" \/>\n<meta property=\"og:description\" content=\"O relato de uma av\u00f3 exausta levanta um alerta sobre limites e comunica\u00e7\u00e3o dentro de casa e o impacto pode surpreender voc\u00ea\" \/>\n<meta property=\"og:url\" content=\"https:\/\/www.uai.com.br\/uainoticias\/2026\/05\/01\/estou-cuidando-da-neta-da-minha-filha-de-graca-como-peco-para-me-mudar-para-a-casa-deles\/\" \/>\n<meta property=\"og:site_name\" content=\"UAI Not\u00edcias\" \/>\n<meta property=\"article:published_time\" content=\"2026-05-01T09:15:00+00:00\" \/>\n<meta property=\"og:image\" content=\"https:\/\/www.uai.com.br\/uainoticias\/wp-content\/uploads\/2026\/04\/Design_sem_nome-2026-04-30T133446.812.jpg\" \/>\n\t<meta property=\"og:image:width\" content=\"1280\" \/>\n\t<meta property=\"og:image:height\" content=\"720\" \/>\n\t<meta property=\"og:image:type\" content=\"image\/jpeg\" \/>\n<meta name=\"author\" content=\"Gustavo Trindade\" \/>\n<meta name=\"twitter:card\" content=\"summary_large_image\" \/>\n<meta name=\"twitter:label1\" content=\"Escrito por\" \/>\n\t<meta name=\"twitter:data1\" content=\"Gustavo Trindade\" \/>\n\t<meta name=\"twitter:label2\" content=\"Est. tempo de leitura\" \/>\n\t<meta name=\"twitter:data2\" content=\"4 minutos\" \/>\n<!-- \/ Yoast SEO plugin. -->","yoast_head_json":{"title":"Estou cuidando da neta da minha filha de gra\u00e7a. Como pe\u00e7o para me mudar para a casa deles? - UAI Not\u00edcias","description":"O relato de uma av\u00f3 exausta levanta um alerta sobre limites e comunica\u00e7\u00e3o dentro de casa e o impacto pode surpreender voc\u00ea","robots":{"index":"index","follow":"follow","max-snippet":"max-snippet:-1","max-image-preview":"max-image-preview:large","max-video-preview":"max-video-preview:-1"},"canonical":"https:\/\/www.uai.com.br\/uainoticias\/2026\/05\/01\/estou-cuidando-da-neta-da-minha-filha-de-graca-como-peco-para-me-mudar-para-a-casa-deles\/","og_locale":"pt_BR","og_type":"article","og_title":"Estou cuidando da neta da minha filha de gra\u00e7a. Como pe\u00e7o para me mudar para a casa deles? - UAI Not\u00edcias","og_description":"O relato de uma av\u00f3 exausta levanta um alerta sobre limites e comunica\u00e7\u00e3o dentro de casa e o impacto pode surpreender voc\u00ea","og_url":"https:\/\/www.uai.com.br\/uainoticias\/2026\/05\/01\/estou-cuidando-da-neta-da-minha-filha-de-graca-como-peco-para-me-mudar-para-a-casa-deles\/","og_site_name":"UAI Not\u00edcias","article_published_time":"2026-05-01T09:15:00+00:00","og_image":[{"width":1280,"height":720,"url":"https:\/\/www.uai.com.br\/uainoticias\/wp-content\/uploads\/2026\/04\/Design_sem_nome-2026-04-30T133446.812.jpg","type":"image\/jpeg"}],"author":"Gustavo Trindade","twitter_card":"summary_large_image","twitter_misc":{"Escrito por":"Gustavo Trindade","Est. tempo de leitura":"4 minutos"},"schema":{"@context":"https:\/\/schema.org","@graph":[{"@type":"WebPage","@id":"https:\/\/www.uai.com.br\/uainoticias\/2026\/05\/01\/estou-cuidando-da-neta-da-minha-filha-de-graca-como-peco-para-me-mudar-para-a-casa-deles\/","url":"https:\/\/www.uai.com.br\/uainoticias\/2026\/05\/01\/estou-cuidando-da-neta-da-minha-filha-de-graca-como-peco-para-me-mudar-para-a-casa-deles\/","name":"Estou cuidando da neta da minha filha de gra\u00e7a. Como pe\u00e7o para me mudar para a casa deles? - UAI Not\u00edcias","isPartOf":{"@id":"https:\/\/www.uai.com.br\/uainoticias\/#website"},"primaryImageOfPage":{"@id":"https:\/\/www.uai.com.br\/uainoticias\/2026\/05\/01\/estou-cuidando-da-neta-da-minha-filha-de-graca-como-peco-para-me-mudar-para-a-casa-deles\/#primaryimage"},"image":{"@id":"https:\/\/www.uai.com.br\/uainoticias\/2026\/05\/01\/estou-cuidando-da-neta-da-minha-filha-de-graca-como-peco-para-me-mudar-para-a-casa-deles\/#primaryimage"},"thumbnailUrl":"https:\/\/www.uai.com.br\/uainoticias\/wp-content\/uploads\/2026\/04\/Design_sem_nome-2026-04-30T133446.812.jpg","datePublished":"2026-05-01T09:15:00+00:00","author":{"@id":"https:\/\/www.uai.com.br\/uainoticias\/#\/schema\/person\/060f8bb02e250479c83590e2c4706fcc"},"description":"O relato de uma av\u00f3 exausta levanta um alerta sobre limites e comunica\u00e7\u00e3o dentro de casa e o impacto pode surpreender voc\u00ea","breadcrumb":{"@id":"https:\/\/www.uai.com.br\/uainoticias\/2026\/05\/01\/estou-cuidando-da-neta-da-minha-filha-de-graca-como-peco-para-me-mudar-para-a-casa-deles\/#breadcrumb"},"inLanguage":"pt-BR","potentialAction":[{"@type":"ReadAction","target":["https:\/\/www.uai.com.br\/uainoticias\/2026\/05\/01\/estou-cuidando-da-neta-da-minha-filha-de-graca-como-peco-para-me-mudar-para-a-casa-deles\/"]}]},{"@type":"ImageObject","inLanguage":"pt-BR","@id":"https:\/\/www.uai.com.br\/uainoticias\/2026\/05\/01\/estou-cuidando-da-neta-da-minha-filha-de-graca-como-peco-para-me-mudar-para-a-casa-deles\/#primaryimage","url":"https:\/\/www.uai.com.br\/uainoticias\/wp-content\/uploads\/2026\/04\/Design_sem_nome-2026-04-30T133446.812.jpg","contentUrl":"https:\/\/www.uai.com.br\/uainoticias\/wp-content\/uploads\/2026\/04\/Design_sem_nome-2026-04-30T133446.812.jpg","width":1280,"height":720,"caption":"A leitora, que n\u00e3o est\u00e1 na foto, quer morar com a fam\u00edlia da filha e se pergunta se ela deveria perguntar. Elva Etienne\/Getty Images"},{"@type":"BreadcrumbList","@id":"https:\/\/www.uai.com.br\/uainoticias\/2026\/05\/01\/estou-cuidando-da-neta-da-minha-filha-de-graca-como-peco-para-me-mudar-para-a-casa-deles\/#breadcrumb","itemListElement":[{"@type":"ListItem","position":1,"name":"In\u00edcio","item":"https:\/\/www.uai.com.br\/uainoticias\/"},{"@type":"ListItem","position":2,"name":"Estou cuidando da neta da minha filha de gra\u00e7a. Como pe\u00e7o para me mudar para a casa deles?"}]},{"@type":"WebSite","@id":"https:\/\/www.uai.com.br\/uainoticias\/#website","url":"https:\/\/www.uai.com.br\/uainoticias\/","name":"UAI Not\u00edcias","description":"Acompanhe as \u00faltimas not\u00edcias e fique bem informado sobre tudo o que acontece no Brasil e no mundo.","potentialAction":[{"@type":"SearchAction","target":{"@type":"EntryPoint","urlTemplate":"https:\/\/www.uai.com.br\/uainoticias\/?s={search_term_string}"},"query-input":{"@type":"PropertyValueSpecification","valueRequired":true,"valueName":"search_term_string"}}],"inLanguage":"pt-BR"},{"@type":"Person","@id":"https:\/\/www.uai.com.br\/uainoticias\/#\/schema\/person\/060f8bb02e250479c83590e2c4706fcc","name":"Gustavo Trindade","image":{"@type":"ImageObject","inLanguage":"pt-BR","@id":"https:\/\/www.uai.com.br\/uainoticias\/#\/schema\/person\/image\/","url":"https:\/\/secure.gravatar.com\/avatar\/05714a54ada0bd2b20e75b2c72a9e7802581213945810c2354d320b79f27b427?s=96&d=mm&r=g","contentUrl":"https:\/\/secure.gravatar.com\/avatar\/05714a54ada0bd2b20e75b2c72a9e7802581213945810c2354d320b79f27b427?s=96&d=mm&r=g","caption":"Gustavo Trindade"},"sameAs":["https:\/\/www.uai.com.br\/uainoticias\/"],"url":"https:\/\/www.uai.com.br\/uainoticias\/author\/gustavotrindade\/"}]}},"_links":{"self":[{"href":"https:\/\/www.uai.com.br\/uainoticias\/wp-json\/wp\/v2\/posts\/128938","targetHints":{"allow":["GET"]}}],"collection":[{"href":"https:\/\/www.uai.com.br\/uainoticias\/wp-json\/wp\/v2\/posts"}],"about":[{"href":"https:\/\/www.uai.com.br\/uainoticias\/wp-json\/wp\/v2\/types\/post"}],"author":[{"embeddable":true,"href":"https:\/\/www.uai.com.br\/uainoticias\/wp-json\/wp\/v2\/users\/23"}],"replies":[{"embeddable":true,"href":"https:\/\/www.uai.com.br\/uainoticias\/wp-json\/wp\/v2\/comments?post=128938"}],"version-history":[{"count":1,"href":"https:\/\/www.uai.com.br\/uainoticias\/wp-json\/wp\/v2\/posts\/128938\/revisions"}],"predecessor-version":[{"id":128941,"href":"https:\/\/www.uai.com.br\/uainoticias\/wp-json\/wp\/v2\/posts\/128938\/revisions\/128941"}],"wp:featuredmedia":[{"embeddable":true,"href":"https:\/\/www.uai.com.br\/uainoticias\/wp-json\/wp\/v2\/media\/128939"}],"wp:attachment":[{"href":"https:\/\/www.uai.com.br\/uainoticias\/wp-json\/wp\/v2\/media?parent=128938"}],"wp:term":[{"taxonomy":"category","embeddable":true,"href":"https:\/\/www.uai.com.br\/uainoticias\/wp-json\/wp\/v2\/categories?post=128938"},{"taxonomy":"post_tag","embeddable":true,"href":"https:\/\/www.uai.com.br\/uainoticias\/wp-json\/wp\/v2\/tags?post=128938"}],"curies":[{"name":"wp","href":"https:\/\/api.w.org\/{rel}","templated":true}]}}