{"id":128929,"date":"2026-05-01T10:45:00","date_gmt":"2026-05-01T13:45:00","guid":{"rendered":"https:\/\/www.uai.com.br\/uainoticias\/?p=128929"},"modified":"2026-04-30T14:03:06","modified_gmt":"2026-04-30T17:03:06","slug":"o-que-significa-quando-alguem-sempre-verifica-se-a-porta-esta-trancada-varias-vezes-segundo-a-psicologia","status":"publish","type":"post","link":"https:\/\/www.uai.com.br\/uainoticias\/2026\/05\/01\/o-que-significa-quando-alguem-sempre-verifica-se-a-porta-esta-trancada-varias-vezes-segundo-a-psicologia\/","title":{"rendered":"O que significa quando algu\u00e9m sempre verifica se a porta est\u00e1 trancada v\u00e1rias vezes, segundo a psicologia"},"content":{"rendered":"\n<p>Muitas pessoas sentem a necessidade de retornar para conferir se a trancagem da entrada principal foi feita corretamente antes de dormir ou sair de casa. Esse comportamento comum pode variar de uma simples cautela preventiva at\u00e9 sinalizar padr\u00f5es mais complexos relacionados ao funcionamento da <strong>sa\u00fade mental<\/strong> e da ansiedade.<\/p>\n\n\n\n<h2 class=\"wp-block-heading\">Por que sentimos necessidade de conferir as fechaduras<\/h2>\n\n\n\n<p>O ato de verificar se a <strong>porta est\u00e1 trancada<\/strong> funciona como um mecanismo de al\u00edvio imediato para uma incerteza que gera desconforto interno. Na psicologia, esse h\u00e1bito est\u00e1 ligado ao desejo de controle sobre o ambiente externo, buscando garantir a <strong>seguran\u00e7a residencial<\/strong> contra amea\u00e7as percebidas.<\/p>\n\n\n\n<p>Quando a <a href=\"https:\/\/www.uai.com.br\/uainoticias\/2026\/04\/27\/psicologia-mostra-como-o-habito-de-procrastinar-pode-estar-ligado-a-ansiedade-emocional\/\" target=\"_blank\" rel=\"noreferrer noopener\">ansiedade <\/a>se manifesta, o c\u00e9rebro busca rituais que tragam uma sensa\u00e7\u00e3o de fechamento e ordem para reduzir o estresse. Entender a frequ\u00eancia desse gesto ajuda a distinguir o que \u00e9 um cuidado natural de algo que pode exigir uma aten\u00e7\u00e3o terap\u00eautica.<\/p>\n\n\n<div class=\"wp-block-image\">\n<figure class=\"aligncenter size-large\"><img decoding=\"async\" width=\"1024\" height=\"576\" src=\"https:\/\/www.uai.com.br\/uainoticias\/wp-content\/uploads\/2026\/04\/porta-trancada-1024x576.jpg\" alt=\"\" class=\"wp-image-128960\" srcset=\"https:\/\/www.uai.com.br\/uainoticias\/wp-content\/uploads\/2026\/04\/porta-trancada-1024x576.jpg 1024w, https:\/\/www.uai.com.br\/uainoticias\/wp-content\/uploads\/2026\/04\/porta-trancada-300x169.jpg 300w, https:\/\/www.uai.com.br\/uainoticias\/wp-content\/uploads\/2026\/04\/porta-trancada-768x432.jpg 768w, https:\/\/www.uai.com.br\/uainoticias\/wp-content\/uploads\/2026\/04\/porta-trancada-750x422.jpg 750w, https:\/\/www.uai.com.br\/uainoticias\/wp-content\/uploads\/2026\/04\/porta-trancada-1140x641.jpg 1140w, https:\/\/www.uai.com.br\/uainoticias\/wp-content\/uploads\/2026\/04\/porta-trancada.jpg 1280w\" sizes=\"(max-width: 1024px) 100vw, 1024px\" \/><figcaption class=\"wp-element-caption\">O ato de verificar se a porta est\u00e1 trancada funciona como um mecanismo de al\u00edvio imediato para uma incerteza que gera desconforto interno<\/figcaption><\/figure><\/div>\n\n\n<h2 class=\"wp-block-heading\">Diferen\u00e7a entre cuidado preventivo e o Transtorno Obsessivo-Compulsivo<\/h2>\n\n\n\n<p>A linha entre o zelo e o <strong>TOC<\/strong> \u00e9 definida principalmente pelo n\u00edvel de sofrimento e pelo tempo que a atividade consome durante o dia do indiv\u00edduo. Verificar a <strong>fechadura<\/strong> uma \u00fanica vez por precau\u00e7\u00e3o \u00e9 funcional, mas repetir o processo in\u00fameras vezes indica que a d\u00favida se tornou uma <strong>obsess\u00e3o<\/strong> incapacitante.<\/p>\n\n\n\n<p><a href=\"https:\/\/www.msdmanuals.com\/pt\/casa\/dist%C3%BArbios-de-sa%C3%BAde-mental\/transtorno-obsessivo-compulsivo-e-transtornos-relacionados\/transtorno-obsessivo-compulsivo-toc\" target=\"_blank\" rel=\"noreferrer noopener\">No Transtorno Obsessivo-Compulsivo<\/a>, o indiv\u00edduo muitas vezes duvida da pr\u00f3pria mem\u00f3ria e sente que algo terr\u00edvel acontecer\u00e1 caso n\u00e3o realize o ritual. O <strong>Brasil<\/strong> possui diversos especialistas que utilizam a <strong>Terapia Cognitivo-Comportamental<\/strong> para ajudar pacientes a romperem esse ciclo de verifica\u00e7\u00f5es intermin\u00e1veis e exaustivas.<\/p>\n\n\n\n<h2 class=\"wp-block-heading\">O papel da ansiedade na repeti\u00e7\u00e3o de comportamentos<\/h2>\n\n\n\n<p>A <strong>ansiedade generalizada<\/strong> projeta cen\u00e1rios catastr\u00f3ficos no futuro, fazendo com que o ato de conferir a chave se torne uma barreira m\u00e1gica contra o perigo. Esse comportamento repetitivo \u00e9 alimentado pela <strong>hipervigil\u00e2ncia<\/strong>, um estado onde o sistema nervoso permanece em alerta constante, mesmo em ambientes protegidos.<\/p>\n\n\n\n<p>Estabelecer uma rotina consciente ajuda a acalmar o sistema l\u00edmbico, permitindo que a mente registre a a\u00e7\u00e3o de trancar a <strong>porta de casa<\/strong> com clareza. Ao realizar a tarefa com aten\u00e7\u00e3o plena, voc\u00ea fortalece a <strong>mem\u00f3ria epis\u00f3dica<\/strong> e reduz a necessidade de retornar ao local diversas vezes seguidas.<\/p>\n\n\n\n<link href=\"https:\/\/fonts.googleapis.com\/css2?family=Inter:wght@400;600;700;800&#038;display=swap\" rel=\"stylesheet\">\n<style>\n\/* Prote\u00e7\u00e3o contra inje\u00e7\u00e3o do \"Veja Tamb\u00e9m\" *\/\n.rdp-pontos-wrapper .jnews_inline_related_post_wrapper,\n.rdp-pontos-wrapper .jnews_inline_related_post,\n.rdp-pontos-wrapper .jeg_postblock,\n.rdp-pontos-wrapper [class*=\"jnews_inline\"],\n.rdp-pontos-wrapper [class*=\"jeg_postblock\"],\n.rdp-pontos-wrapper [class*=\"jeg_block\"] {\n  display: none !important;\n  height: 0 !important;\n  max-height: 0 !important;\n  overflow: hidden !important;\n  visibility: hidden !important;\n  margin: 0 !important;\n  padding: 0 !important;\n  border: none !important;\n  font-size: 0 !important;\n  line-height: 0 !important;\n}\n.rdp-pontos-wrapper {\n  max-width: 100%;\n  margin: 32px 0;\n  background: #F8F9FA;\n  border: 1px solid #E0E0E0;\n  border-radius: 12px;\n  padding: 28px 28px 20px;\n  font-family: 'Inter', sans-serif;\n  box-shadow: 0 4px 20px rgba(47,195,238,0.12);\n  overflow: hidden;\n  contain: layout style;\n  isolation: isolate;\n  position: relative;\n  z-index: 1;\n}\n.rdp-pontos-wrapper > *:not(.rdp-pontos-title):not(.rdp-pontos-grid) {\n  display: none !important;\n  height: 0 !important;\n  overflow: hidden !important;\n  margin: 0 !important;\n  padding: 0 !important;\n  border: none !important;\n}\n.rdp-pontos-title {\n  font-family: 'Inter', sans-serif;\n  font-size: 20px;\n  font-weight: 800;\n  color: #1A1A1A;\n  margin: 0 0 20px 0;\n  line-height: 1.3;\n  text-align: center;\n}\n.rdp-pontos-grid {\n  display: grid;\n  grid-template-columns: repeat(3, 1fr);\n  gap: 18px;\n}\n.rdp-pontos-item {\n  background: #FFFFFF;\n  border: 1px solid #E0E0E0;\n  border-top: 3px solid #2FC3EE;\n  border-radius: 10px;\n  padding: 22px 20px;\n  box-shadow: 0 2px 10px rgba(47,195,238,0.10);\n  transition: box-shadow 0.3s ease, border-color 0.3s ease;\n  text-align: center;\n}\n.rdp-pontos-item:hover {\n  box-shadow: 0 4px 20px rgba(47,195,238,0.22);\n  border-color: #2FC3EE;\n}\n.rdp-pontos-emoji {\n  font-size: 32px;\n  line-height: 1;\n  margin-bottom: 12px;\n  display: block;\n  text-align: center;\n}\n.rdp-pontos-item-title {\n  font-size: 15px;\n  font-weight: 700;\n  color: #1A1A1A;\n  margin-bottom: 8px;\n  line-height: 1.3;\n}\n.rdp-pontos-item-desc {\n  font-size: 14px;\n  color: #333333;\n  line-height: 1.6;\n  margin: 0;\n}\n@media (max-width: 768px) {\n  .rdp-pontos-wrapper {\n    padding: 20px 16px 14px;\n  }\n  .rdp-pontos-grid {\n    grid-template-columns: 1fr;\n    gap: 14px;\n  }\n}\n<\/style>\n\n<div class=\"rdp-pontos-wrapper\">\n  <div class=\"rdp-pontos-title\">Estrat\u00e9gias para Gest\u00e3o de H\u00e1bitos e Ansiedade<\/div>\n  <div class=\"rdp-pontos-grid\">\n    <div class=\"rdp-pontos-item\">\n      <span class=\"rdp-pontos-emoji\">\ud83d\udd11<\/span>\n      <div class=\"rdp-pontos-item-title\">Aten\u00e7\u00e3o Plena<\/div>\n      <p class=\"rdp-pontos-item-desc\">Praticar a aten\u00e7\u00e3o plena no momento exato de girar a chave na fechadura.<\/p>\n    <\/div>\n    <div class=\"rdp-pontos-item\">\n      <span class=\"rdp-pontos-emoji\">\ud83d\udde3\ufe0f<\/span>\n      <div class=\"rdp-pontos-item-title\">Refor\u00e7o Auditivo<\/div>\n      <p class=\"rdp-pontos-item-desc\">Falar em voz alta &#8220;a porta est\u00e1 trancada&#8221; para refor\u00e7ar a confirma\u00e7\u00e3o auditiva.<\/p>\n    <\/div>\n    <div class=\"rdp-pontos-item\">\n      <span class=\"rdp-pontos-emoji\">\ud83d\udcf1<\/span>\n      <div class=\"rdp-pontos-item-title\">Tecnologia Smart<\/div>\n      <p class=\"rdp-pontos-item-desc\">Utilizar dispositivos de casa inteligente que permitem a checagem remota pelo celular.<\/p>\n    <\/div>\n    <div class=\"rdp-pontos-item\">\n      <span class=\"rdp-pontos-emoji\">\ud83d\udc41\ufe0f<\/span>\n      <div class=\"rdp-pontos-item-title\">Limite Visual<\/div>\n      <p class=\"rdp-pontos-item-desc\">Estabelecer um limite saud\u00e1vel de apenas uma confer\u00eancia visual antes de sair.<\/p>\n    <\/div>\n    <div class=\"rdp-pontos-item\">\n      <span class=\"rdp-pontos-emoji\">\ud83e\ude7a<\/span>\n      <div class=\"rdp-pontos-item-title\">Apoio Profissional<\/div>\n      <p class=\"rdp-pontos-item-desc\">Buscar aux\u00edlio de um profissional de Psicologia caso o h\u00e1bito gere preju\u00edzos sociais.<\/p>\n    <\/div>\n  <\/div>\n<\/div>\n<div style=\"clear:both;height:0;overflow:hidden;\"><\/div>\n\n\n\n<h2 class=\"wp-block-heading\">Como o estresse e a rotina afetam nossa mem\u00f3ria<\/h2>\n\n\n\n<p>O cansa\u00e7o mental acumulado durante o trabalho pode levar ao &#8220;modo autom\u00e1tico&#8221;, onde realizamos tarefas sem registrar a lembran\u00e7a. Nesses casos, a d\u00favida sobre a <strong>seguran\u00e7a dom\u00e9stica<\/strong> surge porque o c\u00e9rebro n\u00e3o processou a informa\u00e7\u00e3o de que a a\u00e7\u00e3o foi conclu\u00edda.<\/p>\n\n\n\n<p>Reduzir a carga de <strong>estresse<\/strong> di\u00e1rio melhora significativamente a capacidade de reten\u00e7\u00e3o de pequenas tarefas cotidianas e autom\u00e1ticas. Investir em momentos de descanso e lazer \u00e9 fundamental para que o foco retorne e as d\u00favidas sobre a <strong>tranca da porta<\/strong> diminuam de forma gradual e natural.<\/p>\n\n\n<div class=\"wp-block-image\">\n<figure class=\"aligncenter size-large\"><img decoding=\"async\" width=\"1024\" height=\"576\" src=\"https:\/\/www.uai.com.br\/uainoticias\/wp-content\/uploads\/2026\/04\/porta-trancada-2-1024x576.jpg\" alt=\"\" class=\"wp-image-128973\" srcset=\"https:\/\/www.uai.com.br\/uainoticias\/wp-content\/uploads\/2026\/04\/porta-trancada-2-1024x576.jpg 1024w, https:\/\/www.uai.com.br\/uainoticias\/wp-content\/uploads\/2026\/04\/porta-trancada-2-300x169.jpg 300w, https:\/\/www.uai.com.br\/uainoticias\/wp-content\/uploads\/2026\/04\/porta-trancada-2-768x432.jpg 768w, https:\/\/www.uai.com.br\/uainoticias\/wp-content\/uploads\/2026\/04\/porta-trancada-2-750x422.jpg 750w, https:\/\/www.uai.com.br\/uainoticias\/wp-content\/uploads\/2026\/04\/porta-trancada-2-1140x641.jpg 1140w, https:\/\/www.uai.com.br\/uainoticias\/wp-content\/uploads\/2026\/04\/porta-trancada-2.jpg 1280w\" sizes=\"(max-width: 1024px) 100vw, 1024px\" \/><figcaption class=\"wp-element-caption\">Reduzir a carga de estresse di\u00e1rio melhora significativamente a capacidade de reten\u00e7\u00e3o de pequenas tarefas cotidianas e autom\u00e1ticas<\/figcaption><\/figure><\/div>\n\n\n<h2 class=\"wp-block-heading\">Estrat\u00e9gias eficazes para lidar com a d\u00favida constante<\/h2>\n\n\n\n<p>Implementar t\u00e9cnicas de exposi\u00e7\u00e3o e preven\u00e7\u00e3o de resposta pode ser o caminho para quem deseja retomar a <strong>liberdade emocional<\/strong> e o tempo perdido. Ao resistir ao impulso de voltar para checar, a pessoa aprende que a <strong>ansiedade<\/strong> atinge um pico e depois desce, mesmo sem o ritual de confer\u00eancia.<\/p>\n\n\n\n<p>Adotar novos h\u00e1bitos de organiza\u00e7\u00e3o mental transforma a rela\u00e7\u00e3o com o ambiente e promove um bem-estar duradouro para quem vive em grandes centros como <strong>S\u00e3o Paulo<\/strong>. O equil\u00edbrio entre a prote\u00e7\u00e3o necess\u00e1ria e a tranquilidade mental \u00e9 a chave para uma vida mais leve e focada no presente.<\/p>\n","protected":false},"excerpt":{"rendered":"<p>Muitas pessoas sentem a necessidade de retornar para conferir se a trancagem da entrada principal foi feita corretamente antes de dormir ou sair de casa. Esse comportamento comum pode variar de uma simples cautela preventiva at\u00e9 sinalizar padr\u00f5es mais complexos relacionados ao funcionamento da sa\u00fade mental e da ansiedade. Por que sentimos necessidade de conferir [&hellip;]<\/p>\n","protected":false},"author":24,"featured_media":128966,"comment_status":"open","ping_status":"open","sticky":false,"template":"","format":"standard","meta":{"jnews-multi-image_gallery":[],"jnews_single_post":{"format":"standard"},"jnews_primary_category":[],"jnews_social_meta":[],"jnews_override_counter":[],"footnotes":""},"categories":[3046,475],"tags":[23695,23696,23697],"class_list":["post-128929","post","type-post","status-publish","format-standard","has-post-thumbnail","hentry","category-curiosidades","category-entretenimento","tag-conferir-a-porta","tag-porta-trancada","tag-toc"],"yoast_head":"<!-- This site is optimized with the Yoast SEO plugin v26.5 - https:\/\/yoast.com\/wordpress\/plugins\/seo\/ -->\n<title>O que significa quando algu\u00e9m sempre verifica se a porta est\u00e1 trancada v\u00e1rias vezes, segundo a psicologia - UAI Not\u00edcias<\/title>\n<meta name=\"description\" content=\"Entenda o que esse h\u00e1bito comum revela sobre sua mente, ansiedade e padr\u00f5es de comportamento no dia a dia.\" \/>\n<meta name=\"robots\" content=\"index, follow, max-snippet:-1, max-image-preview:large, max-video-preview:-1\" \/>\n<link rel=\"canonical\" href=\"https:\/\/www.uai.com.br\/uainoticias\/2026\/05\/01\/o-que-significa-quando-alguem-sempre-verifica-se-a-porta-esta-trancada-varias-vezes-segundo-a-psicologia\/\" \/>\n<meta property=\"og:locale\" content=\"pt_BR\" \/>\n<meta property=\"og:type\" content=\"article\" \/>\n<meta property=\"og:title\" content=\"O que significa quando algu\u00e9m sempre verifica se a porta est\u00e1 trancada v\u00e1rias vezes, segundo a psicologia - UAI Not\u00edcias\" \/>\n<meta property=\"og:description\" content=\"Entenda o que esse h\u00e1bito comum revela sobre sua mente, ansiedade e padr\u00f5es de comportamento no dia a dia.\" \/>\n<meta property=\"og:url\" content=\"https:\/\/www.uai.com.br\/uainoticias\/2026\/05\/01\/o-que-significa-quando-alguem-sempre-verifica-se-a-porta-esta-trancada-varias-vezes-segundo-a-psicologia\/\" \/>\n<meta property=\"og:site_name\" content=\"UAI Not\u00edcias\" \/>\n<meta property=\"article:published_time\" content=\"2026-05-01T13:45:00+00:00\" \/>\n<meta property=\"og:image\" content=\"https:\/\/www.uai.com.br\/uainoticias\/wp-content\/uploads\/2026\/04\/porta-trancada-1.jpg\" \/>\n\t<meta property=\"og:image:width\" content=\"1280\" \/>\n\t<meta property=\"og:image:height\" content=\"720\" \/>\n\t<meta property=\"og:image:type\" content=\"image\/jpeg\" \/>\n<meta name=\"author\" content=\"Daniely Cardoso\" \/>\n<meta name=\"twitter:card\" content=\"summary_large_image\" \/>\n<meta name=\"twitter:label1\" content=\"Escrito por\" \/>\n\t<meta name=\"twitter:data1\" content=\"Daniely Cardoso\" \/>\n\t<meta name=\"twitter:label2\" content=\"Est. tempo de leitura\" \/>\n\t<meta name=\"twitter:data2\" content=\"5 minutos\" \/>\n<!-- \/ Yoast SEO plugin. -->","yoast_head_json":{"title":"O que significa quando algu\u00e9m sempre verifica se a porta est\u00e1 trancada v\u00e1rias vezes, segundo a psicologia - UAI Not\u00edcias","description":"Entenda o que esse h\u00e1bito comum revela sobre sua mente, ansiedade e padr\u00f5es de comportamento no dia a dia.","robots":{"index":"index","follow":"follow","max-snippet":"max-snippet:-1","max-image-preview":"max-image-preview:large","max-video-preview":"max-video-preview:-1"},"canonical":"https:\/\/www.uai.com.br\/uainoticias\/2026\/05\/01\/o-que-significa-quando-alguem-sempre-verifica-se-a-porta-esta-trancada-varias-vezes-segundo-a-psicologia\/","og_locale":"pt_BR","og_type":"article","og_title":"O que significa quando algu\u00e9m sempre verifica se a porta est\u00e1 trancada v\u00e1rias vezes, segundo a psicologia - UAI Not\u00edcias","og_description":"Entenda o que esse h\u00e1bito comum revela sobre sua mente, ansiedade e padr\u00f5es de comportamento no dia a dia.","og_url":"https:\/\/www.uai.com.br\/uainoticias\/2026\/05\/01\/o-que-significa-quando-alguem-sempre-verifica-se-a-porta-esta-trancada-varias-vezes-segundo-a-psicologia\/","og_site_name":"UAI Not\u00edcias","article_published_time":"2026-05-01T13:45:00+00:00","og_image":[{"width":1280,"height":720,"url":"https:\/\/www.uai.com.br\/uainoticias\/wp-content\/uploads\/2026\/04\/porta-trancada-1.jpg","type":"image\/jpeg"}],"author":"Daniely Cardoso","twitter_card":"summary_large_image","twitter_misc":{"Escrito por":"Daniely Cardoso","Est. tempo de leitura":"5 minutos"},"schema":{"@context":"https:\/\/schema.org","@graph":[{"@type":"WebPage","@id":"https:\/\/www.uai.com.br\/uainoticias\/2026\/05\/01\/o-que-significa-quando-alguem-sempre-verifica-se-a-porta-esta-trancada-varias-vezes-segundo-a-psicologia\/","url":"https:\/\/www.uai.com.br\/uainoticias\/2026\/05\/01\/o-que-significa-quando-alguem-sempre-verifica-se-a-porta-esta-trancada-varias-vezes-segundo-a-psicologia\/","name":"O que significa quando algu\u00e9m sempre verifica se a porta est\u00e1 trancada v\u00e1rias vezes, segundo a psicologia - UAI Not\u00edcias","isPartOf":{"@id":"https:\/\/www.uai.com.br\/uainoticias\/#website"},"primaryImageOfPage":{"@id":"https:\/\/www.uai.com.br\/uainoticias\/2026\/05\/01\/o-que-significa-quando-alguem-sempre-verifica-se-a-porta-esta-trancada-varias-vezes-segundo-a-psicologia\/#primaryimage"},"image":{"@id":"https:\/\/www.uai.com.br\/uainoticias\/2026\/05\/01\/o-que-significa-quando-alguem-sempre-verifica-se-a-porta-esta-trancada-varias-vezes-segundo-a-psicologia\/#primaryimage"},"thumbnailUrl":"https:\/\/www.uai.com.br\/uainoticias\/wp-content\/uploads\/2026\/04\/porta-trancada-1.jpg","datePublished":"2026-05-01T13:45:00+00:00","author":{"@id":"https:\/\/www.uai.com.br\/uainoticias\/#\/schema\/person\/b40f59cad9eb0656c8ae35fee468cc57"},"description":"Entenda o que esse h\u00e1bito comum revela sobre sua mente, ansiedade e padr\u00f5es de comportamento no dia a dia.","breadcrumb":{"@id":"https:\/\/www.uai.com.br\/uainoticias\/2026\/05\/01\/o-que-significa-quando-alguem-sempre-verifica-se-a-porta-esta-trancada-varias-vezes-segundo-a-psicologia\/#breadcrumb"},"inLanguage":"pt-BR","potentialAction":[{"@type":"ReadAction","target":["https:\/\/www.uai.com.br\/uainoticias\/2026\/05\/01\/o-que-significa-quando-alguem-sempre-verifica-se-a-porta-esta-trancada-varias-vezes-segundo-a-psicologia\/"]}]},{"@type":"ImageObject","inLanguage":"pt-BR","@id":"https:\/\/www.uai.com.br\/uainoticias\/2026\/05\/01\/o-que-significa-quando-alguem-sempre-verifica-se-a-porta-esta-trancada-varias-vezes-segundo-a-psicologia\/#primaryimage","url":"https:\/\/www.uai.com.br\/uainoticias\/wp-content\/uploads\/2026\/04\/porta-trancada-1.jpg","contentUrl":"https:\/\/www.uai.com.br\/uainoticias\/wp-content\/uploads\/2026\/04\/porta-trancada-1.jpg","width":1280,"height":720,"caption":"A ansiedade generalizada projeta cen\u00e1rios catastr\u00f3ficos no futuro, fazendo com que o ato de conferir a chave se torne uma barreira"},{"@type":"BreadcrumbList","@id":"https:\/\/www.uai.com.br\/uainoticias\/2026\/05\/01\/o-que-significa-quando-alguem-sempre-verifica-se-a-porta-esta-trancada-varias-vezes-segundo-a-psicologia\/#breadcrumb","itemListElement":[{"@type":"ListItem","position":1,"name":"In\u00edcio","item":"https:\/\/www.uai.com.br\/uainoticias\/"},{"@type":"ListItem","position":2,"name":"O que significa quando algu\u00e9m sempre verifica se a porta est\u00e1 trancada v\u00e1rias vezes, segundo a psicologia"}]},{"@type":"WebSite","@id":"https:\/\/www.uai.com.br\/uainoticias\/#website","url":"https:\/\/www.uai.com.br\/uainoticias\/","name":"UAI Not\u00edcias","description":"Acompanhe as \u00faltimas not\u00edcias e fique bem informado sobre tudo o que acontece no Brasil e no mundo.","potentialAction":[{"@type":"SearchAction","target":{"@type":"EntryPoint","urlTemplate":"https:\/\/www.uai.com.br\/uainoticias\/?s={search_term_string}"},"query-input":{"@type":"PropertyValueSpecification","valueRequired":true,"valueName":"search_term_string"}}],"inLanguage":"pt-BR"},{"@type":"Person","@id":"https:\/\/www.uai.com.br\/uainoticias\/#\/schema\/person\/b40f59cad9eb0656c8ae35fee468cc57","name":"Daniely Cardoso","image":{"@type":"ImageObject","inLanguage":"pt-BR","@id":"https:\/\/www.uai.com.br\/uainoticias\/#\/schema\/person\/image\/","url":"https:\/\/secure.gravatar.com\/avatar\/b43c203f79e2ee2d699e04567f61958ba1731d1c994abcd298aa4fee5f54cb3a?s=96&d=mm&r=g","contentUrl":"https:\/\/secure.gravatar.com\/avatar\/b43c203f79e2ee2d699e04567f61958ba1731d1c994abcd298aa4fee5f54cb3a?s=96&d=mm&r=g","caption":"Daniely Cardoso"},"sameAs":["https:\/\/www.uai.com.br\/uainoticias\/"],"url":"https:\/\/www.uai.com.br\/uainoticias\/author\/daniely-morais\/"}]}},"_links":{"self":[{"href":"https:\/\/www.uai.com.br\/uainoticias\/wp-json\/wp\/v2\/posts\/128929","targetHints":{"allow":["GET"]}}],"collection":[{"href":"https:\/\/www.uai.com.br\/uainoticias\/wp-json\/wp\/v2\/posts"}],"about":[{"href":"https:\/\/www.uai.com.br\/uainoticias\/wp-json\/wp\/v2\/types\/post"}],"author":[{"embeddable":true,"href":"https:\/\/www.uai.com.br\/uainoticias\/wp-json\/wp\/v2\/users\/24"}],"replies":[{"embeddable":true,"href":"https:\/\/www.uai.com.br\/uainoticias\/wp-json\/wp\/v2\/comments?post=128929"}],"version-history":[{"count":2,"href":"https:\/\/www.uai.com.br\/uainoticias\/wp-json\/wp\/v2\/posts\/128929\/revisions"}],"predecessor-version":[{"id":128975,"href":"https:\/\/www.uai.com.br\/uainoticias\/wp-json\/wp\/v2\/posts\/128929\/revisions\/128975"}],"wp:featuredmedia":[{"embeddable":true,"href":"https:\/\/www.uai.com.br\/uainoticias\/wp-json\/wp\/v2\/media\/128966"}],"wp:attachment":[{"href":"https:\/\/www.uai.com.br\/uainoticias\/wp-json\/wp\/v2\/media?parent=128929"}],"wp:term":[{"taxonomy":"category","embeddable":true,"href":"https:\/\/www.uai.com.br\/uainoticias\/wp-json\/wp\/v2\/categories?post=128929"},{"taxonomy":"post_tag","embeddable":true,"href":"https:\/\/www.uai.com.br\/uainoticias\/wp-json\/wp\/v2\/tags?post=128929"}],"curies":[{"name":"wp","href":"https:\/\/api.w.org\/{rel}","templated":true}]}}