{"id":128924,"date":"2026-05-01T08:20:00","date_gmt":"2026-05-01T11:20:00","guid":{"rendered":"https:\/\/www.uai.com.br\/uainoticias\/?p=128924"},"modified":"2026-04-30T14:25:57","modified_gmt":"2026-04-30T17:25:57","slug":"o-escorredor-de-louca-gigante-na-pia-esta-com-os-dias-contados-conheca-a-calha-umida-embutida-que-e-tendencia-para-2026","status":"publish","type":"post","link":"https:\/\/www.uai.com.br\/uainoticias\/2026\/05\/01\/o-escorredor-de-louca-gigante-na-pia-esta-com-os-dias-contados-conheca-a-calha-umida-embutida-que-e-tendencia-para-2026\/","title":{"rendered":"O escorredor de lou\u00e7a gigante na pia est\u00e1 com os dias contados: conhe\u00e7a a calha \u00famida embutida que \u00e9 tend\u00eancia para 2026"},"content":{"rendered":"\n<p>A substitui\u00e7\u00e3o dos escorredores tradicionais por sistemas embutidos reflete uma busca por cozinhas mais organizadas e modernas. Essa mudan\u00e7a prioriza a est\u00e9tica limpa e a funcionalidade superior em bancadas de materiais nobres.<\/p>\n\n\n\n<h2 class=\"wp-block-heading\">Por que a calha \u00famida est\u00e1 substituindo os escorredores comuns?<\/h2>\n\n\n\n<p>O acess\u00f3rio embutido elimina a polui\u00e7\u00e3o visual causada por objetos grandes sobre a pia, permitindo uma vis\u00e3o cont\u00ednua da bancada de trabalho. Essa solu\u00e7\u00e3o t\u00e9cnica evita o ac\u00famulo de \u00e1gua parada e facilita a higiene em superf\u00edcies de pedra ou compostos minerais.<\/p>\n\n\n\n<p>A integra\u00e7\u00e3o direta com o esgoto garante que a umidade n\u00e3o danifique o gabinete inferior ou a estrutura interna da marcenaria fina. O design minimalista favorece a limpeza di\u00e1ria e valoriza o im\u00f3vel no mercado de alto padr\u00e3o em <strong>S\u00e3o Paulo<\/strong>.<\/p>\n\n\n\n<figure class=\"wp-block-image size-large\"><img decoding=\"async\" width=\"1024\" height=\"576\" src=\"https:\/\/www.uai.com.br\/uainoticias\/wp-content\/uploads\/2026\/05\/Calha-umida-embutida-2-1024x576.jpg\" alt=\"O escorredor de lou\u00e7a gigante na pia est\u00e1 com os dias contados: conhe\u00e7a a calha \u00famida embutida que \u00e9 tend\u00eancia para 2026\" class=\"wp-image-128950\" srcset=\"https:\/\/www.uai.com.br\/uainoticias\/wp-content\/uploads\/2026\/05\/Calha-umida-embutida-2-1024x576.jpg 1024w, https:\/\/www.uai.com.br\/uainoticias\/wp-content\/uploads\/2026\/05\/Calha-umida-embutida-2-300x169.jpg 300w, https:\/\/www.uai.com.br\/uainoticias\/wp-content\/uploads\/2026\/05\/Calha-umida-embutida-2-768x432.jpg 768w, https:\/\/www.uai.com.br\/uainoticias\/wp-content\/uploads\/2026\/05\/Calha-umida-embutida-2-750x422.jpg 750w, https:\/\/www.uai.com.br\/uainoticias\/wp-content\/uploads\/2026\/05\/Calha-umida-embutida-2-1140x641.jpg 1140w, https:\/\/www.uai.com.br\/uainoticias\/wp-content\/uploads\/2026\/05\/Calha-umida-embutida-2.jpg 1280w\" sizes=\"(max-width: 1024px) 100vw, 1024px\" \/><figcaption class=\"wp-element-caption\">Nova solu\u00e7\u00e3o embutida melhora organiza\u00e7\u00e3o, higiene e est\u00e9tica da cozinha de forma quase impercept\u00edvel &#8211; Cr\u00e9ditos: Imagem Ilustrativa<\/figcaption><\/figure>\n\n\n\n<p>Leia tamb\u00e9m: <strong><a href=\"https:\/\/www.uai.com.br\/uainoticias\/2026\/04\/30\/passar-uma-folha-de-secadora-de-roupas-nos-rodapes-da-casa-um-truque-inteligente-para-repelir-poeira-e-pelos-de-pets\/\" target=\"_blank\" rel=\"noreferrer noopener\">Passar uma folha de secadora de roupas nos rodap\u00e9s da casa: um truque inteligente para repelir poeira e pelos de pets<\/a><\/strong><\/p>\n\n\n\n<h2 class=\"wp-block-heading\">Quais s\u00e3o as especifica\u00e7\u00f5es t\u00e9cnicas deste organizador de pia?<\/h2>\n\n\n\n<p>Para garantir a durabilidade e a funcionalidade total do sistema embutido, \u00e9 fundamental observar as especifica\u00e7\u00f5es dos materiais utilizados na fabrica\u00e7\u00e3o industrial. A escolha do metal correto impede o surgimento de pontos de ferrugem em \u00e1reas que permanecem em contato direto com o fluxo de \u00e1gua constante.<\/p>\n\n\n\n<p>Veja as especifica\u00e7\u00f5es t\u00e9cnicas que garantem a efici\u00eancia deste organizador de bancada:<\/p>\n\n\n\n<figure class=\"wp-block-image size-large\"><img decoding=\"async\" width=\"1024\" height=\"374\" src=\"https:\/\/www.uai.com.br\/uainoticias\/wp-content\/uploads\/2026\/04\/Calha-umida-embutida-tabela-1024x374.jpg\" alt=\"\" class=\"wp-image-128936\" srcset=\"https:\/\/www.uai.com.br\/uainoticias\/wp-content\/uploads\/2026\/04\/Calha-umida-embutida-tabela-1024x374.jpg 1024w, https:\/\/www.uai.com.br\/uainoticias\/wp-content\/uploads\/2026\/04\/Calha-umida-embutida-tabela-300x109.jpg 300w, https:\/\/www.uai.com.br\/uainoticias\/wp-content\/uploads\/2026\/04\/Calha-umida-embutida-tabela-768x280.jpg 768w, https:\/\/www.uai.com.br\/uainoticias\/wp-content\/uploads\/2026\/04\/Calha-umida-embutida-tabela-750x274.jpg 750w, https:\/\/www.uai.com.br\/uainoticias\/wp-content\/uploads\/2026\/04\/Calha-umida-embutida-tabela-1140x416.jpg 1140w, https:\/\/www.uai.com.br\/uainoticias\/wp-content\/uploads\/2026\/04\/Calha-umida-embutida-tabela.jpg 1280w\" sizes=\"(max-width: 1024px) 100vw, 1024px\" \/><\/figure>\n\n\n\n<h2 class=\"wp-block-heading\">Como o sistema modular facilita a rotina dom\u00e9stica?<\/h2>\n\n\n\n<p>A versatilidade das calhas permite que o usu\u00e1rio altere a posi\u00e7\u00e3o dos acess\u00f3rios internos conforme a necessidade do momento. \u00c9 poss\u00edvel remover ou adicionar suportes para pratos e copos sem a necessidade de ferramentas complexas ou ajuda profissional na instala\u00e7\u00e3o.<\/p>\n\n\n\n<p>Essa flexibilidade otimiza o uso da bancada durante o preparo de refei\u00e7\u00f5es complexas que exigem muito espa\u00e7o livre. O sistema modular \u00e9 uma escolha estrat\u00e9gica para quem busca efici\u00eancia em \u00e1reas de conv\u00edvio social e projetos residenciais de arquitetura moderna.<\/p>\n\n\n\n<p>Leia tamb\u00e9m: <strong><a href=\"https:\/\/www.uai.com.br\/uainoticias\/2026\/04\/30\/adeus-ao-teto-rebaixado-com-sanca-fechada-e-luz-indireta-as-tendencias-de-iluminacao-em-trilho-que-vao-dominar-em-2026\/\" target=\"_blank\" rel=\"noreferrer noopener\">Adeus ao teto rebaixado com sanca fechada e luz indireta: as tend\u00eancias de ilumina\u00e7\u00e3o em trilho que v\u00e3o dominar em 2026<\/a><\/strong><\/p>\n\n\n\n<h2 class=\"wp-block-heading\">Quais acess\u00f3rios podem ser integrados ao canal organizador?<\/h2>\n\n\n\n<p>A escolha dos acess\u00f3rios internos deve refletir as necessidades reais de cada morador, considerando o volume de lou\u00e7as produzidas diariamente em resid\u00eancias urbanas. A modularidade permite que o projeto seja adaptado para diferentes tamanhos de pias e bancadas fabricadas em granito ou pedras sint\u00e9ticas.<\/p>\n\n\n\n<p>Confira os itens que podem ser instalados para facilitar a organiza\u00e7\u00e3o da sua pia:<\/p>\n\n\n\n<ul class=\"wp-block-list\">\n<li>Porta-pratos com divis\u00f3rias de a\u00e7o para maior seguran\u00e7a dos utens\u00edlios.<\/li>\n\n\n\n<li>Suporte para talheres com furos de drenagem no fundo da pe\u00e7a.<\/li>\n\n\n\n<li>M\u00f3dulo para horta urbana com sistema de irriga\u00e7\u00e3o simples e funcional.<\/li>\n\n\n\n<li>Porta-esponja e detergente integrado para ocultar itens de limpeza pesada.<\/li>\n<\/ul>\n\n\n\n<figure class=\"wp-block-image size-large\"><img decoding=\"async\" width=\"1024\" height=\"576\" src=\"https:\/\/www.uai.com.br\/uainoticias\/wp-content\/uploads\/2026\/05\/Calha-umida-embutida-3-1024x576.jpg\" alt=\"O escorredor de lou\u00e7a gigante na pia est\u00e1 com os dias contados: conhe\u00e7a a calha \u00famida embutida que \u00e9 tend\u00eancia para 2026\" class=\"wp-image-128951\" srcset=\"https:\/\/www.uai.com.br\/uainoticias\/wp-content\/uploads\/2026\/05\/Calha-umida-embutida-3-1024x576.jpg 1024w, https:\/\/www.uai.com.br\/uainoticias\/wp-content\/uploads\/2026\/05\/Calha-umida-embutida-3-300x169.jpg 300w, https:\/\/www.uai.com.br\/uainoticias\/wp-content\/uploads\/2026\/05\/Calha-umida-embutida-3-768x432.jpg 768w, https:\/\/www.uai.com.br\/uainoticias\/wp-content\/uploads\/2026\/05\/Calha-umida-embutida-3-750x422.jpg 750w, https:\/\/www.uai.com.br\/uainoticias\/wp-content\/uploads\/2026\/05\/Calha-umida-embutida-3-1140x641.jpg 1140w, https:\/\/www.uai.com.br\/uainoticias\/wp-content\/uploads\/2026\/05\/Calha-umida-embutida-3.jpg 1280w\" sizes=\"(max-width: 1024px) 100vw, 1024px\" \/><figcaption class=\"wp-element-caption\">O que est\u00e1 por tr\u00e1s de cozinhas mais limpas e organizadas envolve um recurso pouco explorado no dia a dia &#8211; Cr\u00e9ditos: Imagem Ilustrativa<\/figcaption><\/figure>\n\n\n\n<h2 class=\"wp-block-heading\">Qual \u00e9 a melhor forma de garantir a durabilidade do metal?<\/h2>\n\n\n\n<p>A manuten\u00e7\u00e3o do brilho original exige o uso de detergentes neutros e panos de microfibra para evitar manchas de calc\u00e1rio. Produtos qu\u00edmicos agressivos devem ser evitados para n\u00e3o comprometer a camada protetora do metal e as veda\u00e7\u00f5es de silicone aplicadas na bancada.<\/p>\n\n\n\n<p>Revisar o dreno periodicamente evita obstru\u00e7\u00f5es que podem causar mau cheiro ou lentid\u00e3o no escoamento da \u00e1gua residual. O cuidado constante assegura que o investimento mantenha sua funcionalidade e beleza est\u00e9tica por muitos anos na resid\u00eancia.<\/p>\n","protected":false},"excerpt":{"rendered":"<p>A substitui\u00e7\u00e3o dos escorredores tradicionais por sistemas embutidos reflete uma busca por cozinhas mais organizadas e modernas. Essa mudan\u00e7a prioriza a est\u00e9tica limpa e a funcionalidade superior em bancadas de materiais nobres. Por que a calha \u00famida est\u00e1 substituindo os escorredores comuns? O acess\u00f3rio embutido elimina a polui\u00e7\u00e3o visual causada por objetos grandes sobre a [&hellip;]<\/p>\n","protected":false},"author":29,"featured_media":128949,"comment_status":"open","ping_status":"open","sticky":false,"template":"","format":"standard","meta":{"jnews-multi-image_gallery":[],"jnews_single_post":{"format":"standard"},"jnews_primary_category":[],"jnews_social_meta":[],"jnews_override_counter":[],"footnotes":""},"categories":[11600],"tags":[23691,1962,16511],"class_list":["post-128924","post","type-post","status-publish","format-standard","has-post-thumbnail","hentry","category-dicas-de-casa","tag-calha-umida","tag-casa","tag-escorredor-de-louca"],"yoast_head":"<!-- This site is optimized with the Yoast SEO plugin v26.5 - https:\/\/yoast.com\/wordpress\/plugins\/seo\/ -->\n<title>O escorredor de lou\u00e7a gigante na pia est\u00e1 com os dias contados: conhe\u00e7a a calha \u00famida embutida que \u00e9 tend\u00eancia para 2026 - UAI Not\u00edcias<\/title>\n<meta name=\"description\" content=\"Mudan\u00e7a discreta na pia est\u00e1 transformando cozinhas modernas e eliminando um item comum sem que muitos percebam\" \/>\n<meta name=\"robots\" content=\"index, follow, max-snippet:-1, max-image-preview:large, max-video-preview:-1\" \/>\n<link rel=\"canonical\" href=\"https:\/\/www.uai.com.br\/uainoticias\/2026\/05\/01\/o-escorredor-de-louca-gigante-na-pia-esta-com-os-dias-contados-conheca-a-calha-umida-embutida-que-e-tendencia-para-2026\/\" \/>\n<meta property=\"og:locale\" content=\"pt_BR\" \/>\n<meta property=\"og:type\" content=\"article\" \/>\n<meta property=\"og:title\" content=\"O escorredor de lou\u00e7a gigante na pia est\u00e1 com os dias contados: conhe\u00e7a a calha \u00famida embutida que \u00e9 tend\u00eancia para 2026 - UAI Not\u00edcias\" \/>\n<meta property=\"og:description\" content=\"Mudan\u00e7a discreta na pia est\u00e1 transformando cozinhas modernas e eliminando um item comum sem que muitos percebam\" \/>\n<meta property=\"og:url\" content=\"https:\/\/www.uai.com.br\/uainoticias\/2026\/05\/01\/o-escorredor-de-louca-gigante-na-pia-esta-com-os-dias-contados-conheca-a-calha-umida-embutida-que-e-tendencia-para-2026\/\" \/>\n<meta property=\"og:site_name\" content=\"UAI Not\u00edcias\" \/>\n<meta property=\"article:published_time\" content=\"2026-05-01T11:20:00+00:00\" \/>\n<meta property=\"og:image\" content=\"https:\/\/www.uai.com.br\/uainoticias\/wp-content\/uploads\/2026\/05\/Calha-umida-embutida-1.jpg\" \/>\n\t<meta property=\"og:image:width\" content=\"1280\" \/>\n\t<meta property=\"og:image:height\" content=\"720\" \/>\n\t<meta property=\"og:image:type\" content=\"image\/jpeg\" \/>\n<meta name=\"author\" content=\"Leonardo Nunes\" \/>\n<meta name=\"twitter:card\" content=\"summary_large_image\" \/>\n<meta name=\"twitter:label1\" content=\"Escrito por\" \/>\n\t<meta name=\"twitter:data1\" content=\"Leonardo Nunes\" \/>\n\t<meta name=\"twitter:label2\" content=\"Est. tempo de leitura\" \/>\n\t<meta name=\"twitter:data2\" content=\"4 minutos\" \/>\n<!-- \/ Yoast SEO plugin. -->","yoast_head_json":{"title":"O escorredor de lou\u00e7a gigante na pia est\u00e1 com os dias contados: conhe\u00e7a a calha \u00famida embutida que \u00e9 tend\u00eancia para 2026 - UAI Not\u00edcias","description":"Mudan\u00e7a discreta na pia est\u00e1 transformando cozinhas modernas e eliminando um item comum sem que muitos percebam","robots":{"index":"index","follow":"follow","max-snippet":"max-snippet:-1","max-image-preview":"max-image-preview:large","max-video-preview":"max-video-preview:-1"},"canonical":"https:\/\/www.uai.com.br\/uainoticias\/2026\/05\/01\/o-escorredor-de-louca-gigante-na-pia-esta-com-os-dias-contados-conheca-a-calha-umida-embutida-que-e-tendencia-para-2026\/","og_locale":"pt_BR","og_type":"article","og_title":"O escorredor de lou\u00e7a gigante na pia est\u00e1 com os dias contados: conhe\u00e7a a calha \u00famida embutida que \u00e9 tend\u00eancia para 2026 - UAI Not\u00edcias","og_description":"Mudan\u00e7a discreta na pia est\u00e1 transformando cozinhas modernas e eliminando um item comum sem que muitos percebam","og_url":"https:\/\/www.uai.com.br\/uainoticias\/2026\/05\/01\/o-escorredor-de-louca-gigante-na-pia-esta-com-os-dias-contados-conheca-a-calha-umida-embutida-que-e-tendencia-para-2026\/","og_site_name":"UAI Not\u00edcias","article_published_time":"2026-05-01T11:20:00+00:00","og_image":[{"width":1280,"height":720,"url":"https:\/\/www.uai.com.br\/uainoticias\/wp-content\/uploads\/2026\/05\/Calha-umida-embutida-1.jpg","type":"image\/jpeg"}],"author":"Leonardo Nunes","twitter_card":"summary_large_image","twitter_misc":{"Escrito por":"Leonardo Nunes","Est. tempo de leitura":"4 minutos"},"schema":{"@context":"https:\/\/schema.org","@graph":[{"@type":"WebPage","@id":"https:\/\/www.uai.com.br\/uainoticias\/2026\/05\/01\/o-escorredor-de-louca-gigante-na-pia-esta-com-os-dias-contados-conheca-a-calha-umida-embutida-que-e-tendencia-para-2026\/","url":"https:\/\/www.uai.com.br\/uainoticias\/2026\/05\/01\/o-escorredor-de-louca-gigante-na-pia-esta-com-os-dias-contados-conheca-a-calha-umida-embutida-que-e-tendencia-para-2026\/","name":"O escorredor de lou\u00e7a gigante na pia est\u00e1 com os dias contados: conhe\u00e7a a calha \u00famida embutida que \u00e9 tend\u00eancia para 2026 - UAI Not\u00edcias","isPartOf":{"@id":"https:\/\/www.uai.com.br\/uainoticias\/#website"},"primaryImageOfPage":{"@id":"https:\/\/www.uai.com.br\/uainoticias\/2026\/05\/01\/o-escorredor-de-louca-gigante-na-pia-esta-com-os-dias-contados-conheca-a-calha-umida-embutida-que-e-tendencia-para-2026\/#primaryimage"},"image":{"@id":"https:\/\/www.uai.com.br\/uainoticias\/2026\/05\/01\/o-escorredor-de-louca-gigante-na-pia-esta-com-os-dias-contados-conheca-a-calha-umida-embutida-que-e-tendencia-para-2026\/#primaryimage"},"thumbnailUrl":"https:\/\/www.uai.com.br\/uainoticias\/wp-content\/uploads\/2026\/05\/Calha-umida-embutida-1.jpg","datePublished":"2026-05-01T11:20:00+00:00","author":{"@id":"https:\/\/www.uai.com.br\/uainoticias\/#\/schema\/person\/f57cbcb79cae89ff53b4e2a7511676fb"},"description":"Mudan\u00e7a discreta na pia est\u00e1 transformando cozinhas modernas e eliminando um item comum sem que muitos percebam","breadcrumb":{"@id":"https:\/\/www.uai.com.br\/uainoticias\/2026\/05\/01\/o-escorredor-de-louca-gigante-na-pia-esta-com-os-dias-contados-conheca-a-calha-umida-embutida-que-e-tendencia-para-2026\/#breadcrumb"},"inLanguage":"pt-BR","potentialAction":[{"@type":"ReadAction","target":["https:\/\/www.uai.com.br\/uainoticias\/2026\/05\/01\/o-escorredor-de-louca-gigante-na-pia-esta-com-os-dias-contados-conheca-a-calha-umida-embutida-que-e-tendencia-para-2026\/"]}]},{"@type":"ImageObject","inLanguage":"pt-BR","@id":"https:\/\/www.uai.com.br\/uainoticias\/2026\/05\/01\/o-escorredor-de-louca-gigante-na-pia-esta-com-os-dias-contados-conheca-a-calha-umida-embutida-que-e-tendencia-para-2026\/#primaryimage","url":"https:\/\/www.uai.com.br\/uainoticias\/wp-content\/uploads\/2026\/05\/Calha-umida-embutida-1.jpg","contentUrl":"https:\/\/www.uai.com.br\/uainoticias\/wp-content\/uploads\/2026\/05\/Calha-umida-embutida-1.jpg","width":1280,"height":720,"caption":"Por que um detalhe na bancada est\u00e1 ganhando espa\u00e7o e substituindo solu\u00e7\u00f5es antigas nas cozinhas atuais - Cr\u00e9ditos: Imagem Ilustrativa"},{"@type":"BreadcrumbList","@id":"https:\/\/www.uai.com.br\/uainoticias\/2026\/05\/01\/o-escorredor-de-louca-gigante-na-pia-esta-com-os-dias-contados-conheca-a-calha-umida-embutida-que-e-tendencia-para-2026\/#breadcrumb","itemListElement":[{"@type":"ListItem","position":1,"name":"In\u00edcio","item":"https:\/\/www.uai.com.br\/uainoticias\/"},{"@type":"ListItem","position":2,"name":"O escorredor de lou\u00e7a gigante na pia est\u00e1 com os dias contados: conhe\u00e7a a calha \u00famida embutida que \u00e9 tend\u00eancia para 2026"}]},{"@type":"WebSite","@id":"https:\/\/www.uai.com.br\/uainoticias\/#website","url":"https:\/\/www.uai.com.br\/uainoticias\/","name":"UAI Not\u00edcias","description":"Acompanhe as \u00faltimas not\u00edcias e fique bem informado sobre tudo o que acontece no Brasil e no mundo.","potentialAction":[{"@type":"SearchAction","target":{"@type":"EntryPoint","urlTemplate":"https:\/\/www.uai.com.br\/uainoticias\/?s={search_term_string}"},"query-input":{"@type":"PropertyValueSpecification","valueRequired":true,"valueName":"search_term_string"}}],"inLanguage":"pt-BR"},{"@type":"Person","@id":"https:\/\/www.uai.com.br\/uainoticias\/#\/schema\/person\/f57cbcb79cae89ff53b4e2a7511676fb","name":"Leonardo Nunes","image":{"@type":"ImageObject","inLanguage":"pt-BR","@id":"https:\/\/www.uai.com.br\/uainoticias\/#\/schema\/person\/image\/","url":"https:\/\/secure.gravatar.com\/avatar\/bcbad95ea1da2f5458464789977fbb5ca8a5da4f7f82d946c83505ef5f769a9c?s=96&d=mm&r=g","contentUrl":"https:\/\/secure.gravatar.com\/avatar\/bcbad95ea1da2f5458464789977fbb5ca8a5da4f7f82d946c83505ef5f769a9c?s=96&d=mm&r=g","caption":"Leonardo Nunes"},"sameAs":["https:\/\/www.uai.com.br\/uainoticias\/"],"url":"https:\/\/www.uai.com.br\/uainoticias\/author\/leonardo-nunes\/"}]}},"_links":{"self":[{"href":"https:\/\/www.uai.com.br\/uainoticias\/wp-json\/wp\/v2\/posts\/128924","targetHints":{"allow":["GET"]}}],"collection":[{"href":"https:\/\/www.uai.com.br\/uainoticias\/wp-json\/wp\/v2\/posts"}],"about":[{"href":"https:\/\/www.uai.com.br\/uainoticias\/wp-json\/wp\/v2\/types\/post"}],"author":[{"embeddable":true,"href":"https:\/\/www.uai.com.br\/uainoticias\/wp-json\/wp\/v2\/users\/29"}],"replies":[{"embeddable":true,"href":"https:\/\/www.uai.com.br\/uainoticias\/wp-json\/wp\/v2\/comments?post=128924"}],"version-history":[{"count":7,"href":"https:\/\/www.uai.com.br\/uainoticias\/wp-json\/wp\/v2\/posts\/128924\/revisions"}],"predecessor-version":[{"id":129008,"href":"https:\/\/www.uai.com.br\/uainoticias\/wp-json\/wp\/v2\/posts\/128924\/revisions\/129008"}],"wp:featuredmedia":[{"embeddable":true,"href":"https:\/\/www.uai.com.br\/uainoticias\/wp-json\/wp\/v2\/media\/128949"}],"wp:attachment":[{"href":"https:\/\/www.uai.com.br\/uainoticias\/wp-json\/wp\/v2\/media?parent=128924"}],"wp:term":[{"taxonomy":"category","embeddable":true,"href":"https:\/\/www.uai.com.br\/uainoticias\/wp-json\/wp\/v2\/categories?post=128924"},{"taxonomy":"post_tag","embeddable":true,"href":"https:\/\/www.uai.com.br\/uainoticias\/wp-json\/wp\/v2\/tags?post=128924"}],"curies":[{"name":"wp","href":"https:\/\/api.w.org\/{rel}","templated":true}]}}