{"id":128915,"date":"2026-05-01T08:15:00","date_gmt":"2026-05-01T11:15:00","guid":{"rendered":"https:\/\/www.uai.com.br\/uainoticias\/?p=128915"},"modified":"2026-04-30T13:23:21","modified_gmt":"2026-04-30T16:23:21","slug":"o-que-significa-esquecer-o-nome-das-pessoas-segundo-a-psicologia-2","status":"publish","type":"post","link":"https:\/\/www.uai.com.br\/uainoticias\/2026\/05\/01\/o-que-significa-esquecer-o-nome-das-pessoas-segundo-a-psicologia-2\/","title":{"rendered":"O que significa esquecer o nome das pessoas, segundo a psicologia"},"content":{"rendered":"\n<p>Esquecer o nome de um conhecido durante um encontro casual \u00e9 uma das falhas de mem\u00f3ria mais frequentes e constrangedoras do cotidiano humano. Esse fen\u00f4meno, longe de ser um sinal precoce de decl\u00ednio cognitivo, revela mecanismos complexos sobre como o sistema nervoso organiza informa\u00e7\u00f5es abstratas e prioriza dados sensoriais.<\/p>\n\n\n\n<h2 class=\"wp-block-heading\">O que acontece no c\u00e9rebro quando o nome desaparece da mente<\/h2>\n\n\n\n<p>A <strong>neuroci\u00eancia<\/strong> explica que os nomes pr\u00f3prios s\u00e3o informa\u00e7\u00f5es puramente arbitr\u00e1rias, funcionando como etiquetas sem significado intr\u00ednseco para o <strong>neoc\u00f3rtex<\/strong>. Diferente de um objeto, que possui cor, forma e utilidade, o nome n\u00e3o oferece ganchos visuais autom\u00e1ticos, dificultando a recupera\u00e7\u00e3o imediata pela <strong>mem\u00f3ria epis\u00f3dica<\/strong>.<\/p>\n\n\n\n<p>Quando tentamos lembrar como algu\u00e9m se chama, o <strong>hipocampo<\/strong> precisa ativar uma rede espec\u00edfica de neur\u00f4nios que muitas vezes est\u00e1 &#8220;adormecida&#8221; por falta de uso. Se o indiv\u00edduo estiver sob estresse, o <strong>cortisol<\/strong> pode bloquear temporariamente esses caminhos sin\u00e1pticos, gerando a famosa sensa\u00e7\u00e3o de que a palavra est\u00e1 na ponta da l\u00edngua.<\/p>\n\n\n<div class=\"wp-block-image\">\n<figure class=\"aligncenter size-large\"><img decoding=\"async\" width=\"1024\" height=\"576\" src=\"https:\/\/www.uai.com.br\/uainoticias\/wp-content\/uploads\/2026\/04\/esquecer-nomes-1024x576.jpg\" alt=\"\" class=\"wp-image-128916\" srcset=\"https:\/\/www.uai.com.br\/uainoticias\/wp-content\/uploads\/2026\/04\/esquecer-nomes-1024x576.jpg 1024w, https:\/\/www.uai.com.br\/uainoticias\/wp-content\/uploads\/2026\/04\/esquecer-nomes-300x169.jpg 300w, https:\/\/www.uai.com.br\/uainoticias\/wp-content\/uploads\/2026\/04\/esquecer-nomes-768x432.jpg 768w, https:\/\/www.uai.com.br\/uainoticias\/wp-content\/uploads\/2026\/04\/esquecer-nomes-750x422.jpg 750w, https:\/\/www.uai.com.br\/uainoticias\/wp-content\/uploads\/2026\/04\/esquecer-nomes-1140x641.jpg 1140w, https:\/\/www.uai.com.br\/uainoticias\/wp-content\/uploads\/2026\/04\/esquecer-nomes.jpg 1280w\" sizes=\"(max-width: 1024px) 100vw, 1024px\" \/><figcaption class=\"wp-element-caption\">Muitas vezes, o esquecimento n\u00e3o \u00e9 uma falha de resgate, mas um erro na fase de aquisi\u00e7\u00e3o durante a codifica\u00e7\u00e3o de dados<\/figcaption><\/figure><\/div>\n\n\n<h2 class=\"wp-block-heading\">Por que lembramos da profiss\u00e3o mas esquecemos o nome pr\u00f3prio<\/h2>\n\n\n\n<p>O <strong>Paradoxo de Baker<\/strong> exemplifica como o c\u00e9rebro armazena dados: \u00e9 mais f\u00e1cil lembrar que algu\u00e9m \u00e9 &#8220;padeiro&#8221; (baker, em ingl\u00eas) do que lembrar que seu sobrenome \u00e9 <strong>Baker<\/strong>. Isso ocorre porque a ocupa\u00e7\u00e3o profissional ativa conex\u00f5es com p\u00e3es, cheiros e locais, enquanto o sobrenome \u00e9 apenas um dado isolado na <strong>mat\u00e9ria cinzenta<\/strong>.<\/p>\n\n\n\n<p>Para otimizar o armazenamento, o sistema cognitivo prioriza informa\u00e7\u00f5es que possuam contexto emocional ou funcional relevante para a sobreviv\u00eancia ou intera\u00e7\u00e3o social. Entender essa hierarquia ajuda a reduzir a ansiedade, permitindo que o foco da conversa se mantenha na conex\u00e3o interpessoal em vez de apenas no r\u00f3tulo lingu\u00edstico da <strong>identidade<\/strong>.<\/p>\n\n\n\n<h2 class=\"wp-block-heading\">Como a falta de aten\u00e7\u00e3o impede a forma\u00e7\u00e3o de novas mem\u00f3rias<\/h2>\n\n\n\n<p><a href=\"https:\/\/www.psychologicalscience.org\/publications\/observer\/obsonline\/why-its-so-hard-to-remember-peoples-names.html\" target=\"_blank\" rel=\"noreferrer noopener\">Segudno estudos<\/a>, muitas vezes, o esquecimento n\u00e3o \u00e9 uma falha de resgate, mas um erro na fase de aquisi\u00e7\u00e3o durante a <strong>codifica\u00e7\u00e3o de dados<\/strong>. Durante uma apresenta\u00e7\u00e3o, \u00e9 comum estarmos mais preocupados em causar uma boa impress\u00e3o ou no que dizer a seguir, ignorando o som do nome que acaba de ser pronunciado.<\/p>\n\n\n\n<p>Sem o foco necess\u00e1rio, a informa\u00e7\u00e3o n\u00e3o consegue atravessar a barreira da mem\u00f3ria de curto prazo para se consolidar no armazenamento de longo prazo. Uma estrat\u00e9gia valiosa \u00e9 observar atentamente os tra\u00e7os faciais enquanto ouve o nome, criando um v\u00ednculo direto entre a imagem visual e o som recebido pelo <strong>aparelho auditivo<\/strong>.<\/p>\n\n\n<div class=\"wp-block-image\">\n<figure class=\"aligncenter size-large\"><img decoding=\"async\" width=\"1024\" height=\"576\" src=\"https:\/\/www.uai.com.br\/uainoticias\/wp-content\/uploads\/2026\/04\/esquecer-nomes-2-1024x576.jpg\" alt=\"\" class=\"wp-image-128918\" srcset=\"https:\/\/www.uai.com.br\/uainoticias\/wp-content\/uploads\/2026\/04\/esquecer-nomes-2-1024x576.jpg 1024w, https:\/\/www.uai.com.br\/uainoticias\/wp-content\/uploads\/2026\/04\/esquecer-nomes-2-300x169.jpg 300w, https:\/\/www.uai.com.br\/uainoticias\/wp-content\/uploads\/2026\/04\/esquecer-nomes-2-768x432.jpg 768w, https:\/\/www.uai.com.br\/uainoticias\/wp-content\/uploads\/2026\/04\/esquecer-nomes-2-750x422.jpg 750w, https:\/\/www.uai.com.br\/uainoticias\/wp-content\/uploads\/2026\/04\/esquecer-nomes-2-1140x641.jpg 1140w, https:\/\/www.uai.com.br\/uainoticias\/wp-content\/uploads\/2026\/04\/esquecer-nomes-2.jpg 1280w\" sizes=\"(max-width: 1024px) 100vw, 1024px\" \/><figcaption class=\"wp-element-caption\">Aceitar que o c\u00e9rebro possui limites naturais de processamento retira o peso do constrangimento<\/figcaption><\/figure><\/div>\n\n\n<h2 class=\"wp-block-heading\">O papel do cansa\u00e7o e da sobrecarga mental nos lapsos de mem\u00f3ria<\/h2>\n\n\n\n<p>A <strong>fadiga cognitiva<\/strong> provocada pelo excesso de telas e notifica\u00e7\u00f5es constantes diminui a capacidade de reten\u00e7\u00e3o de dados considerados secund\u00e1rios pelo organismo. Em um estado de exaust\u00e3o, o c\u00e9rebro entra em modo de economia de energia, descartando nomes de conhecidos casuais para focar em tarefas operacionais mais urgentes.<\/p>\n\n\n\n<p>Garantir uma boa higiene do sono \u00e9 fundamental para que a <strong>consolida\u00e7\u00e3o sin\u00e1ptica<\/strong> ocorra adequadamente durante a noite, organizando as experi\u00eancias do dia. Sem o descanso necess\u00e1rio, as prote\u00ednas que fortalecem as conex\u00f5es entre neur\u00f4nios n\u00e3o atuam de forma plena, tornando os brancos de mem\u00f3ria uma constante indesejada.<\/p>\n\n\n\n<h2 class=\"wp-block-heading\">Estrat\u00e9gias pr\u00e1ticas para fixar nomes com mais efici\u00eancia<\/h2>\n\n\n\n<p>Transformar uma informa\u00e7\u00e3o abstrata em algo concreto exige o uso de t\u00e9cnicas de <strong>mnem\u00f4nica<\/strong> que for\u00e7am o c\u00e9rebro a criar novas rotas de acesso. Ao associar o nome de um novo colega a um amigo de inf\u00e2ncia ou a um objeto r\u00edtmico, voc\u00ea fornece ao <strong>lobo temporal<\/strong> um mapa de busca muito mais robusto e eficaz.<\/p>\n\n\n\n<p>Implementar pequenos h\u00e1bitos durante o di\u00e1logo pode mudar drasticamente sua reten\u00e7\u00e3o de informa\u00e7\u00f5es sociais e profissionais:<\/p>\n\n\n\n<link href=\"https:\/\/fonts.googleapis.com\/css2?family=Inter:wght@400;600;700;800&#038;display=swap\" rel=\"stylesheet\">\n<style>\n\/* Prote\u00e7\u00e3o contra inje\u00e7\u00e3o do \"Veja Tamb\u00e9m\" *\/\n.rdp-pontos-wrapper .jnews_inline_related_post_wrapper,\n.rdp-pontos-wrapper .jnews_inline_related_post,\n.rdp-pontos-wrapper .jeg_postblock,\n.rdp-pontos-wrapper [class*=\"jnews_inline\"],\n.rdp-pontos-wrapper [class*=\"jeg_postblock\"],\n.rdp-pontos-wrapper [class*=\"jeg_block\"] {\n  display: none !important;\n  height: 0 !important;\n  max-height: 0 !important;\n  overflow: hidden !important;\n  visibility: hidden !important;\n  margin: 0 !important;\n  padding: 0 !important;\n  border: none !important;\n  font-size: 0 !important;\n  line-height: 0 !important;\n}\n.rdp-pontos-wrapper {\n  max-width: 100%;\n  margin: 32px 0;\n  background: #F8F9FA;\n  border: 1px solid #E0E0E0;\n  border-radius: 12px;\n  padding: 28px 28px 20px;\n  font-family: 'Inter', sans-serif;\n  box-shadow: 0 4px 20px rgba(47,195,238,0.12);\n  overflow: hidden;\n  contain: layout style;\n  isolation: isolate;\n  position: relative;\n  z-index: 1;\n}\n.rdp-pontos-wrapper > *:not(.rdp-pontos-title):not(.rdp-pontos-grid) {\n  display: none !important;\n  height: 0 !important;\n  overflow: hidden !important;\n  margin: 0 !important;\n  padding: 0 !important;\n  border: none !important;\n}\n.rdp-pontos-title {\n  font-family: 'Inter', sans-serif;\n  font-size: 20px;\n  font-weight: 800;\n  color: #1A1A1A;\n  margin: 0 0 20px 0;\n  line-height: 1.3;\n  text-align: center;\n}\n.rdp-pontos-grid {\n  display: grid;\n  grid-template-columns: repeat(2, 1fr);\n  gap: 18px;\n}\n.rdp-pontos-item {\n  background: #FFFFFF;\n  border: 1px solid #E0E0E0;\n  border-top: 3px solid #2FC3EE;\n  border-radius: 10px;\n  padding: 22px 20px;\n  box-shadow: 0 2px 10px rgba(47,195,238,0.10);\n  transition: box-shadow 0.3s ease, border-color 0.3s ease;\n  text-align: center;\n}\n.rdp-pontos-item:hover {\n  box-shadow: 0 4px 20px rgba(47,195,238,0.22);\n  border-color: #2FC3EE;\n}\n.rdp-pontos-emoji {\n  font-size: 32px;\n  line-height: 1;\n  margin-bottom: 12px;\n  display: block;\n  text-align: center;\n}\n.rdp-pontos-item-title {\n  font-size: 15px;\n  font-weight: 700;\n  color: #1A1A1A;\n  margin-bottom: 8px;\n  line-height: 1.3;\n}\n.rdp-pontos-item-desc {\n  font-size: 14px;\n  color: #333333;\n  line-height: 1.6;\n  margin: 0;\n}\n@media (max-width: 768px) {\n  .rdp-pontos-wrapper {\n    padding: 20px 16px 14px;\n  }\n  .rdp-pontos-grid {\n    grid-template-columns: 1fr;\n    gap: 14px;\n  }\n}\n<\/style>\n\n<div class=\"rdp-pontos-wrapper\">\n  <div class=\"rdp-pontos-title\">T\u00e9cnicas de Memoriza\u00e7\u00e3o e Rapport<\/div>\n  <div class=\"rdp-pontos-grid\">\n    <div class=\"rdp-pontos-item\">\n      <span class=\"rdp-pontos-emoji\">\ud83d\udde3\ufe0f<\/span>\n      <div class=\"rdp-pontos-item-title\">Mem\u00f3ria Auditiva<\/div>\n      <p class=\"rdp-pontos-item-desc\">Repetir o nome da pessoa imediatamente ap\u00f3s ser apresentado para refor\u00e7ar o tra\u00e7o de mem\u00f3ria auditiva.<\/p>\n    <\/div>\n    <div class=\"rdp-pontos-item\">\n      <span class=\"rdp-pontos-emoji\">\ud83e\udde0<\/span>\n      <div class=\"rdp-pontos-item-title\">C\u00f3rtex Cerebral<\/div>\n      <p class=\"rdp-pontos-item-desc\">Soletrar mentalmente a palavra enquanto mant\u00e9m o contato visual para envolver diferentes \u00e1reas do c\u00e9rebro.<\/p>\n    <\/div>\n    <div class=\"rdp-pontos-item\">\n      <span class=\"rdp-pontos-emoji\">\ud83c\udfad<\/span>\n      <div class=\"rdp-pontos-item-title\">Associa\u00e7\u00f5es Visuais<\/div>\n      <p class=\"rdp-pontos-item-desc\">Criar associa\u00e7\u00f5es bizarras ou engra\u00e7adas, vinculando o nome a uma caracter\u00edstica f\u00edsica marcante.<\/p>\n    <\/div>\n    <div class=\"rdp-pontos-item\">\n      <span class=\"rdp-pontos-emoji\">\ud83d\udd04<\/span>\n      <div class=\"rdp-pontos-item-title\">Valida\u00e7\u00e3o Cont\u00ednua<\/div>\n      <p class=\"rdp-pontos-item-desc\">Utilizar o nome de forma natural ao longo da conversa para validar a informa\u00e7\u00e3o no sistema de busca.<\/p>\n    <\/div>\n  <\/div>\n<\/div>\n<div style=\"clear:both;height:0;overflow:hidden;\"><\/div>\n\n\n\n<p>Experimente aplicar a t\u00e9cnica da repeti\u00e7\u00e3o na sua pr\u00f3xima reuni\u00e3o de trabalho para notar como a seguran\u00e7a social aumenta ao dominar o vocativo correto. Essas pequenas vit\u00f3rias cognitivas fortalecem a confian\u00e7a e melhoram a fluidez de qualquer <strong>networking<\/strong>.<\/p>\n\n\n\n<h2 class=\"wp-block-heading\">A normalidade do esquecimento no fortalecimento das rela\u00e7\u00f5es sociais<\/h2>\n\n\n\n<p>Aceitar que o c\u00e9rebro possui limites naturais de processamento retira o peso do constrangimento e permite uma comunica\u00e7\u00e3o mais transparente e humana. A <strong>psicologia social<\/strong> sugere que pedir honestamente para a pessoa repetir o nome demonstra mais interesse real do que fingir que se lembra atrav\u00e9s de frases vagas.<\/p>\n\n\n\n<p>Manter a mente ativa com novos aprendizados e leitura constante ajuda a preservar a <strong>plasticidade neural<\/strong> necess\u00e1ria para formar novos v\u00ednculos. Ao entender que os lapsos s\u00e3o universais, voc\u00ea foca no que realmente importa: a qualidade da troca e a constru\u00e7\u00e3o de di\u00e1logos significativos com as pessoas ao seu redor.<\/p>\n\n\n\n<p><\/p>\n","protected":false},"excerpt":{"rendered":"<p>Esquecer o nome de um conhecido durante um encontro casual \u00e9 uma das falhas de mem\u00f3ria mais frequentes e constrangedoras do cotidiano humano. Esse fen\u00f4meno, longe de ser um sinal precoce de decl\u00ednio cognitivo, revela mecanismos complexos sobre como o sistema nervoso organiza informa\u00e7\u00f5es abstratas e prioriza dados sensoriais. O que acontece no c\u00e9rebro quando [&hellip;]<\/p>\n","protected":false},"author":24,"featured_media":128917,"comment_status":"open","ping_status":"open","sticky":false,"template":"","format":"standard","meta":{"jnews-multi-image_gallery":[],"jnews_single_post":{"format":"standard"},"jnews_primary_category":[],"jnews_social_meta":[],"jnews_override_counter":[],"footnotes":""},"categories":[3046,475],"tags":[9070,1852],"class_list":["post-128915","post","type-post","status-publish","format-standard","has-post-thumbnail","hentry","category-curiosidades","category-entretenimento","tag-esquecer-nomes","tag-psicologia"],"yoast_head":"<!-- This site is optimized with the Yoast SEO plugin v26.5 - https:\/\/yoast.com\/wordpress\/plugins\/seo\/ -->\n<title>O que significa esquecer o nome das pessoas, segundo a psicologia - UAI Not\u00edcias<\/title>\n<meta name=\"description\" content=\"Entenda por que esquecemos nomes com facilidade e o que a ci\u00eancia revela sobre esse comportamento comum do c\u00e9rebro.\" \/>\n<meta name=\"robots\" content=\"index, follow, max-snippet:-1, max-image-preview:large, max-video-preview:-1\" \/>\n<link rel=\"canonical\" href=\"https:\/\/www.uai.com.br\/uainoticias\/2026\/05\/01\/o-que-significa-esquecer-o-nome-das-pessoas-segundo-a-psicologia-2\/\" \/>\n<meta property=\"og:locale\" content=\"pt_BR\" \/>\n<meta property=\"og:type\" content=\"article\" \/>\n<meta property=\"og:title\" content=\"O que significa esquecer o nome das pessoas, segundo a psicologia - UAI Not\u00edcias\" \/>\n<meta property=\"og:description\" content=\"Entenda por que esquecemos nomes com facilidade e o que a ci\u00eancia revela sobre esse comportamento comum do c\u00e9rebro.\" \/>\n<meta property=\"og:url\" content=\"https:\/\/www.uai.com.br\/uainoticias\/2026\/05\/01\/o-que-significa-esquecer-o-nome-das-pessoas-segundo-a-psicologia-2\/\" \/>\n<meta property=\"og:site_name\" content=\"UAI Not\u00edcias\" \/>\n<meta property=\"article:published_time\" content=\"2026-05-01T11:15:00+00:00\" \/>\n<meta property=\"og:image\" content=\"https:\/\/www.uai.com.br\/uainoticias\/wp-content\/uploads\/2026\/04\/esquecer-nomes-1.jpg\" \/>\n\t<meta property=\"og:image:width\" content=\"1280\" \/>\n\t<meta property=\"og:image:height\" content=\"720\" \/>\n\t<meta property=\"og:image:type\" content=\"image\/jpeg\" \/>\n<meta name=\"author\" content=\"Daniely Cardoso\" \/>\n<meta name=\"twitter:card\" content=\"summary_large_image\" \/>\n<meta name=\"twitter:label1\" content=\"Escrito por\" \/>\n\t<meta name=\"twitter:data1\" content=\"Daniely Cardoso\" \/>\n\t<meta name=\"twitter:label2\" content=\"Est. tempo de leitura\" \/>\n\t<meta name=\"twitter:data2\" content=\"6 minutos\" \/>\n<!-- \/ Yoast SEO plugin. -->","yoast_head_json":{"title":"O que significa esquecer o nome das pessoas, segundo a psicologia - UAI Not\u00edcias","description":"Entenda por que esquecemos nomes com facilidade e o que a ci\u00eancia revela sobre esse comportamento comum do c\u00e9rebro.","robots":{"index":"index","follow":"follow","max-snippet":"max-snippet:-1","max-image-preview":"max-image-preview:large","max-video-preview":"max-video-preview:-1"},"canonical":"https:\/\/www.uai.com.br\/uainoticias\/2026\/05\/01\/o-que-significa-esquecer-o-nome-das-pessoas-segundo-a-psicologia-2\/","og_locale":"pt_BR","og_type":"article","og_title":"O que significa esquecer o nome das pessoas, segundo a psicologia - UAI Not\u00edcias","og_description":"Entenda por que esquecemos nomes com facilidade e o que a ci\u00eancia revela sobre esse comportamento comum do c\u00e9rebro.","og_url":"https:\/\/www.uai.com.br\/uainoticias\/2026\/05\/01\/o-que-significa-esquecer-o-nome-das-pessoas-segundo-a-psicologia-2\/","og_site_name":"UAI Not\u00edcias","article_published_time":"2026-05-01T11:15:00+00:00","og_image":[{"width":1280,"height":720,"url":"https:\/\/www.uai.com.br\/uainoticias\/wp-content\/uploads\/2026\/04\/esquecer-nomes-1.jpg","type":"image\/jpeg"}],"author":"Daniely Cardoso","twitter_card":"summary_large_image","twitter_misc":{"Escrito por":"Daniely Cardoso","Est. tempo de leitura":"6 minutos"},"schema":{"@context":"https:\/\/schema.org","@graph":[{"@type":"WebPage","@id":"https:\/\/www.uai.com.br\/uainoticias\/2026\/05\/01\/o-que-significa-esquecer-o-nome-das-pessoas-segundo-a-psicologia-2\/","url":"https:\/\/www.uai.com.br\/uainoticias\/2026\/05\/01\/o-que-significa-esquecer-o-nome-das-pessoas-segundo-a-psicologia-2\/","name":"O que significa esquecer o nome das pessoas, segundo a psicologia - UAI Not\u00edcias","isPartOf":{"@id":"https:\/\/www.uai.com.br\/uainoticias\/#website"},"primaryImageOfPage":{"@id":"https:\/\/www.uai.com.br\/uainoticias\/2026\/05\/01\/o-que-significa-esquecer-o-nome-das-pessoas-segundo-a-psicologia-2\/#primaryimage"},"image":{"@id":"https:\/\/www.uai.com.br\/uainoticias\/2026\/05\/01\/o-que-significa-esquecer-o-nome-das-pessoas-segundo-a-psicologia-2\/#primaryimage"},"thumbnailUrl":"https:\/\/www.uai.com.br\/uainoticias\/wp-content\/uploads\/2026\/04\/esquecer-nomes-1.jpg","datePublished":"2026-05-01T11:15:00+00:00","author":{"@id":"https:\/\/www.uai.com.br\/uainoticias\/#\/schema\/person\/b40f59cad9eb0656c8ae35fee468cc57"},"description":"Entenda por que esquecemos nomes com facilidade e o que a ci\u00eancia revela sobre esse comportamento comum do c\u00e9rebro.","breadcrumb":{"@id":"https:\/\/www.uai.com.br\/uainoticias\/2026\/05\/01\/o-que-significa-esquecer-o-nome-das-pessoas-segundo-a-psicologia-2\/#breadcrumb"},"inLanguage":"pt-BR","potentialAction":[{"@type":"ReadAction","target":["https:\/\/www.uai.com.br\/uainoticias\/2026\/05\/01\/o-que-significa-esquecer-o-nome-das-pessoas-segundo-a-psicologia-2\/"]}]},{"@type":"ImageObject","inLanguage":"pt-BR","@id":"https:\/\/www.uai.com.br\/uainoticias\/2026\/05\/01\/o-que-significa-esquecer-o-nome-das-pessoas-segundo-a-psicologia-2\/#primaryimage","url":"https:\/\/www.uai.com.br\/uainoticias\/wp-content\/uploads\/2026\/04\/esquecer-nomes-1.jpg","contentUrl":"https:\/\/www.uai.com.br\/uainoticias\/wp-content\/uploads\/2026\/04\/esquecer-nomes-1.jpg","width":1280,"height":720,"caption":"Garantir uma boa higiene do sono \u00e9 fundamental para que a consolida\u00e7\u00e3o sin\u00e1ptica ocorra adequadamente durante a noite"},{"@type":"BreadcrumbList","@id":"https:\/\/www.uai.com.br\/uainoticias\/2026\/05\/01\/o-que-significa-esquecer-o-nome-das-pessoas-segundo-a-psicologia-2\/#breadcrumb","itemListElement":[{"@type":"ListItem","position":1,"name":"In\u00edcio","item":"https:\/\/www.uai.com.br\/uainoticias\/"},{"@type":"ListItem","position":2,"name":"O que significa esquecer o nome das pessoas, segundo a psicologia"}]},{"@type":"WebSite","@id":"https:\/\/www.uai.com.br\/uainoticias\/#website","url":"https:\/\/www.uai.com.br\/uainoticias\/","name":"UAI Not\u00edcias","description":"Acompanhe as \u00faltimas not\u00edcias e fique bem informado sobre tudo o que acontece no Brasil e no mundo.","potentialAction":[{"@type":"SearchAction","target":{"@type":"EntryPoint","urlTemplate":"https:\/\/www.uai.com.br\/uainoticias\/?s={search_term_string}"},"query-input":{"@type":"PropertyValueSpecification","valueRequired":true,"valueName":"search_term_string"}}],"inLanguage":"pt-BR"},{"@type":"Person","@id":"https:\/\/www.uai.com.br\/uainoticias\/#\/schema\/person\/b40f59cad9eb0656c8ae35fee468cc57","name":"Daniely Cardoso","image":{"@type":"ImageObject","inLanguage":"pt-BR","@id":"https:\/\/www.uai.com.br\/uainoticias\/#\/schema\/person\/image\/","url":"https:\/\/secure.gravatar.com\/avatar\/b43c203f79e2ee2d699e04567f61958ba1731d1c994abcd298aa4fee5f54cb3a?s=96&d=mm&r=g","contentUrl":"https:\/\/secure.gravatar.com\/avatar\/b43c203f79e2ee2d699e04567f61958ba1731d1c994abcd298aa4fee5f54cb3a?s=96&d=mm&r=g","caption":"Daniely Cardoso"},"sameAs":["https:\/\/www.uai.com.br\/uainoticias\/"],"url":"https:\/\/www.uai.com.br\/uainoticias\/author\/daniely-morais\/"}]}},"_links":{"self":[{"href":"https:\/\/www.uai.com.br\/uainoticias\/wp-json\/wp\/v2\/posts\/128915","targetHints":{"allow":["GET"]}}],"collection":[{"href":"https:\/\/www.uai.com.br\/uainoticias\/wp-json\/wp\/v2\/posts"}],"about":[{"href":"https:\/\/www.uai.com.br\/uainoticias\/wp-json\/wp\/v2\/types\/post"}],"author":[{"embeddable":true,"href":"https:\/\/www.uai.com.br\/uainoticias\/wp-json\/wp\/v2\/users\/24"}],"replies":[{"embeddable":true,"href":"https:\/\/www.uai.com.br\/uainoticias\/wp-json\/wp\/v2\/comments?post=128915"}],"version-history":[{"count":1,"href":"https:\/\/www.uai.com.br\/uainoticias\/wp-json\/wp\/v2\/posts\/128915\/revisions"}],"predecessor-version":[{"id":128925,"href":"https:\/\/www.uai.com.br\/uainoticias\/wp-json\/wp\/v2\/posts\/128915\/revisions\/128925"}],"wp:featuredmedia":[{"embeddable":true,"href":"https:\/\/www.uai.com.br\/uainoticias\/wp-json\/wp\/v2\/media\/128917"}],"wp:attachment":[{"href":"https:\/\/www.uai.com.br\/uainoticias\/wp-json\/wp\/v2\/media?parent=128915"}],"wp:term":[{"taxonomy":"category","embeddable":true,"href":"https:\/\/www.uai.com.br\/uainoticias\/wp-json\/wp\/v2\/categories?post=128915"},{"taxonomy":"post_tag","embeddable":true,"href":"https:\/\/www.uai.com.br\/uainoticias\/wp-json\/wp\/v2\/tags?post=128915"}],"curies":[{"name":"wp","href":"https:\/\/api.w.org\/{rel}","templated":true}]}}