{"id":128911,"date":"2026-05-01T06:45:00","date_gmt":"2026-05-01T09:45:00","guid":{"rendered":"https:\/\/www.uai.com.br\/uainoticias\/?p=128911"},"modified":"2026-04-30T12:43:12","modified_gmt":"2026-04-30T15:43:12","slug":"a-psicologia-indica-que-preferir-a-solidao-a-uma-vida-social-intensa-e-tipico-deste-tipo-de-pessoa","status":"publish","type":"post","link":"https:\/\/www.uai.com.br\/uainoticias\/2026\/05\/01\/a-psicologia-indica-que-preferir-a-solidao-a-uma-vida-social-intensa-e-tipico-deste-tipo-de-pessoa\/","title":{"rendered":"A psicologia indica que preferir a solid\u00e3o a uma vida social intensa \u00e9 t\u00edpico deste tipo de pessoa"},"content":{"rendered":"\n<p>Muitas pessoas acreditam que o desejo de se afastar do conv\u00edvio social constante \u00e9 um sinal de timidez ou tristeza profunda. No entanto, estudos psicol\u00f3gicos revelam que essa escolha muitas vezes reflete um tra\u00e7o de personalidade voltado para a <strong>autossufici\u00eancia emocional<\/strong> e a alta capacidade de processamento interno.<\/p>\n\n\n\n<h2 class=\"wp-block-heading\">Por que pessoas inteligentes buscam momentos de solitude<\/h2>\n\n\n\n<p><a href=\"https:\/\/www.who.int\/news-room\/fact-sheets\/detail\/mental-health-of-older-adults\" target=\"_blank\" rel=\"noreferrer noopener\">Pesquisas indicam que indiv\u00edduos<\/a> com <strong>QI elevado<\/strong> costumam sentir menos satisfa\u00e7\u00e3o ao interagir socialmente com frequ\u00eancia exagerada. O foco dessas pessoas est\u00e1 direcionado para objetivos de longo prazo e projetos complexos que exigem sil\u00eancio e profunda concentra\u00e7\u00e3o intelectual.<\/p>\n\n\n\n<p>Isso acontece porque a <strong>estimula\u00e7\u00e3o social excessiva<\/strong> pode atuar como uma distra\u00e7\u00e3o para quem possui uma vida mental vibrante e acelerada. Entender esse comportamento ajuda a desmistificar a ideia de que o isolamento \u00e9 sempre negativo, transformando-o em uma ferramenta de crescimento pessoal.<\/p>\n\n\n<div class=\"wp-block-image\">\n<figure class=\"aligncenter size-large\"><img decoding=\"async\" width=\"1024\" height=\"576\" src=\"https:\/\/www.uai.com.br\/uainoticias\/wp-content\/uploads\/2026\/03\/pessoa-sozinha-1024x576.jpg\" alt=\"pessoa sozinha\" class=\"wp-image-119565\" srcset=\"https:\/\/www.uai.com.br\/uainoticias\/wp-content\/uploads\/2026\/03\/pessoa-sozinha-1024x576.jpg 1024w, https:\/\/www.uai.com.br\/uainoticias\/wp-content\/uploads\/2026\/03\/pessoa-sozinha-300x169.jpg 300w, https:\/\/www.uai.com.br\/uainoticias\/wp-content\/uploads\/2026\/03\/pessoa-sozinha-768x432.jpg 768w, https:\/\/www.uai.com.br\/uainoticias\/wp-content\/uploads\/2026\/03\/pessoa-sozinha-750x422.jpg 750w, https:\/\/www.uai.com.br\/uainoticias\/wp-content\/uploads\/2026\/03\/pessoa-sozinha-1140x641.jpg 1140w, https:\/\/www.uai.com.br\/uainoticias\/wp-content\/uploads\/2026\/03\/pessoa-sozinha.jpg 1280w\" sizes=\"(max-width: 1024px) 100vw, 1024px\" \/><figcaption class=\"wp-element-caption\">Muita gente ainda acha que quem prefere ficar s\u00f3 \u00e9 frio, esquisito ou n\u00e3o gosta de pessoas, mas isso quase nunca \u00e9 verdade. <\/figcaption><\/figure><\/div>\n\n\n<h2 class=\"wp-block-heading\">O papel da personalidade introvertida no bem estar mental<\/h2>\n\n\n\n<p>A <strong>introvers\u00e3o<\/strong> n\u00e3o deve ser confundida com <a href=\"https:\/\/www.uai.com.br\/uainoticias\/2026\/04\/25\/a-psicologia-por-tras-da-telofobia-e-por-que-atender-chamadas-pode-ser-mais-dificil-do-que-enviar-mensagens-no-dia-a-dia\/\" target=\"_blank\" rel=\"noreferrer noopener\">fobia social<\/a>, pois trata-se apenas de uma forma diferente de recarregar as energias vitais. Enquanto extrovertidos buscam o mundo externo, pessoas focadas na solid\u00e3o encontram equil\u00edbrio ao organizar seus pr\u00f3prios pensamentos sem interfer\u00eancias externas.<\/p>\n\n\n\n<p>Manter um c\u00edrculo social restrito permite que essas pessoas cultivem <strong>relacionamentos profundos<\/strong> e significativos, evitando intera\u00e7\u00f5es superficiais que geram cansa\u00e7o mental. Valorizar esse espa\u00e7o individual \u00e9 fundamental para manter a sa\u00fade psicol\u00f3gica em dia e garantir uma performance est\u00e1vel nas atividades cotidianas.<\/p>\n\n\n\n<h2 class=\"wp-block-heading\">Como a solitude favorece a criatividade e a inova\u00e7\u00e3o<\/h2>\n\n\n\n<p>A aus\u00eancia de ru\u00eddo externo cria o ambiente perfeito para que o c\u00e9rebro fa\u00e7a conex\u00f5es inusitadas e desenvolva <strong>solu\u00e7\u00f5es criativas<\/strong> para problemas antigos. Grandes inventores e pensadores da hist\u00f3ria utilizavam o isolamento como um m\u00e9todo rigoroso para acessar camadas mais profundas da consci\u00eancia e da t\u00e9cnica.<\/p>\n\n\n\n<p>Quando voc\u00ea se permite ficar sozinho, a mente entra em um estado de fluxo que potencializa a <strong>produtividade criativa<\/strong> de forma exponencial. Integrar per\u00edodos de introspec\u00e7\u00e3o na rotina pode ser o diferencial para quem busca inovar em \u00e1reas t\u00e9cnicas ou art\u00edsticas com maior clareza.<\/p>\n\n\n<div class=\"wp-block-image\">\n<figure class=\"aligncenter size-large\"><img decoding=\"async\" width=\"1024\" height=\"576\" src=\"https:\/\/www.uai.com.br\/uainoticias\/wp-content\/uploads\/2026\/04\/solidao_1777563481438-1024x576.jpg\" alt=\"\" class=\"wp-image-128912\" srcset=\"https:\/\/www.uai.com.br\/uainoticias\/wp-content\/uploads\/2026\/04\/solidao_1777563481438-1024x576.jpg 1024w, https:\/\/www.uai.com.br\/uainoticias\/wp-content\/uploads\/2026\/04\/solidao_1777563481438-300x169.jpg 300w, https:\/\/www.uai.com.br\/uainoticias\/wp-content\/uploads\/2026\/04\/solidao_1777563481438-768x432.jpg 768w, https:\/\/www.uai.com.br\/uainoticias\/wp-content\/uploads\/2026\/04\/solidao_1777563481438-750x422.jpg 750w, https:\/\/www.uai.com.br\/uainoticias\/wp-content\/uploads\/2026\/04\/solidao_1777563481438-1140x641.jpg 1140w, https:\/\/www.uai.com.br\/uainoticias\/wp-content\/uploads\/2026\/04\/solidao_1777563481438.jpg 1280w\" sizes=\"(max-width: 1024px) 100vw, 1024px\" \/><figcaption class=\"wp-element-caption\">A aus\u00eancia de ru\u00eddo externo cria o ambiente perfeito para que o c\u00e9rebro fa\u00e7a conex\u00f5es inusitadas e desenvolva solu\u00e7\u00f5es criativas para problemas antigos &#8211; Cr\u00e9ditos: depositphotos.com \/ YuliyaKirayonakBO<\/figcaption><\/figure><\/div>\n\n\n<h2 class=\"wp-block-heading\">Principais caracter\u00edsticas de quem valoriza o tempo individual<\/h2>\n\n\n\n<p>Indiv\u00edduos que preferem a pr\u00f3pria companhia costumam apresentar um alto grau de <strong>autoconhecimento<\/strong> e estabilidade diante de crises externas. Eles n\u00e3o dependem da valida\u00e7\u00e3o constante de terceiros para tomar decis\u00f5es importantes ou para sentir que suas conquistas possuem valor real.<\/p>\n\n\n\n<link href=\"https:\/\/fonts.googleapis.com\/css2?family=Inter:wght@400;600;700;800&#038;display=swap\" rel=\"stylesheet\">\n<style>\n\/* Prote\u00e7\u00e3o contra inje\u00e7\u00e3o do \"Veja Tamb\u00e9m\" *\/\n.rdp-pontos-wrapper .jnews_inline_related_post_wrapper,\n.rdp-pontos-wrapper .jnews_inline_related_post,\n.rdp-pontos-wrapper .jeg_postblock,\n.rdp-pontos-wrapper [class*=\"jnews_inline\"],\n.rdp-pontos-wrapper [class*=\"jeg_postblock\"],\n.rdp-pontos-wrapper [class*=\"jeg_block\"] {\n  display: none !important;\n  height: 0 !important;\n  max-height: 0 !important;\n  overflow: hidden !important;\n  visibility: hidden !important;\n  margin: 0 !important;\n  padding: 0 !important;\n  border: none !important;\n  font-size: 0 !important;\n  line-height: 0 !important;\n}\n.rdp-pontos-wrapper {\n  max-width: 100%;\n  margin: 32px 0;\n  background: #F8F9FA;\n  border: 1px solid #E0E0E0;\n  border-radius: 12px;\n  padding: 28px 28px 20px;\n  font-family: 'Inter', sans-serif;\n  box-shadow: 0 4px 20px rgba(47,195,238,0.12);\n  overflow: hidden;\n  contain: layout style;\n  isolation: isolate;\n  position: relative;\n  z-index: 1;\n}\n.rdp-pontos-wrapper > *:not(.rdp-pontos-title):not(.rdp-pontos-grid) {\n  display: none !important;\n  height: 0 !important;\n  overflow: hidden !important;\n  margin: 0 !important;\n  padding: 0 !important;\n  border: none !important;\n}\n.rdp-pontos-title {\n  font-family: 'Inter', sans-serif;\n  font-size: 20px;\n  font-weight: 800;\n  color: #1A1A1A;\n  margin: 0 0 20px 0;\n  line-height: 1.3;\n  text-align: center;\n}\n.rdp-pontos-grid {\n  display: grid;\n  grid-template-columns: repeat(3, 1fr);\n  gap: 18px;\n}\n.rdp-pontos-item {\n  background: #FFFFFF;\n  border: 1px solid #E0E0E0;\n  border-top: 3px solid #2FC3EE;\n  border-radius: 10px;\n  padding: 22px 20px;\n  box-shadow: 0 2px 10px rgba(47,195,238,0.10);\n  transition: box-shadow 0.3s ease, border-color 0.3s ease;\n  text-align: center;\n}\n.rdp-pontos-item:hover {\n  box-shadow: 0 4px 20px rgba(47,195,238,0.22);\n  border-color: #2FC3EE;\n}\n.rdp-pontos-emoji {\n  font-size: 32px;\n  line-height: 1;\n  margin-bottom: 12px;\n  display: block;\n  text-align: center;\n}\n.rdp-pontos-item-title {\n  font-size: 15px;\n  font-weight: 700;\n  color: #1A1A1A;\n  margin-bottom: 8px;\n  line-height: 1.3;\n}\n.rdp-pontos-item-desc {\n  font-size: 14px;\n  color: #333333;\n  line-height: 1.6;\n  margin: 0;\n}\n@media (max-width: 768px) {\n  .rdp-pontos-wrapper {\n    padding: 20px 16px 14px;\n  }\n  .rdp-pontos-grid {\n    grid-template-columns: 1fr;\n    gap: 14px;\n  }\n}\n<\/style>\n\n<div class=\"rdp-pontos-wrapper\">\n  <div class=\"rdp-pontos-title\">Desenvolvimento Pessoal e Autonomia<\/div>\n  <div class=\"rdp-pontos-grid\">\n    <div class=\"rdp-pontos-item\">\n      <span class=\"rdp-pontos-emoji\">\ud83e\uddd8<\/span>\n      <div class=\"rdp-pontos-item-title\">Independ\u00eancia<\/div>\n      <p class=\"rdp-pontos-item-desc\">Independ\u00eancia emocional elevada para resolver conflitos internos sem ajuda externa.<\/p>\n    <\/div>\n    <div class=\"rdp-pontos-item\">\n      <span class=\"rdp-pontos-emoji\">\ud83e\udde0<\/span>\n      <div class=\"rdp-pontos-item-title\">Foco Profundo<\/div>\n      <p class=\"rdp-pontos-item-desc\">Capacidade de foco prolongado em tarefas que exigem alto desempenho t\u00e9cnico ou intelectual.<\/p>\n    <\/div>\n    <div class=\"rdp-pontos-item\">\n      <span class=\"rdp-pontos-emoji\">\ud83d\udcda<\/span>\n      <div class=\"rdp-pontos-item-title\">Hobbies Complexos<\/div>\n      <p class=\"rdp-pontos-item-desc\">Desenvolvimento de hobbies complexos que demandam estudo individual e pr\u00e1tica constante.<\/p>\n    <\/div>\n    <div class=\"rdp-pontos-item\">\n      <span class=\"rdp-pontos-emoji\">\ud83d\udde3\ufe0f<\/span>\n      <div class=\"rdp-pontos-item-title\">Substancialidade<\/div>\n      <p class=\"rdp-pontos-item-desc\">Prefer\u00eancia por conversas substanciais em vez de di\u00e1logos triviais e repetitivos.<\/p>\n    <\/div>\n    <div class=\"rdp-pontos-item\">\n      <span class=\"rdp-pontos-emoji\">\u23f3<\/span>\n      <div class=\"rdp-pontos-item-title\">Limites e Tempo<\/div>\n      <p class=\"rdp-pontos-item-desc\">Forte senso de limites pessoais e respeito ao tempo alheio e pr\u00f3prio.<\/p>\n    <\/div>\n  <\/div>\n<\/div>\n<div style=\"clear:both;height:0;overflow:hidden;\"><\/div>\n\n\n\n<p>Reconhecer esses tra\u00e7os permite uma conviv\u00eancia mais harmoniosa em ambientes de trabalho e familiares, onde a <strong>privacidade<\/strong> \u00e9 respeitada como um valor. Ao observar essas qualidades, percebe-se que a solitude \u00e9, na verdade, uma escolha estrat\u00e9gica para preservar a energia mental dispon\u00edvel.<\/p>\n\n\n\n<h2 class=\"wp-block-heading\">Equil\u00edbrio entre o isolamento necess\u00e1rio e a conex\u00e3o social<\/h2>\n\n\n\n<p>Embora o tempo sozinho seja vital para o desenvolvimento, a <strong>psicologia moderna<\/strong> alerta para a import\u00e2ncia de manter conex\u00f5es humanas funcionais e saud\u00e1veis. O segredo reside no equil\u00edbrio entre aproveitar a pr\u00f3pria presen\u00e7a e saber quando buscar o apoio de um grupo de confian\u00e7a.<\/p>\n\n\n\n<p>Cultivar momentos de sil\u00eancio fortalece a identidade, permitindo que, ao retornar ao conv\u00edvio em <strong>sociedade<\/strong>, a pessoa esteja mais presente e inteira. Investir nesse autoconhecimento transforma a solid\u00e3o em uma aliada poderosa para uma vida plena, equilibrada e altamente eficiente no mundo contempor\u00e2neo.<\/p>\n","protected":false},"excerpt":{"rendered":"<p>Muitas pessoas acreditam que o desejo de se afastar do conv\u00edvio social constante \u00e9 um sinal de timidez ou tristeza profunda. No entanto, estudos psicol\u00f3gicos revelam que essa escolha muitas vezes reflete um tra\u00e7o de personalidade voltado para a autossufici\u00eancia emocional e a alta capacidade de processamento interno. Por que pessoas inteligentes buscam momentos de [&hellip;]<\/p>\n","protected":false},"author":24,"featured_media":128913,"comment_status":"open","ping_status":"open","sticky":false,"template":"","format":"standard","meta":{"jnews-multi-image_gallery":[],"jnews_single_post":{"format":"standard"},"jnews_primary_category":[],"jnews_social_meta":[],"jnews_override_counter":[],"footnotes":""},"categories":[3046,475],"tags":[23686,9522],"class_list":["post-128911","post","type-post","status-publish","format-standard","has-post-thumbnail","hentry","category-curiosidades","category-entretenimento","tag-pessoa-sozinha","tag-solitude"],"yoast_head":"<!-- This site is optimized with the Yoast SEO plugin v26.5 - https:\/\/yoast.com\/wordpress\/plugins\/seo\/ -->\n<title>A psicologia indica que preferir a solid\u00e3o a uma vida social intensa \u00e9 t\u00edpico deste tipo de pessoa - UAI Not\u00edcias<\/title>\n<meta name=\"description\" content=\"Entenda o que a psicologia revela sobre quem prefere a solid\u00e3o e como isso impacta comportamento e rotina.\" \/>\n<meta name=\"robots\" content=\"index, follow, max-snippet:-1, max-image-preview:large, max-video-preview:-1\" \/>\n<link rel=\"canonical\" href=\"https:\/\/www.uai.com.br\/uainoticias\/2026\/05\/01\/a-psicologia-indica-que-preferir-a-solidao-a-uma-vida-social-intensa-e-tipico-deste-tipo-de-pessoa\/\" \/>\n<meta property=\"og:locale\" content=\"pt_BR\" \/>\n<meta property=\"og:type\" content=\"article\" \/>\n<meta property=\"og:title\" content=\"A psicologia indica que preferir a solid\u00e3o a uma vida social intensa \u00e9 t\u00edpico deste tipo de pessoa - UAI Not\u00edcias\" \/>\n<meta property=\"og:description\" content=\"Entenda o que a psicologia revela sobre quem prefere a solid\u00e3o e como isso impacta comportamento e rotina.\" \/>\n<meta property=\"og:url\" content=\"https:\/\/www.uai.com.br\/uainoticias\/2026\/05\/01\/a-psicologia-indica-que-preferir-a-solidao-a-uma-vida-social-intensa-e-tipico-deste-tipo-de-pessoa\/\" \/>\n<meta property=\"og:site_name\" content=\"UAI Not\u00edcias\" \/>\n<meta property=\"article:published_time\" content=\"2026-05-01T09:45:00+00:00\" \/>\n<meta property=\"og:image\" content=\"https:\/\/www.uai.com.br\/uainoticias\/wp-content\/uploads\/2026\/04\/pessoa-sozinha.jpg\" \/>\n\t<meta property=\"og:image:width\" content=\"1280\" \/>\n\t<meta property=\"og:image:height\" content=\"720\" \/>\n\t<meta property=\"og:image:type\" content=\"image\/jpeg\" \/>\n<meta name=\"author\" content=\"Daniely Cardoso\" \/>\n<meta name=\"twitter:card\" content=\"summary_large_image\" \/>\n<meta name=\"twitter:label1\" content=\"Escrito por\" \/>\n\t<meta name=\"twitter:data1\" content=\"Daniely Cardoso\" \/>\n\t<meta name=\"twitter:label2\" content=\"Est. tempo de leitura\" \/>\n\t<meta name=\"twitter:data2\" content=\"5 minutos\" \/>\n<!-- \/ Yoast SEO plugin. -->","yoast_head_json":{"title":"A psicologia indica que preferir a solid\u00e3o a uma vida social intensa \u00e9 t\u00edpico deste tipo de pessoa - UAI Not\u00edcias","description":"Entenda o que a psicologia revela sobre quem prefere a solid\u00e3o e como isso impacta comportamento e rotina.","robots":{"index":"index","follow":"follow","max-snippet":"max-snippet:-1","max-image-preview":"max-image-preview:large","max-video-preview":"max-video-preview:-1"},"canonical":"https:\/\/www.uai.com.br\/uainoticias\/2026\/05\/01\/a-psicologia-indica-que-preferir-a-solidao-a-uma-vida-social-intensa-e-tipico-deste-tipo-de-pessoa\/","og_locale":"pt_BR","og_type":"article","og_title":"A psicologia indica que preferir a solid\u00e3o a uma vida social intensa \u00e9 t\u00edpico deste tipo de pessoa - UAI Not\u00edcias","og_description":"Entenda o que a psicologia revela sobre quem prefere a solid\u00e3o e como isso impacta comportamento e rotina.","og_url":"https:\/\/www.uai.com.br\/uainoticias\/2026\/05\/01\/a-psicologia-indica-que-preferir-a-solidao-a-uma-vida-social-intensa-e-tipico-deste-tipo-de-pessoa\/","og_site_name":"UAI Not\u00edcias","article_published_time":"2026-05-01T09:45:00+00:00","og_image":[{"width":1280,"height":720,"url":"https:\/\/www.uai.com.br\/uainoticias\/wp-content\/uploads\/2026\/04\/pessoa-sozinha.jpg","type":"image\/jpeg"}],"author":"Daniely Cardoso","twitter_card":"summary_large_image","twitter_misc":{"Escrito por":"Daniely Cardoso","Est. tempo de leitura":"5 minutos"},"schema":{"@context":"https:\/\/schema.org","@graph":[{"@type":"WebPage","@id":"https:\/\/www.uai.com.br\/uainoticias\/2026\/05\/01\/a-psicologia-indica-que-preferir-a-solidao-a-uma-vida-social-intensa-e-tipico-deste-tipo-de-pessoa\/","url":"https:\/\/www.uai.com.br\/uainoticias\/2026\/05\/01\/a-psicologia-indica-que-preferir-a-solidao-a-uma-vida-social-intensa-e-tipico-deste-tipo-de-pessoa\/","name":"A psicologia indica que preferir a solid\u00e3o a uma vida social intensa \u00e9 t\u00edpico deste tipo de pessoa - UAI Not\u00edcias","isPartOf":{"@id":"https:\/\/www.uai.com.br\/uainoticias\/#website"},"primaryImageOfPage":{"@id":"https:\/\/www.uai.com.br\/uainoticias\/2026\/05\/01\/a-psicologia-indica-que-preferir-a-solidao-a-uma-vida-social-intensa-e-tipico-deste-tipo-de-pessoa\/#primaryimage"},"image":{"@id":"https:\/\/www.uai.com.br\/uainoticias\/2026\/05\/01\/a-psicologia-indica-que-preferir-a-solidao-a-uma-vida-social-intensa-e-tipico-deste-tipo-de-pessoa\/#primaryimage"},"thumbnailUrl":"https:\/\/www.uai.com.br\/uainoticias\/wp-content\/uploads\/2026\/04\/pessoa-sozinha.jpg","datePublished":"2026-05-01T09:45:00+00:00","author":{"@id":"https:\/\/www.uai.com.br\/uainoticias\/#\/schema\/person\/b40f59cad9eb0656c8ae35fee468cc57"},"description":"Entenda o que a psicologia revela sobre quem prefere a solid\u00e3o e como isso impacta comportamento e rotina.","breadcrumb":{"@id":"https:\/\/www.uai.com.br\/uainoticias\/2026\/05\/01\/a-psicologia-indica-que-preferir-a-solidao-a-uma-vida-social-intensa-e-tipico-deste-tipo-de-pessoa\/#breadcrumb"},"inLanguage":"pt-BR","potentialAction":[{"@type":"ReadAction","target":["https:\/\/www.uai.com.br\/uainoticias\/2026\/05\/01\/a-psicologia-indica-que-preferir-a-solidao-a-uma-vida-social-intensa-e-tipico-deste-tipo-de-pessoa\/"]}]},{"@type":"ImageObject","inLanguage":"pt-BR","@id":"https:\/\/www.uai.com.br\/uainoticias\/2026\/05\/01\/a-psicologia-indica-que-preferir-a-solidao-a-uma-vida-social-intensa-e-tipico-deste-tipo-de-pessoa\/#primaryimage","url":"https:\/\/www.uai.com.br\/uainoticias\/wp-content\/uploads\/2026\/04\/pessoa-sozinha.jpg","contentUrl":"https:\/\/www.uai.com.br\/uainoticias\/wp-content\/uploads\/2026\/04\/pessoa-sozinha.jpg","width":1280,"height":720,"caption":"Embora o tempo sozinho seja vital para o desenvolvimento, a psicologia moderna alerta para a import\u00e2ncia de manter conex\u00f5es humanas"},{"@type":"BreadcrumbList","@id":"https:\/\/www.uai.com.br\/uainoticias\/2026\/05\/01\/a-psicologia-indica-que-preferir-a-solidao-a-uma-vida-social-intensa-e-tipico-deste-tipo-de-pessoa\/#breadcrumb","itemListElement":[{"@type":"ListItem","position":1,"name":"In\u00edcio","item":"https:\/\/www.uai.com.br\/uainoticias\/"},{"@type":"ListItem","position":2,"name":"A psicologia indica que preferir a solid\u00e3o a uma vida social intensa \u00e9 t\u00edpico deste tipo de pessoa"}]},{"@type":"WebSite","@id":"https:\/\/www.uai.com.br\/uainoticias\/#website","url":"https:\/\/www.uai.com.br\/uainoticias\/","name":"UAI Not\u00edcias","description":"Acompanhe as \u00faltimas not\u00edcias e fique bem informado sobre tudo o que acontece no Brasil e no mundo.","potentialAction":[{"@type":"SearchAction","target":{"@type":"EntryPoint","urlTemplate":"https:\/\/www.uai.com.br\/uainoticias\/?s={search_term_string}"},"query-input":{"@type":"PropertyValueSpecification","valueRequired":true,"valueName":"search_term_string"}}],"inLanguage":"pt-BR"},{"@type":"Person","@id":"https:\/\/www.uai.com.br\/uainoticias\/#\/schema\/person\/b40f59cad9eb0656c8ae35fee468cc57","name":"Daniely Cardoso","image":{"@type":"ImageObject","inLanguage":"pt-BR","@id":"https:\/\/www.uai.com.br\/uainoticias\/#\/schema\/person\/image\/","url":"https:\/\/secure.gravatar.com\/avatar\/b43c203f79e2ee2d699e04567f61958ba1731d1c994abcd298aa4fee5f54cb3a?s=96&d=mm&r=g","contentUrl":"https:\/\/secure.gravatar.com\/avatar\/b43c203f79e2ee2d699e04567f61958ba1731d1c994abcd298aa4fee5f54cb3a?s=96&d=mm&r=g","caption":"Daniely Cardoso"},"sameAs":["https:\/\/www.uai.com.br\/uainoticias\/"],"url":"https:\/\/www.uai.com.br\/uainoticias\/author\/daniely-morais\/"}]}},"_links":{"self":[{"href":"https:\/\/www.uai.com.br\/uainoticias\/wp-json\/wp\/v2\/posts\/128911","targetHints":{"allow":["GET"]}}],"collection":[{"href":"https:\/\/www.uai.com.br\/uainoticias\/wp-json\/wp\/v2\/posts"}],"about":[{"href":"https:\/\/www.uai.com.br\/uainoticias\/wp-json\/wp\/v2\/types\/post"}],"author":[{"embeddable":true,"href":"https:\/\/www.uai.com.br\/uainoticias\/wp-json\/wp\/v2\/users\/24"}],"replies":[{"embeddable":true,"href":"https:\/\/www.uai.com.br\/uainoticias\/wp-json\/wp\/v2\/comments?post=128911"}],"version-history":[{"count":1,"href":"https:\/\/www.uai.com.br\/uainoticias\/wp-json\/wp\/v2\/posts\/128911\/revisions"}],"predecessor-version":[{"id":128914,"href":"https:\/\/www.uai.com.br\/uainoticias\/wp-json\/wp\/v2\/posts\/128911\/revisions\/128914"}],"wp:featuredmedia":[{"embeddable":true,"href":"https:\/\/www.uai.com.br\/uainoticias\/wp-json\/wp\/v2\/media\/128913"}],"wp:attachment":[{"href":"https:\/\/www.uai.com.br\/uainoticias\/wp-json\/wp\/v2\/media?parent=128911"}],"wp:term":[{"taxonomy":"category","embeddable":true,"href":"https:\/\/www.uai.com.br\/uainoticias\/wp-json\/wp\/v2\/categories?post=128911"},{"taxonomy":"post_tag","embeddable":true,"href":"https:\/\/www.uai.com.br\/uainoticias\/wp-json\/wp\/v2\/tags?post=128911"}],"curies":[{"name":"wp","href":"https:\/\/api.w.org\/{rel}","templated":true}]}}