{"id":128889,"date":"2026-04-30T21:05:00","date_gmt":"2026-05-01T00:05:00","guid":{"rendered":"https:\/\/www.uai.com.br\/uainoticias\/?p=128889"},"modified":"2026-04-30T10:27:53","modified_gmt":"2026-04-30T13:27:53","slug":"nao-e-fortaleza-nem-natal-esse-destino-costeiro-combina-tranquilidade-praias-e-arquitetura-preservada","status":"publish","type":"post","link":"https:\/\/www.uai.com.br\/uainoticias\/2026\/04\/30\/nao-e-fortaleza-nem-natal-esse-destino-costeiro-combina-tranquilidade-praias-e-arquitetura-preservada\/","title":{"rendered":"N\u00e3o \u00e9 Fortaleza, nem Natal: esse destino costeiro combina tranquilidade, praias e arquitetura preservada"},"content":{"rendered":"\n<p><strong>Ilh\u00e9us<\/strong>, no litoral da <strong>Bahia<\/strong>, desponta como um dos destinos mais encantadores do turismo brasileiro, especialmente para quem busca praias paradis\u00edacas, patrim\u00f4nio hist\u00f3rico e uma experi\u00eancia aut\u00eantica. Com forte apelo cultural, esse roteiro tur\u00edstico combina passeios, gastronomia local, hospedagem acolhedora e cen\u00e1rios naturais que surpreendem viajantes em busca de descanso e descoberta.<\/p>\n\n\n\n<h2 class=\"wp-block-heading\">Por que Ilh\u00e9us \u00e9 um destino ideal para turismo tranquilo?<\/h2>\n\n\n\n<p><a href=\"https:\/\/pt.wikipedia.org\/wiki\/Ilh%C3%A9us\" target=\"_blank\" rel=\"noreferrer noopener\"><strong>Ilh\u00e9us<\/strong> <\/a>se destaca no turismo por oferecer uma atmosfera calma, perfeita para quem deseja fugir do <strong>agito das grandes capitais<\/strong>. Suas praias extensas, com \u00e1guas mornas e coqueirais, proporcionam momentos de relaxamento e contempla\u00e7\u00e3o durante a viagem.<\/p>\n\n\n\n<p>Al\u00e9m disso, o destino tur\u00edstico conta com uma <strong>excelente infraestrutura<\/strong>, incluindo pousadas charmosas, hot\u00e9is \u00e0 beira-mar e op\u00e7\u00f5es de transporte que facilitam o deslocamento entre os pontos tur\u00edsticos. Tudo isso contribui para uma experi\u00eancia confort\u00e1vel e segura.<\/p>\n\n\n\n<h2 class=\"wp-block-heading\">Quais praias visitar em Ilh\u00e9us durante o roteiro?<\/h2>\n\n\n\n<p>As praias de Ilh\u00e9us s\u00e3o verdadeiros <strong>cart\u00f5es-postais <\/strong>do turismo baiano, ideais para quem busca lazer, descanso e contato com a natureza. Cada faixa de areia oferece uma experi\u00eancia \u00fanica ao visitante.<\/p>\n\n\n\n<p>Entre as principais op\u00e7\u00f5es para incluir no seu roteiro de viagem, destacam-se:<\/p>\n\n\n\n<ul class=\"wp-block-list\">\n<li>Praia dos Milion\u00e1rios, perfeita para fam\u00edlias e com boa estrutura tur\u00edstica<\/li>\n\n\n\n<li>Praia do Cururupe, ideal para quem busca tranquilidade e menos movimento<\/li>\n\n\n\n<li>Praia de Oliven\u00e7a, conhecida pelas \u00e1guas calmas e clima acolhedor<\/li>\n\n\n\n<li>Praia do Norte, excelente para quem gosta de paisagens mais preservadas<\/li>\n<\/ul>\n\n\n\n<h2 class=\"wp-block-heading\">Como a arquitetura preservada valoriza o turismo em Ilh\u00e9us?<\/h2>\n\n\n\n<p>Ilh\u00e9us tamb\u00e9m encanta pelo seu centro hist\u00f3rico, onde a arquitetura preservada revela a<strong> riqueza cultural da regi\u00e3o<\/strong>. Igrejas, casar\u00f5es coloniais e edif\u00edcios antigos fazem parte do <strong><a href=\"https:\/\/www.uai.com.br\/uainoticias\/2025\/10\/26\/como-montar-o-melhor-roteiro-de-viagem-curta-de-descanso-segundo-especialista\/\" target=\"_blank\" rel=\"noreferrer noopener\">roteiro tur\u00edstico<\/a><\/strong> urbano.<\/p>\n\n\n\n<p>Ao caminhar pelas ruas, o visitante encontra pontos emblem\u00e1ticos como a <strong>Catedral de S\u00e3o Sebasti\u00e3o e o Bar Ves\u00favio<\/strong>, ambos ligados \u00e0 hist\u00f3ria e \u00e0 literatura brasileira. Essa heran\u00e7a arquitet\u00f4nica torna o turismo ainda mais interessante.<\/p>\n\n\n\n<figure class=\"wp-block-image size-large\"><img decoding=\"async\" width=\"1024\" height=\"576\" src=\"https:\/\/www.uai.com.br\/uainoticias\/wp-content\/uploads\/2026\/04\/X-2026-04-30T102623.416-1024x576.jpg\" alt=\"N\u00e3o \u00e9 Fortaleza, nem Natal: esse destino costeiro combina tranquilidade, praias e arquitetura preservada\" class=\"wp-image-128890\" srcset=\"https:\/\/www.uai.com.br\/uainoticias\/wp-content\/uploads\/2026\/04\/X-2026-04-30T102623.416-1024x576.jpg 1024w, https:\/\/www.uai.com.br\/uainoticias\/wp-content\/uploads\/2026\/04\/X-2026-04-30T102623.416-300x169.jpg 300w, https:\/\/www.uai.com.br\/uainoticias\/wp-content\/uploads\/2026\/04\/X-2026-04-30T102623.416-768x432.jpg 768w, https:\/\/www.uai.com.br\/uainoticias\/wp-content\/uploads\/2026\/04\/X-2026-04-30T102623.416-1536x864.jpg 1536w, https:\/\/www.uai.com.br\/uainoticias\/wp-content\/uploads\/2026\/04\/X-2026-04-30T102623.416-2048x1152.jpg 2048w, https:\/\/www.uai.com.br\/uainoticias\/wp-content\/uploads\/2026\/04\/X-2026-04-30T102623.416-750x422.jpg 750w, https:\/\/www.uai.com.br\/uainoticias\/wp-content\/uploads\/2026\/04\/X-2026-04-30T102623.416-1140x641.jpg 1140w\" sizes=\"(max-width: 1024px) 100vw, 1024px\" \/><figcaption class=\"wp-element-caption\">Cultura e hist\u00f3ria enriquecem a viagem<\/figcaption><\/figure>\n\n\n\n<h2 class=\"wp-block-heading\">O que fazer em Ilh\u00e9us al\u00e9m das praias?<\/h2>\n\n\n\n<p>O turismo em Ilh\u00e9us vai muito al\u00e9m do litoral. A cidade oferece diversas atividades <strong>culturais <\/strong>e <strong>gastron\u00f4micas <\/strong>que enriquecem a experi\u00eancia de viagem e tornam o roteiro mais completo.<\/p>\n\n\n\n<p>Entre as principais atra\u00e7\u00f5es e experi\u00eancias, vale incluir:<\/p>\n\n\n\n<ul class=\"wp-block-list\">\n<li>Visitas \u00e0s fazendas de cacau, com degusta\u00e7\u00e3o e aprendizado sobre produ\u00e7\u00e3o<\/li>\n\n\n\n<li>Passeios guiados pelo centro hist\u00f3rico e museus locais<\/li>\n\n\n\n<li>Experi\u00eancias gastron\u00f4micas com pratos t\u00edpicos da culin\u00e1ria baiana<\/li>\n\n\n\n<li>Compras de artesanato regional em feiras e lojas locais<\/li>\n<\/ul>\n\n\n\n<h2 class=\"wp-block-heading\">Quando visitar Ilh\u00e9us para aproveitar melhor o turismo?<\/h2>\n\n\n\n<p>Ilh\u00e9us pode ser visitada durante todo o ano, mas alguns per\u00edodos s\u00e3o mais indicados para aproveitar melhor o turismo. O <strong>clima tropical <\/strong>garante temperaturas agrad\u00e1veis, ideais para passeios ao ar livre e dias de praia.<\/p>\n\n\n\n<p>Os meses de ver\u00e3o s\u00e3o mais movimentados, com maior fluxo de turistas e eventos locais. J\u00e1 na baixa temporada, o destino se torna ainda mais tranquilo, perfeito para quem busca sossego e pre\u00e7os mais acess\u00edveis em <strong>hospedagem <\/strong>e <strong>passeios<\/strong>.<\/p>\n\n\n\n<p>Com sua combina\u00e7\u00e3o de praias, cultura, gastronomia e hist\u00f3ria, Ilh\u00e9us se consolida como um destino completo dentro do turismo nacional. Seja para relaxar, explorar ou viver novas experi\u00eancias, a cidade oferece tudo o que um <strong>viajante <\/strong>precisa para uma viagem memor\u00e1vel.<\/p>\n","protected":false},"excerpt":{"rendered":"<p>Ilh\u00e9us, no litoral da Bahia, desponta como um dos destinos mais encantadores do turismo brasileiro, especialmente para quem busca praias paradis\u00edacas, patrim\u00f4nio hist\u00f3rico e uma experi\u00eancia aut\u00eantica. Com forte apelo cultural, esse roteiro tur\u00edstico combina passeios, gastronomia local, hospedagem acolhedora e cen\u00e1rios naturais que surpreendem viajantes em busca de descanso e descoberta. Por que Ilh\u00e9us [&hellip;]<\/p>\n","protected":false},"author":21,"featured_media":128891,"comment_status":"open","ping_status":"open","sticky":false,"template":"","format":"standard","meta":{"jnews-multi-image_gallery":[],"jnews_single_post":{"format":"standard"},"jnews_primary_category":[],"jnews_social_meta":[],"jnews_override_counter":[],"footnotes":""},"categories":[473],"tags":[1233,17261,420,216],"class_list":["post-128889","post","type-post","status-publish","format-standard","has-post-thumbnail","hentry","category-turismo","tag-bahia","tag-ilheus","tag-praias","tag-turismo"],"yoast_head":"<!-- This site is optimized with the Yoast SEO plugin v26.5 - https:\/\/yoast.com\/wordpress\/plugins\/seo\/ -->\n<title>N\u00e3o \u00e9 Fortaleza, nem Natal: esse destino costeiro combina tranquilidade, praias e arquitetura preservada - UAI Not\u00edcias<\/title>\n<meta name=\"description\" content=\"Ilh\u00e9us encanta no turismo com praias paradis\u00edacas, arquitetura hist\u00f3rica e clima tranquilo, ideal para uma viagem inesquec\u00edvel na Bahia.\" \/>\n<meta name=\"robots\" content=\"index, follow, max-snippet:-1, max-image-preview:large, max-video-preview:-1\" \/>\n<link rel=\"canonical\" href=\"https:\/\/www.uai.com.br\/uainoticias\/2026\/04\/30\/nao-e-fortaleza-nem-natal-esse-destino-costeiro-combina-tranquilidade-praias-e-arquitetura-preservada\/\" \/>\n<meta property=\"og:locale\" content=\"pt_BR\" \/>\n<meta property=\"og:type\" content=\"article\" \/>\n<meta property=\"og:title\" content=\"N\u00e3o \u00e9 Fortaleza, nem Natal: esse destino costeiro combina tranquilidade, praias e arquitetura preservada - UAI Not\u00edcias\" \/>\n<meta property=\"og:description\" content=\"Ilh\u00e9us encanta no turismo com praias paradis\u00edacas, arquitetura hist\u00f3rica e clima tranquilo, ideal para uma viagem inesquec\u00edvel na Bahia.\" \/>\n<meta property=\"og:url\" content=\"https:\/\/www.uai.com.br\/uainoticias\/2026\/04\/30\/nao-e-fortaleza-nem-natal-esse-destino-costeiro-combina-tranquilidade-praias-e-arquitetura-preservada\/\" \/>\n<meta property=\"og:site_name\" content=\"UAI Not\u00edcias\" \/>\n<meta property=\"article:published_time\" content=\"2026-05-01T00:05:00+00:00\" \/>\n<meta property=\"og:image\" content=\"https:\/\/www.uai.com.br\/uainoticias\/wp-content\/uploads\/2026\/04\/X-2026-04-30T102542.080.jpg\" \/>\n\t<meta property=\"og:image:width\" content=\"2560\" \/>\n\t<meta property=\"og:image:height\" content=\"1440\" \/>\n\t<meta property=\"og:image:type\" content=\"image\/jpeg\" \/>\n<meta name=\"author\" content=\"Elis Souza\" \/>\n<meta name=\"twitter:card\" content=\"summary_large_image\" \/>\n<meta name=\"twitter:label1\" content=\"Escrito por\" \/>\n\t<meta name=\"twitter:data1\" content=\"Elis Souza\" \/>\n\t<meta name=\"twitter:label2\" content=\"Est. tempo de leitura\" \/>\n\t<meta name=\"twitter:data2\" content=\"4 minutos\" \/>\n<!-- \/ Yoast SEO plugin. -->","yoast_head_json":{"title":"N\u00e3o \u00e9 Fortaleza, nem Natal: esse destino costeiro combina tranquilidade, praias e arquitetura preservada - UAI Not\u00edcias","description":"Ilh\u00e9us encanta no turismo com praias paradis\u00edacas, arquitetura hist\u00f3rica e clima tranquilo, ideal para uma viagem inesquec\u00edvel na Bahia.","robots":{"index":"index","follow":"follow","max-snippet":"max-snippet:-1","max-image-preview":"max-image-preview:large","max-video-preview":"max-video-preview:-1"},"canonical":"https:\/\/www.uai.com.br\/uainoticias\/2026\/04\/30\/nao-e-fortaleza-nem-natal-esse-destino-costeiro-combina-tranquilidade-praias-e-arquitetura-preservada\/","og_locale":"pt_BR","og_type":"article","og_title":"N\u00e3o \u00e9 Fortaleza, nem Natal: esse destino costeiro combina tranquilidade, praias e arquitetura preservada - UAI Not\u00edcias","og_description":"Ilh\u00e9us encanta no turismo com praias paradis\u00edacas, arquitetura hist\u00f3rica e clima tranquilo, ideal para uma viagem inesquec\u00edvel na Bahia.","og_url":"https:\/\/www.uai.com.br\/uainoticias\/2026\/04\/30\/nao-e-fortaleza-nem-natal-esse-destino-costeiro-combina-tranquilidade-praias-e-arquitetura-preservada\/","og_site_name":"UAI Not\u00edcias","article_published_time":"2026-05-01T00:05:00+00:00","og_image":[{"width":2560,"height":1440,"url":"https:\/\/www.uai.com.br\/uainoticias\/wp-content\/uploads\/2026\/04\/X-2026-04-30T102542.080.jpg","type":"image\/jpeg"}],"author":"Elis Souza","twitter_card":"summary_large_image","twitter_misc":{"Escrito por":"Elis Souza","Est. tempo de leitura":"4 minutos"},"schema":{"@context":"https:\/\/schema.org","@graph":[{"@type":"WebPage","@id":"https:\/\/www.uai.com.br\/uainoticias\/2026\/04\/30\/nao-e-fortaleza-nem-natal-esse-destino-costeiro-combina-tranquilidade-praias-e-arquitetura-preservada\/","url":"https:\/\/www.uai.com.br\/uainoticias\/2026\/04\/30\/nao-e-fortaleza-nem-natal-esse-destino-costeiro-combina-tranquilidade-praias-e-arquitetura-preservada\/","name":"N\u00e3o \u00e9 Fortaleza, nem Natal: esse destino costeiro combina tranquilidade, praias e arquitetura preservada - UAI Not\u00edcias","isPartOf":{"@id":"https:\/\/www.uai.com.br\/uainoticias\/#website"},"primaryImageOfPage":{"@id":"https:\/\/www.uai.com.br\/uainoticias\/2026\/04\/30\/nao-e-fortaleza-nem-natal-esse-destino-costeiro-combina-tranquilidade-praias-e-arquitetura-preservada\/#primaryimage"},"image":{"@id":"https:\/\/www.uai.com.br\/uainoticias\/2026\/04\/30\/nao-e-fortaleza-nem-natal-esse-destino-costeiro-combina-tranquilidade-praias-e-arquitetura-preservada\/#primaryimage"},"thumbnailUrl":"https:\/\/www.uai.com.br\/uainoticias\/wp-content\/uploads\/2026\/04\/X-2026-04-30T102542.080.jpg","datePublished":"2026-05-01T00:05:00+00:00","author":{"@id":"https:\/\/www.uai.com.br\/uainoticias\/#\/schema\/person\/1258385bcc3fbd879fd10f9c170db42f"},"description":"Ilh\u00e9us encanta no turismo com praias paradis\u00edacas, arquitetura hist\u00f3rica e clima tranquilo, ideal para uma viagem inesquec\u00edvel na Bahia.","breadcrumb":{"@id":"https:\/\/www.uai.com.br\/uainoticias\/2026\/04\/30\/nao-e-fortaleza-nem-natal-esse-destino-costeiro-combina-tranquilidade-praias-e-arquitetura-preservada\/#breadcrumb"},"inLanguage":"pt-BR","potentialAction":[{"@type":"ReadAction","target":["https:\/\/www.uai.com.br\/uainoticias\/2026\/04\/30\/nao-e-fortaleza-nem-natal-esse-destino-costeiro-combina-tranquilidade-praias-e-arquitetura-preservada\/"]}]},{"@type":"ImageObject","inLanguage":"pt-BR","@id":"https:\/\/www.uai.com.br\/uainoticias\/2026\/04\/30\/nao-e-fortaleza-nem-natal-esse-destino-costeiro-combina-tranquilidade-praias-e-arquitetura-preservada\/#primaryimage","url":"https:\/\/www.uai.com.br\/uainoticias\/wp-content\/uploads\/2026\/04\/X-2026-04-30T102542.080.jpg","contentUrl":"https:\/\/www.uai.com.br\/uainoticias\/wp-content\/uploads\/2026\/04\/X-2026-04-30T102542.080.jpg","width":2560,"height":1440,"caption":"Ilh\u00e9us \u00e9 destaque no turismo da Bahia"},{"@type":"BreadcrumbList","@id":"https:\/\/www.uai.com.br\/uainoticias\/2026\/04\/30\/nao-e-fortaleza-nem-natal-esse-destino-costeiro-combina-tranquilidade-praias-e-arquitetura-preservada\/#breadcrumb","itemListElement":[{"@type":"ListItem","position":1,"name":"In\u00edcio","item":"https:\/\/www.uai.com.br\/uainoticias\/"},{"@type":"ListItem","position":2,"name":"N\u00e3o \u00e9 Fortaleza, nem Natal: esse destino costeiro combina tranquilidade, praias e arquitetura preservada"}]},{"@type":"WebSite","@id":"https:\/\/www.uai.com.br\/uainoticias\/#website","url":"https:\/\/www.uai.com.br\/uainoticias\/","name":"UAI Not\u00edcias","description":"Acompanhe as \u00faltimas not\u00edcias e fique bem informado sobre tudo o que acontece no Brasil e no mundo.","potentialAction":[{"@type":"SearchAction","target":{"@type":"EntryPoint","urlTemplate":"https:\/\/www.uai.com.br\/uainoticias\/?s={search_term_string}"},"query-input":{"@type":"PropertyValueSpecification","valueRequired":true,"valueName":"search_term_string"}}],"inLanguage":"pt-BR"},{"@type":"Person","@id":"https:\/\/www.uai.com.br\/uainoticias\/#\/schema\/person\/1258385bcc3fbd879fd10f9c170db42f","name":"Elis Souza","image":{"@type":"ImageObject","inLanguage":"pt-BR","@id":"https:\/\/www.uai.com.br\/uainoticias\/#\/schema\/person\/image\/","url":"https:\/\/secure.gravatar.com\/avatar\/3e64245e1729ae956ad3b8c7668da27e14acd24beef730713818f246d196582a?s=96&d=mm&r=g","contentUrl":"https:\/\/secure.gravatar.com\/avatar\/3e64245e1729ae956ad3b8c7668da27e14acd24beef730713818f246d196582a?s=96&d=mm&r=g","caption":"Elis Souza"},"sameAs":["https:\/\/www.uai.com.br\/uainoticias\/"],"url":"https:\/\/www.uai.com.br\/uainoticias\/author\/elissouza\/"}]}},"_links":{"self":[{"href":"https:\/\/www.uai.com.br\/uainoticias\/wp-json\/wp\/v2\/posts\/128889","targetHints":{"allow":["GET"]}}],"collection":[{"href":"https:\/\/www.uai.com.br\/uainoticias\/wp-json\/wp\/v2\/posts"}],"about":[{"href":"https:\/\/www.uai.com.br\/uainoticias\/wp-json\/wp\/v2\/types\/post"}],"author":[{"embeddable":true,"href":"https:\/\/www.uai.com.br\/uainoticias\/wp-json\/wp\/v2\/users\/21"}],"replies":[{"embeddable":true,"href":"https:\/\/www.uai.com.br\/uainoticias\/wp-json\/wp\/v2\/comments?post=128889"}],"version-history":[{"count":1,"href":"https:\/\/www.uai.com.br\/uainoticias\/wp-json\/wp\/v2\/posts\/128889\/revisions"}],"predecessor-version":[{"id":128892,"href":"https:\/\/www.uai.com.br\/uainoticias\/wp-json\/wp\/v2\/posts\/128889\/revisions\/128892"}],"wp:featuredmedia":[{"embeddable":true,"href":"https:\/\/www.uai.com.br\/uainoticias\/wp-json\/wp\/v2\/media\/128891"}],"wp:attachment":[{"href":"https:\/\/www.uai.com.br\/uainoticias\/wp-json\/wp\/v2\/media?parent=128889"}],"wp:term":[{"taxonomy":"category","embeddable":true,"href":"https:\/\/www.uai.com.br\/uainoticias\/wp-json\/wp\/v2\/categories?post=128889"},{"taxonomy":"post_tag","embeddable":true,"href":"https:\/\/www.uai.com.br\/uainoticias\/wp-json\/wp\/v2\/tags?post=128889"}],"curies":[{"name":"wp","href":"https:\/\/api.w.org\/{rel}","templated":true}]}}