{"id":128880,"date":"2026-04-30T19:05:00","date_gmt":"2026-04-30T22:05:00","guid":{"rendered":"https:\/\/www.uai.com.br\/uainoticias\/?p=128880"},"modified":"2026-04-30T10:10:09","modified_gmt":"2026-04-30T13:10:09","slug":"de-acordo-com-a-psicologia-muitos-aposentados-sentem-falta-de-serem-necessarios-mais-do-que-da-rotina-de-trabalho","status":"publish","type":"post","link":"https:\/\/www.uai.com.br\/uainoticias\/2026\/04\/30\/de-acordo-com-a-psicologia-muitos-aposentados-sentem-falta-de-serem-necessarios-mais-do-que-da-rotina-de-trabalho\/","title":{"rendered":"De acordo com a Psicologia, muitos aposentados sentem falta de serem necess\u00e1rios, mais do que da rotina de trabalho"},"content":{"rendered":"\n<p>Na psicologia, \u00e9 comum observar que muitos <strong>aposentados <\/strong>enfrentam um vazio emocional ap\u00f3s deixarem a <strong>rotina de trabalho<\/strong>, n\u00e3o apenas pela aus\u00eancia de atividades, mas pela perda do sentimento de serem necess\u00e1rios. Esse fen\u00f4meno envolve aspectos como identidade, autoestima, prop\u00f3sito e sa\u00fade mental, exigindo aten\u00e7\u00e3o ao bem-estar psicol\u00f3gico e \u00e0s mudan\u00e7as emocionais dessa fase da vida.<\/p>\n\n\n\n<h2 class=\"wp-block-heading\">Por que aposentados sentem falta de serem necess\u00e1rios?<\/h2>\n\n\n\n<p>Aposentados frequentemente associam seu valor pessoal \u00e0 <strong>produtividade <\/strong>e ao <strong>papel social <\/strong>desempenhado ao longo da vida. Na perspectiva da psicologia, o trabalho fortalece a identidade e o senso de utilidade, criando v\u00ednculos emocionais que n\u00e3o desaparecem imediatamente ap\u00f3s a aposentadoria.<\/p>\n\n\n\n<p>Sentir-se <strong>necess\u00e1rios <\/strong>est\u00e1 diretamente ligado \u00e0 autoestima e ao <strong>reconhecimento social<\/strong>. Quando essa valida\u00e7\u00e3o diminui com o fim da <strong>rotina de trabalho<\/strong>, pode surgir um vazio emocional, impactando o equil\u00edbrio psicol\u00f3gico e aumentando a vulnerabilidade a sentimentos como ansiedade e tristeza.<\/p>\n\n\n\n<h2 class=\"wp-block-heading\">Como a rotina de trabalho influencia a sa\u00fade mental?<\/h2>\n\n\n\n<p>A rotina de trabalho oferece estrutura, organiza\u00e7\u00e3o e prop\u00f3sito di\u00e1rio, elementos fundamentais para o funcionamento psicol\u00f3gico saud\u00e1vel. Para muitos aposentados, essa <strong><a href=\"https:\/\/www.uai.com.br\/uainoticias\/2025\/05\/17\/o-que-os-idosos-precisam-para-manter-a-saude-mental-e-o-bem-estar\/\" target=\"_blank\" rel=\"noreferrer noopener\">rotina <\/a><\/strong>era respons\u00e1vel por regular <strong>h\u00e1bitos<\/strong>, <strong>rela\u00e7\u00f5es sociais<\/strong> e at\u00e9 o <strong>humor<\/strong>.<\/p>\n\n\n\n<p>Sem essa estrutura, o c\u00e9rebro precisa se adaptar a uma nova realidade. A psicologia aponta que essa transi\u00e7\u00e3o pode gerar <strong>desorienta\u00e7\u00e3o emocional<\/strong>, especialmente quando a pessoa n\u00e3o encontra novas formas de se sentir necess\u00e1rios no cotidiano.<\/p>\n\n\n\n<h2 class=\"wp-block-heading\">Quais s\u00e3o os impactos emocionais nos aposentados?<\/h2>\n\n\n\n<p>Os impactos emocionais nos aposentados podem variar bastante, dependendo da forma como cada <strong>indiv\u00edduo <\/strong>encara essa fase. A aus\u00eancia da rotina de trabalho pode afetar diretamente o humor, a motiva\u00e7\u00e3o e o senso de pertencimento.<\/p>\n\n\n\n<p>Entre os principais efeitos observados pela psicologia, destacam-se mudan\u00e7as no comportamento e na sa\u00fade emocional. Esses impactos costumam aparecer de forma gradual e exigem aten\u00e7\u00e3o para evitar problemas mais <strong>s\u00e9rios<\/strong>.<\/p>\n\n\n\n<p>Entre os principais sinais emocionais, podemos destacar:<\/p>\n\n\n\n<ul class=\"wp-block-list\">\n<li>Sensa\u00e7\u00e3o de inutilidade ou perda de prop\u00f3sito<\/li>\n\n\n\n<li>Diminui\u00e7\u00e3o da autoestima e autoconfian\u00e7a<\/li>\n\n\n\n<li>Isolamento social e redu\u00e7\u00e3o de intera\u00e7\u00f5es<\/li>\n\n\n\n<li>Ansiedade ou tristeza frequente<\/li>\n\n\n\n<li>Dificuldade de adapta\u00e7\u00e3o \u00e0 nova rotina<\/li>\n<\/ul>\n\n\n\n<figure class=\"wp-block-image size-large\"><img decoding=\"async\" width=\"1024\" height=\"576\" src=\"https:\/\/www.uai.com.br\/uainoticias\/wp-content\/uploads\/2026\/04\/X-2026-04-30T100858.221-1024x576.jpg\" alt=\"De acordo com a Psicologia, muitos aposentados sentem falta de serem necess\u00e1rios, mais do que da rotina de trabalho\" class=\"wp-image-128881\" srcset=\"https:\/\/www.uai.com.br\/uainoticias\/wp-content\/uploads\/2026\/04\/X-2026-04-30T100858.221-1024x576.jpg 1024w, https:\/\/www.uai.com.br\/uainoticias\/wp-content\/uploads\/2026\/04\/X-2026-04-30T100858.221-300x169.jpg 300w, https:\/\/www.uai.com.br\/uainoticias\/wp-content\/uploads\/2026\/04\/X-2026-04-30T100858.221-768x432.jpg 768w, https:\/\/www.uai.com.br\/uainoticias\/wp-content\/uploads\/2026\/04\/X-2026-04-30T100858.221-1536x864.jpg 1536w, https:\/\/www.uai.com.br\/uainoticias\/wp-content\/uploads\/2026\/04\/X-2026-04-30T100858.221-2048x1152.jpg 2048w, https:\/\/www.uai.com.br\/uainoticias\/wp-content\/uploads\/2026\/04\/X-2026-04-30T100858.221-750x422.jpg 750w, https:\/\/www.uai.com.br\/uainoticias\/wp-content\/uploads\/2026\/04\/X-2026-04-30T100858.221-1140x641.jpg 1140w\" sizes=\"(max-width: 1024px) 100vw, 1024px\" \/><figcaption class=\"wp-element-caption\">Atividades sociais reduzem o isolamento<\/figcaption><\/figure>\n\n\n\n<h2 class=\"wp-block-heading\">Como os aposentados podem resgatar o sentimento de serem necess\u00e1rios?<\/h2>\n\n\n\n<p>Para que aposentados voltem a se sentir necess\u00e1rios, \u00e9 fundamental reconstruir o sentido de prop\u00f3sito. A psicologia sugere que novas <strong>atividades <\/strong>e <strong>v\u00ednculos <\/strong>sociais ajudam a preencher o espa\u00e7o deixado pela rotina de trabalho.<\/p>\n\n\n\n<p>Engajar-se em tarefas significativas permite que o indiv\u00edduo redescubra sua utilidade, fortalecendo a <strong><a href=\"https:\/\/www.gov.br\/saude\/pt-br\/assuntos\/saude-de-a-a-z\/s\/saude-mental\" target=\"_blank\" rel=\"noreferrer noopener\">sa\u00fade mental<\/a> <\/strong>e promovendo bem-estar emocional. Pequenas mudan\u00e7as podem gerar grandes impactos positivos na percep\u00e7\u00e3o de valor pessoal.<\/p>\n\n\n\n<p>Algumas estrat\u00e9gias eficazes incluem:<\/p>\n\n\n\n<ul class=\"wp-block-list\">\n<li>Participar de trabalhos volunt\u00e1rios<\/li>\n\n\n\n<li>Desenvolver novos hobbies ou habilidades<\/li>\n\n\n\n<li>Manter contato frequente com amigos e familiares<\/li>\n\n\n\n<li>Buscar atividades em grupo, como cursos ou oficinas<\/li>\n\n\n\n<li>Estabelecer uma nova rotina estruturada<\/li>\n<\/ul>\n\n\n\n<h2 class=\"wp-block-heading\">A psicologia pode ajudar na adapta\u00e7\u00e3o ap\u00f3s a aposentadoria?<\/h2>\n\n\n\n<p>A psicologia desempenha um papel essencial no processo de adapta\u00e7\u00e3o dos aposentados. O acompanhamento psicol\u00f3gico pode ajudar a compreender emo\u00e7\u00f5es, ressignificar a aus\u00eancia da rotina de trabalho e <strong>reconstruir o sentimento <\/strong>de serem necess\u00e1rios.<\/p>\n\n\n\n<p>Com apoio adequado, \u00e9 poss\u00edvel desenvolver uma <strong>nova identidade<\/strong>, baseada em valores pessoais e n\u00e3o apenas na produtividade. Essa transforma\u00e7\u00e3o fortalece a sa\u00fade emocional e contribui para uma fase mais equilibrada, ativa e satisfat\u00f3ria da vida.<\/p>\n\n\n\n<p>Em resumo, a psicologia mostra que o maior desafio dos aposentados n\u00e3o \u00e9 abandonar a rotina de trabalho, mas recuperar o <strong>senso de prop\u00f3sito <\/strong>e o <strong>desejo <\/strong>de se sentirem <strong>necess\u00e1rios<\/strong>. Ao investir no autoconhecimento, nas rela\u00e7\u00f5es sociais e em novas atividades, \u00e9 poss\u00edvel transformar essa fase em um per\u00edodo de crescimento, bem-estar e realiza\u00e7\u00e3o pessoal.<\/p>\n","protected":false},"excerpt":{"rendered":"<p>Na psicologia, \u00e9 comum observar que muitos aposentados enfrentam um vazio emocional ap\u00f3s deixarem a rotina de trabalho, n\u00e3o apenas pela aus\u00eancia de atividades, mas pela perda do sentimento de serem necess\u00e1rios. Esse fen\u00f4meno envolve aspectos como identidade, autoestima, prop\u00f3sito e sa\u00fade mental, exigindo aten\u00e7\u00e3o ao bem-estar psicol\u00f3gico e \u00e0s mudan\u00e7as emocionais dessa fase da [&hellip;]<\/p>\n","protected":false},"author":21,"featured_media":128882,"comment_status":"open","ping_status":"open","sticky":false,"template":"","format":"standard","meta":{"jnews-multi-image_gallery":[],"jnews_single_post":{"format":"standard"},"jnews_primary_category":[],"jnews_social_meta":[],"jnews_override_counter":[],"footnotes":""},"categories":[3046],"tags":[1323,17947,1852,23677],"class_list":["post-128880","post","type-post","status-publish","format-standard","has-post-thumbnail","hentry","category-curiosidades","tag-aposentados","tag-proposito","tag-psicologia","tag-rotina-de-trabalho"],"yoast_head":"<!-- This site is optimized with the Yoast SEO plugin v26.5 - https:\/\/yoast.com\/wordpress\/plugins\/seo\/ -->\n<title>De acordo com a Psicologia, muitos aposentados sentem falta de serem necess\u00e1rios, mais do que da rotina de trabalho - UAI Not\u00edcias<\/title>\n<meta name=\"description\" content=\"Aposentados podem sentir vazio ap\u00f3s o trabalho; psicologia explica como resgatar prop\u00f3sito, autoestima e o sentimento de serem necess\u00e1rios.\" \/>\n<meta name=\"robots\" content=\"index, follow, max-snippet:-1, max-image-preview:large, max-video-preview:-1\" \/>\n<link rel=\"canonical\" href=\"https:\/\/www.uai.com.br\/uainoticias\/2026\/04\/30\/de-acordo-com-a-psicologia-muitos-aposentados-sentem-falta-de-serem-necessarios-mais-do-que-da-rotina-de-trabalho\/\" \/>\n<meta property=\"og:locale\" content=\"pt_BR\" \/>\n<meta property=\"og:type\" content=\"article\" \/>\n<meta property=\"og:title\" content=\"De acordo com a Psicologia, muitos aposentados sentem falta de serem necess\u00e1rios, mais do que da rotina de trabalho - UAI Not\u00edcias\" \/>\n<meta property=\"og:description\" content=\"Aposentados podem sentir vazio ap\u00f3s o trabalho; psicologia explica como resgatar prop\u00f3sito, autoestima e o sentimento de serem necess\u00e1rios.\" \/>\n<meta property=\"og:url\" content=\"https:\/\/www.uai.com.br\/uainoticias\/2026\/04\/30\/de-acordo-com-a-psicologia-muitos-aposentados-sentem-falta-de-serem-necessarios-mais-do-que-da-rotina-de-trabalho\/\" \/>\n<meta property=\"og:site_name\" content=\"UAI Not\u00edcias\" \/>\n<meta property=\"article:published_time\" content=\"2026-04-30T22:05:00+00:00\" \/>\n<meta property=\"og:image\" content=\"https:\/\/www.uai.com.br\/uainoticias\/wp-content\/uploads\/2026\/04\/X-2026-04-30T100545.210.jpg\" \/>\n\t<meta property=\"og:image:width\" content=\"2560\" \/>\n\t<meta property=\"og:image:height\" content=\"1440\" \/>\n\t<meta property=\"og:image:type\" content=\"image\/jpeg\" \/>\n<meta name=\"author\" content=\"Elis Souza\" \/>\n<meta name=\"twitter:card\" content=\"summary_large_image\" \/>\n<meta name=\"twitter:label1\" content=\"Escrito por\" \/>\n\t<meta name=\"twitter:data1\" content=\"Elis Souza\" \/>\n\t<meta name=\"twitter:label2\" content=\"Est. tempo de leitura\" \/>\n\t<meta name=\"twitter:data2\" content=\"4 minutos\" \/>\n<!-- \/ Yoast SEO plugin. -->","yoast_head_json":{"title":"De acordo com a Psicologia, muitos aposentados sentem falta de serem necess\u00e1rios, mais do que da rotina de trabalho - UAI Not\u00edcias","description":"Aposentados podem sentir vazio ap\u00f3s o trabalho; psicologia explica como resgatar prop\u00f3sito, autoestima e o sentimento de serem necess\u00e1rios.","robots":{"index":"index","follow":"follow","max-snippet":"max-snippet:-1","max-image-preview":"max-image-preview:large","max-video-preview":"max-video-preview:-1"},"canonical":"https:\/\/www.uai.com.br\/uainoticias\/2026\/04\/30\/de-acordo-com-a-psicologia-muitos-aposentados-sentem-falta-de-serem-necessarios-mais-do-que-da-rotina-de-trabalho\/","og_locale":"pt_BR","og_type":"article","og_title":"De acordo com a Psicologia, muitos aposentados sentem falta de serem necess\u00e1rios, mais do que da rotina de trabalho - UAI Not\u00edcias","og_description":"Aposentados podem sentir vazio ap\u00f3s o trabalho; psicologia explica como resgatar prop\u00f3sito, autoestima e o sentimento de serem necess\u00e1rios.","og_url":"https:\/\/www.uai.com.br\/uainoticias\/2026\/04\/30\/de-acordo-com-a-psicologia-muitos-aposentados-sentem-falta-de-serem-necessarios-mais-do-que-da-rotina-de-trabalho\/","og_site_name":"UAI Not\u00edcias","article_published_time":"2026-04-30T22:05:00+00:00","og_image":[{"width":2560,"height":1440,"url":"https:\/\/www.uai.com.br\/uainoticias\/wp-content\/uploads\/2026\/04\/X-2026-04-30T100545.210.jpg","type":"image\/jpeg"}],"author":"Elis Souza","twitter_card":"summary_large_image","twitter_misc":{"Escrito por":"Elis Souza","Est. tempo de leitura":"4 minutos"},"schema":{"@context":"https:\/\/schema.org","@graph":[{"@type":"WebPage","@id":"https:\/\/www.uai.com.br\/uainoticias\/2026\/04\/30\/de-acordo-com-a-psicologia-muitos-aposentados-sentem-falta-de-serem-necessarios-mais-do-que-da-rotina-de-trabalho\/","url":"https:\/\/www.uai.com.br\/uainoticias\/2026\/04\/30\/de-acordo-com-a-psicologia-muitos-aposentados-sentem-falta-de-serem-necessarios-mais-do-que-da-rotina-de-trabalho\/","name":"De acordo com a Psicologia, muitos aposentados sentem falta de serem necess\u00e1rios, mais do que da rotina de trabalho - UAI Not\u00edcias","isPartOf":{"@id":"https:\/\/www.uai.com.br\/uainoticias\/#website"},"primaryImageOfPage":{"@id":"https:\/\/www.uai.com.br\/uainoticias\/2026\/04\/30\/de-acordo-com-a-psicologia-muitos-aposentados-sentem-falta-de-serem-necessarios-mais-do-que-da-rotina-de-trabalho\/#primaryimage"},"image":{"@id":"https:\/\/www.uai.com.br\/uainoticias\/2026\/04\/30\/de-acordo-com-a-psicologia-muitos-aposentados-sentem-falta-de-serem-necessarios-mais-do-que-da-rotina-de-trabalho\/#primaryimage"},"thumbnailUrl":"https:\/\/www.uai.com.br\/uainoticias\/wp-content\/uploads\/2026\/04\/X-2026-04-30T100545.210.jpg","datePublished":"2026-04-30T22:05:00+00:00","author":{"@id":"https:\/\/www.uai.com.br\/uainoticias\/#\/schema\/person\/1258385bcc3fbd879fd10f9c170db42f"},"description":"Aposentados podem sentir vazio ap\u00f3s o trabalho; psicologia explica como resgatar prop\u00f3sito, autoestima e o sentimento de serem necess\u00e1rios.","breadcrumb":{"@id":"https:\/\/www.uai.com.br\/uainoticias\/2026\/04\/30\/de-acordo-com-a-psicologia-muitos-aposentados-sentem-falta-de-serem-necessarios-mais-do-que-da-rotina-de-trabalho\/#breadcrumb"},"inLanguage":"pt-BR","potentialAction":[{"@type":"ReadAction","target":["https:\/\/www.uai.com.br\/uainoticias\/2026\/04\/30\/de-acordo-com-a-psicologia-muitos-aposentados-sentem-falta-de-serem-necessarios-mais-do-que-da-rotina-de-trabalho\/"]}]},{"@type":"ImageObject","inLanguage":"pt-BR","@id":"https:\/\/www.uai.com.br\/uainoticias\/2026\/04\/30\/de-acordo-com-a-psicologia-muitos-aposentados-sentem-falta-de-serem-necessarios-mais-do-que-da-rotina-de-trabalho\/#primaryimage","url":"https:\/\/www.uai.com.br\/uainoticias\/wp-content\/uploads\/2026\/04\/X-2026-04-30T100545.210.jpg","contentUrl":"https:\/\/www.uai.com.br\/uainoticias\/wp-content\/uploads\/2026\/04\/X-2026-04-30T100545.210.jpg","width":2560,"height":1440,"caption":"Aposentadoria muda a percep\u00e7\u00e3o de identidade"},{"@type":"BreadcrumbList","@id":"https:\/\/www.uai.com.br\/uainoticias\/2026\/04\/30\/de-acordo-com-a-psicologia-muitos-aposentados-sentem-falta-de-serem-necessarios-mais-do-que-da-rotina-de-trabalho\/#breadcrumb","itemListElement":[{"@type":"ListItem","position":1,"name":"In\u00edcio","item":"https:\/\/www.uai.com.br\/uainoticias\/"},{"@type":"ListItem","position":2,"name":"De acordo com a Psicologia, muitos aposentados sentem falta de serem necess\u00e1rios, mais do que da rotina de trabalho"}]},{"@type":"WebSite","@id":"https:\/\/www.uai.com.br\/uainoticias\/#website","url":"https:\/\/www.uai.com.br\/uainoticias\/","name":"UAI Not\u00edcias","description":"Acompanhe as \u00faltimas not\u00edcias e fique bem informado sobre tudo o que acontece no Brasil e no mundo.","potentialAction":[{"@type":"SearchAction","target":{"@type":"EntryPoint","urlTemplate":"https:\/\/www.uai.com.br\/uainoticias\/?s={search_term_string}"},"query-input":{"@type":"PropertyValueSpecification","valueRequired":true,"valueName":"search_term_string"}}],"inLanguage":"pt-BR"},{"@type":"Person","@id":"https:\/\/www.uai.com.br\/uainoticias\/#\/schema\/person\/1258385bcc3fbd879fd10f9c170db42f","name":"Elis Souza","image":{"@type":"ImageObject","inLanguage":"pt-BR","@id":"https:\/\/www.uai.com.br\/uainoticias\/#\/schema\/person\/image\/","url":"https:\/\/secure.gravatar.com\/avatar\/3e64245e1729ae956ad3b8c7668da27e14acd24beef730713818f246d196582a?s=96&d=mm&r=g","contentUrl":"https:\/\/secure.gravatar.com\/avatar\/3e64245e1729ae956ad3b8c7668da27e14acd24beef730713818f246d196582a?s=96&d=mm&r=g","caption":"Elis Souza"},"sameAs":["https:\/\/www.uai.com.br\/uainoticias\/"],"url":"https:\/\/www.uai.com.br\/uainoticias\/author\/elissouza\/"}]}},"_links":{"self":[{"href":"https:\/\/www.uai.com.br\/uainoticias\/wp-json\/wp\/v2\/posts\/128880","targetHints":{"allow":["GET"]}}],"collection":[{"href":"https:\/\/www.uai.com.br\/uainoticias\/wp-json\/wp\/v2\/posts"}],"about":[{"href":"https:\/\/www.uai.com.br\/uainoticias\/wp-json\/wp\/v2\/types\/post"}],"author":[{"embeddable":true,"href":"https:\/\/www.uai.com.br\/uainoticias\/wp-json\/wp\/v2\/users\/21"}],"replies":[{"embeddable":true,"href":"https:\/\/www.uai.com.br\/uainoticias\/wp-json\/wp\/v2\/comments?post=128880"}],"version-history":[{"count":1,"href":"https:\/\/www.uai.com.br\/uainoticias\/wp-json\/wp\/v2\/posts\/128880\/revisions"}],"predecessor-version":[{"id":128883,"href":"https:\/\/www.uai.com.br\/uainoticias\/wp-json\/wp\/v2\/posts\/128880\/revisions\/128883"}],"wp:featuredmedia":[{"embeddable":true,"href":"https:\/\/www.uai.com.br\/uainoticias\/wp-json\/wp\/v2\/media\/128882"}],"wp:attachment":[{"href":"https:\/\/www.uai.com.br\/uainoticias\/wp-json\/wp\/v2\/media?parent=128880"}],"wp:term":[{"taxonomy":"category","embeddable":true,"href":"https:\/\/www.uai.com.br\/uainoticias\/wp-json\/wp\/v2\/categories?post=128880"},{"taxonomy":"post_tag","embeddable":true,"href":"https:\/\/www.uai.com.br\/uainoticias\/wp-json\/wp\/v2\/tags?post=128880"}],"curies":[{"name":"wp","href":"https:\/\/api.w.org\/{rel}","templated":true}]}}