{"id":128866,"date":"2026-04-30T17:35:00","date_gmt":"2026-04-30T20:35:00","guid":{"rendered":"https:\/\/www.uai.com.br\/uainoticias\/?p=128866"},"modified":"2026-04-30T09:50:06","modified_gmt":"2026-04-30T12:50:06","slug":"agora-todos-querem-esta-arvore-em-seus-jardins-ela-nao-danifica-o-concreto-e-produz-frutos-suculentos","status":"publish","type":"post","link":"https:\/\/www.uai.com.br\/uainoticias\/2026\/04\/30\/agora-todos-querem-esta-arvore-em-seus-jardins-ela-nao-danifica-o-concreto-e-produz-frutos-suculentos\/","title":{"rendered":"Agora todos querem esta \u00e1rvore em seus jardins: ela n\u00e3o danifica o concreto e produz frutos suculentos"},"content":{"rendered":"\n<p>No universo da <strong>jardinagem<\/strong>, a \u00e1rvore figueira tem ganhado destaque entre quem deseja um jardim bonito e funcional. Essa esp\u00e9cie \u00e9 cada vez mais procurada por n\u00e3o causar danos ao concreto e ainda produzir frutos suculentos muito apreciados. Al\u00e9m de pr\u00e1tica, a figueira se adapta bem a diferentes espa\u00e7os e traz um toque natural ao <strong>paisagismo<\/strong>.<\/p>\n\n\n\n<h2 class=\"wp-block-heading\">Por que a \u00e1rvore figueira n\u00e3o danifica o concreto?<\/h2>\n\n\n\n<p>A <strong><a href=\"https:\/\/pt.wikipedia.org\/wiki\/Figueira\" target=\"_blank\" rel=\"noreferrer noopener\">\u00e1rvore figueira<\/a> <\/strong>possui ra\u00edzes que, quando bem manejadas, tendem a crescer de forma controlada, evitando danos ao piso e \u00e0s estruturas do <strong><a href=\"https:\/\/www.uai.com.br\/uainoticias\/2026\/04\/29\/plante-uma-vez-e-desfrute-para-sempre-as-quatro-plantas-que-resistem-a-seca-e-enchem-o-jardim-de-vida-o-ano-todo\/\" target=\"_blank\" rel=\"noreferrer noopener\">jardim<\/a><\/strong>. Isso a torna uma excelente op\u00e7\u00e3o para \u00e1reas residenciais com <strong>cal\u00e7adas <\/strong>ou pisos pr\u00f3ximos.<\/p>\n\n\n\n<p>Na jardinagem, esse comportamento \u00e9 valorizado, pois reduz custos com manuten\u00e7\u00e3o e evita problemas comuns causados por <strong>ra\u00edzes agressivas<\/strong>. Assim, \u00e9 poss\u00edvel cultivar a figueira com mais tranquilidade em espa\u00e7os urbanos.<\/p>\n\n\n\n<h2 class=\"wp-block-heading\">Quais frutos suculentos a figueira produz?<\/h2>\n\n\n\n<p>A \u00e1rvore figueira \u00e9 conhecida por seus frutos suculentos, os <strong>figos<\/strong>, que possuem sabor doce e textura macia. Esses frutos s\u00e3o muito utilizados na alimenta\u00e7\u00e3o, tanto in natura quanto em receitas como doces e geleias.<\/p>\n\n\n\n<p>No jardim, a presen\u00e7a desses frutos valoriza ainda mais o cultivo. Na jardinagem, ter uma <strong>planta produtiva <\/strong>como a figueira transforma o espa\u00e7o em um ambiente mais \u00fatil e prazeroso.<\/p>\n\n\n\n<h2 class=\"wp-block-heading\">Como cuidar da \u00e1rvore figueira no jardim?<\/h2>\n\n\n\n<p>Para manter a \u00e1rvore figueira saud\u00e1vel, \u00e9 importante garantir um solo f\u00e9rtil, boa <strong>exposi\u00e7\u00e3o ao sol <\/strong>e irriga\u00e7\u00e3o equilibrada. Esses cuidados favorecem o desenvolvimento da planta e a produ\u00e7\u00e3o de frutos suculentos.<\/p>\n\n\n\n<p>Na pr\u00e1tica da <strong>jardinagem<\/strong>, alguns cuidados s\u00e3o essenciais para o bom crescimento da figueira:<\/p>\n\n\n\n<ul class=\"wp-block-list\">\n<li>Realizar podas regulares para controlar o tamanho<\/li>\n\n\n\n<li>Manter o solo rico em mat\u00e9ria org\u00e2nica<\/li>\n\n\n\n<li>Evitar excesso de \u00e1gua nas ra\u00edzes<\/li>\n\n\n\n<li>Observar poss\u00edveis pragas e doen\u00e7as<\/li>\n<\/ul>\n\n\n\n<figure class=\"wp-block-image size-large\"><img decoding=\"async\" width=\"1024\" height=\"576\" src=\"https:\/\/www.uai.com.br\/uainoticias\/wp-content\/uploads\/2026\/04\/X-2026-04-30T094846.627-1024x576.jpg\" alt=\"Agora todos querem esta \u00e1rvore em seus jardins: ela n\u00e3o danifica o concreto e produz frutos suculentos\" class=\"wp-image-128868\" srcset=\"https:\/\/www.uai.com.br\/uainoticias\/wp-content\/uploads\/2026\/04\/X-2026-04-30T094846.627-1024x576.jpg 1024w, https:\/\/www.uai.com.br\/uainoticias\/wp-content\/uploads\/2026\/04\/X-2026-04-30T094846.627-300x169.jpg 300w, https:\/\/www.uai.com.br\/uainoticias\/wp-content\/uploads\/2026\/04\/X-2026-04-30T094846.627-768x432.jpg 768w, https:\/\/www.uai.com.br\/uainoticias\/wp-content\/uploads\/2026\/04\/X-2026-04-30T094846.627-1536x864.jpg 1536w, https:\/\/www.uai.com.br\/uainoticias\/wp-content\/uploads\/2026\/04\/X-2026-04-30T094846.627-2048x1152.jpg 2048w, https:\/\/www.uai.com.br\/uainoticias\/wp-content\/uploads\/2026\/04\/X-2026-04-30T094846.627-750x422.jpg 750w, https:\/\/www.uai.com.br\/uainoticias\/wp-content\/uploads\/2026\/04\/X-2026-04-30T094846.627-1140x641.jpg 1140w\" sizes=\"(max-width: 1024px) 100vw, 1024px\" \/><figcaption class=\"wp-element-caption\">\u00c1rvores frut\u00edferas trazem beleza e alimento<\/figcaption><\/figure>\n\n\n\n<h2 class=\"wp-block-heading\">Quais vantagens a figueira traz para o jardim?<\/h2>\n\n\n\n<p>A \u00e1rvore figueira oferece sombra agrad\u00e1vel e contribui para um jardim mais acolhedor. Al\u00e9m disso, seus frutos suculentos tornam o espa\u00e7o mais produtivo e interessante para quem gosta de <strong>cultivar plantas<\/strong>.<\/p>\n\n\n\n<p>Na jardinagem, ela tamb\u00e9m ajuda a <strong>atrair p\u00e1ssaros <\/strong>e insetos ben\u00e9ficos, promovendo equil\u00edbrio ambiental. Isso melhora a sa\u00fade do solo e favorece o crescimento de outras esp\u00e9cies no entorno.<\/p>\n\n\n\n<h2 class=\"wp-block-heading\">Como escolher o melhor local para plantar a figueira?<\/h2>\n\n\n\n<p>Escolher o local ideal para a \u00e1rvore figueira no jardim \u00e9 fundamental para garantir seu desenvolvimento saud\u00e1vel. Prefira \u00e1reas com boa <strong>incid\u00eancia de sol <\/strong>e espa\u00e7o suficiente para o crescimento da planta.<\/p>\n\n\n\n<p>Na <strong>jardinagem<\/strong>, alguns crit\u00e9rios ajudam na escolha do local perfeito:<\/p>\n\n\n\n<ul class=\"wp-block-list\">\n<li>Espa\u00e7o adequado para expans\u00e3o da copa<\/li>\n\n\n\n<li>Solo bem drenado e f\u00e9rtil<\/li>\n\n\n\n<li>Dist\u00e2ncia segura de constru\u00e7\u00f5es<\/li>\n\n\n\n<li>Boa exposi\u00e7\u00e3o \u00e0 luz solar<\/li>\n\n\n\n<li>Facilidade de acesso para manuten\u00e7\u00e3o<\/li>\n<\/ul>\n\n\n\n<p>Investir na \u00e1rvore figueira \u00e9 uma excelente escolha para quem busca um jardim bonito, produtivo e de f\u00e1cil manuten\u00e7\u00e3o. Na jardinagem, essa esp\u00e9cie se destaca por unir est\u00e9tica, praticidade e frutos suculentos, tornando o cultivo ainda mais <strong>recompensador<\/strong>.<\/p>\n","protected":false},"excerpt":{"rendered":"<p>No universo da jardinagem, a \u00e1rvore figueira tem ganhado destaque entre quem deseja um jardim bonito e funcional. Essa esp\u00e9cie \u00e9 cada vez mais procurada por n\u00e3o causar danos ao concreto e ainda produzir frutos suculentos muito apreciados. Al\u00e9m de pr\u00e1tica, a figueira se adapta bem a diferentes espa\u00e7os e traz um toque natural ao [&hellip;]<\/p>\n","protected":false},"author":21,"featured_media":128869,"comment_status":"open","ping_status":"open","sticky":false,"template":"","format":"standard","meta":{"jnews-multi-image_gallery":[],"jnews_single_post":{"format":"standard"},"jnews_primary_category":[],"jnews_social_meta":[],"jnews_override_counter":[],"footnotes":""},"categories":[11599],"tags":[5458,23670,4066,1140],"class_list":["post-128866","post","type-post","status-publish","format-standard","has-post-thumbnail","hentry","category-jardinagem","tag-arvore","tag-frutos-suculentos","tag-jardim","tag-jardinagem"],"yoast_head":"<!-- This site is optimized with the Yoast SEO plugin v26.5 - https:\/\/yoast.com\/wordpress\/plugins\/seo\/ -->\n<title>Agora todos querem esta \u00e1rvore em seus jardins: ela n\u00e3o danifica o concreto e produz frutos suculentos - UAI Not\u00edcias<\/title>\n<meta name=\"description\" content=\"\u00c1rvore ideal para jardim n\u00e3o danifica o concreto e ainda produz frutos suculentos, unindo beleza, praticidade e jardinagem sustent\u00e1vel.\" \/>\n<meta name=\"robots\" content=\"index, follow, max-snippet:-1, max-image-preview:large, max-video-preview:-1\" \/>\n<link rel=\"canonical\" href=\"https:\/\/www.uai.com.br\/uainoticias\/2026\/04\/30\/agora-todos-querem-esta-arvore-em-seus-jardins-ela-nao-danifica-o-concreto-e-produz-frutos-suculentos\/\" \/>\n<meta property=\"og:locale\" content=\"pt_BR\" \/>\n<meta property=\"og:type\" content=\"article\" \/>\n<meta property=\"og:title\" content=\"Agora todos querem esta \u00e1rvore em seus jardins: ela n\u00e3o danifica o concreto e produz frutos suculentos - UAI Not\u00edcias\" \/>\n<meta property=\"og:description\" content=\"\u00c1rvore ideal para jardim n\u00e3o danifica o concreto e ainda produz frutos suculentos, unindo beleza, praticidade e jardinagem sustent\u00e1vel.\" \/>\n<meta property=\"og:url\" content=\"https:\/\/www.uai.com.br\/uainoticias\/2026\/04\/30\/agora-todos-querem-esta-arvore-em-seus-jardins-ela-nao-danifica-o-concreto-e-produz-frutos-suculentos\/\" \/>\n<meta property=\"og:site_name\" content=\"UAI Not\u00edcias\" \/>\n<meta property=\"article:published_time\" content=\"2026-04-30T20:35:00+00:00\" \/>\n<meta property=\"og:image\" content=\"https:\/\/www.uai.com.br\/uainoticias\/wp-content\/uploads\/2026\/04\/X-2026-04-30T094553.155.jpg\" \/>\n\t<meta property=\"og:image:width\" content=\"2560\" \/>\n\t<meta property=\"og:image:height\" content=\"1440\" \/>\n\t<meta property=\"og:image:type\" content=\"image\/jpeg\" \/>\n<meta name=\"author\" content=\"Elis Souza\" \/>\n<meta name=\"twitter:card\" content=\"summary_large_image\" \/>\n<meta name=\"twitter:label1\" content=\"Escrito por\" \/>\n\t<meta name=\"twitter:data1\" content=\"Elis Souza\" \/>\n\t<meta name=\"twitter:label2\" content=\"Est. tempo de leitura\" \/>\n\t<meta name=\"twitter:data2\" content=\"4 minutos\" \/>\n<!-- \/ Yoast SEO plugin. -->","yoast_head_json":{"title":"Agora todos querem esta \u00e1rvore em seus jardins: ela n\u00e3o danifica o concreto e produz frutos suculentos - UAI Not\u00edcias","description":"\u00c1rvore ideal para jardim n\u00e3o danifica o concreto e ainda produz frutos suculentos, unindo beleza, praticidade e jardinagem sustent\u00e1vel.","robots":{"index":"index","follow":"follow","max-snippet":"max-snippet:-1","max-image-preview":"max-image-preview:large","max-video-preview":"max-video-preview:-1"},"canonical":"https:\/\/www.uai.com.br\/uainoticias\/2026\/04\/30\/agora-todos-querem-esta-arvore-em-seus-jardins-ela-nao-danifica-o-concreto-e-produz-frutos-suculentos\/","og_locale":"pt_BR","og_type":"article","og_title":"Agora todos querem esta \u00e1rvore em seus jardins: ela n\u00e3o danifica o concreto e produz frutos suculentos - UAI Not\u00edcias","og_description":"\u00c1rvore ideal para jardim n\u00e3o danifica o concreto e ainda produz frutos suculentos, unindo beleza, praticidade e jardinagem sustent\u00e1vel.","og_url":"https:\/\/www.uai.com.br\/uainoticias\/2026\/04\/30\/agora-todos-querem-esta-arvore-em-seus-jardins-ela-nao-danifica-o-concreto-e-produz-frutos-suculentos\/","og_site_name":"UAI Not\u00edcias","article_published_time":"2026-04-30T20:35:00+00:00","og_image":[{"width":2560,"height":1440,"url":"https:\/\/www.uai.com.br\/uainoticias\/wp-content\/uploads\/2026\/04\/X-2026-04-30T094553.155.jpg","type":"image\/jpeg"}],"author":"Elis Souza","twitter_card":"summary_large_image","twitter_misc":{"Escrito por":"Elis Souza","Est. tempo de leitura":"4 minutos"},"schema":{"@context":"https:\/\/schema.org","@graph":[{"@type":"WebPage","@id":"https:\/\/www.uai.com.br\/uainoticias\/2026\/04\/30\/agora-todos-querem-esta-arvore-em-seus-jardins-ela-nao-danifica-o-concreto-e-produz-frutos-suculentos\/","url":"https:\/\/www.uai.com.br\/uainoticias\/2026\/04\/30\/agora-todos-querem-esta-arvore-em-seus-jardins-ela-nao-danifica-o-concreto-e-produz-frutos-suculentos\/","name":"Agora todos querem esta \u00e1rvore em seus jardins: ela n\u00e3o danifica o concreto e produz frutos suculentos - UAI Not\u00edcias","isPartOf":{"@id":"https:\/\/www.uai.com.br\/uainoticias\/#website"},"primaryImageOfPage":{"@id":"https:\/\/www.uai.com.br\/uainoticias\/2026\/04\/30\/agora-todos-querem-esta-arvore-em-seus-jardins-ela-nao-danifica-o-concreto-e-produz-frutos-suculentos\/#primaryimage"},"image":{"@id":"https:\/\/www.uai.com.br\/uainoticias\/2026\/04\/30\/agora-todos-querem-esta-arvore-em-seus-jardins-ela-nao-danifica-o-concreto-e-produz-frutos-suculentos\/#primaryimage"},"thumbnailUrl":"https:\/\/www.uai.com.br\/uainoticias\/wp-content\/uploads\/2026\/04\/X-2026-04-30T094553.155.jpg","datePublished":"2026-04-30T20:35:00+00:00","author":{"@id":"https:\/\/www.uai.com.br\/uainoticias\/#\/schema\/person\/1258385bcc3fbd879fd10f9c170db42f"},"description":"\u00c1rvore ideal para jardim n\u00e3o danifica o concreto e ainda produz frutos suculentos, unindo beleza, praticidade e jardinagem sustent\u00e1vel.","breadcrumb":{"@id":"https:\/\/www.uai.com.br\/uainoticias\/2026\/04\/30\/agora-todos-querem-esta-arvore-em-seus-jardins-ela-nao-danifica-o-concreto-e-produz-frutos-suculentos\/#breadcrumb"},"inLanguage":"pt-BR","potentialAction":[{"@type":"ReadAction","target":["https:\/\/www.uai.com.br\/uainoticias\/2026\/04\/30\/agora-todos-querem-esta-arvore-em-seus-jardins-ela-nao-danifica-o-concreto-e-produz-frutos-suculentos\/"]}]},{"@type":"ImageObject","inLanguage":"pt-BR","@id":"https:\/\/www.uai.com.br\/uainoticias\/2026\/04\/30\/agora-todos-querem-esta-arvore-em-seus-jardins-ela-nao-danifica-o-concreto-e-produz-frutos-suculentos\/#primaryimage","url":"https:\/\/www.uai.com.br\/uainoticias\/wp-content\/uploads\/2026\/04\/X-2026-04-30T094553.155.jpg","contentUrl":"https:\/\/www.uai.com.br\/uainoticias\/wp-content\/uploads\/2026\/04\/X-2026-04-30T094553.155.jpg","width":2560,"height":1440,"caption":"\u00c1rvores certas evitam danos ao concreto"},{"@type":"BreadcrumbList","@id":"https:\/\/www.uai.com.br\/uainoticias\/2026\/04\/30\/agora-todos-querem-esta-arvore-em-seus-jardins-ela-nao-danifica-o-concreto-e-produz-frutos-suculentos\/#breadcrumb","itemListElement":[{"@type":"ListItem","position":1,"name":"In\u00edcio","item":"https:\/\/www.uai.com.br\/uainoticias\/"},{"@type":"ListItem","position":2,"name":"Agora todos querem esta \u00e1rvore em seus jardins: ela n\u00e3o danifica o concreto e produz frutos suculentos"}]},{"@type":"WebSite","@id":"https:\/\/www.uai.com.br\/uainoticias\/#website","url":"https:\/\/www.uai.com.br\/uainoticias\/","name":"UAI Not\u00edcias","description":"Acompanhe as \u00faltimas not\u00edcias e fique bem informado sobre tudo o que acontece no Brasil e no mundo.","potentialAction":[{"@type":"SearchAction","target":{"@type":"EntryPoint","urlTemplate":"https:\/\/www.uai.com.br\/uainoticias\/?s={search_term_string}"},"query-input":{"@type":"PropertyValueSpecification","valueRequired":true,"valueName":"search_term_string"}}],"inLanguage":"pt-BR"},{"@type":"Person","@id":"https:\/\/www.uai.com.br\/uainoticias\/#\/schema\/person\/1258385bcc3fbd879fd10f9c170db42f","name":"Elis Souza","image":{"@type":"ImageObject","inLanguage":"pt-BR","@id":"https:\/\/www.uai.com.br\/uainoticias\/#\/schema\/person\/image\/","url":"https:\/\/secure.gravatar.com\/avatar\/3e64245e1729ae956ad3b8c7668da27e14acd24beef730713818f246d196582a?s=96&d=mm&r=g","contentUrl":"https:\/\/secure.gravatar.com\/avatar\/3e64245e1729ae956ad3b8c7668da27e14acd24beef730713818f246d196582a?s=96&d=mm&r=g","caption":"Elis Souza"},"sameAs":["https:\/\/www.uai.com.br\/uainoticias\/"],"url":"https:\/\/www.uai.com.br\/uainoticias\/author\/elissouza\/"}]}},"_links":{"self":[{"href":"https:\/\/www.uai.com.br\/uainoticias\/wp-json\/wp\/v2\/posts\/128866","targetHints":{"allow":["GET"]}}],"collection":[{"href":"https:\/\/www.uai.com.br\/uainoticias\/wp-json\/wp\/v2\/posts"}],"about":[{"href":"https:\/\/www.uai.com.br\/uainoticias\/wp-json\/wp\/v2\/types\/post"}],"author":[{"embeddable":true,"href":"https:\/\/www.uai.com.br\/uainoticias\/wp-json\/wp\/v2\/users\/21"}],"replies":[{"embeddable":true,"href":"https:\/\/www.uai.com.br\/uainoticias\/wp-json\/wp\/v2\/comments?post=128866"}],"version-history":[{"count":1,"href":"https:\/\/www.uai.com.br\/uainoticias\/wp-json\/wp\/v2\/posts\/128866\/revisions"}],"predecessor-version":[{"id":128870,"href":"https:\/\/www.uai.com.br\/uainoticias\/wp-json\/wp\/v2\/posts\/128866\/revisions\/128870"}],"wp:featuredmedia":[{"embeddable":true,"href":"https:\/\/www.uai.com.br\/uainoticias\/wp-json\/wp\/v2\/media\/128869"}],"wp:attachment":[{"href":"https:\/\/www.uai.com.br\/uainoticias\/wp-json\/wp\/v2\/media?parent=128866"}],"wp:term":[{"taxonomy":"category","embeddable":true,"href":"https:\/\/www.uai.com.br\/uainoticias\/wp-json\/wp\/v2\/categories?post=128866"},{"taxonomy":"post_tag","embeddable":true,"href":"https:\/\/www.uai.com.br\/uainoticias\/wp-json\/wp\/v2\/tags?post=128866"}],"curies":[{"name":"wp","href":"https:\/\/api.w.org\/{rel}","templated":true}]}}