{"id":128858,"date":"2026-04-30T12:35:00","date_gmt":"2026-04-30T15:35:00","guid":{"rendered":"https:\/\/www.uai.com.br\/uainoticias\/?p=128858"},"modified":"2026-04-30T09:11:04","modified_gmt":"2026-04-30T12:11:04","slug":"qual-e-a-melhor-epoca-do-ano-para-plantas-uvas-no-quintal-de-casa","status":"publish","type":"post","link":"https:\/\/www.uai.com.br\/uainoticias\/2026\/04\/30\/qual-e-a-melhor-epoca-do-ano-para-plantas-uvas-no-quintal-de-casa\/","title":{"rendered":"Qual \u00e9 a melhor \u00e9poca do ano para plantas uvas no quintal de casa"},"content":{"rendered":"\n<p><strong>Uva <\/strong>\u00e9 uma das frutas mais cultivadas na <strong>jardinagem dom\u00e9stica<\/strong>, e saber a melhor \u00e9poca do ano para plantar faz toda a diferen\u00e7a no sucesso do cultivo no quintal de casa. O clima, o solo e os cuidados com a muda influenciam diretamente na produtividade e na sa\u00fade da videira. Com orienta\u00e7\u00f5es simples, qualquer iniciante pode come\u00e7ar seu pr\u00f3prio cultivo de uvas.<\/p>\n\n\n\n<h2 class=\"wp-block-heading\">Qual \u00e9 a melhor \u00e9poca do ano para plantar uva?<\/h2>\n\n\n\n<p>Melhor \u00e9poca do ano para plantar uva geralmente \u00e9 no<strong> final do inverno <\/strong>e <strong>in\u00edcio da primavera<\/strong>. Nesse per\u00edodo, o solo come\u00e7a a aquecer, favorecendo o enraizamento e o desenvolvimento da planta no <strong><a href=\"https:\/\/www.uai.com.br\/uainoticias\/2025\/12\/15\/como-montar-uma-horta-no-quintal-e-colher-verdura-fresca-o-ano-inteiro\/\" target=\"_blank\" rel=\"noreferrer noopener\">quintal de casa<\/a><\/strong>. O clima mais ameno evita estresse h\u00eddrico e facilita o crescimento saud\u00e1vel da videira.<\/p>\n\n\n\n<p>No Brasil, especialmente em regi\u00f5es de clima <strong>subtropical<\/strong>, o plantio entre agosto e setembro costuma trazer bons resultados. Evitar per\u00edodos de geadas ou calor extremo \u00e9 essencial para garantir uma boa adapta\u00e7\u00e3o da muda no ambiente de <strong>jardinagem<\/strong> dom\u00e9stica.<\/p>\n\n\n\n<h2 class=\"wp-block-heading\">Por que o outono tamb\u00e9m pode ser considerado?<\/h2>\n\n\n\n<p>Outono pode ser uma alternativa interessante para plantar uva, principalmente em regi\u00f5es mais quentes. Durante essa esta\u00e7\u00e3o, o solo ainda ret\u00e9m calor do ver\u00e3o, o que ajuda no desenvolvimento inicial das ra\u00edzes no quintal de casa. Al\u00e9m disso, h\u00e1 menor <strong>incid\u00eancia de pragas<\/strong>.<\/p>\n\n\n\n<p>Entretanto, \u00e9 importante observar que o crescimento da planta ser\u00e1 mais lento nesse per\u00edodo. Na jardinagem, o outono exige <strong>cuidados extras com irriga\u00e7\u00e3o<\/strong> e prote\u00e7\u00e3o contra frio intenso, garantindo que a videira sobreviva at\u00e9 a primavera.<\/p>\n\n\n\n<figure class=\"wp-block-image size-large\"><img decoding=\"async\" width=\"1024\" height=\"576\" src=\"https:\/\/www.uai.com.br\/uainoticias\/wp-content\/uploads\/2026\/04\/X-2026-04-30T090544.225-1024x576.jpg\" alt=\"Qual \u00e9 a melhor \u00e9poca do ano para plantas uvas no quintal de casa\" class=\"wp-image-128864\" srcset=\"https:\/\/www.uai.com.br\/uainoticias\/wp-content\/uploads\/2026\/04\/X-2026-04-30T090544.225-1024x576.jpg 1024w, https:\/\/www.uai.com.br\/uainoticias\/wp-content\/uploads\/2026\/04\/X-2026-04-30T090544.225-300x169.jpg 300w, https:\/\/www.uai.com.br\/uainoticias\/wp-content\/uploads\/2026\/04\/X-2026-04-30T090544.225-768x432.jpg 768w, https:\/\/www.uai.com.br\/uainoticias\/wp-content\/uploads\/2026\/04\/X-2026-04-30T090544.225-1536x864.jpg 1536w, https:\/\/www.uai.com.br\/uainoticias\/wp-content\/uploads\/2026\/04\/X-2026-04-30T090544.225-2048x1152.jpg 2048w, https:\/\/www.uai.com.br\/uainoticias\/wp-content\/uploads\/2026\/04\/X-2026-04-30T090544.225-750x422.jpg 750w, https:\/\/www.uai.com.br\/uainoticias\/wp-content\/uploads\/2026\/04\/X-2026-04-30T090544.225-1140x641.jpg 1140w\" sizes=\"(max-width: 1024px) 100vw, 1024px\" \/><figcaption class=\"wp-element-caption\">Plantar na \u00e9poca certa garante bons frutos<\/figcaption><\/figure>\n\n\n\n<h2 class=\"wp-block-heading\">Como preparar o solo do quintal de casa?<\/h2>\n\n\n\n<p>Preparar o solo \u00e9 um passo fundamental na jardinagem para o cultivo de uva. Um solo bem drenado, rico em mat\u00e9ria org\u00e2nica e com boa incid\u00eancia de sol \u00e9 ideal para o desenvolvimento da planta no <strong>quintal<\/strong> <strong>de casa<\/strong>. A escolha do local tamb\u00e9m influencia diretamente na produ\u00e7\u00e3o.<\/p>\n\n\n\n<p>Antes do plantio, \u00e9 importante realizar algumas etapas essenciais para garantir um ambiente adequado:<\/p>\n\n\n\n<ul class=\"wp-block-list\">\n<li>Revolver o solo para melhorar a aera\u00e7\u00e3o<\/li>\n\n\n\n<li>Adicionar composto org\u00e2nico ou esterco curtido<\/li>\n\n\n\n<li>Verificar a drenagem para evitar ac\u00famulo de \u00e1gua<\/li>\n\n\n\n<li>Escolher um local com pelo menos 6 horas de sol di\u00e1rio<\/li>\n<\/ul>\n\n\n\n<h2 class=\"wp-block-heading\">Quais cuidados s\u00e3o necess\u00e1rios ap\u00f3s o plantio?<\/h2>\n\n\n\n<p>Ap\u00f3s plantar a uva na melhor \u00e9poca do ano, \u00e9 essencial manter <strong>cuidados b\u00e1sicos <\/strong>de jardinagem para garantir o crescimento saud\u00e1vel. A irriga\u00e7\u00e3o deve ser equilibrada, evitando tanto o excesso quanto a falta de \u00e1gua no quintal de casa.<\/p>\n\n\n\n<p>Algumas pr\u00e1ticas simples ajudam a manter a planta forte e produtiva:<\/p>\n\n\n\n<ul class=\"wp-block-list\">\n<li>Realizar podas regulares para estimular o crescimento<\/li>\n\n\n\n<li>Utilizar tutores ou suportes para a videira<\/li>\n\n\n\n<li>Controlar pragas e doen\u00e7as com solu\u00e7\u00f5es naturais<\/li>\n\n\n\n<li>Adubar periodicamente para manter o solo f\u00e9rtil<\/li>\n<\/ul>\n\n\n\n<p>No canal <strong>Hora da Ro\u00e7a<\/strong>, no <strong>YouTube<\/strong>, \u00e9 ensinado como fazer o plantio caseiro de uvas:<\/p>\n\n\n\n<iframe loading=\"lazy\" width=\"560\" height=\"315\" src=\"https:\/\/www.youtube.com\/embed\/6oeqvljgBeM?si=XViQ3qB4pHmxD9Uv\" title=\"YouTube video player\" frameborder=\"0\" allow=\"accelerometer; autoplay; clipboard-write; encrypted-media; gyroscope; picture-in-picture; web-share\" referrerpolicy=\"strict-origin-when-cross-origin\" allowfullscreen><\/iframe>\n\n\n\n<h2 class=\"wp-block-heading\">\u00c9 poss\u00edvel cultivar uva o ano todo no quintal?<\/h2>\n\n\n\n<p>Embora a melhor \u00e9poca do ano seja recomendada para o plantio, a jardinagem permite adapta\u00e7\u00f5es. Em regi\u00f5es de clima mais est\u00e1vel, \u00e9 poss\u00edvel plantar uva em outras \u00e9pocas, desde que haja controle de irriga\u00e7\u00e3o, solo adequado e <strong>prote\u00e7\u00e3o clim\u00e1tica <\/strong>no quintal de casa.<\/p>\n\n\n\n<p>No entanto, respeitar o ciclo natural da planta aumenta significativamente as <strong>chances de sucesso<\/strong>. Cultivar uvas em casa \u00e9 uma pr\u00e1tica acess\u00edvel, prazerosa e produtiva dentro da jardinagem, trazendo frutos frescos e saud\u00e1veis diretamente do seu pr\u00f3prio quintal.<\/p>\n","protected":false},"excerpt":{"rendered":"<p>Uva \u00e9 uma das frutas mais cultivadas na jardinagem dom\u00e9stica, e saber a melhor \u00e9poca do ano para plantar faz toda a diferen\u00e7a no sucesso do cultivo no quintal de casa. O clima, o solo e os cuidados com a muda influenciam diretamente na produtividade e na sa\u00fade da videira. Com orienta\u00e7\u00f5es simples, qualquer iniciante [&hellip;]<\/p>\n","protected":false},"author":21,"featured_media":128863,"comment_status":"open","ping_status":"open","sticky":false,"template":"","format":"standard","meta":{"jnews-multi-image_gallery":[],"jnews_single_post":{"format":"standard"},"jnews_primary_category":[],"jnews_social_meta":[],"jnews_override_counter":[],"footnotes":""},"categories":[11599],"tags":[6963,1140,14783,2301],"class_list":["post-128858","post","type-post","status-publish","format-standard","has-post-thumbnail","hentry","category-jardinagem","tag-cultivo","tag-jardinagem","tag-quintal-de-casa","tag-uva"],"yoast_head":"<!-- This site is optimized with the Yoast SEO plugin v26.5 - https:\/\/yoast.com\/wordpress\/plugins\/seo\/ -->\n<title>Qual \u00e9 a melhor \u00e9poca do ano para plantas uvas no quintal de casa - UAI Not\u00edcias<\/title>\n<meta name=\"description\" content=\"Saiba a melhor \u00e9poca para plantar uva no quintal e como preparar o solo para garantir uma videira saud\u00e1vel e produtiva.\" \/>\n<meta name=\"robots\" content=\"index, follow, max-snippet:-1, max-image-preview:large, max-video-preview:-1\" \/>\n<link rel=\"canonical\" href=\"https:\/\/www.uai.com.br\/uainoticias\/2026\/04\/30\/qual-e-a-melhor-epoca-do-ano-para-plantas-uvas-no-quintal-de-casa\/\" \/>\n<meta property=\"og:locale\" content=\"pt_BR\" \/>\n<meta property=\"og:type\" content=\"article\" \/>\n<meta property=\"og:title\" content=\"Qual \u00e9 a melhor \u00e9poca do ano para plantas uvas no quintal de casa - UAI Not\u00edcias\" \/>\n<meta property=\"og:description\" content=\"Saiba a melhor \u00e9poca para plantar uva no quintal e como preparar o solo para garantir uma videira saud\u00e1vel e produtiva.\" \/>\n<meta property=\"og:url\" content=\"https:\/\/www.uai.com.br\/uainoticias\/2026\/04\/30\/qual-e-a-melhor-epoca-do-ano-para-plantas-uvas-no-quintal-de-casa\/\" \/>\n<meta property=\"og:site_name\" content=\"UAI Not\u00edcias\" \/>\n<meta property=\"article:published_time\" content=\"2026-04-30T15:35:00+00:00\" \/>\n<meta property=\"og:image\" content=\"https:\/\/www.uai.com.br\/uainoticias\/wp-content\/uploads\/2026\/04\/X-2026-04-30T090717.394.jpg\" \/>\n\t<meta property=\"og:image:width\" content=\"2560\" \/>\n\t<meta property=\"og:image:height\" content=\"1440\" \/>\n\t<meta property=\"og:image:type\" content=\"image\/jpeg\" \/>\n<meta name=\"author\" content=\"Elis Souza\" \/>\n<meta name=\"twitter:card\" content=\"summary_large_image\" \/>\n<meta name=\"twitter:label1\" content=\"Escrito por\" \/>\n\t<meta name=\"twitter:data1\" content=\"Elis Souza\" \/>\n\t<meta name=\"twitter:label2\" content=\"Est. tempo de leitura\" \/>\n\t<meta name=\"twitter:data2\" content=\"4 minutos\" \/>\n<!-- \/ Yoast SEO plugin. -->","yoast_head_json":{"title":"Qual \u00e9 a melhor \u00e9poca do ano para plantas uvas no quintal de casa - UAI Not\u00edcias","description":"Saiba a melhor \u00e9poca para plantar uva no quintal e como preparar o solo para garantir uma videira saud\u00e1vel e produtiva.","robots":{"index":"index","follow":"follow","max-snippet":"max-snippet:-1","max-image-preview":"max-image-preview:large","max-video-preview":"max-video-preview:-1"},"canonical":"https:\/\/www.uai.com.br\/uainoticias\/2026\/04\/30\/qual-e-a-melhor-epoca-do-ano-para-plantas-uvas-no-quintal-de-casa\/","og_locale":"pt_BR","og_type":"article","og_title":"Qual \u00e9 a melhor \u00e9poca do ano para plantas uvas no quintal de casa - UAI Not\u00edcias","og_description":"Saiba a melhor \u00e9poca para plantar uva no quintal e como preparar o solo para garantir uma videira saud\u00e1vel e produtiva.","og_url":"https:\/\/www.uai.com.br\/uainoticias\/2026\/04\/30\/qual-e-a-melhor-epoca-do-ano-para-plantas-uvas-no-quintal-de-casa\/","og_site_name":"UAI Not\u00edcias","article_published_time":"2026-04-30T15:35:00+00:00","og_image":[{"width":2560,"height":1440,"url":"https:\/\/www.uai.com.br\/uainoticias\/wp-content\/uploads\/2026\/04\/X-2026-04-30T090717.394.jpg","type":"image\/jpeg"}],"author":"Elis Souza","twitter_card":"summary_large_image","twitter_misc":{"Escrito por":"Elis Souza","Est. tempo de leitura":"4 minutos"},"schema":{"@context":"https:\/\/schema.org","@graph":[{"@type":"WebPage","@id":"https:\/\/www.uai.com.br\/uainoticias\/2026\/04\/30\/qual-e-a-melhor-epoca-do-ano-para-plantas-uvas-no-quintal-de-casa\/","url":"https:\/\/www.uai.com.br\/uainoticias\/2026\/04\/30\/qual-e-a-melhor-epoca-do-ano-para-plantas-uvas-no-quintal-de-casa\/","name":"Qual \u00e9 a melhor \u00e9poca do ano para plantas uvas no quintal de casa - UAI Not\u00edcias","isPartOf":{"@id":"https:\/\/www.uai.com.br\/uainoticias\/#website"},"primaryImageOfPage":{"@id":"https:\/\/www.uai.com.br\/uainoticias\/2026\/04\/30\/qual-e-a-melhor-epoca-do-ano-para-plantas-uvas-no-quintal-de-casa\/#primaryimage"},"image":{"@id":"https:\/\/www.uai.com.br\/uainoticias\/2026\/04\/30\/qual-e-a-melhor-epoca-do-ano-para-plantas-uvas-no-quintal-de-casa\/#primaryimage"},"thumbnailUrl":"https:\/\/www.uai.com.br\/uainoticias\/wp-content\/uploads\/2026\/04\/X-2026-04-30T090717.394.jpg","datePublished":"2026-04-30T15:35:00+00:00","author":{"@id":"https:\/\/www.uai.com.br\/uainoticias\/#\/schema\/person\/1258385bcc3fbd879fd10f9c170db42f"},"description":"Saiba a melhor \u00e9poca para plantar uva no quintal e como preparar o solo para garantir uma videira saud\u00e1vel e produtiva.","breadcrumb":{"@id":"https:\/\/www.uai.com.br\/uainoticias\/2026\/04\/30\/qual-e-a-melhor-epoca-do-ano-para-plantas-uvas-no-quintal-de-casa\/#breadcrumb"},"inLanguage":"pt-BR","potentialAction":[{"@type":"ReadAction","target":["https:\/\/www.uai.com.br\/uainoticias\/2026\/04\/30\/qual-e-a-melhor-epoca-do-ano-para-plantas-uvas-no-quintal-de-casa\/"]}]},{"@type":"ImageObject","inLanguage":"pt-BR","@id":"https:\/\/www.uai.com.br\/uainoticias\/2026\/04\/30\/qual-e-a-melhor-epoca-do-ano-para-plantas-uvas-no-quintal-de-casa\/#primaryimage","url":"https:\/\/www.uai.com.br\/uainoticias\/wp-content\/uploads\/2026\/04\/X-2026-04-30T090717.394.jpg","contentUrl":"https:\/\/www.uai.com.br\/uainoticias\/wp-content\/uploads\/2026\/04\/X-2026-04-30T090717.394.jpg","width":2560,"height":1440,"caption":"Uva cresce melhor com clima adequado"},{"@type":"BreadcrumbList","@id":"https:\/\/www.uai.com.br\/uainoticias\/2026\/04\/30\/qual-e-a-melhor-epoca-do-ano-para-plantas-uvas-no-quintal-de-casa\/#breadcrumb","itemListElement":[{"@type":"ListItem","position":1,"name":"In\u00edcio","item":"https:\/\/www.uai.com.br\/uainoticias\/"},{"@type":"ListItem","position":2,"name":"Qual \u00e9 a melhor \u00e9poca do ano para plantas uvas no quintal de casa"}]},{"@type":"WebSite","@id":"https:\/\/www.uai.com.br\/uainoticias\/#website","url":"https:\/\/www.uai.com.br\/uainoticias\/","name":"UAI Not\u00edcias","description":"Acompanhe as \u00faltimas not\u00edcias e fique bem informado sobre tudo o que acontece no Brasil e no mundo.","potentialAction":[{"@type":"SearchAction","target":{"@type":"EntryPoint","urlTemplate":"https:\/\/www.uai.com.br\/uainoticias\/?s={search_term_string}"},"query-input":{"@type":"PropertyValueSpecification","valueRequired":true,"valueName":"search_term_string"}}],"inLanguage":"pt-BR"},{"@type":"Person","@id":"https:\/\/www.uai.com.br\/uainoticias\/#\/schema\/person\/1258385bcc3fbd879fd10f9c170db42f","name":"Elis Souza","image":{"@type":"ImageObject","inLanguage":"pt-BR","@id":"https:\/\/www.uai.com.br\/uainoticias\/#\/schema\/person\/image\/","url":"https:\/\/secure.gravatar.com\/avatar\/3e64245e1729ae956ad3b8c7668da27e14acd24beef730713818f246d196582a?s=96&d=mm&r=g","contentUrl":"https:\/\/secure.gravatar.com\/avatar\/3e64245e1729ae956ad3b8c7668da27e14acd24beef730713818f246d196582a?s=96&d=mm&r=g","caption":"Elis Souza"},"sameAs":["https:\/\/www.uai.com.br\/uainoticias\/"],"url":"https:\/\/www.uai.com.br\/uainoticias\/author\/elissouza\/"}]}},"_links":{"self":[{"href":"https:\/\/www.uai.com.br\/uainoticias\/wp-json\/wp\/v2\/posts\/128858","targetHints":{"allow":["GET"]}}],"collection":[{"href":"https:\/\/www.uai.com.br\/uainoticias\/wp-json\/wp\/v2\/posts"}],"about":[{"href":"https:\/\/www.uai.com.br\/uainoticias\/wp-json\/wp\/v2\/types\/post"}],"author":[{"embeddable":true,"href":"https:\/\/www.uai.com.br\/uainoticias\/wp-json\/wp\/v2\/users\/21"}],"replies":[{"embeddable":true,"href":"https:\/\/www.uai.com.br\/uainoticias\/wp-json\/wp\/v2\/comments?post=128858"}],"version-history":[{"count":1,"href":"https:\/\/www.uai.com.br\/uainoticias\/wp-json\/wp\/v2\/posts\/128858\/revisions"}],"predecessor-version":[{"id":128865,"href":"https:\/\/www.uai.com.br\/uainoticias\/wp-json\/wp\/v2\/posts\/128858\/revisions\/128865"}],"wp:featuredmedia":[{"embeddable":true,"href":"https:\/\/www.uai.com.br\/uainoticias\/wp-json\/wp\/v2\/media\/128863"}],"wp:attachment":[{"href":"https:\/\/www.uai.com.br\/uainoticias\/wp-json\/wp\/v2\/media?parent=128858"}],"wp:term":[{"taxonomy":"category","embeddable":true,"href":"https:\/\/www.uai.com.br\/uainoticias\/wp-json\/wp\/v2\/categories?post=128858"},{"taxonomy":"post_tag","embeddable":true,"href":"https:\/\/www.uai.com.br\/uainoticias\/wp-json\/wp\/v2\/tags?post=128858"}],"curies":[{"name":"wp","href":"https:\/\/api.w.org\/{rel}","templated":true}]}}