{"id":128854,"date":"2026-04-30T12:35:00","date_gmt":"2026-04-30T15:35:00","guid":{"rendered":"https:\/\/www.uai.com.br\/uainoticias\/?p=128854"},"modified":"2026-04-30T08:46:00","modified_gmt":"2026-04-30T11:46:00","slug":"essa-fruta-fazia-parte-da-infancia-de-muitos-brasileiros-e-esta-voltando-aos-quintais-por-atrair-aves-e-trazer-lembrancas","status":"publish","type":"post","link":"https:\/\/www.uai.com.br\/uainoticias\/2026\/04\/30\/essa-fruta-fazia-parte-da-infancia-de-muitos-brasileiros-e-esta-voltando-aos-quintais-por-atrair-aves-e-trazer-lembrancas\/","title":{"rendered":"Essa fruta fazia parte da inf\u00e2ncia de muitos brasileiros e est\u00e1 voltando aos quintais por atrair aves e trazer lembran\u00e7as"},"content":{"rendered":"\n<p>A <strong>goiaba<\/strong>, t\u00e3o presente na inf\u00e2ncia de muitos brasileiros, volta a se destacar na <strong>jardinagem dom\u00e9stica<\/strong>, especialmente no quintal. Cultivar essa fruta n\u00e3o \u00e9 apenas um ato de plantar, mas tamb\u00e9m de reconectar mem\u00f3rias afetivas com pr\u00e1ticas simples de cultivo, poda e cuidado com o solo. Al\u00e9m disso, a goiabeira atrai aves, melhora o ecossistema e transforma qualquer espa\u00e7o verde em um ambiente mais vivo e acolhedor.<\/p>\n\n\n\n<h2 class=\"wp-block-heading\">Por que a goiaba est\u00e1 voltando aos quintais?<\/h2>\n\n\n\n<p>A goiaba tem ganhado for\u00e7a na jardinagem porque \u00e9 uma planta resistente, f\u00e1cil de cultivar e adapt\u00e1vel ao clima brasileiro. Nos quintais, ela cresce bem com cuidados b\u00e1sicos, como <strong>irriga\u00e7\u00e3o regular<\/strong>, solo f\u00e9rtil e boa exposi\u00e7\u00e3o ao sol. Isso faz com que muitos brasileiros retomem o h\u00e1bito de plantar \u00e1rvores frut\u00edferas em casa.<\/p>\n\n\n\n<p>Al\u00e9m disso, a lembran\u00e7a da inf\u00e2ncia tem um papel importante nesse retorno. Quem cresceu colhendo goiaba direto do p\u00e9 busca reviver essa experi\u00eancia no pr\u00f3prio quintal. A jardinagem se torna, ent\u00e3o, um elo entre <strong>passado <\/strong>e <strong>presente<\/strong>, incentivando pr\u00e1ticas sustent\u00e1veis e afetivas.<\/p>\n\n\n\n<figure class=\"wp-block-image size-large\"><img decoding=\"async\" width=\"1024\" height=\"576\" src=\"https:\/\/www.uai.com.br\/uainoticias\/wp-content\/uploads\/2026\/04\/X-2026-04-30T084415.006-1024x576.jpg\" alt=\"Essa fruta fazia parte da inf\u00e2ncia de muitos brasileiros e est\u00e1 voltando aos quintais por atrair aves e trazer lembran\u00e7as\" class=\"wp-image-128855\" srcset=\"https:\/\/www.uai.com.br\/uainoticias\/wp-content\/uploads\/2026\/04\/X-2026-04-30T084415.006-1024x576.jpg 1024w, https:\/\/www.uai.com.br\/uainoticias\/wp-content\/uploads\/2026\/04\/X-2026-04-30T084415.006-300x169.jpg 300w, https:\/\/www.uai.com.br\/uainoticias\/wp-content\/uploads\/2026\/04\/X-2026-04-30T084415.006-768x432.jpg 768w, https:\/\/www.uai.com.br\/uainoticias\/wp-content\/uploads\/2026\/04\/X-2026-04-30T084415.006-1536x864.jpg 1536w, https:\/\/www.uai.com.br\/uainoticias\/wp-content\/uploads\/2026\/04\/X-2026-04-30T084415.006-2048x1152.jpg 2048w, https:\/\/www.uai.com.br\/uainoticias\/wp-content\/uploads\/2026\/04\/X-2026-04-30T084415.006-750x422.jpg 750w, https:\/\/www.uai.com.br\/uainoticias\/wp-content\/uploads\/2026\/04\/X-2026-04-30T084415.006-1140x641.jpg 1140w\" sizes=\"(max-width: 1024px) 100vw, 1024px\" \/><figcaption class=\"wp-element-caption\">Goiaba traz sabor e mem\u00f3ria ao quintal<\/figcaption><\/figure>\n\n\n\n<h2 class=\"wp-block-heading\">Como cultivar goiaba no quintal de forma simples?<\/h2>\n\n\n\n<p>A jardinagem com goiaba \u00e9 acess\u00edvel at\u00e9 para iniciantes. O cultivo come\u00e7a com a escolha de mudas <strong>saud\u00e1veis<\/strong>, preparo do solo e aten\u00e7\u00e3o \u00e0 drenagem. Em quintais, \u00e9 importante garantir espa\u00e7o suficiente para o crescimento da \u00e1rvore e realizar <strong><a href=\"https:\/\/www.uai.com.br\/uainoticias\/2025\/08\/05\/nem-semanal-nem-mensal-quando-e-recomendado-podar-o-limoeiro-e-por-que\/\" target=\"_blank\" rel=\"noreferrer noopener\">podas regulares<\/a><\/strong>.<\/p>\n\n\n\n<p>Para facilitar o cuidado com a planta, alguns passos b\u00e1sicos ajudam no desenvolvimento saud\u00e1vel da goiabeira. Veja abaixo pr\u00e1ticas essenciais que qualquer iniciante pode aplicar:<\/p>\n\n\n\n<ul class=\"wp-block-list\">\n<li>Escolher um local com boa incid\u00eancia de sol<\/li>\n\n\n\n<li>Manter a irriga\u00e7\u00e3o moderada, evitando encharcamento<\/li>\n\n\n\n<li>Utilizar adubo org\u00e2nico para enriquecer o solo<\/li>\n\n\n\n<li>Realizar podas para estimular novos frutos<\/li>\n\n\n\n<li>Observar pragas e agir rapidamente com solu\u00e7\u00f5es naturais<\/li>\n<\/ul>\n\n\n\n<p>No canal <strong>Spagnhol Plantas<\/strong>, no YouTube, <strong>Murilo Soares<\/strong> ensina como cultivar p\u00e9 de goiaba em vaso, apresentando um passo a passo completo:<\/p>\n\n\n\n<iframe loading=\"lazy\" width=\"560\" height=\"315\" src=\"https:\/\/www.youtube.com\/embed\/1V7DE3Ul23U?si=61VtCl367uNPDKye\" title=\"YouTube video player\" frameborder=\"0\" allow=\"accelerometer; autoplay; clipboard-write; encrypted-media; gyroscope; picture-in-picture; web-share\" referrerpolicy=\"strict-origin-when-cross-origin\" allowfullscreen><\/iframe>\n\n\n\n<h2 class=\"wp-block-heading\">Qual a rela\u00e7\u00e3o entre goiaba, inf\u00e2ncia e mem\u00f3ria afetiva?<\/h2>\n\n\n\n<p>A inf\u00e2ncia de muitos brasileiros foi marcada por \u00e1rvores frut\u00edferas no quintal, e a goiaba ocupa um lugar especial nessas lembran\u00e7as. O ato de<strong> colher a fruta no p\u00e9<\/strong>, sentir seu aroma e dividir com a fam\u00edlia cria mem\u00f3rias duradouras que influenciam at\u00e9 hoje.<\/p>\n\n\n\n<p>Na jardinagem, cultivar goiaba vai al\u00e9m do plantio, \u00e9 um resgate emocional. Reviver momentos da inf\u00e2ncia por meio do cultivo transforma o quintal em um espa\u00e7o de afeto, conex\u00e3o familiar e bem-estar, algo <strong>valorizado <\/strong>por muitos brasileiros.<\/p>\n\n\n\n<h2 class=\"wp-block-heading\">Quais benef\u00edcios a goiaba traz para o ecossistema do quintal?<\/h2>\n\n\n\n<p>A goiaba desempenha um papel importante na jardinagem sustent\u00e1vel. Em quintais, ela contribui para o equil\u00edbrio ambiental ao atrair aves, insetos polinizadores e promover biodiversidade. Isso torna o espa\u00e7o mais <strong>saud\u00e1vel <\/strong>e <strong>din\u00e2mico<\/strong>.<\/p>\n\n\n\n<p>Al\u00e9m disso, plantar goiaba oferece vantagens pr\u00e1ticas e ecol\u00f3gicas. Confira alguns dos principais benef\u00edcios:<\/p>\n\n\n\n<ul class=\"wp-block-list\">\n<li>Atrai p\u00e1ssaros que ajudam no controle de insetos<\/li>\n\n\n\n<li>Melhora a qualidade do solo com folhas org\u00e2nicas<\/li>\n\n\n\n<li>Reduz a necessidade de alimentos industrializados<\/li>\n\n\n\n<li>Contribui para um microclima mais fresco no quintal<\/li>\n\n\n\n<li>Estimula pr\u00e1ticas sustent\u00e1veis na jardinagem<\/li>\n<\/ul>\n\n\n\n<h2 class=\"wp-block-heading\">Como integrar a goiaba na jardinagem moderna?<\/h2>\n\n\n\n<p>A jardinagem moderna valoriza plantas \u00fateis e ornamentais, e a goiaba se encaixa perfeitamente nesse conceito. Em quintais pequenos, ela pode ser cultivada com podas controladas ou at\u00e9 em vasos grandes, mantendo sua <strong>produtividade <\/strong>e <strong>beleza<\/strong>.<\/p>\n\n\n\n<p>Para muitos brasileiros, integrar a goiaba \u00e0 rotina de cultivo \u00e9 uma forma de unir tradi\u00e7\u00e3o e praticidade. Ao resgatar a inf\u00e2ncia e investir na jardinagem, o quintal se transforma em um espa\u00e7o funcional, produtivo e cheio de significado, refor\u00e7ando a <strong>conex\u00e3o com a natureza <\/strong>e h\u00e1bitos mais saud\u00e1veis.<\/p>\n","protected":false},"excerpt":{"rendered":"<p>A goiaba, t\u00e3o presente na inf\u00e2ncia de muitos brasileiros, volta a se destacar na jardinagem dom\u00e9stica, especialmente no quintal. Cultivar essa fruta n\u00e3o \u00e9 apenas um ato de plantar, mas tamb\u00e9m de reconectar mem\u00f3rias afetivas com pr\u00e1ticas simples de cultivo, poda e cuidado com o solo. Al\u00e9m disso, a goiabeira atrai aves, melhora o ecossistema [&hellip;]<\/p>\n","protected":false},"author":21,"featured_media":128856,"comment_status":"open","ping_status":"open","sticky":false,"template":"","format":"standard","meta":{"jnews-multi-image_gallery":[],"jnews_single_post":{"format":"standard"},"jnews_primary_category":[],"jnews_social_meta":[],"jnews_override_counter":[],"footnotes":""},"categories":[11599],"tags":[6963,2924,1140,7004],"class_list":["post-128854","post","type-post","status-publish","format-standard","has-post-thumbnail","hentry","category-jardinagem","tag-cultivo","tag-goiaba","tag-jardinagem","tag-quintal"],"yoast_head":"<!-- This site is optimized with the Yoast SEO plugin v26.5 - https:\/\/yoast.com\/wordpress\/plugins\/seo\/ -->\n<title>Essa fruta fazia parte da inf\u00e2ncia de muitos brasileiros e est\u00e1 voltando aos quintais por atrair aves e trazer lembran\u00e7as - UAI Not\u00edcias<\/title>\n<meta name=\"description\" content=\"Goiaba volta aos quintais brasileiros, unindo jardinagem, mem\u00f3rias da inf\u00e2ncia e cultivo sustent\u00e1vel com frutos e natureza no dia a dia.\" \/>\n<meta name=\"robots\" content=\"index, follow, max-snippet:-1, max-image-preview:large, max-video-preview:-1\" \/>\n<link rel=\"canonical\" href=\"https:\/\/www.uai.com.br\/uainoticias\/2026\/04\/30\/essa-fruta-fazia-parte-da-infancia-de-muitos-brasileiros-e-esta-voltando-aos-quintais-por-atrair-aves-e-trazer-lembrancas\/\" \/>\n<meta property=\"og:locale\" content=\"pt_BR\" \/>\n<meta property=\"og:type\" content=\"article\" \/>\n<meta property=\"og:title\" content=\"Essa fruta fazia parte da inf\u00e2ncia de muitos brasileiros e est\u00e1 voltando aos quintais por atrair aves e trazer lembran\u00e7as - UAI Not\u00edcias\" \/>\n<meta property=\"og:description\" content=\"Goiaba volta aos quintais brasileiros, unindo jardinagem, mem\u00f3rias da inf\u00e2ncia e cultivo sustent\u00e1vel com frutos e natureza no dia a dia.\" \/>\n<meta property=\"og:url\" content=\"https:\/\/www.uai.com.br\/uainoticias\/2026\/04\/30\/essa-fruta-fazia-parte-da-infancia-de-muitos-brasileiros-e-esta-voltando-aos-quintais-por-atrair-aves-e-trazer-lembrancas\/\" \/>\n<meta property=\"og:site_name\" content=\"UAI Not\u00edcias\" \/>\n<meta property=\"article:published_time\" content=\"2026-04-30T15:35:00+00:00\" \/>\n<meta property=\"og:image\" content=\"https:\/\/www.uai.com.br\/uainoticias\/wp-content\/uploads\/2026\/04\/X-2026-04-30T084350.050.jpg\" \/>\n\t<meta property=\"og:image:width\" content=\"2560\" \/>\n\t<meta property=\"og:image:height\" content=\"1440\" \/>\n\t<meta property=\"og:image:type\" content=\"image\/jpeg\" \/>\n<meta name=\"author\" content=\"Elis Souza\" \/>\n<meta name=\"twitter:card\" content=\"summary_large_image\" \/>\n<meta name=\"twitter:label1\" content=\"Escrito por\" \/>\n\t<meta name=\"twitter:data1\" content=\"Elis Souza\" \/>\n\t<meta name=\"twitter:label2\" content=\"Est. tempo de leitura\" \/>\n\t<meta name=\"twitter:data2\" content=\"4 minutos\" \/>\n<!-- \/ Yoast SEO plugin. -->","yoast_head_json":{"title":"Essa fruta fazia parte da inf\u00e2ncia de muitos brasileiros e est\u00e1 voltando aos quintais por atrair aves e trazer lembran\u00e7as - UAI Not\u00edcias","description":"Goiaba volta aos quintais brasileiros, unindo jardinagem, mem\u00f3rias da inf\u00e2ncia e cultivo sustent\u00e1vel com frutos e natureza no dia a dia.","robots":{"index":"index","follow":"follow","max-snippet":"max-snippet:-1","max-image-preview":"max-image-preview:large","max-video-preview":"max-video-preview:-1"},"canonical":"https:\/\/www.uai.com.br\/uainoticias\/2026\/04\/30\/essa-fruta-fazia-parte-da-infancia-de-muitos-brasileiros-e-esta-voltando-aos-quintais-por-atrair-aves-e-trazer-lembrancas\/","og_locale":"pt_BR","og_type":"article","og_title":"Essa fruta fazia parte da inf\u00e2ncia de muitos brasileiros e est\u00e1 voltando aos quintais por atrair aves e trazer lembran\u00e7as - UAI Not\u00edcias","og_description":"Goiaba volta aos quintais brasileiros, unindo jardinagem, mem\u00f3rias da inf\u00e2ncia e cultivo sustent\u00e1vel com frutos e natureza no dia a dia.","og_url":"https:\/\/www.uai.com.br\/uainoticias\/2026\/04\/30\/essa-fruta-fazia-parte-da-infancia-de-muitos-brasileiros-e-esta-voltando-aos-quintais-por-atrair-aves-e-trazer-lembrancas\/","og_site_name":"UAI Not\u00edcias","article_published_time":"2026-04-30T15:35:00+00:00","og_image":[{"width":2560,"height":1440,"url":"https:\/\/www.uai.com.br\/uainoticias\/wp-content\/uploads\/2026\/04\/X-2026-04-30T084350.050.jpg","type":"image\/jpeg"}],"author":"Elis Souza","twitter_card":"summary_large_image","twitter_misc":{"Escrito por":"Elis Souza","Est. tempo de leitura":"4 minutos"},"schema":{"@context":"https:\/\/schema.org","@graph":[{"@type":"WebPage","@id":"https:\/\/www.uai.com.br\/uainoticias\/2026\/04\/30\/essa-fruta-fazia-parte-da-infancia-de-muitos-brasileiros-e-esta-voltando-aos-quintais-por-atrair-aves-e-trazer-lembrancas\/","url":"https:\/\/www.uai.com.br\/uainoticias\/2026\/04\/30\/essa-fruta-fazia-parte-da-infancia-de-muitos-brasileiros-e-esta-voltando-aos-quintais-por-atrair-aves-e-trazer-lembrancas\/","name":"Essa fruta fazia parte da inf\u00e2ncia de muitos brasileiros e est\u00e1 voltando aos quintais por atrair aves e trazer lembran\u00e7as - UAI Not\u00edcias","isPartOf":{"@id":"https:\/\/www.uai.com.br\/uainoticias\/#website"},"primaryImageOfPage":{"@id":"https:\/\/www.uai.com.br\/uainoticias\/2026\/04\/30\/essa-fruta-fazia-parte-da-infancia-de-muitos-brasileiros-e-esta-voltando-aos-quintais-por-atrair-aves-e-trazer-lembrancas\/#primaryimage"},"image":{"@id":"https:\/\/www.uai.com.br\/uainoticias\/2026\/04\/30\/essa-fruta-fazia-parte-da-infancia-de-muitos-brasileiros-e-esta-voltando-aos-quintais-por-atrair-aves-e-trazer-lembrancas\/#primaryimage"},"thumbnailUrl":"https:\/\/www.uai.com.br\/uainoticias\/wp-content\/uploads\/2026\/04\/X-2026-04-30T084350.050.jpg","datePublished":"2026-04-30T15:35:00+00:00","author":{"@id":"https:\/\/www.uai.com.br\/uainoticias\/#\/schema\/person\/1258385bcc3fbd879fd10f9c170db42f"},"description":"Goiaba volta aos quintais brasileiros, unindo jardinagem, mem\u00f3rias da inf\u00e2ncia e cultivo sustent\u00e1vel com frutos e natureza no dia a dia.","breadcrumb":{"@id":"https:\/\/www.uai.com.br\/uainoticias\/2026\/04\/30\/essa-fruta-fazia-parte-da-infancia-de-muitos-brasileiros-e-esta-voltando-aos-quintais-por-atrair-aves-e-trazer-lembrancas\/#breadcrumb"},"inLanguage":"pt-BR","potentialAction":[{"@type":"ReadAction","target":["https:\/\/www.uai.com.br\/uainoticias\/2026\/04\/30\/essa-fruta-fazia-parte-da-infancia-de-muitos-brasileiros-e-esta-voltando-aos-quintais-por-atrair-aves-e-trazer-lembrancas\/"]}]},{"@type":"ImageObject","inLanguage":"pt-BR","@id":"https:\/\/www.uai.com.br\/uainoticias\/2026\/04\/30\/essa-fruta-fazia-parte-da-infancia-de-muitos-brasileiros-e-esta-voltando-aos-quintais-por-atrair-aves-e-trazer-lembrancas\/#primaryimage","url":"https:\/\/www.uai.com.br\/uainoticias\/wp-content\/uploads\/2026\/04\/X-2026-04-30T084350.050.jpg","contentUrl":"https:\/\/www.uai.com.br\/uainoticias\/wp-content\/uploads\/2026\/04\/X-2026-04-30T084350.050.jpg","width":2560,"height":1440,"caption":"Mem\u00f3rias afetivas tamb\u00e9m crescem no solo"},{"@type":"BreadcrumbList","@id":"https:\/\/www.uai.com.br\/uainoticias\/2026\/04\/30\/essa-fruta-fazia-parte-da-infancia-de-muitos-brasileiros-e-esta-voltando-aos-quintais-por-atrair-aves-e-trazer-lembrancas\/#breadcrumb","itemListElement":[{"@type":"ListItem","position":1,"name":"In\u00edcio","item":"https:\/\/www.uai.com.br\/uainoticias\/"},{"@type":"ListItem","position":2,"name":"Essa fruta fazia parte da inf\u00e2ncia de muitos brasileiros e est\u00e1 voltando aos quintais por atrair aves e trazer lembran\u00e7as"}]},{"@type":"WebSite","@id":"https:\/\/www.uai.com.br\/uainoticias\/#website","url":"https:\/\/www.uai.com.br\/uainoticias\/","name":"UAI Not\u00edcias","description":"Acompanhe as \u00faltimas not\u00edcias e fique bem informado sobre tudo o que acontece no Brasil e no mundo.","potentialAction":[{"@type":"SearchAction","target":{"@type":"EntryPoint","urlTemplate":"https:\/\/www.uai.com.br\/uainoticias\/?s={search_term_string}"},"query-input":{"@type":"PropertyValueSpecification","valueRequired":true,"valueName":"search_term_string"}}],"inLanguage":"pt-BR"},{"@type":"Person","@id":"https:\/\/www.uai.com.br\/uainoticias\/#\/schema\/person\/1258385bcc3fbd879fd10f9c170db42f","name":"Elis Souza","image":{"@type":"ImageObject","inLanguage":"pt-BR","@id":"https:\/\/www.uai.com.br\/uainoticias\/#\/schema\/person\/image\/","url":"https:\/\/secure.gravatar.com\/avatar\/3e64245e1729ae956ad3b8c7668da27e14acd24beef730713818f246d196582a?s=96&d=mm&r=g","contentUrl":"https:\/\/secure.gravatar.com\/avatar\/3e64245e1729ae956ad3b8c7668da27e14acd24beef730713818f246d196582a?s=96&d=mm&r=g","caption":"Elis Souza"},"sameAs":["https:\/\/www.uai.com.br\/uainoticias\/"],"url":"https:\/\/www.uai.com.br\/uainoticias\/author\/elissouza\/"}]}},"_links":{"self":[{"href":"https:\/\/www.uai.com.br\/uainoticias\/wp-json\/wp\/v2\/posts\/128854","targetHints":{"allow":["GET"]}}],"collection":[{"href":"https:\/\/www.uai.com.br\/uainoticias\/wp-json\/wp\/v2\/posts"}],"about":[{"href":"https:\/\/www.uai.com.br\/uainoticias\/wp-json\/wp\/v2\/types\/post"}],"author":[{"embeddable":true,"href":"https:\/\/www.uai.com.br\/uainoticias\/wp-json\/wp\/v2\/users\/21"}],"replies":[{"embeddable":true,"href":"https:\/\/www.uai.com.br\/uainoticias\/wp-json\/wp\/v2\/comments?post=128854"}],"version-history":[{"count":1,"href":"https:\/\/www.uai.com.br\/uainoticias\/wp-json\/wp\/v2\/posts\/128854\/revisions"}],"predecessor-version":[{"id":128857,"href":"https:\/\/www.uai.com.br\/uainoticias\/wp-json\/wp\/v2\/posts\/128854\/revisions\/128857"}],"wp:featuredmedia":[{"embeddable":true,"href":"https:\/\/www.uai.com.br\/uainoticias\/wp-json\/wp\/v2\/media\/128856"}],"wp:attachment":[{"href":"https:\/\/www.uai.com.br\/uainoticias\/wp-json\/wp\/v2\/media?parent=128854"}],"wp:term":[{"taxonomy":"category","embeddable":true,"href":"https:\/\/www.uai.com.br\/uainoticias\/wp-json\/wp\/v2\/categories?post=128854"},{"taxonomy":"post_tag","embeddable":true,"href":"https:\/\/www.uai.com.br\/uainoticias\/wp-json\/wp\/v2\/tags?post=128854"}],"curies":[{"name":"wp","href":"https:\/\/api.w.org\/{rel}","templated":true}]}}