{"id":128842,"date":"2026-04-30T13:05:00","date_gmt":"2026-04-30T16:05:00","guid":{"rendered":"https:\/\/www.uai.com.br\/uainoticias\/?p=128842"},"modified":"2026-04-30T08:05:07","modified_gmt":"2026-04-30T11:05:07","slug":"blaise-pascal-matematico-e-pensador-afirmou-todos-os-problemas-da-humanidade-vem-da-incapacidade-de-ficar-sozinho-em-silencio","status":"publish","type":"post","link":"https:\/\/www.uai.com.br\/uainoticias\/2026\/04\/30\/blaise-pascal-matematico-e-pensador-afirmou-todos-os-problemas-da-humanidade-vem-da-incapacidade-de-ficar-sozinho-em-silencio\/","title":{"rendered":"Blaise Pascal, matem\u00e1tico e pensador, afirmou: \u201cTodos os problemas da humanidade v\u00eam da incapacidade de ficar sozinho em sil\u00eancio\u201d"},"content":{"rendered":"\n<p><strong>Blaise Pascal<\/strong>, matem\u00e1tico e pensador, deixou uma reflex\u00e3o profunda que se conecta diretamente ao universo do <strong>desenvolvimento pessoal<\/strong>, da intelig\u00eancia emocional e do autoconhecimento. Em meio a uma rotina acelerada, cheia de distra\u00e7\u00f5es e est\u00edmulos digitais, compreender o valor do sil\u00eancio pode ser um divisor de \u00e1guas para a sa\u00fade mental, foco e equil\u00edbrio. Essa frase provoca uma an\u00e1lise sobre h\u00e1bitos, comportamento e qualidade de vida.<\/p>\n\n\n\n<h2 class=\"wp-block-heading\">Por que Blaise Pascal valorizava o sil\u00eancio?<\/h2>\n\n\n\n<p><strong><a href=\"https:\/\/pt.wikipedia.org\/wiki\/Blaise_Pascal\" target=\"_blank\" rel=\"noreferrer noopener\">Blaise Pascal <\/a><\/strong>enxergava o sil\u00eancio como uma ferramenta essencial para o <strong>autoconhecimento <\/strong>e a reflex\u00e3o. Em um contexto de desenvolvimento pessoal, parar e observar os pr\u00f3prios pensamentos permite identificar emo\u00e7\u00f5es, cren\u00e7as e padr\u00f5es de comportamento que influenciam decis\u00f5es e atitudes no dia a dia.<\/p>\n\n\n\n<p>Ao praticar o sil\u00eancio, a mente reduz o excesso de <strong>est\u00edmulos <\/strong>e melhora a <strong>clareza mental<\/strong>. Isso impacta diretamente \u00e1reas como produtividade, foco e equil\u00edbrio emocional, elementos fundamentais para quem busca crescimento pessoal e qualidade de vida.<\/p>\n\n\n\n<h2 class=\"wp-block-heading\">Como o sil\u00eancio influencia a sa\u00fade mental?<\/h2>\n\n\n\n<p>Blaise Pascal j\u00e1 antecipava algo que hoje \u00e9 amplamente discutido na <strong>psicologia <\/strong>e no <strong>bem<\/strong>&#8211;<strong>estar<\/strong>: o sil\u00eancio contribui para a redu\u00e7\u00e3o do estresse e da <strong><a href=\"https:\/\/www.uai.com.br\/uainoticias\/2026\/04\/28\/sente-ansiedade-constante-veja-habitos-simples-que-ajudam-a-reduzir-os-sintomas-no-dia-a-dia\/\" target=\"_blank\" rel=\"noreferrer noopener\">ansiedade<\/a><\/strong>. Em um mundo hiperconectado, desacelerar se tornou uma necessidade para preservar a sa\u00fade mental.<\/p>\n\n\n\n<p>O sil\u00eancio favorece pr\u00e1ticas como mindfulness, <strong>medita\u00e7\u00e3o <\/strong>e <strong>respira\u00e7\u00e3o consciente<\/strong>. Esses h\u00e1bitos ajudam a regular emo\u00e7\u00f5es, melhorar o foco e aumentar a sensa\u00e7\u00e3o de bem-estar. Incorporar momentos de pausa na rotina \u00e9 uma estrat\u00e9gia eficaz para equil\u00edbrio emocional.<\/p>\n\n\n\n<h2 class=\"wp-block-heading\">Quais benef\u00edcios pr\u00e1ticos o sil\u00eancio pode trazer?<\/h2>\n\n\n\n<p>Ao aplicar o ensinamento de Blaise Pascal no cotidiano, \u00e9 poss\u00edvel perceber melhorias concretas na <strong>qualidade de vida<\/strong>. O sil\u00eancio n\u00e3o \u00e9 apenas aus\u00eancia de som, mas um espa\u00e7o para reorganizar pensamentos e fortalecer a intelig\u00eancia emocional.<\/p>\n\n\n\n<p>Entre os principais benef\u00edcios do sil\u00eancio no desenvolvimento pessoal, destacam-se:<\/p>\n\n\n\n<ul class=\"wp-block-list\">\n<li>Melhora da concentra\u00e7\u00e3o e produtividade<\/li>\n\n\n\n<li>Redu\u00e7\u00e3o do estresse e da ansiedade<\/li>\n\n\n\n<li>Aumento do autoconhecimento<\/li>\n\n\n\n<li>Maior clareza na tomada de decis\u00f5es<\/li>\n\n\n\n<li>Fortalecimento do equil\u00edbrio emocional<\/li>\n<\/ul>\n\n\n\n<figure class=\"wp-block-image size-large\"><img decoding=\"async\" width=\"1024\" height=\"576\" src=\"https:\/\/www.uai.com.br\/uainoticias\/wp-content\/uploads\/2026\/04\/X-2026-04-30T080333.321-1024x576.jpg\" alt=\"Blaise Pascal, matem\u00e1tico e pensador, afirmou: \u201cTodos os problemas da humanidade v\u00eam da incapacidade de ficar sozinho em sil\u00eancio\u201d\" class=\"wp-image-128843\" srcset=\"https:\/\/www.uai.com.br\/uainoticias\/wp-content\/uploads\/2026\/04\/X-2026-04-30T080333.321-1024x576.jpg 1024w, https:\/\/www.uai.com.br\/uainoticias\/wp-content\/uploads\/2026\/04\/X-2026-04-30T080333.321-300x169.jpg 300w, https:\/\/www.uai.com.br\/uainoticias\/wp-content\/uploads\/2026\/04\/X-2026-04-30T080333.321-768x432.jpg 768w, https:\/\/www.uai.com.br\/uainoticias\/wp-content\/uploads\/2026\/04\/X-2026-04-30T080333.321-1536x864.jpg 1536w, https:\/\/www.uai.com.br\/uainoticias\/wp-content\/uploads\/2026\/04\/X-2026-04-30T080333.321-2048x1152.jpg 2048w, https:\/\/www.uai.com.br\/uainoticias\/wp-content\/uploads\/2026\/04\/X-2026-04-30T080333.321-750x422.jpg 750w, https:\/\/www.uai.com.br\/uainoticias\/wp-content\/uploads\/2026\/04\/X-2026-04-30T080333.321-1140x641.jpg 1140w\" sizes=\"(max-width: 1024px) 100vw, 1024px\" \/><figcaption class=\"wp-element-caption\">O sil\u00eancio fortalece o autoconhecimento<\/figcaption><\/figure>\n\n\n\n<h2 class=\"wp-block-heading\">Como praticar o sil\u00eancio no dia a dia?<\/h2>\n\n\n\n<p>Seguir a reflex\u00e3o de Blaise Pascal exige disciplina e pequenas <strong>mudan\u00e7as de h\u00e1bito<\/strong>. Em uma rotina cheia de compromissos, criar momentos de pausa \u00e9 essencial para desenvolver foco e bem-estar.<\/p>\n\n\n\n<p>Algumas pr\u00e1ticas simples podem ajudar a inserir o sil\u00eancio na rotina de forma natural:<\/p>\n\n\n\n<ul class=\"wp-block-list\">\n<li>Reservar alguns minutos do dia para ficar sem celular<\/li>\n\n\n\n<li>Praticar medita\u00e7\u00e3o ou respira\u00e7\u00e3o consciente<\/li>\n\n\n\n<li>Evitar est\u00edmulos excessivos antes de dormir<\/li>\n\n\n\n<li>Fazer caminhadas em ambientes tranquilos<\/li>\n\n\n\n<li>Desenvolver o h\u00e1bito da reflex\u00e3o di\u00e1ria<\/li>\n<\/ul>\n\n\n\n<h2 class=\"wp-block-heading\">O que podemos aprender com Blaise Pascal hoje?<\/h2>\n\n\n\n<p>Blaise Pascal nos convida a repensar nossa rela\u00e7\u00e3o com o <strong>tempo<\/strong>, a <strong>mente <\/strong>e o <strong>sil\u00eancio<\/strong>. Em um cen\u00e1rio dominado por distra\u00e7\u00f5es, aprender a ficar sozinho consigo mesmo \u00e9 uma habilidade poderosa para o crescimento pessoal e a intelig\u00eancia emocional.<\/p>\n\n\n\n<p>No contexto do desenvolvimento pessoal, o sil\u00eancio se torna uma <strong>ferramenta estrat\u00e9gica <\/strong>para melhorar foco, produtividade e bem-estar. Ao aplicar esse conceito na rotina, \u00e9 poss\u00edvel construir uma vida mais equilibrada, consciente e alinhada com objetivos e valores.<\/p>\n","protected":false},"excerpt":{"rendered":"<p>Blaise Pascal, matem\u00e1tico e pensador, deixou uma reflex\u00e3o profunda que se conecta diretamente ao universo do desenvolvimento pessoal, da intelig\u00eancia emocional e do autoconhecimento. Em meio a uma rotina acelerada, cheia de distra\u00e7\u00f5es e est\u00edmulos digitais, compreender o valor do sil\u00eancio pode ser um divisor de \u00e1guas para a sa\u00fade mental, foco e equil\u00edbrio. Essa [&hellip;]<\/p>\n","protected":false},"author":21,"featured_media":128844,"comment_status":"open","ping_status":"open","sticky":false,"template":"","format":"standard","meta":{"jnews-multi-image_gallery":[],"jnews_single_post":{"format":"standard"},"jnews_primary_category":[],"jnews_social_meta":[],"jnews_override_counter":[],"footnotes":""},"categories":[3046],"tags":[1494,22517,1446,5305],"class_list":["post-128842","post","type-post","status-publish","format-standard","has-post-thumbnail","hentry","category-curiosidades","tag-autoconhecimento","tag-blaise-pascal","tag-saude-mental","tag-silencio"],"yoast_head":"<!-- This site is optimized with the Yoast SEO plugin v26.5 - https:\/\/yoast.com\/wordpress\/plugins\/seo\/ -->\n<title>Blaise Pascal, matem\u00e1tico e pensador, afirmou: \u201cTodos os problemas da humanidade v\u00eam da incapacidade de ficar sozinho em sil\u00eancio\u201d - UAI Not\u00edcias<\/title>\n<meta name=\"description\" content=\"Blaise Pascal mostra como o sil\u00eancio melhora foco, reduz ansiedade e fortalece o autoconhecimento na vida moderna.\" \/>\n<meta name=\"robots\" content=\"index, follow, max-snippet:-1, max-image-preview:large, max-video-preview:-1\" \/>\n<link rel=\"canonical\" href=\"https:\/\/www.uai.com.br\/uainoticias\/2026\/04\/30\/blaise-pascal-matematico-e-pensador-afirmou-todos-os-problemas-da-humanidade-vem-da-incapacidade-de-ficar-sozinho-em-silencio\/\" \/>\n<meta property=\"og:locale\" content=\"pt_BR\" \/>\n<meta property=\"og:type\" content=\"article\" \/>\n<meta property=\"og:title\" content=\"Blaise Pascal, matem\u00e1tico e pensador, afirmou: \u201cTodos os problemas da humanidade v\u00eam da incapacidade de ficar sozinho em sil\u00eancio\u201d - UAI Not\u00edcias\" \/>\n<meta property=\"og:description\" content=\"Blaise Pascal mostra como o sil\u00eancio melhora foco, reduz ansiedade e fortalece o autoconhecimento na vida moderna.\" \/>\n<meta property=\"og:url\" content=\"https:\/\/www.uai.com.br\/uainoticias\/2026\/04\/30\/blaise-pascal-matematico-e-pensador-afirmou-todos-os-problemas-da-humanidade-vem-da-incapacidade-de-ficar-sozinho-em-silencio\/\" \/>\n<meta property=\"og:site_name\" content=\"UAI Not\u00edcias\" \/>\n<meta property=\"article:published_time\" content=\"2026-04-30T16:05:00+00:00\" \/>\n<meta property=\"og:image\" content=\"https:\/\/www.uai.com.br\/uainoticias\/wp-content\/uploads\/2026\/04\/X-2026-04-30T080316.095.jpg\" \/>\n\t<meta property=\"og:image:width\" content=\"2560\" \/>\n\t<meta property=\"og:image:height\" content=\"1440\" \/>\n\t<meta property=\"og:image:type\" content=\"image\/jpeg\" \/>\n<meta name=\"author\" content=\"Elis Souza\" \/>\n<meta name=\"twitter:card\" content=\"summary_large_image\" \/>\n<meta name=\"twitter:label1\" content=\"Escrito por\" \/>\n\t<meta name=\"twitter:data1\" content=\"Elis Souza\" \/>\n\t<meta name=\"twitter:label2\" content=\"Est. tempo de leitura\" \/>\n\t<meta name=\"twitter:data2\" content=\"4 minutos\" \/>\n<!-- \/ Yoast SEO plugin. -->","yoast_head_json":{"title":"Blaise Pascal, matem\u00e1tico e pensador, afirmou: \u201cTodos os problemas da humanidade v\u00eam da incapacidade de ficar sozinho em sil\u00eancio\u201d - UAI Not\u00edcias","description":"Blaise Pascal mostra como o sil\u00eancio melhora foco, reduz ansiedade e fortalece o autoconhecimento na vida moderna.","robots":{"index":"index","follow":"follow","max-snippet":"max-snippet:-1","max-image-preview":"max-image-preview:large","max-video-preview":"max-video-preview:-1"},"canonical":"https:\/\/www.uai.com.br\/uainoticias\/2026\/04\/30\/blaise-pascal-matematico-e-pensador-afirmou-todos-os-problemas-da-humanidade-vem-da-incapacidade-de-ficar-sozinho-em-silencio\/","og_locale":"pt_BR","og_type":"article","og_title":"Blaise Pascal, matem\u00e1tico e pensador, afirmou: \u201cTodos os problemas da humanidade v\u00eam da incapacidade de ficar sozinho em sil\u00eancio\u201d - UAI Not\u00edcias","og_description":"Blaise Pascal mostra como o sil\u00eancio melhora foco, reduz ansiedade e fortalece o autoconhecimento na vida moderna.","og_url":"https:\/\/www.uai.com.br\/uainoticias\/2026\/04\/30\/blaise-pascal-matematico-e-pensador-afirmou-todos-os-problemas-da-humanidade-vem-da-incapacidade-de-ficar-sozinho-em-silencio\/","og_site_name":"UAI Not\u00edcias","article_published_time":"2026-04-30T16:05:00+00:00","og_image":[{"width":2560,"height":1440,"url":"https:\/\/www.uai.com.br\/uainoticias\/wp-content\/uploads\/2026\/04\/X-2026-04-30T080316.095.jpg","type":"image\/jpeg"}],"author":"Elis Souza","twitter_card":"summary_large_image","twitter_misc":{"Escrito por":"Elis Souza","Est. tempo de leitura":"4 minutos"},"schema":{"@context":"https:\/\/schema.org","@graph":[{"@type":"WebPage","@id":"https:\/\/www.uai.com.br\/uainoticias\/2026\/04\/30\/blaise-pascal-matematico-e-pensador-afirmou-todos-os-problemas-da-humanidade-vem-da-incapacidade-de-ficar-sozinho-em-silencio\/","url":"https:\/\/www.uai.com.br\/uainoticias\/2026\/04\/30\/blaise-pascal-matematico-e-pensador-afirmou-todos-os-problemas-da-humanidade-vem-da-incapacidade-de-ficar-sozinho-em-silencio\/","name":"Blaise Pascal, matem\u00e1tico e pensador, afirmou: \u201cTodos os problemas da humanidade v\u00eam da incapacidade de ficar sozinho em sil\u00eancio\u201d - UAI Not\u00edcias","isPartOf":{"@id":"https:\/\/www.uai.com.br\/uainoticias\/#website"},"primaryImageOfPage":{"@id":"https:\/\/www.uai.com.br\/uainoticias\/2026\/04\/30\/blaise-pascal-matematico-e-pensador-afirmou-todos-os-problemas-da-humanidade-vem-da-incapacidade-de-ficar-sozinho-em-silencio\/#primaryimage"},"image":{"@id":"https:\/\/www.uai.com.br\/uainoticias\/2026\/04\/30\/blaise-pascal-matematico-e-pensador-afirmou-todos-os-problemas-da-humanidade-vem-da-incapacidade-de-ficar-sozinho-em-silencio\/#primaryimage"},"thumbnailUrl":"https:\/\/www.uai.com.br\/uainoticias\/wp-content\/uploads\/2026\/04\/X-2026-04-30T080316.095.jpg","datePublished":"2026-04-30T16:05:00+00:00","author":{"@id":"https:\/\/www.uai.com.br\/uainoticias\/#\/schema\/person\/1258385bcc3fbd879fd10f9c170db42f"},"description":"Blaise Pascal mostra como o sil\u00eancio melhora foco, reduz ansiedade e fortalece o autoconhecimento na vida moderna.","breadcrumb":{"@id":"https:\/\/www.uai.com.br\/uainoticias\/2026\/04\/30\/blaise-pascal-matematico-e-pensador-afirmou-todos-os-problemas-da-humanidade-vem-da-incapacidade-de-ficar-sozinho-em-silencio\/#breadcrumb"},"inLanguage":"pt-BR","potentialAction":[{"@type":"ReadAction","target":["https:\/\/www.uai.com.br\/uainoticias\/2026\/04\/30\/blaise-pascal-matematico-e-pensador-afirmou-todos-os-problemas-da-humanidade-vem-da-incapacidade-de-ficar-sozinho-em-silencio\/"]}]},{"@type":"ImageObject","inLanguage":"pt-BR","@id":"https:\/\/www.uai.com.br\/uainoticias\/2026\/04\/30\/blaise-pascal-matematico-e-pensador-afirmou-todos-os-problemas-da-humanidade-vem-da-incapacidade-de-ficar-sozinho-em-silencio\/#primaryimage","url":"https:\/\/www.uai.com.br\/uainoticias\/wp-content\/uploads\/2026\/04\/X-2026-04-30T080316.095.jpg","contentUrl":"https:\/\/www.uai.com.br\/uainoticias\/wp-content\/uploads\/2026\/04\/X-2026-04-30T080316.095.jpg","width":2560,"height":1440,"caption":"Pausas ajudam a reduzir a ansiedade"},{"@type":"BreadcrumbList","@id":"https:\/\/www.uai.com.br\/uainoticias\/2026\/04\/30\/blaise-pascal-matematico-e-pensador-afirmou-todos-os-problemas-da-humanidade-vem-da-incapacidade-de-ficar-sozinho-em-silencio\/#breadcrumb","itemListElement":[{"@type":"ListItem","position":1,"name":"In\u00edcio","item":"https:\/\/www.uai.com.br\/uainoticias\/"},{"@type":"ListItem","position":2,"name":"Blaise Pascal, matem\u00e1tico e pensador, afirmou: \u201cTodos os problemas da humanidade v\u00eam da incapacidade de ficar sozinho em sil\u00eancio\u201d"}]},{"@type":"WebSite","@id":"https:\/\/www.uai.com.br\/uainoticias\/#website","url":"https:\/\/www.uai.com.br\/uainoticias\/","name":"UAI Not\u00edcias","description":"Acompanhe as \u00faltimas not\u00edcias e fique bem informado sobre tudo o que acontece no Brasil e no mundo.","potentialAction":[{"@type":"SearchAction","target":{"@type":"EntryPoint","urlTemplate":"https:\/\/www.uai.com.br\/uainoticias\/?s={search_term_string}"},"query-input":{"@type":"PropertyValueSpecification","valueRequired":true,"valueName":"search_term_string"}}],"inLanguage":"pt-BR"},{"@type":"Person","@id":"https:\/\/www.uai.com.br\/uainoticias\/#\/schema\/person\/1258385bcc3fbd879fd10f9c170db42f","name":"Elis Souza","image":{"@type":"ImageObject","inLanguage":"pt-BR","@id":"https:\/\/www.uai.com.br\/uainoticias\/#\/schema\/person\/image\/","url":"https:\/\/secure.gravatar.com\/avatar\/3e64245e1729ae956ad3b8c7668da27e14acd24beef730713818f246d196582a?s=96&d=mm&r=g","contentUrl":"https:\/\/secure.gravatar.com\/avatar\/3e64245e1729ae956ad3b8c7668da27e14acd24beef730713818f246d196582a?s=96&d=mm&r=g","caption":"Elis Souza"},"sameAs":["https:\/\/www.uai.com.br\/uainoticias\/"],"url":"https:\/\/www.uai.com.br\/uainoticias\/author\/elissouza\/"}]}},"_links":{"self":[{"href":"https:\/\/www.uai.com.br\/uainoticias\/wp-json\/wp\/v2\/posts\/128842","targetHints":{"allow":["GET"]}}],"collection":[{"href":"https:\/\/www.uai.com.br\/uainoticias\/wp-json\/wp\/v2\/posts"}],"about":[{"href":"https:\/\/www.uai.com.br\/uainoticias\/wp-json\/wp\/v2\/types\/post"}],"author":[{"embeddable":true,"href":"https:\/\/www.uai.com.br\/uainoticias\/wp-json\/wp\/v2\/users\/21"}],"replies":[{"embeddable":true,"href":"https:\/\/www.uai.com.br\/uainoticias\/wp-json\/wp\/v2\/comments?post=128842"}],"version-history":[{"count":1,"href":"https:\/\/www.uai.com.br\/uainoticias\/wp-json\/wp\/v2\/posts\/128842\/revisions"}],"predecessor-version":[{"id":128845,"href":"https:\/\/www.uai.com.br\/uainoticias\/wp-json\/wp\/v2\/posts\/128842\/revisions\/128845"}],"wp:featuredmedia":[{"embeddable":true,"href":"https:\/\/www.uai.com.br\/uainoticias\/wp-json\/wp\/v2\/media\/128844"}],"wp:attachment":[{"href":"https:\/\/www.uai.com.br\/uainoticias\/wp-json\/wp\/v2\/media?parent=128842"}],"wp:term":[{"taxonomy":"category","embeddable":true,"href":"https:\/\/www.uai.com.br\/uainoticias\/wp-json\/wp\/v2\/categories?post=128842"},{"taxonomy":"post_tag","embeddable":true,"href":"https:\/\/www.uai.com.br\/uainoticias\/wp-json\/wp\/v2\/tags?post=128842"}],"curies":[{"name":"wp","href":"https:\/\/api.w.org\/{rel}","templated":true}]}}