{"id":128809,"date":"2026-04-30T11:35:00","date_gmt":"2026-04-30T14:35:00","guid":{"rendered":"https:\/\/www.uai.com.br\/uainoticias\/?p=128809"},"modified":"2026-04-30T07:41:05","modified_gmt":"2026-04-30T10:41:05","slug":"confucio-sabio-milenar-afirmou-o-verdadeiro-conhecimento-e-conhecer-a-extensao-da-propria-ignorancia","status":"publish","type":"post","link":"https:\/\/www.uai.com.br\/uainoticias\/2026\/04\/30\/confucio-sabio-milenar-afirmou-o-verdadeiro-conhecimento-e-conhecer-a-extensao-da-propria-ignorancia\/","title":{"rendered":"Conf\u00facio, s\u00e1bio milenar, afirmou: \u201cO verdadeiro conhecimento \u00e9 conhecer a extens\u00e3o da pr\u00f3pria ignor\u00e2ncia\u201d"},"content":{"rendered":"\n<p><strong>Conf\u00facio<\/strong>, reconhecido como um grande s\u00e1bio da hist\u00f3ria, deixou uma frase que <strong>atravessa s\u00e9culos <\/strong>e continua impactando o desenvolvimento pessoal e o autoconhecimento. Dentro do universo das reflex\u00f5es filos\u00f3ficas e da educa\u00e7\u00e3o emocional, entender o verdadeiro conhecimento se conecta diretamente com aprendizado, consci\u00eancia e evolu\u00e7\u00e3o. Essa ideia simples, por\u00e9m profunda, convida qualquer pessoa a refletir sobre seus pr\u00f3prios limites e expandir sua vis\u00e3o de mundo.<\/p>\n\n\n\n<h2 class=\"wp-block-heading\">O que Conf\u00facio quis dizer com essa frase?<\/h2>\n\n\n\n<p><strong><a href=\"https:\/\/pt.wikipedia.org\/wiki\/Conf%C3%BAcio\" target=\"_blank\" rel=\"noreferrer noopener\">Conf\u00facio <\/a><\/strong>utilizava sua sabedoria para ensinar valores ligados ao autoconhecimento e \u00e0 humildade. A famosa frase sobre conhecer a pr\u00f3pria ignor\u00e2ncia revela que o aprendizado come\u00e7a quando reconhecemos o que ainda n\u00e3o sabemos. Esse pensamento \u00e9 <strong>essencial dentro da filosofia<\/strong> de desenvolvimento pessoal.<\/p>\n\n\n\n<p>Ao interpretar essa ideia, o s\u00e1bio mostra que o conhecimento n\u00e3o est\u00e1 apenas em <strong>acumular<\/strong> <strong>informa\u00e7\u00f5es<\/strong>, mas em desenvolver consci\u00eancia cr\u00edtica. Esse tipo de reflex\u00e3o amplia a<strong><a href=\"https:\/\/www.uai.com.br\/uainoticias\/2025\/06\/25\/como-ter-mais-inteligencia-emocional-segundo-a-psicologia\/\" target=\"_blank\" rel=\"noreferrer noopener\"> intelig\u00eancia emocional <\/a><\/strong>e fortalece habilidades como an\u00e1lise, pensamento e evolu\u00e7\u00e3o cont\u00ednua.<\/p>\n\n\n\n<h2 class=\"wp-block-heading\">Por que essa frase \u00e9 t\u00e3o atual nos dias de hoje?<\/h2>\n\n\n\n<p>A frase de Conf\u00facio permanece atual porque vivemos em uma era de <strong>excesso<\/strong> <strong>de informa\u00e7\u00e3o<\/strong>, mas nem sempre de sabedoria. Reconhecer limites \u00e9 essencial para crescer, aprender e desenvolver habilidades pr\u00e1ticas no cotidiano.<\/p>\n\n\n\n<p>O pensamento do s\u00e1bio se encaixa perfeitamente em temas modernos como educa\u00e7\u00e3o cont\u00ednua, aprendizado digital e desenvolvimento pessoal. Ele refor\u00e7a a import\u00e2ncia de questionar, <strong>refletir <\/strong>e buscar <strong>conhecimento <\/strong>de forma consciente.<\/p>\n\n\n\n<h2 class=\"wp-block-heading\">Como aplicar o ensinamento de Conf\u00facio no dia a dia?<\/h2>\n\n\n\n<p>Aplicar a frase de Conf\u00facio na pr\u00e1tica exige mudan\u00e7as de <strong>mentalidade <\/strong>e <strong>atitudes<\/strong>. O s\u00e1bio ensina que reconhecer a ignor\u00e2ncia n\u00e3o \u00e9 fraqueza, mas sim um passo estrat\u00e9gico para o crescimento pessoal.<\/p>\n\n\n\n<p>Para facilitar essa aplica\u00e7\u00e3o, algumas a\u00e7\u00f5es podem ser incorporadas na rotina:<\/p>\n\n\n\n<ul class=\"wp-block-list\">\n<li>Praticar o autoconhecimento diariamente<\/li>\n\n\n\n<li>Questionar informa\u00e7\u00f5es antes de aceit\u00e1-las<\/li>\n\n\n\n<li>Buscar aprendizado cont\u00ednuo<\/li>\n\n\n\n<li>Desenvolver humildade intelectual<\/li>\n\n\n\n<li>Refletir sobre erros e experi\u00eancias<\/li>\n<\/ul>\n\n\n\n<figure class=\"wp-block-image size-large\"><img decoding=\"async\" width=\"1024\" height=\"576\" src=\"https:\/\/www.uai.com.br\/uainoticias\/wp-content\/uploads\/2026\/04\/X-2026-04-30T073841.942-1024x576.jpg\" alt=\"Conf\u00facio, s\u00e1bio milenar, afirmou: \u201cO verdadeiro conhecimento \u00e9 conhecer a extens\u00e3o da pr\u00f3pria ignor\u00e2ncia\u201d\" class=\"wp-image-128812\" srcset=\"https:\/\/www.uai.com.br\/uainoticias\/wp-content\/uploads\/2026\/04\/X-2026-04-30T073841.942-1024x576.jpg 1024w, https:\/\/www.uai.com.br\/uainoticias\/wp-content\/uploads\/2026\/04\/X-2026-04-30T073841.942-300x169.jpg 300w, https:\/\/www.uai.com.br\/uainoticias\/wp-content\/uploads\/2026\/04\/X-2026-04-30T073841.942-768x432.jpg 768w, https:\/\/www.uai.com.br\/uainoticias\/wp-content\/uploads\/2026\/04\/X-2026-04-30T073841.942-1536x864.jpg 1536w, https:\/\/www.uai.com.br\/uainoticias\/wp-content\/uploads\/2026\/04\/X-2026-04-30T073841.942-2048x1152.jpg 2048w, https:\/\/www.uai.com.br\/uainoticias\/wp-content\/uploads\/2026\/04\/X-2026-04-30T073841.942-750x422.jpg 750w, https:\/\/www.uai.com.br\/uainoticias\/wp-content\/uploads\/2026\/04\/X-2026-04-30T073841.942-1140x641.jpg 1140w\" sizes=\"(max-width: 1024px) 100vw, 1024px\" \/><figcaption class=\"wp-element-caption\">Conhecimento verdadeiro exige reflex\u00e3o<\/figcaption><\/figure>\n\n\n\n<h2 class=\"wp-block-heading\">Qual a rela\u00e7\u00e3o entre sabedoria e conhecimento?<\/h2>\n\n\n\n<p>Para Conf\u00facio, o s\u00e1bio n\u00e3o \u00e9 aquele que sabe tudo, mas aquele que reconhece o quanto ainda precisa aprender. A frase destaca a diferen\u00e7a entre conhecimento superficial e <strong>sabedoria profunda<\/strong>.<\/p>\n\n\n\n<p>Enquanto o conhecimento est\u00e1 ligado \u00e0 informa\u00e7\u00e3o, a sabedoria envolve <strong>interpreta\u00e7\u00e3o<\/strong>, <strong>reflex\u00e3o <\/strong>e <strong>aplica\u00e7\u00e3o pr\u00e1tica<\/strong>. Essa distin\u00e7\u00e3o \u00e9 fundamental para quem busca crescimento pessoal e desenvolvimento emocional.<\/p>\n\n\n\n<h2 class=\"wp-block-heading\">Quais benef\u00edcios esse pensamento traz para a vida?<\/h2>\n\n\n\n<p>A frase de Conf\u00facio traz benef\u00edcios diretos para quem busca evolu\u00e7\u00e3o pessoal. O ensinamento do <strong>s\u00e1bio <\/strong>ajuda a construir uma mentalidade mais aberta e preparada para desafios.<\/p>\n\n\n\n<p>Entre os principais benef\u00edcios, destacam-se:<\/p>\n\n\n\n<ul class=\"wp-block-list\">\n<li>Maior capacidade de aprendizado<\/li>\n\n\n\n<li>Desenvolvimento da intelig\u00eancia emocional<\/li>\n\n\n\n<li>Melhora na tomada de decis\u00f5es<\/li>\n\n\n\n<li>Fortalecimento do pensamento cr\u00edtico<\/li>\n\n\n\n<li>Crescimento pessoal cont\u00ednuo<\/li>\n<\/ul>\n\n\n\n<p>Ao final, a reflex\u00e3o proposta por Conf\u00facio refor\u00e7a que o verdadeiro conhecimento est\u00e1 ligado \u00e0 consci\u00eancia, aprendizado e evolu\u00e7\u00e3o constante. Essa frase do grande s\u00e1bio continua sendo um guia poderoso dentro da filosofia de vida, incentivando o <strong>desenvolvimento pessoal <\/strong>e a busca por uma compreens\u00e3o mais profunda de si mesmo e do mundo.<\/p>\n","protected":false},"excerpt":{"rendered":"<p>Conf\u00facio, reconhecido como um grande s\u00e1bio da hist\u00f3ria, deixou uma frase que atravessa s\u00e9culos e continua impactando o desenvolvimento pessoal e o autoconhecimento. Dentro do universo das reflex\u00f5es filos\u00f3ficas e da educa\u00e7\u00e3o emocional, entender o verdadeiro conhecimento se conecta diretamente com aprendizado, consci\u00eancia e evolu\u00e7\u00e3o. Essa ideia simples, por\u00e9m profunda, convida qualquer pessoa a refletir [&hellip;]<\/p>\n","protected":false},"author":21,"featured_media":128811,"comment_status":"open","ping_status":"open","sticky":false,"template":"","format":"standard","meta":{"jnews-multi-image_gallery":[],"jnews_single_post":{"format":"standard"},"jnews_primary_category":[],"jnews_social_meta":[],"jnews_override_counter":[],"footnotes":""},"categories":[3046],"tags":[1494,22021,14329,10436],"class_list":["post-128809","post","type-post","status-publish","format-standard","has-post-thumbnail","hentry","category-curiosidades","tag-autoconhecimento","tag-confucio","tag-conhecimento","tag-sabedoria"],"yoast_head":"<!-- This site is optimized with the Yoast SEO plugin v26.5 - https:\/\/yoast.com\/wordpress\/plugins\/seo\/ -->\n<title>Conf\u00facio, s\u00e1bio milenar, afirmou: \u201cO verdadeiro conhecimento \u00e9 conhecer a extens\u00e3o da pr\u00f3pria ignor\u00e2ncia\u201d - UAI Not\u00edcias<\/title>\n<meta name=\"description\" content=\"Conf\u00facio ensina que reconhecer a pr\u00f3pria ignor\u00e2ncia \u00e9 o caminho para o verdadeiro conhecimento e crescimento pessoal.\" \/>\n<meta name=\"robots\" content=\"index, follow, max-snippet:-1, max-image-preview:large, max-video-preview:-1\" \/>\n<link rel=\"canonical\" href=\"https:\/\/www.uai.com.br\/uainoticias\/2026\/04\/30\/confucio-sabio-milenar-afirmou-o-verdadeiro-conhecimento-e-conhecer-a-extensao-da-propria-ignorancia\/\" \/>\n<meta property=\"og:locale\" content=\"pt_BR\" \/>\n<meta property=\"og:type\" content=\"article\" \/>\n<meta property=\"og:title\" content=\"Conf\u00facio, s\u00e1bio milenar, afirmou: \u201cO verdadeiro conhecimento \u00e9 conhecer a extens\u00e3o da pr\u00f3pria ignor\u00e2ncia\u201d - UAI Not\u00edcias\" \/>\n<meta property=\"og:description\" content=\"Conf\u00facio ensina que reconhecer a pr\u00f3pria ignor\u00e2ncia \u00e9 o caminho para o verdadeiro conhecimento e crescimento pessoal.\" \/>\n<meta property=\"og:url\" content=\"https:\/\/www.uai.com.br\/uainoticias\/2026\/04\/30\/confucio-sabio-milenar-afirmou-o-verdadeiro-conhecimento-e-conhecer-a-extensao-da-propria-ignorancia\/\" \/>\n<meta property=\"og:site_name\" content=\"UAI Not\u00edcias\" \/>\n<meta property=\"article:published_time\" content=\"2026-04-30T14:35:00+00:00\" \/>\n<meta property=\"og:image\" content=\"https:\/\/www.uai.com.br\/uainoticias\/wp-content\/uploads\/2026\/04\/X-2026-04-30T073856.870.jpg\" \/>\n\t<meta property=\"og:image:width\" content=\"2560\" \/>\n\t<meta property=\"og:image:height\" content=\"1440\" \/>\n\t<meta property=\"og:image:type\" content=\"image\/jpeg\" \/>\n<meta name=\"author\" content=\"Elis Souza\" \/>\n<meta name=\"twitter:card\" content=\"summary_large_image\" \/>\n<meta name=\"twitter:label1\" content=\"Escrito por\" \/>\n\t<meta name=\"twitter:data1\" content=\"Elis Souza\" \/>\n\t<meta name=\"twitter:label2\" content=\"Est. tempo de leitura\" \/>\n\t<meta name=\"twitter:data2\" content=\"4 minutos\" \/>\n<!-- \/ Yoast SEO plugin. -->","yoast_head_json":{"title":"Conf\u00facio, s\u00e1bio milenar, afirmou: \u201cO verdadeiro conhecimento \u00e9 conhecer a extens\u00e3o da pr\u00f3pria ignor\u00e2ncia\u201d - UAI Not\u00edcias","description":"Conf\u00facio ensina que reconhecer a pr\u00f3pria ignor\u00e2ncia \u00e9 o caminho para o verdadeiro conhecimento e crescimento pessoal.","robots":{"index":"index","follow":"follow","max-snippet":"max-snippet:-1","max-image-preview":"max-image-preview:large","max-video-preview":"max-video-preview:-1"},"canonical":"https:\/\/www.uai.com.br\/uainoticias\/2026\/04\/30\/confucio-sabio-milenar-afirmou-o-verdadeiro-conhecimento-e-conhecer-a-extensao-da-propria-ignorancia\/","og_locale":"pt_BR","og_type":"article","og_title":"Conf\u00facio, s\u00e1bio milenar, afirmou: \u201cO verdadeiro conhecimento \u00e9 conhecer a extens\u00e3o da pr\u00f3pria ignor\u00e2ncia\u201d - UAI Not\u00edcias","og_description":"Conf\u00facio ensina que reconhecer a pr\u00f3pria ignor\u00e2ncia \u00e9 o caminho para o verdadeiro conhecimento e crescimento pessoal.","og_url":"https:\/\/www.uai.com.br\/uainoticias\/2026\/04\/30\/confucio-sabio-milenar-afirmou-o-verdadeiro-conhecimento-e-conhecer-a-extensao-da-propria-ignorancia\/","og_site_name":"UAI Not\u00edcias","article_published_time":"2026-04-30T14:35:00+00:00","og_image":[{"width":2560,"height":1440,"url":"https:\/\/www.uai.com.br\/uainoticias\/wp-content\/uploads\/2026\/04\/X-2026-04-30T073856.870.jpg","type":"image\/jpeg"}],"author":"Elis Souza","twitter_card":"summary_large_image","twitter_misc":{"Escrito por":"Elis Souza","Est. tempo de leitura":"4 minutos"},"schema":{"@context":"https:\/\/schema.org","@graph":[{"@type":"WebPage","@id":"https:\/\/www.uai.com.br\/uainoticias\/2026\/04\/30\/confucio-sabio-milenar-afirmou-o-verdadeiro-conhecimento-e-conhecer-a-extensao-da-propria-ignorancia\/","url":"https:\/\/www.uai.com.br\/uainoticias\/2026\/04\/30\/confucio-sabio-milenar-afirmou-o-verdadeiro-conhecimento-e-conhecer-a-extensao-da-propria-ignorancia\/","name":"Conf\u00facio, s\u00e1bio milenar, afirmou: \u201cO verdadeiro conhecimento \u00e9 conhecer a extens\u00e3o da pr\u00f3pria ignor\u00e2ncia\u201d - UAI Not\u00edcias","isPartOf":{"@id":"https:\/\/www.uai.com.br\/uainoticias\/#website"},"primaryImageOfPage":{"@id":"https:\/\/www.uai.com.br\/uainoticias\/2026\/04\/30\/confucio-sabio-milenar-afirmou-o-verdadeiro-conhecimento-e-conhecer-a-extensao-da-propria-ignorancia\/#primaryimage"},"image":{"@id":"https:\/\/www.uai.com.br\/uainoticias\/2026\/04\/30\/confucio-sabio-milenar-afirmou-o-verdadeiro-conhecimento-e-conhecer-a-extensao-da-propria-ignorancia\/#primaryimage"},"thumbnailUrl":"https:\/\/www.uai.com.br\/uainoticias\/wp-content\/uploads\/2026\/04\/X-2026-04-30T073856.870.jpg","datePublished":"2026-04-30T14:35:00+00:00","author":{"@id":"https:\/\/www.uai.com.br\/uainoticias\/#\/schema\/person\/1258385bcc3fbd879fd10f9c170db42f"},"description":"Conf\u00facio ensina que reconhecer a pr\u00f3pria ignor\u00e2ncia \u00e9 o caminho para o verdadeiro conhecimento e crescimento pessoal.","breadcrumb":{"@id":"https:\/\/www.uai.com.br\/uainoticias\/2026\/04\/30\/confucio-sabio-milenar-afirmou-o-verdadeiro-conhecimento-e-conhecer-a-extensao-da-propria-ignorancia\/#breadcrumb"},"inLanguage":"pt-BR","potentialAction":[{"@type":"ReadAction","target":["https:\/\/www.uai.com.br\/uainoticias\/2026\/04\/30\/confucio-sabio-milenar-afirmou-o-verdadeiro-conhecimento-e-conhecer-a-extensao-da-propria-ignorancia\/"]}]},{"@type":"ImageObject","inLanguage":"pt-BR","@id":"https:\/\/www.uai.com.br\/uainoticias\/2026\/04\/30\/confucio-sabio-milenar-afirmou-o-verdadeiro-conhecimento-e-conhecer-a-extensao-da-propria-ignorancia\/#primaryimage","url":"https:\/\/www.uai.com.br\/uainoticias\/wp-content\/uploads\/2026\/04\/X-2026-04-30T073856.870.jpg","contentUrl":"https:\/\/www.uai.com.br\/uainoticias\/wp-content\/uploads\/2026\/04\/X-2026-04-30T073856.870.jpg","width":2560,"height":1440,"caption":"Saber que n\u00e3o sabe \u00e9 o in\u00edcio do conhecimento"},{"@type":"BreadcrumbList","@id":"https:\/\/www.uai.com.br\/uainoticias\/2026\/04\/30\/confucio-sabio-milenar-afirmou-o-verdadeiro-conhecimento-e-conhecer-a-extensao-da-propria-ignorancia\/#breadcrumb","itemListElement":[{"@type":"ListItem","position":1,"name":"In\u00edcio","item":"https:\/\/www.uai.com.br\/uainoticias\/"},{"@type":"ListItem","position":2,"name":"Conf\u00facio, s\u00e1bio milenar, afirmou: \u201cO verdadeiro conhecimento \u00e9 conhecer a extens\u00e3o da pr\u00f3pria ignor\u00e2ncia\u201d"}]},{"@type":"WebSite","@id":"https:\/\/www.uai.com.br\/uainoticias\/#website","url":"https:\/\/www.uai.com.br\/uainoticias\/","name":"UAI Not\u00edcias","description":"Acompanhe as \u00faltimas not\u00edcias e fique bem informado sobre tudo o que acontece no Brasil e no mundo.","potentialAction":[{"@type":"SearchAction","target":{"@type":"EntryPoint","urlTemplate":"https:\/\/www.uai.com.br\/uainoticias\/?s={search_term_string}"},"query-input":{"@type":"PropertyValueSpecification","valueRequired":true,"valueName":"search_term_string"}}],"inLanguage":"pt-BR"},{"@type":"Person","@id":"https:\/\/www.uai.com.br\/uainoticias\/#\/schema\/person\/1258385bcc3fbd879fd10f9c170db42f","name":"Elis Souza","image":{"@type":"ImageObject","inLanguage":"pt-BR","@id":"https:\/\/www.uai.com.br\/uainoticias\/#\/schema\/person\/image\/","url":"https:\/\/secure.gravatar.com\/avatar\/3e64245e1729ae956ad3b8c7668da27e14acd24beef730713818f246d196582a?s=96&d=mm&r=g","contentUrl":"https:\/\/secure.gravatar.com\/avatar\/3e64245e1729ae956ad3b8c7668da27e14acd24beef730713818f246d196582a?s=96&d=mm&r=g","caption":"Elis Souza"},"sameAs":["https:\/\/www.uai.com.br\/uainoticias\/"],"url":"https:\/\/www.uai.com.br\/uainoticias\/author\/elissouza\/"}]}},"_links":{"self":[{"href":"https:\/\/www.uai.com.br\/uainoticias\/wp-json\/wp\/v2\/posts\/128809","targetHints":{"allow":["GET"]}}],"collection":[{"href":"https:\/\/www.uai.com.br\/uainoticias\/wp-json\/wp\/v2\/posts"}],"about":[{"href":"https:\/\/www.uai.com.br\/uainoticias\/wp-json\/wp\/v2\/types\/post"}],"author":[{"embeddable":true,"href":"https:\/\/www.uai.com.br\/uainoticias\/wp-json\/wp\/v2\/users\/21"}],"replies":[{"embeddable":true,"href":"https:\/\/www.uai.com.br\/uainoticias\/wp-json\/wp\/v2\/comments?post=128809"}],"version-history":[{"count":2,"href":"https:\/\/www.uai.com.br\/uainoticias\/wp-json\/wp\/v2\/posts\/128809\/revisions"}],"predecessor-version":[{"id":128814,"href":"https:\/\/www.uai.com.br\/uainoticias\/wp-json\/wp\/v2\/posts\/128809\/revisions\/128814"}],"wp:featuredmedia":[{"embeddable":true,"href":"https:\/\/www.uai.com.br\/uainoticias\/wp-json\/wp\/v2\/media\/128811"}],"wp:attachment":[{"href":"https:\/\/www.uai.com.br\/uainoticias\/wp-json\/wp\/v2\/media?parent=128809"}],"wp:term":[{"taxonomy":"category","embeddable":true,"href":"https:\/\/www.uai.com.br\/uainoticias\/wp-json\/wp\/v2\/categories?post=128809"},{"taxonomy":"post_tag","embeddable":true,"href":"https:\/\/www.uai.com.br\/uainoticias\/wp-json\/wp\/v2\/tags?post=128809"}],"curies":[{"name":"wp","href":"https:\/\/api.w.org\/{rel}","templated":true}]}}