{"id":128805,"date":"2026-04-30T11:05:00","date_gmt":"2026-04-30T14:05:00","guid":{"rendered":"https:\/\/www.uai.com.br\/uainoticias\/?p=128805"},"modified":"2026-04-30T07:23:04","modified_gmt":"2026-04-30T10:23:04","slug":"karl-popper-pensador-da-ciencia-disse-o-conhecimento-avanca-por-erros-nao-por-certezas-uma-ideia-que-muda-tudo","status":"publish","type":"post","link":"https:\/\/www.uai.com.br\/uainoticias\/2026\/04\/30\/karl-popper-pensador-da-ciencia-disse-o-conhecimento-avanca-por-erros-nao-por-certezas-uma-ideia-que-muda-tudo\/","title":{"rendered":"Karl Popper, pensador da ci\u00eancia, disse: \u201cO conhecimento avan\u00e7a por erros, n\u00e3o por certezas\u201d, uma ideia que muda tudo"},"content":{"rendered":"\n<p><strong>Karl Popper<\/strong>, um dos maiores pensadores da filosofia da ci\u00eancia, transformou a forma como entendemos o aprendizado, o <strong>pensamento cr\u00edtico<\/strong> e a <strong>evolu\u00e7\u00e3o do conhecimento<\/strong>. Sua famosa frase sobre erros e certezas n\u00e3o \u00e9 apenas uma reflex\u00e3o abstrata, mas um convite direto para repensar como lidamos com falhas, hip\u00f3teses e descobertas no cotidiano. Em um mundo onde buscamos respostas r\u00e1pidas, essa vis\u00e3o traz profundidade e consci\u00eancia.<\/p>\n\n\n\n<h2 class=\"wp-block-heading\">Por que Karl Popper valorizava tanto os erros?<\/h2>\n\n\n\n<p><strong><a href=\"https:\/\/pt.wikipedia.org\/wiki\/Karl_Popper\" target=\"_blank\" rel=\"noreferrer noopener\">Karl Popper <\/a><\/strong>defendia que o verdadeiro progresso do <strong>conhecimento <\/strong>acontece quando testamos ideias e identificamos suas falhas. Para ele, n\u00e3o \u00e9 a certeza que impulsiona a evolu\u00e7\u00e3o, mas sim a capacidade de questionar, revisar e corrigir. Essa vis\u00e3o coloca o erro como uma ferramenta essencial no processo de aprendizagem.<\/p>\n\n\n\n<p>Na pr\u00e1tica, isso significa que cada erro representa uma <strong>oportunidade de aprimorar teorias <\/strong>e expandir o entendimento. Ao inv\u00e9s de evitar falhas, Popper sugere que devemos analis\u00e1-las com aten\u00e7\u00e3o, pois s\u00e3o elas que indicam onde precisamos melhorar e evoluir.<\/p>\n\n\n\n<h2 class=\"wp-block-heading\">Como a frase de Karl Popper se aplica ao dia a dia?<\/h2>\n\n\n\n<p>A reflex\u00e3o de Karl Popper vai al\u00e9m da ci\u00eancia e pode ser aplicada em <strong><a href=\"https:\/\/www.uai.com.br\/uainoticias\/2025\/10\/06\/como-a-psicologia-explica-nossas-escolhas-e-decisoes-do-dia-a-dia\/\" target=\"_blank\" rel=\"noreferrer noopener\">decis\u00f5es pessoais<\/a><\/strong>, profissionais e at\u00e9 emocionais. Quando entendemos que errar faz parte do processo, passamos a agir com mais confian\u00e7a e menos medo de falhar.<\/p>\n\n\n\n<p>Essa mudan\u00e7a de mentalidade ajuda a desenvolver <strong>resili\u00eancia <\/strong>e <strong>pensamento cr\u00edtico<\/strong>. Em vez de buscar perfei\u00e7\u00e3o imediata, passamos a valorizar o aprendizado cont\u00ednuo e a evolu\u00e7\u00e3o gradual, o que torna qualquer jornada mais consistente e produtiva.<\/p>\n\n\n\n<figure class=\"wp-block-image size-large\"><img decoding=\"async\" width=\"1024\" height=\"576\" src=\"https:\/\/www.uai.com.br\/uainoticias\/wp-content\/uploads\/2026\/04\/X-2026-04-30T072110.003-1024x576.jpg\" alt=\"Karl Popper, pensador da ci\u00eancia, disse: \u201cO conhecimento avan\u00e7a por erros, n\u00e3o por certezas\u201d, uma ideia que muda tudo\" class=\"wp-image-128807\" srcset=\"https:\/\/www.uai.com.br\/uainoticias\/wp-content\/uploads\/2026\/04\/X-2026-04-30T072110.003-1024x576.jpg 1024w, https:\/\/www.uai.com.br\/uainoticias\/wp-content\/uploads\/2026\/04\/X-2026-04-30T072110.003-300x169.jpg 300w, https:\/\/www.uai.com.br\/uainoticias\/wp-content\/uploads\/2026\/04\/X-2026-04-30T072110.003-768x432.jpg 768w, https:\/\/www.uai.com.br\/uainoticias\/wp-content\/uploads\/2026\/04\/X-2026-04-30T072110.003-1536x864.jpg 1536w, https:\/\/www.uai.com.br\/uainoticias\/wp-content\/uploads\/2026\/04\/X-2026-04-30T072110.003-2048x1152.jpg 2048w, https:\/\/www.uai.com.br\/uainoticias\/wp-content\/uploads\/2026\/04\/X-2026-04-30T072110.003-750x422.jpg 750w, https:\/\/www.uai.com.br\/uainoticias\/wp-content\/uploads\/2026\/04\/X-2026-04-30T072110.003-1140x641.jpg 1140w\" sizes=\"(max-width: 1024px) 100vw, 1024px\" \/><figcaption class=\"wp-element-caption\">Questionar ideias fortalece o pensamento cr\u00edtico<\/figcaption><\/figure>\n\n\n\n<h2 class=\"wp-block-heading\">Quais li\u00e7\u00f5es pr\u00e1ticas podemos tirar dessa reflex\u00e3o?<\/h2>\n\n\n\n<p>A frase de Karl Popper oferece <strong>ensinamentos valiosos <\/strong>que podem ser aplicados de forma simples na rotina. Ao compreender o papel dos erros, conseguimos transformar desafios em oportunidades reais de crescimento.<\/p>\n\n\n\n<p>Algumas li\u00e7\u00f5es pr\u00e1ticas incluem:<\/p>\n\n\n\n<ul class=\"wp-block-list\">\n<li>Aceitar falhas como parte natural do processo de aprendizado<\/li>\n\n\n\n<li>Testar ideias antes de consider\u00e1-las definitivas<\/li>\n\n\n\n<li>Aprender com cr\u00edticas ao inv\u00e9s de evit\u00e1-las<\/li>\n\n\n\n<li>Revisar decis\u00f5es com base em novas informa\u00e7\u00f5es<\/li>\n<\/ul>\n\n\n\n<h2 class=\"wp-block-heading\">Por que buscamos certezas mesmo sabendo que podemos errar?<\/h2>\n\n\n\n<p>Mesmo com a l\u00f3gica apresentada por Karl Popper, muitas pessoas ainda buscam certezas absolutas. Isso acontece porque a seguran\u00e7a emocional est\u00e1 frequentemente ligada \u00e0 ideia de estar certo, evitando <strong>desconfortos <\/strong>e <strong>inseguran\u00e7as<\/strong>.<\/p>\n\n\n\n<p>No entanto, essa busca pode limitar o crescimento. Quando nos fechamos para a possibilidade de erro, deixamos de explorar novas ideias e de evoluir. A reflex\u00e3o de Popper nos incentiva a abra\u00e7ar a d\u00favida como parte essencial do <strong>desenvolvimento<\/strong>.<\/p>\n\n\n\n<h2 class=\"wp-block-heading\">Como aplicar o pensamento de Karl Popper para evoluir?<\/h2>\n\n\n\n<p>Colocar em pr\u00e1tica a vis\u00e3o de Karl Popper exige uma <strong>mudan\u00e7a de atitude <\/strong>diante do <strong>conhecimento<\/strong>. N\u00e3o se trata apenas de aceitar erros, mas de utiliz\u00e1-los ativamente como ferramentas de aprendizado e evolu\u00e7\u00e3o pessoal.<\/p>\n\n\n\n<p>Para facilitar essa aplica\u00e7\u00e3o, algumas estrat\u00e9gias podem ser \u00fateis:<\/p>\n\n\n\n<ul class=\"wp-block-list\">\n<li>Questionar suas pr\u00f3prias cren\u00e7as regularmente<\/li>\n\n\n\n<li>Buscar feedbacks construtivos de outras pessoas<\/li>\n\n\n\n<li>Testar novas abordagens sem medo de falhar<\/li>\n\n\n\n<li>Refletir sobre experi\u00eancias para extrair aprendizados<\/li>\n<\/ul>\n\n\n\n<p>No fim, a filosofia de Karl Popper refor\u00e7a que o conhecimento n\u00e3o \u00e9 est\u00e1tico, mas um processo cont\u00ednuo de <strong>revis\u00e3o<\/strong>, <strong>aprendizado <\/strong>e <strong>transforma\u00e7\u00e3o<\/strong>. Ao adotar essa mentalidade, passamos a enxergar o erro n\u00e3o como um obst\u00e1culo, mas como um passo essencial na constru\u00e7\u00e3o de uma vida mais consciente e evolutiva.<\/p>\n","protected":false},"excerpt":{"rendered":"<p>Karl Popper, um dos maiores pensadores da filosofia da ci\u00eancia, transformou a forma como entendemos o aprendizado, o pensamento cr\u00edtico e a evolu\u00e7\u00e3o do conhecimento. Sua famosa frase sobre erros e certezas n\u00e3o \u00e9 apenas uma reflex\u00e3o abstrata, mas um convite direto para repensar como lidamos com falhas, hip\u00f3teses e descobertas no cotidiano. Em um [&hellip;]<\/p>\n","protected":false},"author":21,"featured_media":128806,"comment_status":"open","ping_status":"open","sticky":false,"template":"","format":"standard","meta":{"jnews-multi-image_gallery":[],"jnews_single_post":{"format":"standard"},"jnews_primary_category":[],"jnews_social_meta":[],"jnews_override_counter":[],"footnotes":""},"categories":[3046],"tags":[14329,5007,22631,22632],"class_list":["post-128805","post","type-post","status-publish","format-standard","has-post-thumbnail","hentry","category-curiosidades","tag-conhecimento","tag-erros","tag-karl-popper","tag-pensamento-critico"],"yoast_head":"<!-- This site is optimized with the Yoast SEO plugin v26.5 - https:\/\/yoast.com\/wordpress\/plugins\/seo\/ -->\n<title>Karl Popper, pensador da ci\u00eancia, disse: \u201cO conhecimento avan\u00e7a por erros, n\u00e3o por certezas\u201d, uma ideia que muda tudo - UAI Not\u00edcias<\/title>\n<meta name=\"description\" content=\"Karl Popper mostra que o conhecimento evolui com erros, incentivando pensamento cr\u00edtico, aprendizado cont\u00ednuo e crescimento pessoal.\" \/>\n<meta name=\"robots\" content=\"index, follow, max-snippet:-1, max-image-preview:large, max-video-preview:-1\" \/>\n<link rel=\"canonical\" href=\"https:\/\/www.uai.com.br\/uainoticias\/2026\/04\/30\/karl-popper-pensador-da-ciencia-disse-o-conhecimento-avanca-por-erros-nao-por-certezas-uma-ideia-que-muda-tudo\/\" \/>\n<meta property=\"og:locale\" content=\"pt_BR\" \/>\n<meta property=\"og:type\" content=\"article\" \/>\n<meta property=\"og:title\" content=\"Karl Popper, pensador da ci\u00eancia, disse: \u201cO conhecimento avan\u00e7a por erros, n\u00e3o por certezas\u201d, uma ideia que muda tudo - UAI Not\u00edcias\" \/>\n<meta property=\"og:description\" content=\"Karl Popper mostra que o conhecimento evolui com erros, incentivando pensamento cr\u00edtico, aprendizado cont\u00ednuo e crescimento pessoal.\" \/>\n<meta property=\"og:url\" content=\"https:\/\/www.uai.com.br\/uainoticias\/2026\/04\/30\/karl-popper-pensador-da-ciencia-disse-o-conhecimento-avanca-por-erros-nao-por-certezas-uma-ideia-que-muda-tudo\/\" \/>\n<meta property=\"og:site_name\" content=\"UAI Not\u00edcias\" \/>\n<meta property=\"article:published_time\" content=\"2026-04-30T14:05:00+00:00\" \/>\n<meta property=\"og:image\" content=\"https:\/\/www.uai.com.br\/uainoticias\/wp-content\/uploads\/2026\/04\/X-2026-04-30T072142.139.jpg\" \/>\n\t<meta property=\"og:image:width\" content=\"2560\" \/>\n\t<meta property=\"og:image:height\" content=\"1440\" \/>\n\t<meta property=\"og:image:type\" content=\"image\/jpeg\" \/>\n<meta name=\"author\" content=\"Elis Souza\" \/>\n<meta name=\"twitter:card\" content=\"summary_large_image\" \/>\n<meta name=\"twitter:label1\" content=\"Escrito por\" \/>\n\t<meta name=\"twitter:data1\" content=\"Elis Souza\" \/>\n\t<meta name=\"twitter:label2\" content=\"Est. tempo de leitura\" \/>\n\t<meta name=\"twitter:data2\" content=\"4 minutos\" \/>\n<!-- \/ Yoast SEO plugin. -->","yoast_head_json":{"title":"Karl Popper, pensador da ci\u00eancia, disse: \u201cO conhecimento avan\u00e7a por erros, n\u00e3o por certezas\u201d, uma ideia que muda tudo - UAI Not\u00edcias","description":"Karl Popper mostra que o conhecimento evolui com erros, incentivando pensamento cr\u00edtico, aprendizado cont\u00ednuo e crescimento pessoal.","robots":{"index":"index","follow":"follow","max-snippet":"max-snippet:-1","max-image-preview":"max-image-preview:large","max-video-preview":"max-video-preview:-1"},"canonical":"https:\/\/www.uai.com.br\/uainoticias\/2026\/04\/30\/karl-popper-pensador-da-ciencia-disse-o-conhecimento-avanca-por-erros-nao-por-certezas-uma-ideia-que-muda-tudo\/","og_locale":"pt_BR","og_type":"article","og_title":"Karl Popper, pensador da ci\u00eancia, disse: \u201cO conhecimento avan\u00e7a por erros, n\u00e3o por certezas\u201d, uma ideia que muda tudo - UAI Not\u00edcias","og_description":"Karl Popper mostra que o conhecimento evolui com erros, incentivando pensamento cr\u00edtico, aprendizado cont\u00ednuo e crescimento pessoal.","og_url":"https:\/\/www.uai.com.br\/uainoticias\/2026\/04\/30\/karl-popper-pensador-da-ciencia-disse-o-conhecimento-avanca-por-erros-nao-por-certezas-uma-ideia-que-muda-tudo\/","og_site_name":"UAI Not\u00edcias","article_published_time":"2026-04-30T14:05:00+00:00","og_image":[{"width":2560,"height":1440,"url":"https:\/\/www.uai.com.br\/uainoticias\/wp-content\/uploads\/2026\/04\/X-2026-04-30T072142.139.jpg","type":"image\/jpeg"}],"author":"Elis Souza","twitter_card":"summary_large_image","twitter_misc":{"Escrito por":"Elis Souza","Est. tempo de leitura":"4 minutos"},"schema":{"@context":"https:\/\/schema.org","@graph":[{"@type":"WebPage","@id":"https:\/\/www.uai.com.br\/uainoticias\/2026\/04\/30\/karl-popper-pensador-da-ciencia-disse-o-conhecimento-avanca-por-erros-nao-por-certezas-uma-ideia-que-muda-tudo\/","url":"https:\/\/www.uai.com.br\/uainoticias\/2026\/04\/30\/karl-popper-pensador-da-ciencia-disse-o-conhecimento-avanca-por-erros-nao-por-certezas-uma-ideia-que-muda-tudo\/","name":"Karl Popper, pensador da ci\u00eancia, disse: \u201cO conhecimento avan\u00e7a por erros, n\u00e3o por certezas\u201d, uma ideia que muda tudo - UAI Not\u00edcias","isPartOf":{"@id":"https:\/\/www.uai.com.br\/uainoticias\/#website"},"primaryImageOfPage":{"@id":"https:\/\/www.uai.com.br\/uainoticias\/2026\/04\/30\/karl-popper-pensador-da-ciencia-disse-o-conhecimento-avanca-por-erros-nao-por-certezas-uma-ideia-que-muda-tudo\/#primaryimage"},"image":{"@id":"https:\/\/www.uai.com.br\/uainoticias\/2026\/04\/30\/karl-popper-pensador-da-ciencia-disse-o-conhecimento-avanca-por-erros-nao-por-certezas-uma-ideia-que-muda-tudo\/#primaryimage"},"thumbnailUrl":"https:\/\/www.uai.com.br\/uainoticias\/wp-content\/uploads\/2026\/04\/X-2026-04-30T072142.139.jpg","datePublished":"2026-04-30T14:05:00+00:00","author":{"@id":"https:\/\/www.uai.com.br\/uainoticias\/#\/schema\/person\/1258385bcc3fbd879fd10f9c170db42f"},"description":"Karl Popper mostra que o conhecimento evolui com erros, incentivando pensamento cr\u00edtico, aprendizado cont\u00ednuo e crescimento pessoal.","breadcrumb":{"@id":"https:\/\/www.uai.com.br\/uainoticias\/2026\/04\/30\/karl-popper-pensador-da-ciencia-disse-o-conhecimento-avanca-por-erros-nao-por-certezas-uma-ideia-que-muda-tudo\/#breadcrumb"},"inLanguage":"pt-BR","potentialAction":[{"@type":"ReadAction","target":["https:\/\/www.uai.com.br\/uainoticias\/2026\/04\/30\/karl-popper-pensador-da-ciencia-disse-o-conhecimento-avanca-por-erros-nao-por-certezas-uma-ideia-que-muda-tudo\/"]}]},{"@type":"ImageObject","inLanguage":"pt-BR","@id":"https:\/\/www.uai.com.br\/uainoticias\/2026\/04\/30\/karl-popper-pensador-da-ciencia-disse-o-conhecimento-avanca-por-erros-nao-por-certezas-uma-ideia-que-muda-tudo\/#primaryimage","url":"https:\/\/www.uai.com.br\/uainoticias\/wp-content\/uploads\/2026\/04\/X-2026-04-30T072142.139.jpg","contentUrl":"https:\/\/www.uai.com.br\/uainoticias\/wp-content\/uploads\/2026\/04\/X-2026-04-30T072142.139.jpg","width":2560,"height":1440,"caption":"O erro \u00e9 parte fundamental do aprendizado"},{"@type":"BreadcrumbList","@id":"https:\/\/www.uai.com.br\/uainoticias\/2026\/04\/30\/karl-popper-pensador-da-ciencia-disse-o-conhecimento-avanca-por-erros-nao-por-certezas-uma-ideia-que-muda-tudo\/#breadcrumb","itemListElement":[{"@type":"ListItem","position":1,"name":"In\u00edcio","item":"https:\/\/www.uai.com.br\/uainoticias\/"},{"@type":"ListItem","position":2,"name":"Karl Popper, pensador da ci\u00eancia, disse: \u201cO conhecimento avan\u00e7a por erros, n\u00e3o por certezas\u201d, uma ideia que muda tudo"}]},{"@type":"WebSite","@id":"https:\/\/www.uai.com.br\/uainoticias\/#website","url":"https:\/\/www.uai.com.br\/uainoticias\/","name":"UAI Not\u00edcias","description":"Acompanhe as \u00faltimas not\u00edcias e fique bem informado sobre tudo o que acontece no Brasil e no mundo.","potentialAction":[{"@type":"SearchAction","target":{"@type":"EntryPoint","urlTemplate":"https:\/\/www.uai.com.br\/uainoticias\/?s={search_term_string}"},"query-input":{"@type":"PropertyValueSpecification","valueRequired":true,"valueName":"search_term_string"}}],"inLanguage":"pt-BR"},{"@type":"Person","@id":"https:\/\/www.uai.com.br\/uainoticias\/#\/schema\/person\/1258385bcc3fbd879fd10f9c170db42f","name":"Elis Souza","image":{"@type":"ImageObject","inLanguage":"pt-BR","@id":"https:\/\/www.uai.com.br\/uainoticias\/#\/schema\/person\/image\/","url":"https:\/\/secure.gravatar.com\/avatar\/3e64245e1729ae956ad3b8c7668da27e14acd24beef730713818f246d196582a?s=96&d=mm&r=g","contentUrl":"https:\/\/secure.gravatar.com\/avatar\/3e64245e1729ae956ad3b8c7668da27e14acd24beef730713818f246d196582a?s=96&d=mm&r=g","caption":"Elis Souza"},"sameAs":["https:\/\/www.uai.com.br\/uainoticias\/"],"url":"https:\/\/www.uai.com.br\/uainoticias\/author\/elissouza\/"}]}},"_links":{"self":[{"href":"https:\/\/www.uai.com.br\/uainoticias\/wp-json\/wp\/v2\/posts\/128805","targetHints":{"allow":["GET"]}}],"collection":[{"href":"https:\/\/www.uai.com.br\/uainoticias\/wp-json\/wp\/v2\/posts"}],"about":[{"href":"https:\/\/www.uai.com.br\/uainoticias\/wp-json\/wp\/v2\/types\/post"}],"author":[{"embeddable":true,"href":"https:\/\/www.uai.com.br\/uainoticias\/wp-json\/wp\/v2\/users\/21"}],"replies":[{"embeddable":true,"href":"https:\/\/www.uai.com.br\/uainoticias\/wp-json\/wp\/v2\/comments?post=128805"}],"version-history":[{"count":1,"href":"https:\/\/www.uai.com.br\/uainoticias\/wp-json\/wp\/v2\/posts\/128805\/revisions"}],"predecessor-version":[{"id":128808,"href":"https:\/\/www.uai.com.br\/uainoticias\/wp-json\/wp\/v2\/posts\/128805\/revisions\/128808"}],"wp:featuredmedia":[{"embeddable":true,"href":"https:\/\/www.uai.com.br\/uainoticias\/wp-json\/wp\/v2\/media\/128806"}],"wp:attachment":[{"href":"https:\/\/www.uai.com.br\/uainoticias\/wp-json\/wp\/v2\/media?parent=128805"}],"wp:term":[{"taxonomy":"category","embeddable":true,"href":"https:\/\/www.uai.com.br\/uainoticias\/wp-json\/wp\/v2\/categories?post=128805"},{"taxonomy":"post_tag","embeddable":true,"href":"https:\/\/www.uai.com.br\/uainoticias\/wp-json\/wp\/v2\/tags?post=128805"}],"curies":[{"name":"wp","href":"https:\/\/api.w.org\/{rel}","templated":true}]}}