{"id":128789,"date":"2026-05-01T10:00:00","date_gmt":"2026-05-01T13:00:00","guid":{"rendered":"https:\/\/www.uai.com.br\/uainoticias\/?p=128789"},"modified":"2026-05-01T09:54:54","modified_gmt":"2026-05-01T12:54:54","slug":"a-capital-com-mais-de-100-praias-e-4a-melhor-qualidade-de-vida-do-brasil-ja-recebeu-50-mil-novos-moradores-em-3-anos","status":"publish","type":"post","link":"https:\/\/www.uai.com.br\/uainoticias\/2026\/05\/01\/a-capital-com-mais-de-100-praias-e-4a-melhor-qualidade-de-vida-do-brasil-ja-recebeu-50-mil-novos-moradores-em-3-anos\/","title":{"rendered":"A capital com mais de 100 praias e 4\u00aa melhor qualidade de vida do Brasil j\u00e1 recebeu 50 mil novos moradores em 3 anos"},"content":{"rendered":"\n<p>Entre o canto a\u00e7oriano de uma vila de pescadores e o teclado de um n\u00f4made digital americano, <strong>Florian\u00f3polis<\/strong> equilibra dois mundos no mesmo dia. A capital de <strong>Santa Catarina<\/strong> aparece como a 4\u00aa melhor capital brasileira em qualidade de vida segundo o <strong>\u00cdndice de Progresso Social (IPS) Brasil 2024<\/strong>, ganhou cerca de 50 mil novos moradores em tr\u00eas anos e tem mais de 100 praias catalogadas pela ilha.<\/p>\n\n\n\n<h2 class=\"wp-block-heading\">Por que tanta gente est\u00e1 se mudando para a Ilha da Magia<\/h2>\n\n\n\n<p>A migra\u00e7\u00e3o explica boa parte da press\u00e3o imobili\u00e1ria e do clima cosmopolita que tomou a ilha. Segundo o <strong>Instituto Brasileiro de Geografia e Estat\u00edstica (IBGE)<\/strong>, Florian\u00f3polis chegou a 587.486 habitantes em 2025 e foi a segunda capital que mais cresceu no Brasil entre 2024 e 2025, atr\u00e1s apenas de Boa Vista. A <a href=\"https:\/\/cidades.ibge.gov.br\/brasil\/sc\/florianopolis\/panorama\" target=\"_blank\" rel=\"noreferrer noopener\"><strong>p\u00e1gina oficial do IBGE<\/strong><\/a> sobre o munic\u00edpio re\u00fane os n\u00fameros atualizados.<\/p>\n\n\n\n<p>Os dados do Censo 2022 mostram que 39,1% dos moradores da capital nasceram em outros estados, com ga\u00fachos, paulistas e paranaenses na lideran\u00e7a. A <strong>Regi\u00e3o Metropolitana de Florian\u00f3polis<\/strong> teve o maior crescimento entre as 30 maiores do pa\u00eds, fen\u00f4meno que mudou o perfil da ilha em uma d\u00e9cada.<\/p>\n\n\n<div class=\"wp-block-image\">\n<figure class=\"aligncenter size-large\"><img decoding=\"async\" width=\"1024\" height=\"576\" src=\"https:\/\/www.uai.com.br\/uainoticias\/wp-content\/uploads\/2025\/12\/Florianopolis-_1751595641774-1024x576.jpg\" alt=\"\" class=\"wp-image-94151\" srcset=\"https:\/\/www.uai.com.br\/uainoticias\/wp-content\/uploads\/2025\/12\/Florianopolis-_1751595641774-1024x576.jpg 1024w, https:\/\/www.uai.com.br\/uainoticias\/wp-content\/uploads\/2025\/12\/Florianopolis-_1751595641774-300x169.jpg 300w, https:\/\/www.uai.com.br\/uainoticias\/wp-content\/uploads\/2025\/12\/Florianopolis-_1751595641774-768x432.jpg 768w, https:\/\/www.uai.com.br\/uainoticias\/wp-content\/uploads\/2025\/12\/Florianopolis-_1751595641774-750x422.jpg 750w, https:\/\/www.uai.com.br\/uainoticias\/wp-content\/uploads\/2025\/12\/Florianopolis-_1751595641774-1140x641.jpg 1140w, https:\/\/www.uai.com.br\/uainoticias\/wp-content\/uploads\/2025\/12\/Florianopolis-_1751595641774.jpg 1280w\" sizes=\"(max-width: 1024px) 100vw, 1024px\" \/><figcaption class=\"wp-element-caption\">Florian\u00f3polis se destaca por oferecer equil\u00edbrio entre modernidade, tranquilidade e cen\u00e1rios naturais \u00fanicos. \/\/ Cr\u00e9ditos: depositphotos.com \/ Keola<\/figcaption><\/figure><\/div>\n\n\n<h2 class=\"wp-block-heading\">Como uma ilha virou a Capital Nacional das Startups<\/h2>\n\n\n\n<p>O apelido de Ilha do Sil\u00edcio veio antes do t\u00edtulo oficial. Em 2024, a Lei Federal 14.955 reconheceu Florian\u00f3polis como <strong>Capital Nacional das Startups<\/strong>, sancionada pelo presidente Lula. A capital catarinense tem a maior densidade de empresas de tecnologia por habitante entre as capitais brasileiras, com 7,4 neg\u00f3cios tech a cada mil habitantes.<\/p>\n\n\n\n<p>O ecossistema \u00e9 puxado por institui\u00e7\u00f5es que nasceram na ilha. A <a href=\"https:\/\/www.acate.com.br\/\" target=\"_blank\" rel=\"noreferrer noopener\"><strong>Associa\u00e7\u00e3o Catarinense de Tecnologia (ACATE)<\/strong><\/a> existe desde 1986 e administra incubadoras como o MIDITEC, eleita pela <strong>UBI Global<\/strong> uma das cinco melhores do mundo. O <strong>Sapiens Parque<\/strong>, no norte da ilha, \u00e9 o maior parque tecnol\u00f3gico de Santa Catarina e abriga mais de 100 empresas. A <strong>Universidade Federal de Santa Catarina (UFSC)<\/strong> forma boa parte dos engenheiros que sustentam o setor.<\/p>\n\n\n<div class=\"wp-block-image\">\n<figure class=\"aligncenter size-large\"><img decoding=\"async\" width=\"1024\" height=\"576\" src=\"https:\/\/www.uai.com.br\/uainoticias\/wp-content\/uploads\/2026\/03\/florianopolis_1773012817061-1024x576.jpg\" alt=\"\" class=\"wp-image-114862\" srcset=\"https:\/\/www.uai.com.br\/uainoticias\/wp-content\/uploads\/2026\/03\/florianopolis_1773012817061-1024x576.jpg 1024w, https:\/\/www.uai.com.br\/uainoticias\/wp-content\/uploads\/2026\/03\/florianopolis_1773012817061-300x169.jpg 300w, https:\/\/www.uai.com.br\/uainoticias\/wp-content\/uploads\/2026\/03\/florianopolis_1773012817061-768x432.jpg 768w, https:\/\/www.uai.com.br\/uainoticias\/wp-content\/uploads\/2026\/03\/florianopolis_1773012817061-750x422.jpg 750w, https:\/\/www.uai.com.br\/uainoticias\/wp-content\/uploads\/2026\/03\/florianopolis_1773012817061-1140x641.jpg 1140w, https:\/\/www.uai.com.br\/uainoticias\/wp-content\/uploads\/2026\/03\/florianopolis_1773012817061.jpg 1280w\" sizes=\"(max-width: 1024px) 100vw, 1024px\" \/><figcaption class=\"wp-element-caption\">Florian\u00f3polis, a capital de Santa Catarina \/\/ Cr\u00e9ditos: depositphotos.com \/ Keola<\/figcaption><\/figure><\/div>\n\n\n<h2 class=\"wp-block-heading\">Quantas praias tem Florian\u00f3polis afinal<\/h2>\n\n\n\n<p>A resposta tradicional \u00e9 42, mas estudos mais recentes apontam mais de 100. O n\u00famero 42 foi popularizado pelo folclorista <strong>Franklin Cascaes<\/strong>, que percorreu a ilha na d\u00e9cada de 1960 para mapear os balne\u00e1rios. Como o registro original se perdeu, ge\u00f3grafos contestam o c\u00e1lculo.<\/p>\n\n\n\n<p>O pesquisador <strong>Nereu do Vale Pereira<\/strong> refez o levantamento ouvindo moradores e considerando marcos geogr\u00e1ficos, chegando \u00e0 casa das 100 praias. Algumas se destacam pelo perfil:<\/p>\n\n\n\n<ul class=\"wp-block-list\">\n<li><strong>Praia do Mo\u00e7ambique<\/strong>: com 13 km de extens\u00e3o, \u00e9 a mais longa da ilha, selvagem e cercada por restinga.<\/li>\n\n\n\n<li><strong>Lagoinha do Leste<\/strong>: acesso s\u00f3 por trilha de cerca de duas horas, considerada uma das mais bonitas do <strong>Brasil<\/strong>.<\/li>\n\n\n\n<li><strong>Ilha do Campeche<\/strong>: <a href=\"https:\/\/www.iphan.gov.br\/pagina\/detalhes\/364\" target=\"_blank\" rel=\"noreferrer noopener\"><strong>tombada pelo Instituto do Patrim\u00f4nio Hist\u00f3rico e Art\u00edstico Nacional (IPHAN)<\/strong><\/a> pelas inscri\u00e7\u00f5es rupestres, com \u00e1guas cristalinas e visita\u00e7\u00e3o controlada.<\/li>\n\n\n\n<li><strong>Jurer\u00ea Internacional<\/strong>: bairro planejado nos anos 1980 inspirado em <strong>Miami<\/strong>, vizinho da Esta\u00e7\u00e3o Ecol\u00f3gica dos Carij\u00f3s, sob gest\u00e3o do <a href=\"https:\/\/www.gov.br\/icmbio\/pt-br\/assuntos\/biodiversidade\/unidade-de-conservacao\/unidades-de-biomas\/marinho\/lista-de-ucs\/esec-carijos\" target=\"_blank\" rel=\"noreferrer noopener\"><strong>Instituto Chico Mendes de Conserva\u00e7\u00e3o da Biodiversidade (ICMBio)<\/strong><\/a>.<\/li>\n\n\n\n<li><strong>Praia da Joaquina<\/strong>: dunas de areia branca e ondas que sediam campeonatos internacionais de surfe.<\/li>\n<\/ul>\n\n\n\n<h2 class=\"wp-block-heading\">Onde fica o cora\u00e7\u00e3o tecnol\u00f3gico da ilha<\/h2>\n\n\n\n<p>O cora\u00e7\u00e3o tecnol\u00f3gico bate em tr\u00eas regi\u00f5es: <strong>Centro<\/strong>, <strong>Trindade<\/strong> e <strong>Sapiens Parque<\/strong>, no norte. Bairros como <strong>Lagoa da Concei\u00e7\u00e3o<\/strong> e <strong>Campeche<\/strong> concentram coworkings, caf\u00e9s com Wi-Fi r\u00e1pido e a maior parte da comunidade de n\u00f4mades digitais.<\/p>\n\n\n\n<p>A revista americana <strong>Travel + Leisure<\/strong> apontou Florian\u00f3polis como o novo grande destino para trabalhadores remotos, com 5.600 n\u00f4mades digitais ativos e crescimento de 224% desde 2018. A plataforma <strong>DashCity<\/strong> classificou a ilha como o segundo melhor destino do mundo para trabalho remoto, atr\u00e1s apenas de Dubai. Os americanos representam 61% dessa comunidade, seguidos por canadenses e brit\u00e2nicos.<\/p>\n\n\n\n<p><strong>Leia tamb\u00e9m: <a href=\"https:\/\/www.uai.com.br\/uainoticias\/2026\/04\/26\/o-caribe-brasileiro-onde-a-areia-e-branca-como-neve-nao-queima-os-pes-e-o-mar-tem-aguas-tao-cristalinas-que-parece-uma-piscina\/\" target=\"_blank\" rel=\"noreferrer noopener\">O Caribe Brasileiro onde a areia \u00e9 branca como neve: n\u00e3o queima os p\u00e9s e o mar tem \u00e1guas t\u00e3o cristalinas que parece uma piscina<\/a><\/strong><\/p>\n\n\n\n<h2 class=\"wp-block-heading\">Ostras frescas e tradi\u00e7\u00e3o a\u00e7oriana \u00e0 mesa<\/h2>\n\n\n\n<p>Florian\u00f3polis \u00e9 a primeira cidade brasileira a entrar na <a href=\"https:\/\/www.unesco.org\/en\/creative-cities\/florianopolis\" target=\"_blank\" rel=\"noreferrer noopener\"><strong>Rede de Cidades Criativas da UNESCO<\/strong><\/a>, na categoria gastronomia, desde 2014. O t\u00edtulo reconhece a fus\u00e3o entre heran\u00e7a a\u00e7oriana, cultura ind\u00edgena e o cultivo de moluscos que coloca a ilha como protagonista da maricultura nacional.<\/p>\n\n\n\n<p>A capital concentra cerca de 90% da produ\u00e7\u00e3o brasileira de ostras, segundo a <strong>Empresa de Pesquisa Agropecu\u00e1ria e Extens\u00e3o Rural de Santa Catarina (EPAGRI)<\/strong>. O bairro de <strong>Ribeir\u00e3o da Ilha<\/strong> \u00e9 o maior produtor, com restaurantes que servem o molusco direto das fazendas marinhas ao longo da Rodovia Baldicero Filomeno. Em <strong>Santo Ant\u00f4nio de Lisboa<\/strong>, vila colonial fundada por a\u00e7orianos, o p\u00f4r do sol sobre a ba\u00eda norte vem acompanhado de tainha assada na telha e sequ\u00eancia de camar\u00e3o. A plataforma oficial <a href=\"https:\/\/cidadecriativa.floripa.br\/\" target=\"_blank\" rel=\"noreferrer noopener\"><strong>Floripa Cidade Criativa<\/strong><\/a> re\u00fane roteiros gastron\u00f4micos pela ilha.<\/p>\n\n\n\n<p>Quem busca um roteiro completo de <strong>4 dias<\/strong> em <strong>Florian\u00f3polis<\/strong> com pre\u00e7os reais, vai curtir esse v\u00eddeo do canal <strong>Foco na Viagem<\/strong>, onde o apresentador mostra o para\u00edso catarinense:<\/p>\n\n\n\n<figure class=\"wp-block-embed is-type-video is-provider-youtube wp-block-embed-youtube wp-embed-aspect-16-9 wp-has-aspect-ratio\"><div class=\"wp-block-embed__wrapper\">\n<div class=\"jeg_video_container jeg_video_content\"><iframe loading=\"lazy\" title=\"FLORIAN\u00d3POLIS: 4 Dias Incr\u00edveis com Pre\u00e7os Reais | Roteiro Completo pelo Para\u00edso Catarinense!\" width=\"500\" height=\"281\" src=\"https:\/\/www.youtube.com\/embed\/VMvfW6Goc1U?start=37&#038;feature=oembed\" frameborder=\"0\" allow=\"accelerometer; autoplay; clipboard-write; encrypted-media; gyroscope; picture-in-picture; web-share\" referrerpolicy=\"strict-origin-when-cross-origin\" allowfullscreen><\/iframe><\/div>\n<\/div><\/figure>\n\n\n\n<h2 class=\"wp-block-heading\">Como \u00e9 o clima na Ilha de Santa Catarina<\/h2>\n\n\n\n<p>O clima subtropical garante quatro esta\u00e7\u00f5es bem definidas e mar pulsante o ano todo. O ver\u00e3o \u00e9 cheio, o outono e a primavera s\u00e3o os queridinhos de quem foge da multid\u00e3o. Confira a m\u00e9dia por esta\u00e7\u00e3o:<\/p>\n\n\n\n<style>\n    .ant-grid { \n        --cor-primaria: #0278c0; --cor-secundaria: #ffd31a; --cor-txt-secundaria: #0278c0; \n        display: grid; grid-template-columns: repeat(auto-fit, minmax(190px, 1fr)); gap: 15px; justify-content: center; padding: 10px;\n    }\n    .ant-card { \n        border: 5px solid var(--cor-primaria); border-top: 5px solid var(--cor-secundaria); border-radius: 4px; \n        background-color: var(--cor-primaria); background-clip: padding-box; display: flex; flex-direction: column; overflow: hidden; cursor: pointer; \n        box-shadow: 0 6px 12px rgba(0,0,0, 0.2); transition: transform 0.2s ease, box-shadow 0.2s ease; \n        -webkit-tap-highlight-color: transparent; user-select: none; transform: translateZ(0); animation: wmFadeIn 0.6s cubic-bezier(0.2, 0.8, 0.2, 1) backwards;\n    }\n    .ant-card:nth-child(1) { animation-delay: 0.1s; } .ant-card:nth-child(2) { animation-delay: 0.2s; }\n    .ant-card:nth-child(3) { animation-delay: 0.3s; } .ant-card:nth-child(4) { animation-delay: 0.4s; }\n    @keyframes wmFadeIn { from { opacity: 0; transform: translateY(30px); } to { opacity: 1; transform: translateY(0); } }\n    .ant-card:hover { transform: translateY(-5px); box-shadow: 0 15px 30px rgba(0,0,0, 0.3); }\n    .ant-card:active { transform: translateY(-1px) scale(0.97); box-shadow: 0 3px 6px rgba(0,0,0, 0.2); transition: transform 0.05s ease, box-shadow 0.05s ease; }\n    .ant-header { background: #f0f8f9; padding: 15px 10px; text-align: center; display: flex; flex-direction: column; align-items: center; justify-content: center; }\n    .ant-body { background: #ffffff; padding: 15px; display: flex; flex-direction: column; flex-grow: 1; align-items: center; }\n    .ant-card-destaque { box-shadow: 0 8px 16px rgba(0,0,0, 0.25); }\n    .ant-card-destaque:hover { box-shadow: 0 18px 36px rgba(0,0,0, 0.35); }\n    .ant-card-destaque .ant-header { background: var(--cor-secundaria); }\n    .ant-card-destaque .ant-header .ant-titulo { color: var(--cor-txt-secundaria) !important; } \n    .pill-ant { display: flex; white-space: normal; max-width: 100%; box-sizing: border-box; justify-content: center; align-items: center; text-align: center; background: #e0f4f6; color: var(--cor-primaria); font-size: 11px; font-weight: 900 !important; letter-spacing: 0.5px; padding: 8px 16px; border-radius: 4px; text-transform: uppercase; line-height: 1.4; box-shadow: 0 4px 8px rgba(0,0,0, 0.15); margin-top: auto; transition: transform 0.2s ease; }\n    .ant-card-destaque .pill-ant { background: var(--cor-primaria); color: var(--cor-txt-secundaria); } \n    .ant-card:hover .pill-ant { transform: scale(1.06); } .pill-ant span { font-weight: 900 !important; color: inherit; } \n    .ant-emoji { font-size: 24px; line-height: 1; margin-bottom: 5px; } .ant-titulo { color: var(--cor-primaria); font-size: 16px; text-transform: uppercase; margin-top: 5px; font-weight: bold; }\n    .ant-mes { font-size: 11px; font-weight: 800; color: var(--cor-primaria); text-transform: uppercase; margin-bottom: 5px; }\n    .ant-temp { font-size: 26px; font-weight: 900; color: var(--cor-primaria); margin-bottom: 10px; }\n    .ant-desc { font-size: 13px; color: #444; text-align: center; line-height: 1.5; margin-bottom: 15px; flex-grow: 1;} .ant-desc strong { color: #111; }\n<\/style>\n\n<div class=\"google-auto-ads-ignore ant-grid\" style=\"box-sizing: border-box; width: 100%; max-width: 980px; margin: 30px auto; font-family: 'Segoe UI', Roboto, Helvetica, Arial, sans-serif;\">\n    <div class=\"ant-card ant-card-destaque\">\n        <div class=\"ant-header\">\n            <div class=\"ant-emoji\">\ud83c\udfd6\ufe0f<\/div>\n            <div class=\"ant-titulo\">Ver\u00e3o<\/div>\n        <\/div>\n        <div class=\"ant-body\">\n            <div class=\"ant-mes\">Dezembro a Fevereiro<\/div>\n            <div class=\"ant-temp\">22\u00b0C a 30\u00b0C<\/div>\n            <div class=\"ant-desc\">A ilha fica cheia e o mar pulsante! Aproveite a energia intensa das <strong>Praias do Norte e festas<\/strong>.<\/div>\n            <div class=\"pill-ant\" style=\"color: #ffffff;\"><span>\u2b50 ALTA TEMPORADA<\/span><\/div>\n        <\/div>\n    <\/div>\n    <div class=\"ant-card\">\n        <div class=\"ant-header\">\n            <div class=\"ant-emoji\">\ud83c\udf42<\/div>\n            <div class=\"ant-titulo\">Outono<\/div>\n        <\/div>\n        <div class=\"ant-body\">\n            <div class=\"ant-mes\">Mar\u00e7o a Maio<\/div>\n            <div class=\"ant-temp\">17\u00b0C a 25\u00b0C<\/div>\n            <div class=\"ant-desc\">Queridinho de quem foge da multid\u00e3o, tem dias lindos e abertos para curtir as <strong>Trilhas e gastronomia<\/strong>.<\/div>\n            <div class=\"pill-ant\"><span>\ud83c\udf27\ufe0f CHUVA M\u00c9DIA<\/span><\/div>\n        <\/div>\n    <\/div>\n    <div class=\"ant-card\">\n        <div class=\"ant-header\">\n            <div class=\"ant-emoji\">\ud83e\uddaa<\/div>\n            <div class=\"ant-titulo\">Inverno<\/div>\n        <\/div>\n        <div class=\"ant-body\">\n            <div class=\"ant-mes\">Junho a Agosto<\/div>\n            <div class=\"ant-temp\">10\u00b0C a 20\u00b0C<\/div>\n            <div class=\"ant-desc\">O frio ameno traz tradi\u00e7\u00f5es fort\u00edssimas \u00e0 ilha. \u00c9 o per\u00edodo cl\u00e1ssico da <strong>Pesca da tainha e ostras<\/strong>.<\/div>\n            <div class=\"pill-ant\"><span>\u2600\ufe0f CHUVA BAIXA<\/span><\/div>\n        <\/div>\n    <\/div>\n    <div class=\"ant-card\">\n        <div class=\"ant-header\">\n            <div class=\"ant-emoji\">\u26f5<\/div>\n            <div class=\"ant-titulo\">Primavera<\/div>\n        <\/div>\n        <div class=\"ant-body\">\n            <div class=\"ant-mes\">Setembro a Novembro<\/div>\n            <div class=\"ant-temp\">15\u00b0C a 25\u00b0C<\/div>\n            <div class=\"ant-desc\">Temperaturas agrad\u00e1veis sem o caos do ver\u00e3o. Fase prop\u00edcia para <strong>Surfe e passeios de barco<\/strong>.<\/div>\n            <div class=\"pill-ant\"><span>\ud83c\udf27\ufe0f CHUVA M\u00c9DIA<\/span><\/div>\n        <\/div>\n    <\/div>\n<\/div>\n\n\n\n<p><em>Temperaturas aproximadas com base no <a href=\"https:\/\/www.climatempo.com.br\/previsao-do-tempo\/cidade\/377\/florianopolis-sc\" target=\"_blank\" rel=\"noreferrer noopener\"><strong>Climatempo<\/strong><\/a>. Condi\u00e7\u00f5es podem variar.<\/em><\/p>\n\n\n\n<h2 class=\"wp-block-heading\">Como chegar \u00e0 ilha que ningu\u00e9m quer mais deixar<\/h2>\n\n\n\n<p>O acesso principal \u00e9 pelo <strong>Aeroporto Internacional Herc\u00edlio Luz<\/strong>, no sul da ilha, com voos diretos para mais de dez capitais brasileiras e conex\u00f5es internacionais. Quem vem de carro pega a <strong>BR-101<\/strong> e cruza uma das tr\u00eas pontes que ligam a ilha ao continente.<\/p>\n\n\n\n<p>Floripa fica a 300 km de <strong>Curitiba<\/strong> e a 700 km de <strong>S\u00e3o Paulo<\/strong>, percurso de cerca de oito horas pela rodovia. O <strong>Terminal Rodovi\u00e1rio Rita Maria<\/strong> recebe linhas de todas as regi\u00f5es do pa\u00eds.<\/p>\n\n\n\n<h2 class=\"wp-block-heading\">Venha sentir o ritmo da Ilha do Sil\u00edcio<\/h2>\n\n\n\n<p>Floripa \u00e9 a capital onde o mar dita o calend\u00e1rio, a tecnologia paga as contas e a heran\u00e7a a\u00e7oriana ainda perfuma a cozinha. Poucas cidades brasileiras conseguem reunir natureza preservada, ecossistema de inova\u00e7\u00e3o e qualidade de vida em uma faixa de areia t\u00e3o extensa.<\/p>\n\n\n\n<p>Voc\u00ea precisa pisar em Florian\u00f3polis e entender por que tanta gente trocou S\u00e3o Paulo, Buenos Aires ou Nova York por uma ilha onde o trabalho cabe na vista para o mar.<\/p>\n","protected":false},"excerpt":{"rendered":"<p>Entre o canto a\u00e7oriano de uma vila de pescadores e o teclado de um n\u00f4made digital americano, Florian\u00f3polis equilibra dois mundos no mesmo dia. A capital de Santa Catarina aparece como a 4\u00aa melhor capital brasileira em qualidade de vida segundo o \u00cdndice de Progresso Social (IPS) Brasil 2024, ganhou cerca de 50 mil novos [&hellip;]<\/p>\n","protected":false},"author":14,"featured_media":97893,"comment_status":"open","ping_status":"open","sticky":false,"template":"","format":"standard","meta":{"jnews-multi-image_gallery":[],"jnews_single_post":{"format":"standard"},"jnews_primary_category":[],"jnews_social_meta":[],"jnews_override_counter":[],"footnotes":""},"categories":[210],"tags":[234,1340,2611],"class_list":["post-128789","post","type-post","status-publish","format-standard","has-post-thumbnail","hentry","category-cidades","tag-cidades","tag-florianopolis","tag-santa-catarina"],"yoast_head":"<!-- This site is optimized with the Yoast SEO plugin v26.5 - https:\/\/yoast.com\/wordpress\/plugins\/seo\/ -->\n<title>A capital com mais de 100 praias e 4\u00aa melhor qualidade de vida do Brasil j\u00e1 recebeu 50 mil novos moradores em 3 anos - UAI Not\u00edcias<\/title>\n<meta name=\"description\" content=\"Mais de 100 praias e excelente infraestrutura: veja detalhes da capital que recebeu 50 mil novos moradores e lidera rankings de bem-estar.\" \/>\n<meta name=\"robots\" content=\"index, follow, max-snippet:-1, max-image-preview:large, max-video-preview:-1\" \/>\n<link rel=\"canonical\" href=\"https:\/\/www.uai.com.br\/uainoticias\/2026\/05\/01\/a-capital-com-mais-de-100-praias-e-4a-melhor-qualidade-de-vida-do-brasil-ja-recebeu-50-mil-novos-moradores-em-3-anos\/\" \/>\n<meta property=\"og:locale\" content=\"pt_BR\" \/>\n<meta property=\"og:type\" content=\"article\" \/>\n<meta property=\"og:title\" content=\"A capital com mais de 100 praias e 4\u00aa melhor qualidade de vida do Brasil j\u00e1 recebeu 50 mil novos moradores em 3 anos - UAI Not\u00edcias\" \/>\n<meta property=\"og:description\" content=\"Mais de 100 praias e excelente infraestrutura: veja detalhes da capital que recebeu 50 mil novos moradores e lidera rankings de bem-estar.\" \/>\n<meta property=\"og:url\" content=\"https:\/\/www.uai.com.br\/uainoticias\/2026\/05\/01\/a-capital-com-mais-de-100-praias-e-4a-melhor-qualidade-de-vida-do-brasil-ja-recebeu-50-mil-novos-moradores-em-3-anos\/\" \/>\n<meta property=\"og:site_name\" content=\"UAI Not\u00edcias\" \/>\n<meta property=\"article:published_time\" content=\"2026-05-01T13:00:00+00:00\" \/>\n<meta property=\"og:image\" content=\"https:\/\/www.uai.com.br\/uainoticias\/wp-content\/uploads\/2025\/12\/image-67.png\" \/>\n\t<meta property=\"og:image:width\" content=\"1280\" \/>\n\t<meta property=\"og:image:height\" content=\"720\" \/>\n\t<meta property=\"og:image:type\" content=\"image\/png\" \/>\n<meta name=\"author\" content=\"Vitor Bruno\" \/>\n<meta name=\"twitter:card\" content=\"summary_large_image\" \/>\n<meta name=\"twitter:label1\" content=\"Escrito por\" \/>\n\t<meta name=\"twitter:data1\" content=\"Vitor Bruno\" \/>\n\t<meta name=\"twitter:label2\" content=\"Est. tempo de leitura\" \/>\n\t<meta name=\"twitter:data2\" content=\"1 minuto\" \/>\n<!-- \/ Yoast SEO plugin. -->","yoast_head_json":{"title":"A capital com mais de 100 praias e 4\u00aa melhor qualidade de vida do Brasil j\u00e1 recebeu 50 mil novos moradores em 3 anos - UAI Not\u00edcias","description":"Mais de 100 praias e excelente infraestrutura: veja detalhes da capital que recebeu 50 mil novos moradores e lidera rankings de bem-estar.","robots":{"index":"index","follow":"follow","max-snippet":"max-snippet:-1","max-image-preview":"max-image-preview:large","max-video-preview":"max-video-preview:-1"},"canonical":"https:\/\/www.uai.com.br\/uainoticias\/2026\/05\/01\/a-capital-com-mais-de-100-praias-e-4a-melhor-qualidade-de-vida-do-brasil-ja-recebeu-50-mil-novos-moradores-em-3-anos\/","og_locale":"pt_BR","og_type":"article","og_title":"A capital com mais de 100 praias e 4\u00aa melhor qualidade de vida do Brasil j\u00e1 recebeu 50 mil novos moradores em 3 anos - UAI Not\u00edcias","og_description":"Mais de 100 praias e excelente infraestrutura: veja detalhes da capital que recebeu 50 mil novos moradores e lidera rankings de bem-estar.","og_url":"https:\/\/www.uai.com.br\/uainoticias\/2026\/05\/01\/a-capital-com-mais-de-100-praias-e-4a-melhor-qualidade-de-vida-do-brasil-ja-recebeu-50-mil-novos-moradores-em-3-anos\/","og_site_name":"UAI Not\u00edcias","article_published_time":"2026-05-01T13:00:00+00:00","og_image":[{"width":1280,"height":720,"url":"https:\/\/www.uai.com.br\/uainoticias\/wp-content\/uploads\/2025\/12\/image-67.png","type":"image\/png"}],"author":"Vitor Bruno","twitter_card":"summary_large_image","twitter_misc":{"Escrito por":"Vitor Bruno","Est. tempo de leitura":"1 minuto"},"schema":{"@context":"https:\/\/schema.org","@graph":[{"@type":"WebPage","@id":"https:\/\/www.uai.com.br\/uainoticias\/2026\/05\/01\/a-capital-com-mais-de-100-praias-e-4a-melhor-qualidade-de-vida-do-brasil-ja-recebeu-50-mil-novos-moradores-em-3-anos\/","url":"https:\/\/www.uai.com.br\/uainoticias\/2026\/05\/01\/a-capital-com-mais-de-100-praias-e-4a-melhor-qualidade-de-vida-do-brasil-ja-recebeu-50-mil-novos-moradores-em-3-anos\/","name":"A capital com mais de 100 praias e 4\u00aa melhor qualidade de vida do Brasil j\u00e1 recebeu 50 mil novos moradores em 3 anos - UAI Not\u00edcias","isPartOf":{"@id":"https:\/\/www.uai.com.br\/uainoticias\/#website"},"primaryImageOfPage":{"@id":"https:\/\/www.uai.com.br\/uainoticias\/2026\/05\/01\/a-capital-com-mais-de-100-praias-e-4a-melhor-qualidade-de-vida-do-brasil-ja-recebeu-50-mil-novos-moradores-em-3-anos\/#primaryimage"},"image":{"@id":"https:\/\/www.uai.com.br\/uainoticias\/2026\/05\/01\/a-capital-com-mais-de-100-praias-e-4a-melhor-qualidade-de-vida-do-brasil-ja-recebeu-50-mil-novos-moradores-em-3-anos\/#primaryimage"},"thumbnailUrl":"https:\/\/www.uai.com.br\/uainoticias\/wp-content\/uploads\/2025\/12\/image-67.png","datePublished":"2026-05-01T13:00:00+00:00","author":{"@id":"https:\/\/www.uai.com.br\/uainoticias\/#\/schema\/person\/03130d752d0ce4e3bb0f607f1bc85084"},"description":"Mais de 100 praias e excelente infraestrutura: veja detalhes da capital que recebeu 50 mil novos moradores e lidera rankings de bem-estar.","breadcrumb":{"@id":"https:\/\/www.uai.com.br\/uainoticias\/2026\/05\/01\/a-capital-com-mais-de-100-praias-e-4a-melhor-qualidade-de-vida-do-brasil-ja-recebeu-50-mil-novos-moradores-em-3-anos\/#breadcrumb"},"inLanguage":"pt-BR","potentialAction":[{"@type":"ReadAction","target":["https:\/\/www.uai.com.br\/uainoticias\/2026\/05\/01\/a-capital-com-mais-de-100-praias-e-4a-melhor-qualidade-de-vida-do-brasil-ja-recebeu-50-mil-novos-moradores-em-3-anos\/"]}]},{"@type":"ImageObject","inLanguage":"pt-BR","@id":"https:\/\/www.uai.com.br\/uainoticias\/2026\/05\/01\/a-capital-com-mais-de-100-praias-e-4a-melhor-qualidade-de-vida-do-brasil-ja-recebeu-50-mil-novos-moradores-em-3-anos\/#primaryimage","url":"https:\/\/www.uai.com.br\/uainoticias\/wp-content\/uploads\/2025\/12\/image-67.png","contentUrl":"https:\/\/www.uai.com.br\/uainoticias\/wp-content\/uploads\/2025\/12\/image-67.png","width":1280,"height":720,"caption":"Praia do Forte oferece mar calmo e hist\u00f3ria em Florian\u00f3polis (imagem ilustrativa)"},{"@type":"BreadcrumbList","@id":"https:\/\/www.uai.com.br\/uainoticias\/2026\/05\/01\/a-capital-com-mais-de-100-praias-e-4a-melhor-qualidade-de-vida-do-brasil-ja-recebeu-50-mil-novos-moradores-em-3-anos\/#breadcrumb","itemListElement":[{"@type":"ListItem","position":1,"name":"In\u00edcio","item":"https:\/\/www.uai.com.br\/uainoticias\/"},{"@type":"ListItem","position":2,"name":"A capital com mais de 100 praias e 4\u00aa melhor qualidade de vida do Brasil j\u00e1 recebeu 50 mil novos moradores em 3 anos"}]},{"@type":"WebSite","@id":"https:\/\/www.uai.com.br\/uainoticias\/#website","url":"https:\/\/www.uai.com.br\/uainoticias\/","name":"UAI Not\u00edcias","description":"Acompanhe as \u00faltimas not\u00edcias e fique bem informado sobre tudo o que acontece no Brasil e no mundo.","potentialAction":[{"@type":"SearchAction","target":{"@type":"EntryPoint","urlTemplate":"https:\/\/www.uai.com.br\/uainoticias\/?s={search_term_string}"},"query-input":{"@type":"PropertyValueSpecification","valueRequired":true,"valueName":"search_term_string"}}],"inLanguage":"pt-BR"},{"@type":"Person","@id":"https:\/\/www.uai.com.br\/uainoticias\/#\/schema\/person\/03130d752d0ce4e3bb0f607f1bc85084","name":"Vitor Bruno","image":{"@type":"ImageObject","inLanguage":"pt-BR","@id":"https:\/\/www.uai.com.br\/uainoticias\/#\/schema\/person\/image\/","url":"https:\/\/secure.gravatar.com\/avatar\/ab0513148053bbb80c117cdd35f8a0f2742d41eebbac321acf8df2e633d81609?s=96&d=mm&r=g","contentUrl":"https:\/\/secure.gravatar.com\/avatar\/ab0513148053bbb80c117cdd35f8a0f2742d41eebbac321acf8df2e633d81609?s=96&d=mm&r=g","caption":"Vitor Bruno"},"sameAs":["https:\/\/www.uai.com.br\/uainoticias\/"],"url":"https:\/\/www.uai.com.br\/uainoticias\/author\/vitor\/"}]}},"_links":{"self":[{"href":"https:\/\/www.uai.com.br\/uainoticias\/wp-json\/wp\/v2\/posts\/128789","targetHints":{"allow":["GET"]}}],"collection":[{"href":"https:\/\/www.uai.com.br\/uainoticias\/wp-json\/wp\/v2\/posts"}],"about":[{"href":"https:\/\/www.uai.com.br\/uainoticias\/wp-json\/wp\/v2\/types\/post"}],"author":[{"embeddable":true,"href":"https:\/\/www.uai.com.br\/uainoticias\/wp-json\/wp\/v2\/users\/14"}],"replies":[{"embeddable":true,"href":"https:\/\/www.uai.com.br\/uainoticias\/wp-json\/wp\/v2\/comments?post=128789"}],"version-history":[{"count":3,"href":"https:\/\/www.uai.com.br\/uainoticias\/wp-json\/wp\/v2\/posts\/128789\/revisions"}],"predecessor-version":[{"id":129384,"href":"https:\/\/www.uai.com.br\/uainoticias\/wp-json\/wp\/v2\/posts\/128789\/revisions\/129384"}],"wp:featuredmedia":[{"embeddable":true,"href":"https:\/\/www.uai.com.br\/uainoticias\/wp-json\/wp\/v2\/media\/97893"}],"wp:attachment":[{"href":"https:\/\/www.uai.com.br\/uainoticias\/wp-json\/wp\/v2\/media?parent=128789"}],"wp:term":[{"taxonomy":"category","embeddable":true,"href":"https:\/\/www.uai.com.br\/uainoticias\/wp-json\/wp\/v2\/categories?post=128789"},{"taxonomy":"post_tag","embeddable":true,"href":"https:\/\/www.uai.com.br\/uainoticias\/wp-json\/wp\/v2\/tags?post=128789"}],"curies":[{"name":"wp","href":"https:\/\/api.w.org\/{rel}","templated":true}]}}