{"id":128785,"date":"2026-05-01T06:25:00","date_gmt":"2026-05-01T09:25:00","guid":{"rendered":"https:\/\/www.uai.com.br\/uainoticias\/?p=128785"},"modified":"2026-05-01T04:18:51","modified_gmt":"2026-05-01T07:18:51","slug":"a-cidade-que-cresceu-65-com-o-2o-metro-quadrado-mais-caro-do-brasil-em-14-km-de-praias-verde-esmeralda","status":"publish","type":"post","link":"https:\/\/www.uai.com.br\/uainoticias\/2026\/05\/01\/a-cidade-que-cresceu-65-com-o-2o-metro-quadrado-mais-caro-do-brasil-em-14-km-de-praias-verde-esmeralda\/","title":{"rendered":"A cidade que cresceu 65% com o 2\u00ba metro quadrado mais caro do Brasil em 14 km de praias verde-esmeralda"},"content":{"rendered":"\n<p>O cheiro de peixe na grelha sobe das vilas a\u00e7orianas enquanto guindastes erguem novos arranha-c\u00e9us na orla. <strong>Itapema<\/strong>, no litoral norte de <strong>Santa Catarina<\/strong>, registrou um crescimento populacional de 65,82% entre 2010 e 2022, segundo o <strong>Instituto Brasileiro de Geografia e Estat\u00edstica (IBGE)<\/strong>, e hoje tem o segundo metro quadrado mais caro do <strong>Brasil<\/strong>, atr\u00e1s apenas de <strong>Balne\u00e1rio Cambori\u00fa<\/strong>. As 14 km de orla concentram oito praias com \u00e1guas verde-esmeralda, e a cidade j\u00e1 passou de 83 mil habitantes.<\/p>\n\n\n\n<h2 class=\"wp-block-heading\">O fen\u00f4meno da litoraliza\u00e7\u00e3o que mudou a Costa Esmeralda<\/h2>\n\n\n\n<p>O salto populacional n\u00e3o acontece por acaso. Itapema saiu de cerca de 25,8 mil habitantes nos anos 2000 para 83.330 em 2024, conforme dados do <a href=\"https:\/\/www.ibge.gov.br\/cidades-e-estados\/sc\/itapema.html\" target=\"_blank\" rel=\"noreferrer noopener\"><strong>IBGE<\/strong><\/a>. S\u00f3 entre 2023 e 2024, foram quase 7,4 mil novos moradores, um avan\u00e7o de 9,73% em apenas doze meses.<\/p>\n\n\n\n<p>A prefeitura calcula que cerca de 70% dos moradores chegaram de outros lugares, principalmente do <strong>Rio Grande do Sul<\/strong> e de <strong>S\u00e3o Paulo<\/strong>. O fen\u00f4meno da litoraliza\u00e7\u00e3o catarinense, que concentra atividade econ\u00f4mica e gente na costa, transformou a antiga vila de pescadores em um dos endere\u00e7os mais valorizados do pa\u00eds.<\/p>\n\n\n<div class=\"wp-block-image\">\n<figure class=\"aligncenter size-large\"><img decoding=\"async\" width=\"1024\" height=\"576\" src=\"https:\/\/www.uai.com.br\/uainoticias\/wp-content\/uploads\/2026\/05\/Itapema_1766645705036-1024x576.jpg\" alt=\"\" class=\"wp-image-129298\" srcset=\"https:\/\/www.uai.com.br\/uainoticias\/wp-content\/uploads\/2026\/05\/Itapema_1766645705036-1024x576.jpg 1024w, https:\/\/www.uai.com.br\/uainoticias\/wp-content\/uploads\/2026\/05\/Itapema_1766645705036-300x169.jpg 300w, https:\/\/www.uai.com.br\/uainoticias\/wp-content\/uploads\/2026\/05\/Itapema_1766645705036-768x432.jpg 768w, https:\/\/www.uai.com.br\/uainoticias\/wp-content\/uploads\/2026\/05\/Itapema_1766645705036-750x422.jpg 750w, https:\/\/www.uai.com.br\/uainoticias\/wp-content\/uploads\/2026\/05\/Itapema_1766645705036-1140x641.jpg 1140w, https:\/\/www.uai.com.br\/uainoticias\/wp-content\/uploads\/2026\/05\/Itapema_1766645705036.jpg 1280w\" sizes=\"(max-width: 1024px) 100vw, 1024px\" \/><figcaption class=\"wp-element-caption\">Itapema, Santa Catarina \/\/ Cr\u00e9ditos: depositphotos.com \/ vbacarin<\/figcaption><\/figure><\/div>\n\n\n<h2 class=\"wp-block-heading\">Quantas praias tem Itapema afinal<\/h2>\n\n\n\n<p>S\u00e3o oito praias distribu\u00eddas pelos 14 km de orla, segundo a <a href=\"https:\/\/www.itapema.sc.gov.br\/turismo\/nossas-praias\/\" target=\"_blank\" rel=\"noreferrer noopener\"><strong>Prefeitura de Itapema<\/strong><\/a>. Cada uma tem personalidade pr\u00f3pria, do agito ao ref\u00fagio escondido entre cost\u00f5es.<\/p>\n\n\n\n<p>Confira o que cada faixa de areia oferece:<\/p>\n\n\n\n<ul class=\"wp-block-list\">\n<li><strong>Meia Praia<\/strong>: a mais famosa e extensa, com 5 km de cal\u00e7ad\u00e3o, faixa de areia branca e mar de tonalidade azul-turquesa.<\/li>\n\n\n\n<li><strong>Praia do Centro<\/strong>: 1,5 km com a Ponte dos Suspiros, hot\u00e9is e a vida noturna concentrada na orla.<\/li>\n\n\n\n<li><strong>Praia da Ilhota<\/strong>: reduto gastron\u00f4mico ao norte, procurada por surfistas e por quem busca frutos do mar fresqu\u00edssimos.<\/li>\n\n\n\n<li><strong>Praia Grossa<\/strong>: 563 metros de areia agreste, acesso por trilha e cercada por <strong>Mata Atl\u00e2ntica<\/strong>.<\/li>\n\n\n\n<li><strong>Canto da Praia<\/strong>: vila de pescadores com tradi\u00e7\u00e3o a\u00e7oriana, trapiches e mar calmo.<\/li>\n\n\n\n<li><strong>Praia do Cabe\u00e7o<\/strong>: pequena e tranquila, ideal para piqueniques.<\/li>\n\n\n\n<li><strong>Cost\u00e3o<\/strong>: acessada por caminhada sobre rochedos, considerada um dos pontos mais bonitos da cidade.<\/li>\n\n\n\n<li><strong>Praia do Plaza<\/strong>: a 3 km do centro, mais reservada e ligada \u00e0 hotelaria de luxo.<\/li>\n<\/ul>\n\n\n<div class=\"wp-block-image\">\n<figure class=\"aligncenter size-large\"><img decoding=\"async\" width=\"1024\" height=\"576\" src=\"https:\/\/www.uai.com.br\/uainoticias\/wp-content\/uploads\/2026\/05\/Itapema_1766645719919-1024x576.jpg\" alt=\"\" class=\"wp-image-129299\" srcset=\"https:\/\/www.uai.com.br\/uainoticias\/wp-content\/uploads\/2026\/05\/Itapema_1766645719919-1024x576.jpg 1024w, https:\/\/www.uai.com.br\/uainoticias\/wp-content\/uploads\/2026\/05\/Itapema_1766645719919-300x169.jpg 300w, https:\/\/www.uai.com.br\/uainoticias\/wp-content\/uploads\/2026\/05\/Itapema_1766645719919-768x432.jpg 768w, https:\/\/www.uai.com.br\/uainoticias\/wp-content\/uploads\/2026\/05\/Itapema_1766645719919-750x422.jpg 750w, https:\/\/www.uai.com.br\/uainoticias\/wp-content\/uploads\/2026\/05\/Itapema_1766645719919-1140x641.jpg 1140w, https:\/\/www.uai.com.br\/uainoticias\/wp-content\/uploads\/2026\/05\/Itapema_1766645719919.jpg 1280w\" sizes=\"(max-width: 1024px) 100vw, 1024px\" \/><figcaption class=\"wp-element-caption\">Itapema, Santa Catarina \/\/ Cr\u00e9ditos: depositphotos.com \/ vbacarin<\/figcaption><\/figure><\/div>\n\n\n<h2 class=\"wp-block-heading\">Por que Meia Praia se tornou o cora\u00e7\u00e3o da cidade<\/h2>\n\n\n\n<p>Meia Praia se tornou o cora\u00e7\u00e3o de Itapema porque concentra servi\u00e7os, lazer e o maior estoque de im\u00f3veis verticais. O bairro fica na regi\u00e3o sul, faz divisa com a <strong>Praia de Perequ\u00ea<\/strong>, em <strong>Porto Belo<\/strong>, e re\u00fane os arranha-c\u00e9us mais altos do munic\u00edpio.<\/p>\n\n\n\n<p>O cal\u00e7ad\u00e3o tem ciclovia, postos de salva-vidas, decks de madeira e Wi-Fi gratuito. A \u00e1rea inclui ainda a <strong>Reserva Ambiental Municipal Parque das Capivaras<\/strong>, com 42 mil m\u00b2 e cerca de 30 animais que circulam livremente pelo entorno. A combina\u00e7\u00e3o entre praia urbana e contato com fauna nativa explica por que Meia Praia virou refer\u00eancia de qualidade de vida no litoral catarinense.<\/p>\n\n\n\n<p><strong>Leia tamb\u00e9m: <a href=\"https:\/\/www.uai.com.br\/uainoticias\/2026\/04\/26\/o-caribe-brasileiro-onde-a-areia-e-branca-como-neve-nao-queima-os-pes-e-o-mar-tem-aguas-tao-cristalinas-que-parece-uma-piscina\/\" target=\"_blank\" rel=\"noreferrer noopener\">O Caribe Brasileiro onde a areia \u00e9 branca como neve: n\u00e3o queima os p\u00e9s e o mar tem \u00e1guas t\u00e3o cristalinas que parece uma piscina<\/a><\/strong><\/p>\n\n\n\n<h2 class=\"wp-block-heading\">O que comer e o que fazer al\u00e9m do mar<\/h2>\n\n\n\n<p>A heran\u00e7a a\u00e7oriana define a cozinha local. Em vilas como o <strong>Canto da Praia<\/strong>, restaurantes familiares servem peixes inteiros assados na telha, sequ\u00eancia de camar\u00e3o e a tradicional tainha grelhada com pir\u00e3o. Os pescadores ainda saem antes do amanhecer e voltam com o que vai parar no prato.<\/p>\n\n\n\n<p>Confira os passeios mais procurados:<\/p>\n\n\n\n<ul class=\"wp-block-list\">\n<li><strong>Mirante do Encanto<\/strong>: torre de 26 metros no alto do <strong>Morro do Cabe\u00e7o<\/strong>, com vista 360\u00b0 da Costa Esmeralda. Entrada gratuita.<\/li>\n\n\n\n<li><strong>Ponte dos Suspiros<\/strong>: estrutura de pedra com arcos sobre o <strong>Rio Bela Cruz<\/strong>, cart\u00e3o-postal da Praia do Centro.<\/li>\n\n\n\n<li><strong>Mercado P\u00fablico Prefeito Nelson Santos<\/strong>: gastronomia, com\u00e9rcio local e roda de m\u00fasica no centro da cidade.<\/li>\n\n\n\n<li><strong>Rota dos Balan\u00e7os Gigantes<\/strong>: sete balan\u00e7os pintados por artes\u00e3os espalhados pela orla, com paisagens de tirar o f\u00f4lego.<\/li>\n\n\n\n<li><strong>Encontro de Ultraleves<\/strong>: Itapema \u00e9 conhecida como Capital dos Ultraleves e sedia anualmente um festival com paraquedismo e exposi\u00e7\u00e3o de aeronaves.<\/li>\n<\/ul>\n\n\n\n<p>Quer saber como \u00e9&nbsp;<strong>Itapema<\/strong>&nbsp;em&nbsp;<strong>Santa Catarina<\/strong>? Vai curtir esse v\u00eddeo que mostra a cidade de dia e noite, com bairros, praias e o centro:<\/p>\n\n\n\n<figure class=\"wp-block-embed is-type-video is-provider-youtube wp-block-embed-youtube wp-embed-aspect-16-9 wp-has-aspect-ratio\"><div class=\"wp-block-embed__wrapper\">\n<div class=\"jeg_video_container jeg_video_content\"><iframe loading=\"lazy\" title=\"COMO \u00c9  ITAPEMA em SANTA CATARINA? ( DIA e NOITE ) Bairros, Praias e Centro Da CIDADE!\" width=\"500\" height=\"281\" src=\"https:\/\/www.youtube.com\/embed\/LXVj3BNvMFI?feature=oembed\" frameborder=\"0\" allow=\"accelerometer; autoplay; clipboard-write; encrypted-media; gyroscope; picture-in-picture; web-share\" referrerpolicy=\"strict-origin-when-cross-origin\" allowfullscreen><\/iframe><\/div>\n<\/div><\/figure>\n\n\n\n<h2 class=\"wp-block-heading\">Como \u00e9 o clima na Costa Esmeralda<\/h2>\n\n\n\n<p>O clima subtropical \u00famido garante mar quente no ver\u00e3o e temperaturas amenas no inverno. A alta temporada vai de dezembro a mar\u00e7o, quando a popula\u00e7\u00e3o salta para mais de um milh\u00e3o de pessoas. Quem foge da multid\u00e3o prefere maio a agosto, com mar mais frio mas c\u00e9u mais limpo.<\/p>\n\n\n\n<p>Veja a m\u00e9dia por esta\u00e7\u00e3o:<\/p>\n\n\n\n<style>\n    .ant-grid { \n        --cor-primaria: #0278c0; --cor-secundaria: #ffd31a; --cor-txt-secundaria: #0278c0; \n        display: grid; grid-template-columns: repeat(auto-fit, minmax(190px, 1fr)); gap: 15px; justify-content: center; padding: 10px;\n    }\n    .ant-card { \n        border: 5px solid var(--cor-primaria); border-top: 5px solid var(--cor-secundaria); border-radius: 4px; \n        background-color: var(--cor-primaria); background-clip: padding-box; display: flex; flex-direction: column; overflow: hidden; cursor: pointer; \n        box-shadow: 0 6px 12px rgba(0,0,0, 0.2); transition: transform 0.2s ease, box-shadow 0.2s ease; \n        -webkit-tap-highlight-color: transparent; user-select: none; transform: translateZ(0); animation: wmFadeIn 0.6s cubic-bezier(0.2, 0.8, 0.2, 1) backwards;\n    }\n    .ant-card:nth-child(1) { animation-delay: 0.1s; } .ant-card:nth-child(2) { animation-delay: 0.2s; }\n    .ant-card:nth-child(3) { animation-delay: 0.3s; } .ant-card:nth-child(4) { animation-delay: 0.4s; }\n    @keyframes wmFadeIn { from { opacity: 0; transform: translateY(30px); } to { opacity: 1; transform: translateY(0); } }\n    .ant-card:hover { transform: translateY(-5px); box-shadow: 0 15px 30px rgba(0,0,0, 0.3); }\n    .ant-card:active { transform: translateY(-1px) scale(0.97); box-shadow: 0 3px 6px rgba(0,0,0, 0.2); transition: transform 0.05s ease, box-shadow 0.05s ease; }\n    .ant-header { background: #f0f8f9; padding: 15px 10px; text-align: center; display: flex; flex-direction: column; align-items: center; justify-content: center; }\n    .ant-body { background: #ffffff; padding: 15px; display: flex; flex-direction: column; flex-grow: 1; align-items: center; }\n    .ant-card-destaque { box-shadow: 0 8px 16px rgba(0,0,0, 0.25); }\n    .ant-card-destaque:hover { box-shadow: 0 18px 36px rgba(0,0,0, 0.35); }\n    .ant-card-destaque .ant-header { background: var(--cor-secundaria); }\n    .ant-card-destaque .ant-header .ant-titulo { color: var(--cor-txt-secundaria) !important; } \n    .pill-ant { display: flex; white-space: normal; max-width: 100%; box-sizing: border-box; justify-content: center; align-items: center; text-align: center; background: #e0f4f6; color: var(--cor-primaria); font-size: 11px; font-weight: 900 !important; letter-spacing: 0.5px; padding: 8px 16px; border-radius: 4px; text-transform: uppercase; line-height: 1.4; box-shadow: 0 4px 8px rgba(0,0,0, 0.15); margin-top: auto; transition: transform 0.2s ease; }\n    .ant-card-destaque .pill-ant { background: var(--cor-primaria); color: var(--cor-txt-secundaria); } \n    .ant-card:hover .pill-ant { transform: scale(1.06); } .pill-ant span { font-weight: 900 !important; color: inherit; } \n    .ant-emoji { font-size: 24px; line-height: 1; margin-bottom: 5px; } .ant-titulo { color: var(--cor-primaria); font-size: 16px; text-transform: uppercase; margin-top: 5px; font-weight: bold; }\n    .ant-mes { font-size: 11px; font-weight: 800; color: var(--cor-primaria); text-transform: uppercase; margin-bottom: 5px; }\n    .ant-temp { font-size: 26px; font-weight: 900; color: var(--cor-primaria); margin-bottom: 10px; }\n    .ant-desc { font-size: 13px; color: #444; text-align: center; line-height: 1.5; margin-bottom: 15px; flex-grow: 1;} .ant-desc strong { color: #111; }\n<\/style>\n\n<div class=\"google-auto-ads-ignore ant-grid\" style=\"box-sizing: border-box; width: 100%; max-width: 980px; margin: 30px auto; font-family: 'Segoe UI', Roboto, Helvetica, Arial, sans-serif;\">\n    <div class=\"ant-card ant-card-destaque\">\n        <div class=\"ant-header\">\n            <div class=\"ant-emoji\">\ud83c\udf0a<\/div>\n            <div class=\"ant-titulo\">Ver\u00e3o<\/div>\n        <\/div>\n        <div class=\"ant-body\">\n            <div class=\"ant-mes\">Dezembro a Fevereiro<\/div>\n            <div class=\"ant-temp\">22\u00b0C a 29\u00b0C<\/div>\n            <div class=\"ant-desc\">O mar fica quente e atrai mais de 1 milh\u00e3o de pessoas. Per\u00edodo voltado a <strong>Banho de mar e vida noturna<\/strong>.<\/div>\n            <div class=\"pill-ant\" style=\"color: #ffffff;\"><span>\u2b50 ALTA TEMPORADA<\/span><\/div>\n        <\/div>\n    <\/div>\n    <div class=\"ant-card\">\n        <div class=\"ant-header\">\n            <div class=\"ant-emoji\">\ud83e\udd7e<\/div>\n            <div class=\"ant-titulo\">Outono<\/div>\n        <\/div>\n        <div class=\"ant-body\">\n            <div class=\"ant-mes\">Mar\u00e7o a Maio<\/div>\n            <div class=\"ant-temp\">17\u00b0C a 25\u00b0C<\/div>\n            <div class=\"ant-desc\">As multid\u00f5es v\u00e3o embora. Fica o clima agrad\u00e1vel, ideal para fugir do agito com <strong>Trilhas e gastronomia<\/strong>.<\/div>\n            <div class=\"pill-ant\"><span>\ud83c\udf27\ufe0f CHUVA M\u00c9DIA<\/span><\/div>\n        <\/div>\n    <\/div>\n    <div class=\"ant-card\">\n        <div class=\"ant-header\">\n            <div class=\"ant-emoji\">\ud83d\udeb6<\/div>\n            <div class=\"ant-titulo\">Inverno<\/div>\n        <\/div>\n        <div class=\"ant-body\">\n            <div class=\"ant-mes\">Junho a Agosto<\/div>\n            <div class=\"ant-temp\">13\u00b0C a 22\u00b0C<\/div>\n            <div class=\"ant-desc\">O mar \u00e9 frio, mas o c\u00e9u fica mais limpo e seco. Dias \u00f3timos para relaxantes <strong>Caminhadas no cal\u00e7ad\u00e3o<\/strong>.<\/div>\n            <div class=\"pill-ant\"><span>\u2600\ufe0f CHUVA BAIXA<\/span><\/div>\n        <\/div>\n    <\/div>\n    <div class=\"ant-card\">\n        <div class=\"ant-header\">\n            <div class=\"ant-emoji\">\ud83c\udfc4<\/div>\n            <div class=\"ant-titulo\">Primavera<\/div>\n        <\/div>\n        <div class=\"ant-body\">\n            <div class=\"ant-mes\">Setembro a Novembro<\/div>\n            <div class=\"ant-temp\">16\u00b0C a 25\u00b0C<\/div>\n            <div class=\"ant-desc\">A \u00e1gua e a cidade voltam a esquentar. A \u00e9poca favorece muito a pr\u00e1tica de <strong>Surfe e passeios de barco<\/strong>.<\/div>\n            <div class=\"pill-ant\"><span>\ud83c\udf27\ufe0f CHUVA M\u00c9DIA<\/span><\/div>\n        <\/div>\n    <\/div>\n<\/div>\n\n\n\n<p><em>Temperaturas aproximadas com base no <a href=\"https:\/\/www.climatempo.com.br\/previsao-do-tempo\/cidade\/2138\/itapema-sc\" target=\"_blank\" rel=\"noreferrer noopener\"><strong>Climatempo<\/strong><\/a>. Condi\u00e7\u00f5es podem variar.<\/em><\/p>\n\n\n\n<h2 class=\"wp-block-heading\">Como chegar \u00e0 Capital dos Ultraleves<\/h2>\n\n\n\n<p>O acesso mais r\u00e1pido \u00e9 pelo <strong>Aeroporto Internacional Ministro Victor Konder<\/strong>, em <strong>Navegantes<\/strong>, a 49 km do centro. O <strong>Aeroporto Internacional Herc\u00edlio Luz<\/strong>, em <strong>Florian\u00f3polis<\/strong>, fica a 78 km e oferece mais voos diretos.<\/p>\n\n\n\n<p>De carro, Itapema fica a 72 km de Florian\u00f3polis e 234 km de <strong>Curitiba<\/strong>, todo o trajeto pela <strong>BR-101<\/strong>. A rodovia tamb\u00e9m recebe os \u00f4nibus interestaduais que conectam a cidade ao restante do pa\u00eds.<\/p>\n\n\n\n<h2 class=\"wp-block-heading\">Conhe\u00e7a a cidade que cresce sem perder o mar de vista<\/h2>\n\n\n\n<p>Itapema \u00e9 um caso raro de cidade que multiplicou a popula\u00e7\u00e3o em duas d\u00e9cadas sem virar as costas para a praia. A combina\u00e7\u00e3o entre vilas a\u00e7orianas, reservas de capivaras e cal\u00e7ad\u00f5es modernos faz da Costa Esmeralda um endere\u00e7o dif\u00edcil de igualar no litoral brasileiro.<\/p>\n\n\n\n<p>Voc\u00ea precisa caminhar pelos 5 km da Meia Praia ao entardecer e entender por que tanta gente escolheu trocar o asfalto pela areia branca de Itapema.<\/p>\n","protected":false},"excerpt":{"rendered":"<p>O cheiro de peixe na grelha sobe das vilas a\u00e7orianas enquanto guindastes erguem novos arranha-c\u00e9us na orla. Itapema, no litoral norte de Santa Catarina, registrou um crescimento populacional de 65,82% entre 2010 e 2022, segundo o Instituto Brasileiro de Geografia e Estat\u00edstica (IBGE), e hoje tem o segundo metro quadrado mais caro do Brasil, atr\u00e1s [&hellip;]<\/p>\n","protected":false},"author":14,"featured_media":129338,"comment_status":"open","ping_status":"open","sticky":false,"template":"","format":"standard","meta":{"jnews-multi-image_gallery":[],"jnews_single_post":{"format":"standard"},"jnews_primary_category":[],"jnews_social_meta":[],"jnews_override_counter":[],"footnotes":""},"categories":[210],"tags":[234,22444,2611],"class_list":["post-128785","post","type-post","status-publish","format-standard","has-post-thumbnail","hentry","category-cidades","tag-cidades","tag-itapema","tag-santa-catarina"],"yoast_head":"<!-- This site is optimized with the Yoast SEO plugin v26.5 - https:\/\/yoast.com\/wordpress\/plugins\/seo\/ -->\n<title>A cidade que cresceu 65% com o 2\u00ba metro quadrado mais caro do Brasil em 14 km de praias verde-esmeralda - UAI Not\u00edcias<\/title>\n<meta name=\"description\" content=\"Com crescimento de 65% e o 2\u00ba metro quadrado mais caro do pa\u00eds, esta cidade encanta com 14 km de praias verde-esmeralda. Veja os detalhes.\" \/>\n<meta name=\"robots\" content=\"index, follow, max-snippet:-1, max-image-preview:large, max-video-preview:-1\" \/>\n<link rel=\"canonical\" href=\"https:\/\/www.uai.com.br\/uainoticias\/2026\/05\/01\/a-cidade-que-cresceu-65-com-o-2o-metro-quadrado-mais-caro-do-brasil-em-14-km-de-praias-verde-esmeralda\/\" \/>\n<meta property=\"og:locale\" content=\"pt_BR\" \/>\n<meta property=\"og:type\" content=\"article\" \/>\n<meta property=\"og:title\" content=\"A cidade que cresceu 65% com o 2\u00ba metro quadrado mais caro do Brasil em 14 km de praias verde-esmeralda - UAI Not\u00edcias\" \/>\n<meta property=\"og:description\" content=\"Com crescimento de 65% e o 2\u00ba metro quadrado mais caro do pa\u00eds, esta cidade encanta com 14 km de praias verde-esmeralda. Veja os detalhes.\" \/>\n<meta property=\"og:url\" content=\"https:\/\/www.uai.com.br\/uainoticias\/2026\/05\/01\/a-cidade-que-cresceu-65-com-o-2o-metro-quadrado-mais-caro-do-brasil-em-14-km-de-praias-verde-esmeralda\/\" \/>\n<meta property=\"og:site_name\" content=\"UAI Not\u00edcias\" \/>\n<meta property=\"article:published_time\" content=\"2026-05-01T09:25:00+00:00\" \/>\n<meta property=\"og:image\" content=\"https:\/\/www.uai.com.br\/uainoticias\/wp-content\/uploads\/2026\/05\/Woman_walking_on_beach_202605010418-scaled.jpg\" \/>\n\t<meta property=\"og:image:width\" content=\"2560\" \/>\n\t<meta property=\"og:image:height\" content=\"1440\" \/>\n\t<meta property=\"og:image:type\" content=\"image\/jpeg\" \/>\n<meta name=\"author\" content=\"Vitor Bruno\" \/>\n<meta name=\"twitter:card\" content=\"summary_large_image\" \/>\n<meta name=\"twitter:label1\" content=\"Escrito por\" \/>\n\t<meta name=\"twitter:data1\" content=\"Vitor Bruno\" \/>\n\t<meta name=\"twitter:label2\" content=\"Est. tempo de leitura\" \/>\n\t<meta name=\"twitter:data2\" content=\"7 minutos\" \/>\n<!-- \/ Yoast SEO plugin. -->","yoast_head_json":{"title":"A cidade que cresceu 65% com o 2\u00ba metro quadrado mais caro do Brasil em 14 km de praias verde-esmeralda - UAI Not\u00edcias","description":"Com crescimento de 65% e o 2\u00ba metro quadrado mais caro do pa\u00eds, esta cidade encanta com 14 km de praias verde-esmeralda. Veja os detalhes.","robots":{"index":"index","follow":"follow","max-snippet":"max-snippet:-1","max-image-preview":"max-image-preview:large","max-video-preview":"max-video-preview:-1"},"canonical":"https:\/\/www.uai.com.br\/uainoticias\/2026\/05\/01\/a-cidade-que-cresceu-65-com-o-2o-metro-quadrado-mais-caro-do-brasil-em-14-km-de-praias-verde-esmeralda\/","og_locale":"pt_BR","og_type":"article","og_title":"A cidade que cresceu 65% com o 2\u00ba metro quadrado mais caro do Brasil em 14 km de praias verde-esmeralda - UAI Not\u00edcias","og_description":"Com crescimento de 65% e o 2\u00ba metro quadrado mais caro do pa\u00eds, esta cidade encanta com 14 km de praias verde-esmeralda. Veja os detalhes.","og_url":"https:\/\/www.uai.com.br\/uainoticias\/2026\/05\/01\/a-cidade-que-cresceu-65-com-o-2o-metro-quadrado-mais-caro-do-brasil-em-14-km-de-praias-verde-esmeralda\/","og_site_name":"UAI Not\u00edcias","article_published_time":"2026-05-01T09:25:00+00:00","og_image":[{"width":2560,"height":1440,"url":"https:\/\/www.uai.com.br\/uainoticias\/wp-content\/uploads\/2026\/05\/Woman_walking_on_beach_202605010418-scaled.jpg","type":"image\/jpeg"}],"author":"Vitor Bruno","twitter_card":"summary_large_image","twitter_misc":{"Escrito por":"Vitor Bruno","Est. tempo de leitura":"7 minutos"},"schema":{"@context":"https:\/\/schema.org","@graph":[{"@type":"WebPage","@id":"https:\/\/www.uai.com.br\/uainoticias\/2026\/05\/01\/a-cidade-que-cresceu-65-com-o-2o-metro-quadrado-mais-caro-do-brasil-em-14-km-de-praias-verde-esmeralda\/","url":"https:\/\/www.uai.com.br\/uainoticias\/2026\/05\/01\/a-cidade-que-cresceu-65-com-o-2o-metro-quadrado-mais-caro-do-brasil-em-14-km-de-praias-verde-esmeralda\/","name":"A cidade que cresceu 65% com o 2\u00ba metro quadrado mais caro do Brasil em 14 km de praias verde-esmeralda - UAI Not\u00edcias","isPartOf":{"@id":"https:\/\/www.uai.com.br\/uainoticias\/#website"},"primaryImageOfPage":{"@id":"https:\/\/www.uai.com.br\/uainoticias\/2026\/05\/01\/a-cidade-que-cresceu-65-com-o-2o-metro-quadrado-mais-caro-do-brasil-em-14-km-de-praias-verde-esmeralda\/#primaryimage"},"image":{"@id":"https:\/\/www.uai.com.br\/uainoticias\/2026\/05\/01\/a-cidade-que-cresceu-65-com-o-2o-metro-quadrado-mais-caro-do-brasil-em-14-km-de-praias-verde-esmeralda\/#primaryimage"},"thumbnailUrl":"https:\/\/www.uai.com.br\/uainoticias\/wp-content\/uploads\/2026\/05\/Woman_walking_on_beach_202605010418-scaled.jpg","datePublished":"2026-05-01T09:25:00+00:00","author":{"@id":"https:\/\/www.uai.com.br\/uainoticias\/#\/schema\/person\/03130d752d0ce4e3bb0f607f1bc85084"},"description":"Com crescimento de 65% e o 2\u00ba metro quadrado mais caro do pa\u00eds, esta cidade encanta com 14 km de praias verde-esmeralda. Veja os detalhes.","breadcrumb":{"@id":"https:\/\/www.uai.com.br\/uainoticias\/2026\/05\/01\/a-cidade-que-cresceu-65-com-o-2o-metro-quadrado-mais-caro-do-brasil-em-14-km-de-praias-verde-esmeralda\/#breadcrumb"},"inLanguage":"pt-BR","potentialAction":[{"@type":"ReadAction","target":["https:\/\/www.uai.com.br\/uainoticias\/2026\/05\/01\/a-cidade-que-cresceu-65-com-o-2o-metro-quadrado-mais-caro-do-brasil-em-14-km-de-praias-verde-esmeralda\/"]}]},{"@type":"ImageObject","inLanguage":"pt-BR","@id":"https:\/\/www.uai.com.br\/uainoticias\/2026\/05\/01\/a-cidade-que-cresceu-65-com-o-2o-metro-quadrado-mais-caro-do-brasil-em-14-km-de-praias-verde-esmeralda\/#primaryimage","url":"https:\/\/www.uai.com.br\/uainoticias\/wp-content\/uploads\/2026\/05\/Woman_walking_on_beach_202605010418-scaled.jpg","contentUrl":"https:\/\/www.uai.com.br\/uainoticias\/wp-content\/uploads\/2026\/05\/Woman_walking_on_beach_202605010418-scaled.jpg","width":2560,"height":1440,"caption":"A cidade que cresceu 65% com o 2\u00ba metro quadrado mais caro do Brasil em 14 km de praias verde-esmeralda \/\/ IMAGEM ILUSTRATIVA"},{"@type":"BreadcrumbList","@id":"https:\/\/www.uai.com.br\/uainoticias\/2026\/05\/01\/a-cidade-que-cresceu-65-com-o-2o-metro-quadrado-mais-caro-do-brasil-em-14-km-de-praias-verde-esmeralda\/#breadcrumb","itemListElement":[{"@type":"ListItem","position":1,"name":"In\u00edcio","item":"https:\/\/www.uai.com.br\/uainoticias\/"},{"@type":"ListItem","position":2,"name":"A cidade que cresceu 65% com o 2\u00ba metro quadrado mais caro do Brasil em 14 km de praias verde-esmeralda"}]},{"@type":"WebSite","@id":"https:\/\/www.uai.com.br\/uainoticias\/#website","url":"https:\/\/www.uai.com.br\/uainoticias\/","name":"UAI Not\u00edcias","description":"Acompanhe as \u00faltimas not\u00edcias e fique bem informado sobre tudo o que acontece no Brasil e no mundo.","potentialAction":[{"@type":"SearchAction","target":{"@type":"EntryPoint","urlTemplate":"https:\/\/www.uai.com.br\/uainoticias\/?s={search_term_string}"},"query-input":{"@type":"PropertyValueSpecification","valueRequired":true,"valueName":"search_term_string"}}],"inLanguage":"pt-BR"},{"@type":"Person","@id":"https:\/\/www.uai.com.br\/uainoticias\/#\/schema\/person\/03130d752d0ce4e3bb0f607f1bc85084","name":"Vitor Bruno","image":{"@type":"ImageObject","inLanguage":"pt-BR","@id":"https:\/\/www.uai.com.br\/uainoticias\/#\/schema\/person\/image\/","url":"https:\/\/secure.gravatar.com\/avatar\/ab0513148053bbb80c117cdd35f8a0f2742d41eebbac321acf8df2e633d81609?s=96&d=mm&r=g","contentUrl":"https:\/\/secure.gravatar.com\/avatar\/ab0513148053bbb80c117cdd35f8a0f2742d41eebbac321acf8df2e633d81609?s=96&d=mm&r=g","caption":"Vitor Bruno"},"sameAs":["https:\/\/www.uai.com.br\/uainoticias\/"],"url":"https:\/\/www.uai.com.br\/uainoticias\/author\/vitor\/"}]}},"_links":{"self":[{"href":"https:\/\/www.uai.com.br\/uainoticias\/wp-json\/wp\/v2\/posts\/128785","targetHints":{"allow":["GET"]}}],"collection":[{"href":"https:\/\/www.uai.com.br\/uainoticias\/wp-json\/wp\/v2\/posts"}],"about":[{"href":"https:\/\/www.uai.com.br\/uainoticias\/wp-json\/wp\/v2\/types\/post"}],"author":[{"embeddable":true,"href":"https:\/\/www.uai.com.br\/uainoticias\/wp-json\/wp\/v2\/users\/14"}],"replies":[{"embeddable":true,"href":"https:\/\/www.uai.com.br\/uainoticias\/wp-json\/wp\/v2\/comments?post=128785"}],"version-history":[{"count":2,"href":"https:\/\/www.uai.com.br\/uainoticias\/wp-json\/wp\/v2\/posts\/128785\/revisions"}],"predecessor-version":[{"id":129339,"href":"https:\/\/www.uai.com.br\/uainoticias\/wp-json\/wp\/v2\/posts\/128785\/revisions\/129339"}],"wp:featuredmedia":[{"embeddable":true,"href":"https:\/\/www.uai.com.br\/uainoticias\/wp-json\/wp\/v2\/media\/129338"}],"wp:attachment":[{"href":"https:\/\/www.uai.com.br\/uainoticias\/wp-json\/wp\/v2\/media?parent=128785"}],"wp:term":[{"taxonomy":"category","embeddable":true,"href":"https:\/\/www.uai.com.br\/uainoticias\/wp-json\/wp\/v2\/categories?post=128785"},{"taxonomy":"post_tag","embeddable":true,"href":"https:\/\/www.uai.com.br\/uainoticias\/wp-json\/wp\/v2\/tags?post=128785"}],"curies":[{"name":"wp","href":"https:\/\/api.w.org\/{rel}","templated":true}]}}