{"id":128783,"date":"2026-05-01T02:00:00","date_gmt":"2026-05-01T05:00:00","guid":{"rendered":"https:\/\/www.uai.com.br\/uainoticias\/?p=128783"},"modified":"2026-05-01T01:56:15","modified_gmt":"2026-05-01T04:56:15","slug":"a-dubai-brasileira-tem-11-praias-a-4a-melhor-qualidade-de-vida-do-pais-e-os-predios-mais-altos-da-america-latina","status":"publish","type":"post","link":"https:\/\/www.uai.com.br\/uainoticias\/2026\/05\/01\/a-dubai-brasileira-tem-11-praias-a-4a-melhor-qualidade-de-vida-do-pais-e-os-predios-mais-altos-da-america-latina\/","title":{"rendered":"A Dubai brasileira tem 11 praias, a 4\u00aa melhor qualidade de vida do pa\u00eds e os pr\u00e9dios mais altos da Am\u00e9rica Latina"},"content":{"rendered":"\n<p>Imagine olhar pela janela do 81\u00ba andar e ver o mar se abrir entre arranha-c\u00e9us que rivalizam com Manhattan. Em <strong>Balne\u00e1rio Cambori\u00fa<\/strong>, no litoral norte de <strong>Santa Catarina<\/strong>, isso \u00e9 rotina para quem vive nas torres g\u00eameas <strong>Yachthouse<\/strong>, de 294 metros, hoje as mais altas das <strong>Am\u00e9ricas<\/strong>. A cidade re\u00fane 11 praias, sete dos dez pr\u00e9dios mais altos do <strong>Brasil<\/strong> e ocupa a 4\u00aa posi\u00e7\u00e3o nacional em qualidade de vida, segundo a <strong>Funda\u00e7\u00e3o Oswaldo Cruz (Fiocruz)<\/strong>.<\/p>\n\n\n\n<h2 class=\"wp-block-heading\">Por que tanta gente est\u00e1 se mudando para essa cidade catarinense?<\/h2>\n\n\n\n<p><strong>Santa Catarina<\/strong> recebeu 503 mil novos moradores entre 2017 e 2022, a maior taxa migrat\u00f3ria do pa\u00eds no <a href=\"https:\/\/www.creci-sc.gov.br\/p\/noticias\/recorde-de-migrantes-impulsiona-o-mercado-imobiliario-em-santa-catarina\/2738\/\" target=\"_blank\" rel=\"noreferrer noopener\"><strong>Censo do Instituto Brasileiro de Geografia e Estat\u00edstica (IBGE)<\/strong><\/a>. Boa parte desse fluxo aposentados de S\u00e3o Paulo, executivos do Rio Grande do Sul, fam\u00edlias do Paran\u00e1 desembarca em Balne\u00e1rio Cambori\u00fa em busca de uma combina\u00e7\u00e3o rara no litoral brasileiro.<\/p>\n\n\n\n<p>A equa\u00e7\u00e3o \u00e9 espec\u00edfica. Em apenas <strong>46 km\u00b2<\/strong>, \u00e1rea menor que o bairro do Butant\u00e3 em S\u00e3o Paulo, a cidade entrega praia urbana, saneamento universalizado e seguran\u00e7a p\u00fablica acima da m\u00e9dia. Corretores locais relatam que clientes voltam de visitas tur\u00edsticas decididos a comprar. O motor dessa procura \u00e9 o que os n\u00fameros tentam explicar.<\/p>\n\n\n<div class=\"wp-block-image\">\n<figure class=\"aligncenter size-large\"><img decoding=\"async\" width=\"1024\" height=\"576\" src=\"https:\/\/www.uai.com.br\/uainoticias\/wp-content\/uploads\/2025\/12\/Balneario-Camboriu_1747535187754-1024x576.jpg\" alt=\"\" class=\"wp-image-97271\" srcset=\"https:\/\/www.uai.com.br\/uainoticias\/wp-content\/uploads\/2025\/12\/Balneario-Camboriu_1747535187754-1024x576.jpg 1024w, https:\/\/www.uai.com.br\/uainoticias\/wp-content\/uploads\/2025\/12\/Balneario-Camboriu_1747535187754-300x169.jpg 300w, https:\/\/www.uai.com.br\/uainoticias\/wp-content\/uploads\/2025\/12\/Balneario-Camboriu_1747535187754-768x432.jpg 768w, https:\/\/www.uai.com.br\/uainoticias\/wp-content\/uploads\/2025\/12\/Balneario-Camboriu_1747535187754-750x422.jpg 750w, https:\/\/www.uai.com.br\/uainoticias\/wp-content\/uploads\/2025\/12\/Balneario-Camboriu_1747535187754-1140x641.jpg 1140w, https:\/\/www.uai.com.br\/uainoticias\/wp-content\/uploads\/2025\/12\/Balneario-Camboriu_1747535187754.jpg 1280w\" sizes=\"(max-width: 1024px) 100vw, 1024px\" \/><figcaption class=\"wp-element-caption\">Balne\u00e1rio Cambori\u00fa \u00e9 ideal para morar ou viajar \/\/ Cr\u00e9ditos: depositphotos.com \/ alexeys<\/figcaption><\/figure><\/div>\n\n\n<h2 class=\"wp-block-heading\">Vale a pena viver na 4\u00aa melhor cidade do Brasil em qualidade de vida?<\/h2>\n\n\n\n<p>A resposta tem assinatura cient\u00edfica. Pesquisadores do <strong>Centro de Integra\u00e7\u00e3o de Dados e Conhecimentos para Sa\u00fade (CIDACS)<\/strong>, ligado \u00e0 Fiocruz Bahia, com financiamento da <strong>Universidade de Glasgow<\/strong>, posicionaram Balne\u00e1rio Cambori\u00fa na <a href=\"https:\/\/www.secturbc.com.br\/turismo\/pt-br\/noticia\/bc-e-1%C2%B0-colocada-em-ranking-de-qualidade-de-vida-no-estado-e-4%C2%B0-no-brasil\" target=\"_blank\" rel=\"noreferrer noopener\"><strong>4\u00aa coloca\u00e7\u00e3o nacional em qualidade de vida<\/strong><\/a>. A pesquisa avaliou educa\u00e7\u00e3o, saneamento, habita\u00e7\u00e3o, infraestrutura e renda.<\/p>\n\n\n\n<p>Por tr\u00e1s do ranking est\u00e3o dados concretos. A expectativa de vida no munic\u00edpio chega a 78,6 anos. A cobertura urbana de \u00e1gua encanada \u00e9 de 100%, e a coleta de esgoto alcan\u00e7a 95% dos domic\u00edlios, segundo a <a href=\"https:\/\/portal.connectedsmartcities.com.br\/2024\/09\/03\/balneario-camboriu-conquista-a-sexta-posicao-entre-as-cidades-mais-inteligentes-e-conectadas-do-pais\/\" target=\"_blank\" rel=\"noreferrer noopener\"><strong>plataforma Connected Smart Cities<\/strong><\/a>. A cidade fixa 139 mil moradores, mas comporta mais de 500 mil pessoas no auge do ver\u00e3o.<\/p>\n\n\n<div class=\"wp-block-image\">\n<figure class=\"aligncenter size-large\"><img decoding=\"async\" width=\"1024\" height=\"576\" src=\"https:\/\/www.uai.com.br\/uainoticias\/wp-content\/uploads\/2025\/12\/Balneario-Camboriu_1747535024253-1024x576.jpg\" alt=\"\" class=\"wp-image-97272\" srcset=\"https:\/\/www.uai.com.br\/uainoticias\/wp-content\/uploads\/2025\/12\/Balneario-Camboriu_1747535024253-1024x576.jpg 1024w, https:\/\/www.uai.com.br\/uainoticias\/wp-content\/uploads\/2025\/12\/Balneario-Camboriu_1747535024253-300x169.jpg 300w, https:\/\/www.uai.com.br\/uainoticias\/wp-content\/uploads\/2025\/12\/Balneario-Camboriu_1747535024253-768x432.jpg 768w, https:\/\/www.uai.com.br\/uainoticias\/wp-content\/uploads\/2025\/12\/Balneario-Camboriu_1747535024253-750x422.jpg 750w, https:\/\/www.uai.com.br\/uainoticias\/wp-content\/uploads\/2025\/12\/Balneario-Camboriu_1747535024253-1140x641.jpg 1140w, https:\/\/www.uai.com.br\/uainoticias\/wp-content\/uploads\/2025\/12\/Balneario-Camboriu_1747535024253.jpg 1280w\" sizes=\"(max-width: 1024px) 100vw, 1024px\" \/><figcaption class=\"wp-element-caption\">Balne\u00e1rio Cambori\u00fa une lazer \u00e0 beira-mar, infraestrutura moderna e o t\u00edtulo de \u201cDubai Brasileira\u201d. \/\/ Cr\u00e9ditos: depositphotos.com \/ Cristian_Lourenco<\/figcaption><\/figure><\/div>\n\n\n<h2 class=\"wp-block-heading\">Os reconhecimentos internacionais que mudaram a rota dos turistas<\/h2>\n\n\n\n<p>O nome da cidade circulou em f\u00f3runs urbanos pelo motivo mais inesperado. No <strong>Ranking Connected Smart Cities 2024<\/strong>, da consultoria <strong>Urban Systems<\/strong>, Balne\u00e1rio Cambori\u00fa ficou em 6\u00ba lugar geral entre 656 munic\u00edpios brasileiros e em 1\u00ba no eixo Meio Ambiente. A 3\u00aa coloca\u00e7\u00e3o em Sa\u00fade e a 5\u00aa em Mobilidade refor\u00e7aram o desempenho ao lado de capitais como <strong>Florian\u00f3polis<\/strong> e <strong>Vit\u00f3ria<\/strong>.<\/p>\n\n\n\n<p>O selo internacional <strong>Bandeira Azul<\/strong>, concedido pela <strong>Foundation for Environmental Education (FEE)<\/strong>, premiou tr\u00eas praias do munic\u00edpio na temporada 2025\/2026. As certificadas s\u00e3o:<\/p>\n\n\n\n<ul class=\"wp-block-list\">\n<li><strong>Praia do Estaleiro<\/strong>: certificada desde 2018\/2019, integra o conjunto de praias agrestes ao sul da cidade.<\/li>\n\n\n\n<li><strong>Praia do Estaleirinho<\/strong>: tamb\u00e9m premiada desde 2018\/2019, com mar mais agitado e vegeta\u00e7\u00e3o preservada.<\/li>\n\n\n\n<li><strong>Praia de Taquaras<\/strong>: estreou no programa em 2022 e renovou o selo nas temporadas seguintes.<\/li>\n<\/ul>\n\n\n\n<p>O reconhecimento mais inesperado veio de fora do <strong>Brasil<\/strong>. A Praia do Estaleiro foi eleita a melhor praia de vila entre 11 pa\u00edses das Am\u00e9ricas e da <strong>Pen\u00ednsula Ib\u00e9rica<\/strong>, em estudo do <a href=\"https:\/\/www.secturbc.com.br\/turismo\/pt-br\/noticia\/balneario-camboriu-tem-praia-com-a-melhor-avaliacao-ambiental-e-sanitaria-das-americas\" target=\"_blank\" rel=\"noreferrer noopener\"><strong>Centro Internacional de Forma\u00e7\u00e3o em Gest\u00e3o e Certifica\u00e7\u00e3o de Praias (CIF Playas)<\/strong><\/a>. Ela recebeu nota 0,90, a mais alta entre as 57 praias avaliadas por 71 ocean\u00f3grafos, engenheiros e ge\u00f3grafos.<\/p>\n\n\n\n<p><strong>Leia tamb\u00e9m: <a href=\"https:\/\/www.uai.com.br\/uainoticias\/2026\/04\/26\/o-caribe-brasileiro-onde-a-areia-e-branca-como-neve-nao-queima-os-pes-e-o-mar-tem-aguas-tao-cristalinas-que-parece-uma-piscina\/\" target=\"_blank\" rel=\"noreferrer noopener\">O Caribe Brasileiro onde a areia \u00e9 branca como neve: n\u00e3o queima os p\u00e9s e o mar tem \u00e1guas t\u00e3o cristalinas que parece uma piscina<\/a><\/strong><\/p>\n\n\n\n<h2 class=\"wp-block-heading\">O que fazer entre arranha-c\u00e9us e mata atl\u00e2ntica<\/h2>\n\n\n\n<p>A cidade comprime experi\u00eancias de altura, mar e mata em poucos quil\u00f4metros de dist\u00e2ncia. O roteiro de quem desembarca pela primeira vez costuma incluir:<\/p>\n\n\n\n<ul class=\"wp-block-list\">\n<li><strong>FG Big Wheel<\/strong>: roda-gigante de 82 metros na Barra Norte, inaugurada em dezembro de 2020. As 36 cabines climatizadas oferecem vista panor\u00e2mica do skyline e da orla.<\/li>\n\n\n\n<li><strong>Parque Unipraias<\/strong>: complexo com 47 bondinhos a\u00e9reos que ligam a Barra Sul \u00e0 <strong>Praia de Laranjeiras<\/strong>, passando pela esta\u00e7\u00e3o Mata Atl\u00e2ntica, no <strong>Morro da Aguada<\/strong>. Inclui tirolesa e tren\u00f3 de montanha.<\/li>\n\n\n\n<li><strong>Cristo Luz<\/strong>: monumento de 33 metros no alto do morro com mirante 360 graus e show de luzes noturno.<\/li>\n\n\n\n<li><strong>Avenida Atl\u00e2ntica<\/strong>: orla revitalizada com cal\u00e7ad\u00e3o, ciclovia e p\u00e9 na areia da <strong>Praia Central<\/strong>, que tem 7 km de extens\u00e3o.<\/li>\n\n\n\n<li><strong>Praia de Taquarinhas<\/strong>: ref\u00fagio acess\u00edvel apenas por trilha, ideal para quem quer escapar do ritmo urbano.<\/li>\n\n\n\n<li><strong>Oceanic Aquarium<\/strong>: aqu\u00e1rio com mais de 130 esp\u00e9cies marinhas, op\u00e7\u00e3o certa para dias chuvosos.<\/li>\n<\/ul>\n\n\n\n<p>A noite tem reconhecimento pr\u00f3prio. Em <strong>Cambori\u00fa<\/strong>, cidade vizinha, fica a <strong>Green Valley<\/strong>, eleita pela revista brit\u00e2nica <strong>DJ Mag<\/strong> como o melhor club de m\u00fasica eletr\u00f4nica do mundo nos anos de 2013, 2015, 2018 e 2019. A <strong>Praia Brava<\/strong>, em <strong>Itaja\u00ed<\/strong>, abriga o <strong>Warung Beach Club<\/strong>, outro nome recorrente nos rankings internacionais. A gastronomia acompanha esse ritmo cosmopolita:<\/p>\n\n\n\n<ul class=\"wp-block-list\">\n<li><strong>Frutos do mar na Praia de Laranjeiras<\/strong>: restaurantes p\u00e9 na areia servem peixes na brasa, casquinha de siri e moquecas, com chegada exclusiva por bondinho ou barco.<\/li>\n\n\n\n<li><strong>Cozinha asi\u00e1tica contempor\u00e2nea<\/strong>: o <strong>Taj Bar<\/strong>, premiado nacionalmente, mistura pratos da Tail\u00e2ndia, Indon\u00e9sia e Vietn\u00e3 em ambiente de alta gastronomia.<\/li>\n\n\n\n<li><strong>Camar\u00f5es e ostras locais<\/strong>: a maricultura catarinense abastece bistr\u00f4s da <strong>Avenida Brasil<\/strong> com ingredientes pescados na pr\u00f3pria ba\u00eda.<\/li>\n<\/ul>\n\n\n\n<p>Quem quer um roteiro completo de&nbsp;<strong>4 dias<\/strong>&nbsp;em&nbsp;<strong>Balne\u00e1rio Cambori\u00fa<\/strong>&nbsp;(<strong>SC<\/strong>), vai curtir esse v\u00eddeo do canal&nbsp;<strong>Casal Alencar<\/strong>, onde os apresentadores mostram passeios, hospedagem e pre\u00e7os:<\/p>\n\n\n\n<figure class=\"wp-block-embed is-type-video is-provider-youtube wp-block-embed-youtube wp-embed-aspect-16-9 wp-has-aspect-ratio\"><div class=\"wp-block-embed__wrapper\">\n<div class=\"jeg_video_container jeg_video_content\"><iframe loading=\"lazy\" title=\"BALNE\u00c1RIO CAMBORI\u00da - ROTEIRO COMPLETO DE 4 DIAS (COM PRE\u00c7OS)\" width=\"500\" height=\"281\" src=\"https:\/\/www.youtube.com\/embed\/5bXamRtTvxw?start=100&#038;feature=oembed\" frameborder=\"0\" allow=\"accelerometer; autoplay; clipboard-write; encrypted-media; gyroscope; picture-in-picture; web-share\" referrerpolicy=\"strict-origin-when-cross-origin\" allowfullscreen><\/iframe><\/div>\n<\/div><\/figure>\n\n\n\n<h2 class=\"wp-block-heading\">Quando o clima favorece cada tipo de programa?<\/h2>\n\n\n\n<p>O ver\u00e3o concentra a alta temporada e os dias mais quentes. O inverno seco e ameno atrai quem prefere ruas tranquilas e os passeios de altura. Veja o que esperar de cada esta\u00e7\u00e3o:<\/p>\n\n\n\n<style>\n    .ant-grid { \n        \/* CORES DO PORTAL UAI *\/\n        --cor-primaria: #0278c0;\n        --cor-secundaria: #ffd31a;\n        --cor-txt-secundaria: #0278c0; \n\n        display: grid; grid-template-columns: repeat(auto-fit, minmax(190px, 1fr)); gap: 15px; justify-content: center; padding: 10px;\n    }\n    \n    .ant-card { \n        border: 5px solid var(--cor-primaria); border-top: 5px solid var(--cor-secundaria); \n        border-radius: 4px; \/* CANTOS RETOS *\/\n        background-color: var(--cor-primaria); background-clip: padding-box; \n        display: flex; flex-direction: column; overflow: hidden; cursor: pointer; \n        box-shadow: 0 6px 12px rgba(0,0,0, 0.2); \n        transition: transform 0.2s ease, box-shadow 0.2s ease; \n        -webkit-tap-highlight-color: transparent; user-select: none; transform: translateZ(0);\n        animation: wmFadeIn 0.6s cubic-bezier(0.2, 0.8, 0.2, 1) backwards;\n    }\n    .ant-card:nth-child(1) { animation-delay: 0.1s; } .ant-card:nth-child(2) { animation-delay: 0.2s; }\n    .ant-card:nth-child(3) { animation-delay: 0.3s; } .ant-card:nth-child(4) { animation-delay: 0.4s; }\n\n    @keyframes wmFadeIn { from { opacity: 0; transform: translateY(30px); } to { opacity: 1; transform: translateY(0); } }\n\n    .ant-card:hover { transform: translateY(-5px); box-shadow: 0 15px 30px rgba(0,0,0, 0.3); }\n    .ant-card:active { transform: translateY(-1px) scale(0.97); box-shadow: 0 3px 6px rgba(0,0,0, 0.2); transition: transform 0.05s ease, box-shadow 0.05s ease; }\n    \n    .ant-header { background: #f0f8f9; padding: 15px 10px; text-align: center; display: flex; flex-direction: column; align-items: center; justify-content: center; }\n    .ant-body { background: #ffffff; padding: 15px; display: flex; flex-direction: column; flex-grow: 1; align-items: center; }\n    \n    .ant-card-destaque { box-shadow: 0 8px 16px rgba(0,0,0, 0.25); }\n    .ant-card-destaque:hover { box-shadow: 0 18px 36px rgba(0,0,0, 0.35); }\n    .ant-card-destaque .ant-header { background: var(--cor-secundaria); }\n    .ant-card-destaque .ant-header .ant-titulo { color: var(--cor-txt-secundaria) !important; } \n    \n    .pill-ant { display: flex; white-space: normal; max-width: 100%; box-sizing: border-box; justify-content: center; align-items: center; text-align: center; background: #e0f4f6; color: var(--cor-primaria); font-size: 11px; font-weight: 900 !important; letter-spacing: 0.5px; padding: 8px 16px; border-radius: 4px; text-transform: uppercase; line-height: 1.4; box-shadow: 0 4px 8px rgba(0,0,0, 0.15); margin-top: auto; transition: transform 0.2s ease; }\n    .ant-card-destaque .pill-ant { background: var(--cor-primaria); color: var(--cor-txt-secundaria); } \n    .ant-card:hover .pill-ant { transform: scale(1.06); }\n    .pill-ant span { font-weight: 900 !important; color: inherit; } \n    \n    .ant-emoji { font-size: 24px; line-height: 1; margin-bottom: 5px; }\n    .ant-titulo { color: var(--cor-primaria); font-size: 16px; text-transform: uppercase; margin-top: 5px; font-weight: bold; }\n    .ant-mes { font-size: 11px; font-weight: 800; color: var(--cor-primaria); text-transform: uppercase; margin-bottom: 5px; }\n    .ant-temp { font-size: 26px; font-weight: 900; color: var(--cor-primaria); margin-bottom: 10px; }\n    .ant-desc { font-size: 13px; color: #444; text-align: center; line-height: 1.5; margin-bottom: 15px; flex-grow: 1;}\n    .ant-desc strong { color: #111; }\n\n    @media (prefers-color-scheme: dark) {\n        .ant-card { border-color: #1b7a8c; background-color: #1b7a8c; box-shadow: 0 6px 12px rgba(0,0,0, 0.5); }\n        .ant-header { background: #1a1a1a; } .ant-body { background: #121212; }\n        .ant-card-destaque .ant-header { background: var(--cor-secundaria); }\n        .ant-card-destaque .ant-header .ant-titulo { color: var(--cor-txt-secundaria) !important; }\n        .ant-titulo { color: #5ce1f5; } .ant-mes { color: #8eeaf7; } .ant-temp { color: #5ce1f5; } .ant-desc { color: #cccccc; } .ant-desc strong { color: #ffffff; }\n        .pill-ant { background: #1a1a1a; color: #5ce1f5; box-shadow: 0 4px 8px rgba(0, 0, 0, 0.5); }\n        .ant-card-destaque .pill-ant { background: var(--cor-primaria); color: var(--cor-txt-secundaria); }\n    }\n<\/style>\n\n<div class=\"google-auto-ads-ignore ant-grid\" style=\"box-sizing: border-box; width: 100%; max-width: 980px; margin: 30px auto; font-family: 'Segoe UI', Roboto, Helvetica, Arial, sans-serif;\">\n    <div class=\"ant-card ant-card-destaque\">\n        <div class=\"ant-header\">\n            <div class=\"ant-emoji\">\ud83c\udfd6\ufe0f<\/div>\n            <div class=\"ant-titulo\">Ver\u00e3o<\/div>\n        <\/div>\n        <div class=\"ant-body\">\n            <div class=\"ant-mes\">Dezembro a Fevereiro<\/div>\n            <div class=\"ant-temp\">22\u00b0C a 30\u00b0C<\/div>\n            <div class=\"ant-desc\">Dias quentes e Alta Temporada! \u00c9poca para aproveitar o agito da <strong>Praia Central e baladas eletr\u00f4nicas<\/strong>.<\/div>\n            <div class=\"pill-ant\" style=\"color: #ffffff;\"><span>\u2b50 ALTA TEMPORADA<\/span><\/div>\n        <\/div>\n    <\/div>\n    <div class=\"ant-card\">\n        <div class=\"ant-header\">\n            <div class=\"ant-emoji\">\ud83d\udea0<\/div>\n            <div class=\"ant-titulo\">Outono<\/div>\n        <\/div>\n        <div class=\"ant-body\">\n            <div class=\"ant-mes\">Mar\u00e7o a Maio<\/div>\n            <div class=\"ant-temp\">17\u00b0C a 25\u00b0C<\/div>\n            <div class=\"ant-desc\">As ruas ficam mais tranquilas e o clima refresca. V\u00e1 aos <strong>Bondinhos do Unipraias e gastronomia<\/strong>.<\/div>\n            <div class=\"pill-ant\"><span>\ud83c\udf27\ufe0f CHUVA M\u00c9DIA<\/span><\/div>\n        <\/div>\n    <\/div>\n    <div class=\"ant-card\">\n        <div class=\"ant-header\">\n            <div class=\"ant-emoji\">\ud83c\udfa1<\/div>\n            <div class=\"ant-titulo\">Inverno<\/div>\n        <\/div>\n        <div class=\"ant-body\">\n            <div class=\"ant-mes\">Junho a Agosto<\/div>\n            <div class=\"ant-temp\">12\u00b0C a 20\u00b0C<\/div>\n            <div class=\"ant-desc\">O tempo frio e seco \u00e9 o ideal para fazer os passeios do <strong>Cristo Luz, Oceanic Aquarium e mirantes<\/strong>.<\/div>\n            <div class=\"pill-ant\"><span>\u2600\ufe0f CHUVA BAIXA<\/span><\/div>\n        <\/div>\n    <\/div>\n    <div class=\"ant-card\">\n        <div class=\"ant-header\">\n            <div class=\"ant-emoji\">\ud83c\udf05<\/div>\n            <div class=\"ant-titulo\">Primavera<\/div>\n        <\/div>\n        <div class=\"ant-body\">\n            <div class=\"ant-mes\">Setembro a Novembro<\/div>\n            <div class=\"ant-temp\">16\u00b0C a 26\u00b0C<\/div>\n            <div class=\"ant-desc\">O calor come\u00e7a a dar as caras novamente. Curta a <strong>FG Big Wheel ao p\u00f4r do sol e praias agrestes<\/strong>.<\/div>\n            <div class=\"pill-ant\"><span>\ud83c\udf27\ufe0f CHUVA M\u00c9DIA<\/span><\/div>\n        <\/div>\n    <\/div>\n<\/div>\n\n\n\n<p><em>Temperaturas aproximadas com base no <a href=\"https:\/\/www.climatempo.com.br\/previsao-do-tempo\/cidade\/3342\/balneariocamboriu-sc\" target=\"_blank\" rel=\"noreferrer noopener\"><strong>Climatempo<\/strong><\/a>. Condi\u00e7\u00f5es podem variar.<\/em><\/p>\n\n\n\n<h2 class=\"wp-block-heading\">Como chegar at\u00e9 a Dubai brasileira<\/h2>\n\n\n\n<p>O <strong>Aeroporto Internacional de Navegantes<\/strong> fica a cerca de 25 km do centro de Balne\u00e1rio Cambori\u00fa e recebe voos diretos das principais capitais brasileiras. A <strong>BR-101<\/strong>, totalmente duplicada, conecta a cidade a <strong>Florian\u00f3polis<\/strong>, a 80 km, e a <strong>Curitiba<\/strong>, a 200 km.<\/p>\n\n\n\n<p>A rodovi\u00e1ria mant\u00e9m linhas para todo o Sul e Sudeste, al\u00e9m de receber \u00f4nibus internacionais vindos da <strong>Argentina<\/strong>, do <strong>Uruguai<\/strong> e do <strong>Paraguai<\/strong>. Quem viaja de carro pode estender o roteiro pelas vizinhas <strong>Itapema<\/strong>, <strong>Bombinhas<\/strong> e <strong>Porto Belo<\/strong>.<\/p>\n\n\n\n<h2 class=\"wp-block-heading\">Conhe\u00e7a a cidade que mistura skyline de metr\u00f3pole e praia certificada<\/h2>\n\n\n\n<p>Balne\u00e1rio Cambori\u00fa re\u00fane uma equa\u00e7\u00e3o rara no litoral brasileiro. O skyline mais alto da Am\u00e9rica Latina divide quadras com praias premiadas internacionalmente, gastronomia de mar e qualidade de vida que rivaliza com capitais europeias.<\/p>\n\n\n\n<p>Voc\u00ea precisa subir at\u00e9 a FG Big Wheel ao entardecer e entender por que a Dubai brasileira virou destino obrigat\u00f3rio para quem busca litoral com cara de metr\u00f3pole.<\/p>\n","protected":false},"excerpt":{"rendered":"<p>Imagine olhar pela janela do 81\u00ba andar e ver o mar se abrir entre arranha-c\u00e9us que rivalizam com Manhattan. Em Balne\u00e1rio Cambori\u00fa, no litoral norte de Santa Catarina, isso \u00e9 rotina para quem vive nas torres g\u00eameas Yachthouse, de 294 metros, hoje as mais altas das Am\u00e9ricas. A cidade re\u00fane 11 praias, sete dos dez [&hellip;]<\/p>\n","protected":false},"author":14,"featured_media":129295,"comment_status":"open","ping_status":"open","sticky":false,"template":"","format":"standard","meta":{"jnews-multi-image_gallery":[],"jnews_single_post":{"format":"standard"},"jnews_primary_category":[],"jnews_social_meta":[],"jnews_override_counter":[],"footnotes":""},"categories":[210],"tags":[4821,234,2611],"class_list":["post-128783","post","type-post","status-publish","format-standard","has-post-thumbnail","hentry","category-cidades","tag-balneario-camboriu","tag-cidades","tag-santa-catarina"],"yoast_head":"<!-- This site is optimized with the Yoast SEO plugin v26.5 - https:\/\/yoast.com\/wordpress\/plugins\/seo\/ -->\n<title>A Dubai brasileira tem 11 praias, a 4\u00aa melhor qualidade de vida do pa\u00eds e os pr\u00e9dios mais altos da Am\u00e9rica Latina - UAI Not\u00edcias<\/title>\n<meta name=\"description\" content=\"Com 11 praias e os maiores pr\u00e9dios da Am\u00e9rica Latina, a Dubai brasileira ocupa o 4\u00ba lugar em qualidade de vida no pa\u00eds. Saiba mais aqui.\" \/>\n<meta name=\"robots\" content=\"index, follow, max-snippet:-1, max-image-preview:large, max-video-preview:-1\" \/>\n<link rel=\"canonical\" href=\"https:\/\/www.uai.com.br\/uainoticias\/2026\/05\/01\/a-dubai-brasileira-tem-11-praias-a-4a-melhor-qualidade-de-vida-do-pais-e-os-predios-mais-altos-da-america-latina\/\" \/>\n<meta property=\"og:locale\" content=\"pt_BR\" \/>\n<meta property=\"og:type\" content=\"article\" \/>\n<meta property=\"og:title\" content=\"A Dubai brasileira tem 11 praias, a 4\u00aa melhor qualidade de vida do pa\u00eds e os pr\u00e9dios mais altos da Am\u00e9rica Latina - UAI Not\u00edcias\" \/>\n<meta property=\"og:description\" content=\"Com 11 praias e os maiores pr\u00e9dios da Am\u00e9rica Latina, a Dubai brasileira ocupa o 4\u00ba lugar em qualidade de vida no pa\u00eds. Saiba mais aqui.\" \/>\n<meta property=\"og:url\" content=\"https:\/\/www.uai.com.br\/uainoticias\/2026\/05\/01\/a-dubai-brasileira-tem-11-praias-a-4a-melhor-qualidade-de-vida-do-pais-e-os-predios-mais-altos-da-america-latina\/\" \/>\n<meta property=\"og:site_name\" content=\"UAI Not\u00edcias\" \/>\n<meta property=\"article:published_time\" content=\"2026-05-01T05:00:00+00:00\" \/>\n<meta property=\"og:image\" content=\"https:\/\/www.uai.com.br\/uainoticias\/wp-content\/uploads\/2026\/05\/Coastal_megacity_beachfront_urba\u2026_202605010155-scaled.jpg\" \/>\n\t<meta property=\"og:image:width\" content=\"2560\" \/>\n\t<meta property=\"og:image:height\" content=\"1440\" \/>\n\t<meta property=\"og:image:type\" content=\"image\/jpeg\" \/>\n<meta name=\"author\" content=\"Vitor Bruno\" \/>\n<meta name=\"twitter:card\" content=\"summary_large_image\" \/>\n<meta name=\"twitter:label1\" content=\"Escrito por\" \/>\n\t<meta name=\"twitter:data1\" content=\"Vitor Bruno\" \/>\n\t<meta name=\"twitter:label2\" content=\"Est. tempo de leitura\" \/>\n\t<meta name=\"twitter:data2\" content=\"8 minutos\" \/>\n<!-- \/ Yoast SEO plugin. -->","yoast_head_json":{"title":"A Dubai brasileira tem 11 praias, a 4\u00aa melhor qualidade de vida do pa\u00eds e os pr\u00e9dios mais altos da Am\u00e9rica Latina - UAI Not\u00edcias","description":"Com 11 praias e os maiores pr\u00e9dios da Am\u00e9rica Latina, a Dubai brasileira ocupa o 4\u00ba lugar em qualidade de vida no pa\u00eds. Saiba mais aqui.","robots":{"index":"index","follow":"follow","max-snippet":"max-snippet:-1","max-image-preview":"max-image-preview:large","max-video-preview":"max-video-preview:-1"},"canonical":"https:\/\/www.uai.com.br\/uainoticias\/2026\/05\/01\/a-dubai-brasileira-tem-11-praias-a-4a-melhor-qualidade-de-vida-do-pais-e-os-predios-mais-altos-da-america-latina\/","og_locale":"pt_BR","og_type":"article","og_title":"A Dubai brasileira tem 11 praias, a 4\u00aa melhor qualidade de vida do pa\u00eds e os pr\u00e9dios mais altos da Am\u00e9rica Latina - UAI Not\u00edcias","og_description":"Com 11 praias e os maiores pr\u00e9dios da Am\u00e9rica Latina, a Dubai brasileira ocupa o 4\u00ba lugar em qualidade de vida no pa\u00eds. Saiba mais aqui.","og_url":"https:\/\/www.uai.com.br\/uainoticias\/2026\/05\/01\/a-dubai-brasileira-tem-11-praias-a-4a-melhor-qualidade-de-vida-do-pais-e-os-predios-mais-altos-da-america-latina\/","og_site_name":"UAI Not\u00edcias","article_published_time":"2026-05-01T05:00:00+00:00","og_image":[{"width":2560,"height":1440,"url":"https:\/\/www.uai.com.br\/uainoticias\/wp-content\/uploads\/2026\/05\/Coastal_megacity_beachfront_urba\u2026_202605010155-scaled.jpg","type":"image\/jpeg"}],"author":"Vitor Bruno","twitter_card":"summary_large_image","twitter_misc":{"Escrito por":"Vitor Bruno","Est. tempo de leitura":"8 minutos"},"schema":{"@context":"https:\/\/schema.org","@graph":[{"@type":"WebPage","@id":"https:\/\/www.uai.com.br\/uainoticias\/2026\/05\/01\/a-dubai-brasileira-tem-11-praias-a-4a-melhor-qualidade-de-vida-do-pais-e-os-predios-mais-altos-da-america-latina\/","url":"https:\/\/www.uai.com.br\/uainoticias\/2026\/05\/01\/a-dubai-brasileira-tem-11-praias-a-4a-melhor-qualidade-de-vida-do-pais-e-os-predios-mais-altos-da-america-latina\/","name":"A Dubai brasileira tem 11 praias, a 4\u00aa melhor qualidade de vida do pa\u00eds e os pr\u00e9dios mais altos da Am\u00e9rica Latina - UAI Not\u00edcias","isPartOf":{"@id":"https:\/\/www.uai.com.br\/uainoticias\/#website"},"primaryImageOfPage":{"@id":"https:\/\/www.uai.com.br\/uainoticias\/2026\/05\/01\/a-dubai-brasileira-tem-11-praias-a-4a-melhor-qualidade-de-vida-do-pais-e-os-predios-mais-altos-da-america-latina\/#primaryimage"},"image":{"@id":"https:\/\/www.uai.com.br\/uainoticias\/2026\/05\/01\/a-dubai-brasileira-tem-11-praias-a-4a-melhor-qualidade-de-vida-do-pais-e-os-predios-mais-altos-da-america-latina\/#primaryimage"},"thumbnailUrl":"https:\/\/www.uai.com.br\/uainoticias\/wp-content\/uploads\/2026\/05\/Coastal_megacity_beachfront_urba\u2026_202605010155-scaled.jpg","datePublished":"2026-05-01T05:00:00+00:00","author":{"@id":"https:\/\/www.uai.com.br\/uainoticias\/#\/schema\/person\/03130d752d0ce4e3bb0f607f1bc85084"},"description":"Com 11 praias e os maiores pr\u00e9dios da Am\u00e9rica Latina, a Dubai brasileira ocupa o 4\u00ba lugar em qualidade de vida no pa\u00eds. Saiba mais aqui.","breadcrumb":{"@id":"https:\/\/www.uai.com.br\/uainoticias\/2026\/05\/01\/a-dubai-brasileira-tem-11-praias-a-4a-melhor-qualidade-de-vida-do-pais-e-os-predios-mais-altos-da-america-latina\/#breadcrumb"},"inLanguage":"pt-BR","potentialAction":[{"@type":"ReadAction","target":["https:\/\/www.uai.com.br\/uainoticias\/2026\/05\/01\/a-dubai-brasileira-tem-11-praias-a-4a-melhor-qualidade-de-vida-do-pais-e-os-predios-mais-altos-da-america-latina\/"]}]},{"@type":"ImageObject","inLanguage":"pt-BR","@id":"https:\/\/www.uai.com.br\/uainoticias\/2026\/05\/01\/a-dubai-brasileira-tem-11-praias-a-4a-melhor-qualidade-de-vida-do-pais-e-os-predios-mais-altos-da-america-latina\/#primaryimage","url":"https:\/\/www.uai.com.br\/uainoticias\/wp-content\/uploads\/2026\/05\/Coastal_megacity_beachfront_urba\u2026_202605010155-scaled.jpg","contentUrl":"https:\/\/www.uai.com.br\/uainoticias\/wp-content\/uploads\/2026\/05\/Coastal_megacity_beachfront_urba\u2026_202605010155-scaled.jpg","width":2560,"height":1440,"caption":"A Dubai brasileira tem 11 praias, a 4\u00aa melhor qualidade de vida do pa\u00eds e os pr\u00e9dios mais altos da Am\u00e9rica Latina \/\/ IMAGEM ILUSTRATIVA"},{"@type":"BreadcrumbList","@id":"https:\/\/www.uai.com.br\/uainoticias\/2026\/05\/01\/a-dubai-brasileira-tem-11-praias-a-4a-melhor-qualidade-de-vida-do-pais-e-os-predios-mais-altos-da-america-latina\/#breadcrumb","itemListElement":[{"@type":"ListItem","position":1,"name":"In\u00edcio","item":"https:\/\/www.uai.com.br\/uainoticias\/"},{"@type":"ListItem","position":2,"name":"A Dubai brasileira tem 11 praias, a 4\u00aa melhor qualidade de vida do pa\u00eds e os pr\u00e9dios mais altos da Am\u00e9rica Latina"}]},{"@type":"WebSite","@id":"https:\/\/www.uai.com.br\/uainoticias\/#website","url":"https:\/\/www.uai.com.br\/uainoticias\/","name":"UAI Not\u00edcias","description":"Acompanhe as \u00faltimas not\u00edcias e fique bem informado sobre tudo o que acontece no Brasil e no mundo.","potentialAction":[{"@type":"SearchAction","target":{"@type":"EntryPoint","urlTemplate":"https:\/\/www.uai.com.br\/uainoticias\/?s={search_term_string}"},"query-input":{"@type":"PropertyValueSpecification","valueRequired":true,"valueName":"search_term_string"}}],"inLanguage":"pt-BR"},{"@type":"Person","@id":"https:\/\/www.uai.com.br\/uainoticias\/#\/schema\/person\/03130d752d0ce4e3bb0f607f1bc85084","name":"Vitor Bruno","image":{"@type":"ImageObject","inLanguage":"pt-BR","@id":"https:\/\/www.uai.com.br\/uainoticias\/#\/schema\/person\/image\/","url":"https:\/\/secure.gravatar.com\/avatar\/ab0513148053bbb80c117cdd35f8a0f2742d41eebbac321acf8df2e633d81609?s=96&d=mm&r=g","contentUrl":"https:\/\/secure.gravatar.com\/avatar\/ab0513148053bbb80c117cdd35f8a0f2742d41eebbac321acf8df2e633d81609?s=96&d=mm&r=g","caption":"Vitor Bruno"},"sameAs":["https:\/\/www.uai.com.br\/uainoticias\/"],"url":"https:\/\/www.uai.com.br\/uainoticias\/author\/vitor\/"}]}},"_links":{"self":[{"href":"https:\/\/www.uai.com.br\/uainoticias\/wp-json\/wp\/v2\/posts\/128783","targetHints":{"allow":["GET"]}}],"collection":[{"href":"https:\/\/www.uai.com.br\/uainoticias\/wp-json\/wp\/v2\/posts"}],"about":[{"href":"https:\/\/www.uai.com.br\/uainoticias\/wp-json\/wp\/v2\/types\/post"}],"author":[{"embeddable":true,"href":"https:\/\/www.uai.com.br\/uainoticias\/wp-json\/wp\/v2\/users\/14"}],"replies":[{"embeddable":true,"href":"https:\/\/www.uai.com.br\/uainoticias\/wp-json\/wp\/v2\/comments?post=128783"}],"version-history":[{"count":2,"href":"https:\/\/www.uai.com.br\/uainoticias\/wp-json\/wp\/v2\/posts\/128783\/revisions"}],"predecessor-version":[{"id":129296,"href":"https:\/\/www.uai.com.br\/uainoticias\/wp-json\/wp\/v2\/posts\/128783\/revisions\/129296"}],"wp:featuredmedia":[{"embeddable":true,"href":"https:\/\/www.uai.com.br\/uainoticias\/wp-json\/wp\/v2\/media\/129295"}],"wp:attachment":[{"href":"https:\/\/www.uai.com.br\/uainoticias\/wp-json\/wp\/v2\/media?parent=128783"}],"wp:term":[{"taxonomy":"category","embeddable":true,"href":"https:\/\/www.uai.com.br\/uainoticias\/wp-json\/wp\/v2\/categories?post=128783"},{"taxonomy":"post_tag","embeddable":true,"href":"https:\/\/www.uai.com.br\/uainoticias\/wp-json\/wp\/v2\/tags?post=128783"}],"curies":[{"name":"wp","href":"https:\/\/api.w.org\/{rel}","templated":true}]}}