{"id":128677,"date":"2026-04-30T14:45:00","date_gmt":"2026-04-30T17:45:00","guid":{"rendered":"https:\/\/www.uai.com.br\/uainoticias\/?p=128677"},"modified":"2026-04-29T15:53:31","modified_gmt":"2026-04-29T18:53:31","slug":"a-psicologia-revela-que-quem-diz-obrigado-sem-pensar-geralmente-apresenta-essas-qualidades","status":"publish","type":"post","link":"https:\/\/www.uai.com.br\/uainoticias\/2026\/04\/30\/a-psicologia-revela-que-quem-diz-obrigado-sem-pensar-geralmente-apresenta-essas-qualidades\/","title":{"rendered":"A psicologia revela que quem diz obrigado sem pensar geralmente apresenta essas qualidades"},"content":{"rendered":"\n<p>O ato de agradecer de forma autom\u00e1tica e genu\u00edna vai muito al\u00e9m de uma simples regra de etiqueta aprendida na inf\u00e2ncia. Segundo estudos da psicologia comportamental, pessoas que utilizam o <strong>agradecimento espont\u00e2neo<\/strong> possuem tra\u00e7os de personalidade espec\u00edficos que facilitam a conviv\u00eancia social e o bem-estar emocional.<\/p>\n\n\n\n<h2 class=\"wp-block-heading\">A conex\u00e3o entre a gratid\u00e3o reflexiva e a intelig\u00eancia emocional<\/h2>\n\n\n\n<p>Indiv\u00edduos que dizem &#8220;obrigado&#8221; sem hesitar demonstram um n\u00edvel elevado de <strong>intelig\u00eancia emocional<\/strong>, pois reconhecem instantaneamente o esfor\u00e7o alheio. Esse h\u00e1bito reflete uma mente programada para valorizar o coletivo, transformando intera\u00e7\u00f5es triviais em momentos de valida\u00e7\u00e3o m\u00fatua entre <a href=\"https:\/\/www.uai.com.br\/uainoticias\/2026\/04\/22\/psicologia-revela-por-que-criancas-que-desenham-com-frequencia-desenvolvem-mais-inteligencia-e-criatividade\/\" target=\"_blank\" rel=\"noreferrer noopener\">colegas <\/a>de trabalho ou familiares.<\/p>\n\n\n\n<p>Essa caracter\u00edstica \u00e9 comum em l\u00edderes influentes na <strong>Europa<\/strong>, onde a cortesia \u00e9 vista como um pilar de estabilidade nas rela\u00e7\u00f5es profissionais de alto n\u00edvel. Ao agradecer sem pensar, a pessoa diminui as barreiras defensivas do interlocutor, criando um ambiente de confian\u00e7a que favorece a coopera\u00e7\u00e3o.<\/p>\n\n\n<div class=\"wp-block-image\">\n<figure class=\"aligncenter size-large\"><img decoding=\"async\" width=\"1024\" height=\"576\" src=\"https:\/\/www.uai.com.br\/uainoticias\/wp-content\/uploads\/2026\/04\/idosos_1777394319251-1024x576.jpg\" alt=\"\" class=\"wp-image-128185\" srcset=\"https:\/\/www.uai.com.br\/uainoticias\/wp-content\/uploads\/2026\/04\/idosos_1777394319251-1024x576.jpg 1024w, https:\/\/www.uai.com.br\/uainoticias\/wp-content\/uploads\/2026\/04\/idosos_1777394319251-300x169.jpg 300w, https:\/\/www.uai.com.br\/uainoticias\/wp-content\/uploads\/2026\/04\/idosos_1777394319251-768x432.jpg 768w, https:\/\/www.uai.com.br\/uainoticias\/wp-content\/uploads\/2026\/04\/idosos_1777394319251-750x422.jpg 750w, https:\/\/www.uai.com.br\/uainoticias\/wp-content\/uploads\/2026\/04\/idosos_1777394319251-1140x641.jpg 1140w, https:\/\/www.uai.com.br\/uainoticias\/wp-content\/uploads\/2026\/04\/idosos_1777394319251.jpg 1280w\" sizes=\"(max-width: 1024px) 100vw, 1024px\" \/><figcaption class=\"wp-element-caption\">Uma das qualidades mais marcantes de quem agradece por reflexo \u00e9 a empatia profunda- Cr\u00e9ditos: depositphotos.com \/ IgorVetushko<\/figcaption><\/figure><\/div>\n\n\n<h2 class=\"wp-block-heading\">Empatia agu\u00e7ada e a percep\u00e7\u00e3o do esfor\u00e7o invis\u00edvel<\/h2>\n\n\n\n<p>Uma das qualidades mais marcantes de quem agradece por reflexo \u00e9 a <strong>empatia profunda<\/strong>, permitindo notar pequenos gestos que outros ignorariam. Essas pessoas conseguem enxergar o &#8220;esfor\u00e7o invis\u00edvel&#8221; por tr\u00e1s de um caf\u00e9 servido ou de um relat\u00f3rio entregue no prazo, fortalecendo os v\u00ednculos sociais de maneira org\u00e2nica.<\/p>\n\n\n\n<p>A psicologia aponta que esse tra\u00e7o est\u00e1 ligado a uma menor tend\u00eancia ao narcisismo, j\u00e1 que o foco sai do &#8220;eu&#8221; para o reconhecimento do &#8220;outro&#8221;. Pesquisas publicadas na <a href=\"https:\/\/journals.sagepub.com\/home\/pspc\">Personality and Social Psychology Bulletin<\/a> indicam que a express\u00e3o de gratid\u00e3o atua como um refor\u00e7o positivo essencial para o comportamento pr\u00f3-social.<\/p>\n\n\n\n<h2 class=\"wp-block-heading\">Humildade intelectual e a valoriza\u00e7\u00e3o das trocas humanas<\/h2>\n\n\n\n<p>Pessoas que possuem o h\u00e1bito do agradecimento autom\u00e1tico costumam apresentar uma <strong>humildade intelectual<\/strong> admir\u00e1vel, reconhecendo que ningu\u00e9m alcan\u00e7a o sucesso sozinho. Elas entendem que cada pequena ajuda \u00e9 um degrau essencial para a conclus\u00e3o de grandes projetos, tratando todos com o mesmo n\u00edvel de respeito e considera\u00e7\u00e3o.<\/p>\n\n\n\n<p>Esse perfil n\u00e3o v\u00ea o agradecimento como um sinal de fraqueza ou subordina\u00e7\u00e3o, mas sim como uma ferramenta de poder social e eleg\u00e2ncia de car\u00e1ter. Manter essa postura em ambientes competitivos garante que o profissional seja visto como algu\u00e9m acess\u00edvel e confi\u00e1vel, qualidades fundamentais para o crescimento sustent\u00e1vel na carreira.<\/p>\n\n\n<div class=\"wp-block-image\">\n<figure class=\"aligncenter size-large\"><img decoding=\"async\" width=\"1024\" height=\"576\" src=\"https:\/\/www.uai.com.br\/uainoticias\/wp-content\/uploads\/2026\/04\/dizer-obrigado-1-1024x576.jpg\" alt=\"\" class=\"wp-image-128679\" srcset=\"https:\/\/www.uai.com.br\/uainoticias\/wp-content\/uploads\/2026\/04\/dizer-obrigado-1-1024x576.jpg 1024w, https:\/\/www.uai.com.br\/uainoticias\/wp-content\/uploads\/2026\/04\/dizer-obrigado-1-300x169.jpg 300w, https:\/\/www.uai.com.br\/uainoticias\/wp-content\/uploads\/2026\/04\/dizer-obrigado-1-768x432.jpg 768w, https:\/\/www.uai.com.br\/uainoticias\/wp-content\/uploads\/2026\/04\/dizer-obrigado-1-750x422.jpg 750w, https:\/\/www.uai.com.br\/uainoticias\/wp-content\/uploads\/2026\/04\/dizer-obrigado-1-1140x641.jpg 1140w, https:\/\/www.uai.com.br\/uainoticias\/wp-content\/uploads\/2026\/04\/dizer-obrigado-1.jpg 1280w\" sizes=\"(max-width: 1024px) 100vw, 1024px\" \/><figcaption class=\"wp-element-caption\">Quem agradece sem pensar geralmente opera sob uma perspectiva de otimismo realista<\/figcaption><\/figure><\/div>\n\n\n<h2 class=\"wp-block-heading\">Seguran\u00e7a pessoal e a aus\u00eancia de medo da vulnerabilidade<\/h2>\n\n\n\n<p>Agradecer prontamente \u00e9 um sinal de <strong>seguran\u00e7a pessoal<\/strong>, pois indica que o indiv\u00edduo est\u00e1 confort\u00e1vel o suficiente com suas pr\u00f3prias capacidades para exaltar os outros. Pessoas inseguras muitas vezes evitam agradecer por medo de parecerem dependentes, enquanto os gratos entendem que a interdepend\u00eancia \u00e9 uma for\u00e7a humana.<\/p>\n\n\n\n<p>Aten\u00e7\u00e3o: A gratid\u00e3o reflexiva deve ser acompanhada de sinceridade para n\u00e3o soar como um v\u00edcio de linguagem vazio de significado real. Quando o agradecimento vem do cora\u00e7\u00e3o, ele tem o poder de mudar o dia de algu\u00e9m na <strong>Fran\u00e7a<\/strong>, no <strong>Brasil<\/strong> ou em qualquer lugar, funcionando como uma linguagem universal de respeito.<\/p>\n\n\n\n<h2 class=\"wp-block-heading\">Otimismo realista e o foco nos aspectos positivos<\/h2>\n\n\n\n<p>Quem agradece sem pensar geralmente opera sob uma perspectiva de <strong>otimismo realista<\/strong>, preferindo focar nas solu\u00e7\u00f5es e nas contribui\u00e7\u00f5es em vez das falhas. Esse vi\u00e9s cognitivo positivo ajuda a manter a sa\u00fade mental em dia, reduzindo os n\u00edveis de cortisol e aumentando a produ\u00e7\u00e3o de dopamina no c\u00e9rebro.<\/p>\n\n\n<div class=\"wp-block-image\">\n<figure class=\"aligncenter size-large\"><img decoding=\"async\" width=\"1024\" height=\"208\" src=\"https:\/\/www.uai.com.br\/uainoticias\/wp-content\/uploads\/2026\/04\/convertido-19-1024x208.jpg\" alt=\"\" class=\"wp-image-128681\" srcset=\"https:\/\/www.uai.com.br\/uainoticias\/wp-content\/uploads\/2026\/04\/convertido-19-1024x208.jpg 1024w, https:\/\/www.uai.com.br\/uainoticias\/wp-content\/uploads\/2026\/04\/convertido-19-300x61.jpg 300w, https:\/\/www.uai.com.br\/uainoticias\/wp-content\/uploads\/2026\/04\/convertido-19-768x156.jpg 768w, https:\/\/www.uai.com.br\/uainoticias\/wp-content\/uploads\/2026\/04\/convertido-19-750x152.jpg 750w, https:\/\/www.uai.com.br\/uainoticias\/wp-content\/uploads\/2026\/04\/convertido-19-1140x232.jpg 1140w, https:\/\/www.uai.com.br\/uainoticias\/wp-content\/uploads\/2026\/04\/convertido-19.jpg 1280w\" sizes=\"(max-width: 1024px) 100vw, 1024px\" \/><\/figure><\/div>\n\n\n<p>Dica r\u00e1pida: Comece a observar quantas vezes voc\u00ea agradece por dia e tente transformar o &#8220;obrigado&#8221; em um exerc\u00edcio consciente de presen\u00e7a. Essa mudan\u00e7a simples pode reprogramar sua percep\u00e7\u00e3o sobre as dificuldades di\u00e1rias, permitindo que voc\u00ea encontre motivos para ser grato mesmo em situa\u00e7\u00f5es de press\u00e3o ou cansa\u00e7o extremo.<\/p>\n\n\n\n<h2 class=\"wp-block-heading\">A gratid\u00e3o como pilar de uma personalidade magn\u00e9tica<\/h2>\n\n\n\n<p>Em \u00faltima an\u00e1lise, as pessoas que dizem obrigado sem pensar possuem uma <strong>personalidade magn\u00e9tica<\/strong>, atraindo oportunidades e pessoas positivas para o seu c\u00edrculo. O h\u00e1bito da gratid\u00e3o atua como um im\u00e3 social, facilitando a abertura de portas que permaneceriam fechadas para indiv\u00edduos rudes ou indiferentes.<\/p>\n\n\n\n<p>Desenvolver essas sete qualidades atrav\u00e9s do simples exerc\u00edcio de agradecer \u00e9 um investimento de baixo custo e alt\u00edssimo retorno para a vida pessoal e profissional. Que o &#8220;obrigado&#8221; deixe de ser apenas uma palavra e se torne o reflexo de um car\u00e1ter s\u00f3lido, generoso e profundamente consciente da import\u00e2ncia do pr\u00f3ximo.<\/p>\n","protected":false},"excerpt":{"rendered":"<p>O ato de agradecer de forma autom\u00e1tica e genu\u00edna vai muito al\u00e9m de uma simples regra de etiqueta aprendida na inf\u00e2ncia. Segundo estudos da psicologia comportamental, pessoas que utilizam o agradecimento espont\u00e2neo possuem tra\u00e7os de personalidade espec\u00edficos que facilitam a conviv\u00eancia social e o bem-estar emocional. A conex\u00e3o entre a gratid\u00e3o reflexiva e a intelig\u00eancia [&hellip;]<\/p>\n","protected":false},"author":24,"featured_media":128678,"comment_status":"open","ping_status":"open","sticky":false,"template":"","format":"standard","meta":{"jnews-multi-image_gallery":[],"jnews_single_post":{"format":"standard"},"jnews_primary_category":[],"jnews_social_meta":[],"jnews_override_counter":[],"footnotes":""},"categories":[3046,475],"tags":[23661,23660,1852],"class_list":["post-128677","post","type-post","status-publish","format-standard","has-post-thumbnail","hentry","category-curiosidades","category-entretenimento","tag-caracteristicas-2","tag-dizer-obrigado","tag-psicologia"],"yoast_head":"<!-- This site is optimized with the Yoast SEO plugin v26.5 - https:\/\/yoast.com\/wordpress\/plugins\/seo\/ -->\n<title>A psicologia revela que quem diz obrigado sem pensar geralmente apresenta essas qualidades - UAI Not\u00edcias<\/title>\n<meta name=\"description\" content=\"O simples h\u00e1bito de agradecer sem pensar pode revelar tra\u00e7os emocionais fortes e mudar a forma como voc\u00ea se conecta com as pessoas ao redor.\" \/>\n<meta name=\"robots\" content=\"index, follow, max-snippet:-1, max-image-preview:large, max-video-preview:-1\" \/>\n<link rel=\"canonical\" href=\"https:\/\/www.uai.com.br\/uainoticias\/2026\/04\/30\/a-psicologia-revela-que-quem-diz-obrigado-sem-pensar-geralmente-apresenta-essas-qualidades\/\" \/>\n<meta property=\"og:locale\" content=\"pt_BR\" \/>\n<meta property=\"og:type\" content=\"article\" \/>\n<meta property=\"og:title\" content=\"A psicologia revela que quem diz obrigado sem pensar geralmente apresenta essas qualidades - UAI Not\u00edcias\" \/>\n<meta property=\"og:description\" content=\"O simples h\u00e1bito de agradecer sem pensar pode revelar tra\u00e7os emocionais fortes e mudar a forma como voc\u00ea se conecta com as pessoas ao redor.\" \/>\n<meta property=\"og:url\" content=\"https:\/\/www.uai.com.br\/uainoticias\/2026\/04\/30\/a-psicologia-revela-que-quem-diz-obrigado-sem-pensar-geralmente-apresenta-essas-qualidades\/\" \/>\n<meta property=\"og:site_name\" content=\"UAI Not\u00edcias\" \/>\n<meta property=\"article:published_time\" content=\"2026-04-30T17:45:00+00:00\" \/>\n<meta property=\"og:image\" content=\"https:\/\/www.uai.com.br\/uainoticias\/wp-content\/uploads\/2026\/04\/dizer-obrigado-.jpg\" \/>\n\t<meta property=\"og:image:width\" content=\"1280\" \/>\n\t<meta property=\"og:image:height\" content=\"720\" \/>\n\t<meta property=\"og:image:type\" content=\"image\/jpeg\" \/>\n<meta name=\"author\" content=\"Daniely Cardoso\" \/>\n<meta name=\"twitter:card\" content=\"summary_large_image\" \/>\n<meta name=\"twitter:label1\" content=\"Escrito por\" \/>\n\t<meta name=\"twitter:data1\" content=\"Daniely Cardoso\" \/>\n\t<meta name=\"twitter:label2\" content=\"Est. tempo de leitura\" \/>\n\t<meta name=\"twitter:data2\" content=\"5 minutos\" \/>\n<!-- \/ Yoast SEO plugin. -->","yoast_head_json":{"title":"A psicologia revela que quem diz obrigado sem pensar geralmente apresenta essas qualidades - UAI Not\u00edcias","description":"O simples h\u00e1bito de agradecer sem pensar pode revelar tra\u00e7os emocionais fortes e mudar a forma como voc\u00ea se conecta com as pessoas ao redor.","robots":{"index":"index","follow":"follow","max-snippet":"max-snippet:-1","max-image-preview":"max-image-preview:large","max-video-preview":"max-video-preview:-1"},"canonical":"https:\/\/www.uai.com.br\/uainoticias\/2026\/04\/30\/a-psicologia-revela-que-quem-diz-obrigado-sem-pensar-geralmente-apresenta-essas-qualidades\/","og_locale":"pt_BR","og_type":"article","og_title":"A psicologia revela que quem diz obrigado sem pensar geralmente apresenta essas qualidades - UAI Not\u00edcias","og_description":"O simples h\u00e1bito de agradecer sem pensar pode revelar tra\u00e7os emocionais fortes e mudar a forma como voc\u00ea se conecta com as pessoas ao redor.","og_url":"https:\/\/www.uai.com.br\/uainoticias\/2026\/04\/30\/a-psicologia-revela-que-quem-diz-obrigado-sem-pensar-geralmente-apresenta-essas-qualidades\/","og_site_name":"UAI Not\u00edcias","article_published_time":"2026-04-30T17:45:00+00:00","og_image":[{"width":1280,"height":720,"url":"https:\/\/www.uai.com.br\/uainoticias\/wp-content\/uploads\/2026\/04\/dizer-obrigado-.jpg","type":"image\/jpeg"}],"author":"Daniely Cardoso","twitter_card":"summary_large_image","twitter_misc":{"Escrito por":"Daniely Cardoso","Est. tempo de leitura":"5 minutos"},"schema":{"@context":"https:\/\/schema.org","@graph":[{"@type":"WebPage","@id":"https:\/\/www.uai.com.br\/uainoticias\/2026\/04\/30\/a-psicologia-revela-que-quem-diz-obrigado-sem-pensar-geralmente-apresenta-essas-qualidades\/","url":"https:\/\/www.uai.com.br\/uainoticias\/2026\/04\/30\/a-psicologia-revela-que-quem-diz-obrigado-sem-pensar-geralmente-apresenta-essas-qualidades\/","name":"A psicologia revela que quem diz obrigado sem pensar geralmente apresenta essas qualidades - UAI Not\u00edcias","isPartOf":{"@id":"https:\/\/www.uai.com.br\/uainoticias\/#website"},"primaryImageOfPage":{"@id":"https:\/\/www.uai.com.br\/uainoticias\/2026\/04\/30\/a-psicologia-revela-que-quem-diz-obrigado-sem-pensar-geralmente-apresenta-essas-qualidades\/#primaryimage"},"image":{"@id":"https:\/\/www.uai.com.br\/uainoticias\/2026\/04\/30\/a-psicologia-revela-que-quem-diz-obrigado-sem-pensar-geralmente-apresenta-essas-qualidades\/#primaryimage"},"thumbnailUrl":"https:\/\/www.uai.com.br\/uainoticias\/wp-content\/uploads\/2026\/04\/dizer-obrigado-.jpg","datePublished":"2026-04-30T17:45:00+00:00","author":{"@id":"https:\/\/www.uai.com.br\/uainoticias\/#\/schema\/person\/b40f59cad9eb0656c8ae35fee468cc57"},"description":"O simples h\u00e1bito de agradecer sem pensar pode revelar tra\u00e7os emocionais fortes e mudar a forma como voc\u00ea se conecta com as pessoas ao redor.","breadcrumb":{"@id":"https:\/\/www.uai.com.br\/uainoticias\/2026\/04\/30\/a-psicologia-revela-que-quem-diz-obrigado-sem-pensar-geralmente-apresenta-essas-qualidades\/#breadcrumb"},"inLanguage":"pt-BR","potentialAction":[{"@type":"ReadAction","target":["https:\/\/www.uai.com.br\/uainoticias\/2026\/04\/30\/a-psicologia-revela-que-quem-diz-obrigado-sem-pensar-geralmente-apresenta-essas-qualidades\/"]}]},{"@type":"ImageObject","inLanguage":"pt-BR","@id":"https:\/\/www.uai.com.br\/uainoticias\/2026\/04\/30\/a-psicologia-revela-que-quem-diz-obrigado-sem-pensar-geralmente-apresenta-essas-qualidades\/#primaryimage","url":"https:\/\/www.uai.com.br\/uainoticias\/wp-content\/uploads\/2026\/04\/dizer-obrigado-.jpg","contentUrl":"https:\/\/www.uai.com.br\/uainoticias\/wp-content\/uploads\/2026\/04\/dizer-obrigado-.jpg","width":1280,"height":720,"caption":"Uma das qualidades mais marcantes de quem agradece por reflexo \u00e9 a empatia profunda"},{"@type":"BreadcrumbList","@id":"https:\/\/www.uai.com.br\/uainoticias\/2026\/04\/30\/a-psicologia-revela-que-quem-diz-obrigado-sem-pensar-geralmente-apresenta-essas-qualidades\/#breadcrumb","itemListElement":[{"@type":"ListItem","position":1,"name":"In\u00edcio","item":"https:\/\/www.uai.com.br\/uainoticias\/"},{"@type":"ListItem","position":2,"name":"A psicologia revela que quem diz obrigado sem pensar geralmente apresenta essas qualidades"}]},{"@type":"WebSite","@id":"https:\/\/www.uai.com.br\/uainoticias\/#website","url":"https:\/\/www.uai.com.br\/uainoticias\/","name":"UAI Not\u00edcias","description":"Acompanhe as \u00faltimas not\u00edcias e fique bem informado sobre tudo o que acontece no Brasil e no mundo.","potentialAction":[{"@type":"SearchAction","target":{"@type":"EntryPoint","urlTemplate":"https:\/\/www.uai.com.br\/uainoticias\/?s={search_term_string}"},"query-input":{"@type":"PropertyValueSpecification","valueRequired":true,"valueName":"search_term_string"}}],"inLanguage":"pt-BR"},{"@type":"Person","@id":"https:\/\/www.uai.com.br\/uainoticias\/#\/schema\/person\/b40f59cad9eb0656c8ae35fee468cc57","name":"Daniely Cardoso","image":{"@type":"ImageObject","inLanguage":"pt-BR","@id":"https:\/\/www.uai.com.br\/uainoticias\/#\/schema\/person\/image\/","url":"https:\/\/secure.gravatar.com\/avatar\/b43c203f79e2ee2d699e04567f61958ba1731d1c994abcd298aa4fee5f54cb3a?s=96&d=mm&r=g","contentUrl":"https:\/\/secure.gravatar.com\/avatar\/b43c203f79e2ee2d699e04567f61958ba1731d1c994abcd298aa4fee5f54cb3a?s=96&d=mm&r=g","caption":"Daniely Cardoso"},"sameAs":["https:\/\/www.uai.com.br\/uainoticias\/"],"url":"https:\/\/www.uai.com.br\/uainoticias\/author\/daniely-morais\/"}]}},"_links":{"self":[{"href":"https:\/\/www.uai.com.br\/uainoticias\/wp-json\/wp\/v2\/posts\/128677","targetHints":{"allow":["GET"]}}],"collection":[{"href":"https:\/\/www.uai.com.br\/uainoticias\/wp-json\/wp\/v2\/posts"}],"about":[{"href":"https:\/\/www.uai.com.br\/uainoticias\/wp-json\/wp\/v2\/types\/post"}],"author":[{"embeddable":true,"href":"https:\/\/www.uai.com.br\/uainoticias\/wp-json\/wp\/v2\/users\/24"}],"replies":[{"embeddable":true,"href":"https:\/\/www.uai.com.br\/uainoticias\/wp-json\/wp\/v2\/comments?post=128677"}],"version-history":[{"count":1,"href":"https:\/\/www.uai.com.br\/uainoticias\/wp-json\/wp\/v2\/posts\/128677\/revisions"}],"predecessor-version":[{"id":128682,"href":"https:\/\/www.uai.com.br\/uainoticias\/wp-json\/wp\/v2\/posts\/128677\/revisions\/128682"}],"wp:featuredmedia":[{"embeddable":true,"href":"https:\/\/www.uai.com.br\/uainoticias\/wp-json\/wp\/v2\/media\/128678"}],"wp:attachment":[{"href":"https:\/\/www.uai.com.br\/uainoticias\/wp-json\/wp\/v2\/media?parent=128677"}],"wp:term":[{"taxonomy":"category","embeddable":true,"href":"https:\/\/www.uai.com.br\/uainoticias\/wp-json\/wp\/v2\/categories?post=128677"},{"taxonomy":"post_tag","embeddable":true,"href":"https:\/\/www.uai.com.br\/uainoticias\/wp-json\/wp\/v2\/tags?post=128677"}],"curies":[{"name":"wp","href":"https:\/\/api.w.org\/{rel}","templated":true}]}}