{"id":128637,"date":"2026-04-30T22:15:00","date_gmt":"2026-05-01T01:15:00","guid":{"rendered":"https:\/\/www.uai.com.br\/uainoticias\/?p=128637"},"modified":"2026-04-29T15:07:11","modified_gmt":"2026-04-29T18:07:11","slug":"jurgen-habermas-teorico-da-acao-comunicativa-e-da-esfera-publica-a-comunicacao-funda-a-sociedade","status":"publish","type":"post","link":"https:\/\/www.uai.com.br\/uainoticias\/2026\/04\/30\/jurgen-habermas-teorico-da-acao-comunicativa-e-da-esfera-publica-a-comunicacao-funda-a-sociedade\/","title":{"rendered":"J\u00fcrgen Habermas, te\u00f3rico da a\u00e7\u00e3o comunicativa e da esfera p\u00fablica: \u201cA comunica\u00e7\u00e3o funda a sociedade\u201d"},"content":{"rendered":"\n<link href=\"https:\/\/fonts.googleapis.com\/css2?family=Merriweather:wght@700&#038;family=Open+Sans:wght@400;600;700&#038;display=swap\" rel=\"stylesheet\">\r\n<style>\r\n.rdp-resumo-wrapper {\r\n  max-width: 620px;\r\n  margin: 28px auto;\r\n  background: #FFFFFF;\r\n  border: 1px solid #D0D0D0;\r\n  border-radius: 6px;\r\n  padding: 28px 32px;\r\n  font-family: 'Open Sans', sans-serif;\r\n  box-shadow: 0 2px 12px rgba(0,0,0,0.08);\r\n}\r\n.rdp-resumo-header {\r\n  display: flex;\r\n  align-items: center;\r\n  gap: 16px;\r\n  margin-bottom: 22px;\r\n}\r\n.rdp-resumo-line {\r\n  flex: 1;\r\n  height: 1px;\r\n  background: #D0D0D0;\r\n}\r\n.rdp-resumo-title {\r\n  font-family: 'Merriweather', serif;\r\n  font-size: 13px;\r\n  font-weight: 700;\r\n  text-transform: uppercase;\r\n  letter-spacing: 3px;\r\n  color: #1A1A1A;\r\n  white-space: nowrap;\r\n}\r\n.rdp-resumo-list {\r\n  list-style: none;\r\n  padding: 0;\r\n  margin: 0;\r\n}\r\n.rdp-resumo-item {\r\n  padding: 0 0 18px 22px;\r\n  position: relative;\r\n  line-height: 1.7;\r\n}\r\n.rdp-resumo-item:last-child {\r\n  padding-bottom: 0;\r\n}\r\n.rdp-resumo-item::before {\r\n  content: \"\";\r\n  position: absolute;\r\n  left: 0;\r\n  top: 8px;\r\n  width: 8px;\r\n  height: 8px;\r\n  background: #2B5A83;\r\n  border-radius: 50%;\r\n}\r\n.rdp-resumo-item-title {\r\n  font-size: 15px;\r\n  font-weight: 700;\r\n  color: #1A1A1A;\r\n}\r\n.rdp-resumo-item-desc {\r\n  font-size: 15px;\r\n  color: #4A4A4A;\r\n  line-height: 1.7;\r\n}\r\n@media (max-width: 768px) {\r\n  .rdp-resumo-wrapper {\r\n    max-width: 100%;\r\n    margin: 20px 12px;\r\n    padding: 22px 20px;\r\n  }\r\n}\r\n<\/style>\r\n<div class=\"rdp-resumo-wrapper\">\r\n  <div class=\"rdp-resumo-header\">\r\n    <span class=\"rdp-resumo-line\"><\/span>\r\n    <span class=\"rdp-resumo-title\">Resumo<\/span>\r\n    <span class=\"rdp-resumo-line\"><\/span>\r\n  <\/div>\r\n  <ul class=\"rdp-resumo-list\">\r\n    <li class=\"rdp-resumo-item\">\r\n      <span class=\"rdp-resumo-item-title\">Ideia central:<\/span> <span class=\"rdp-resumo-item-desc\">A afirma\u00e7\u00e3o de que a comunica\u00e7\u00e3o \u00e9 a base da vida social, segundo J\u00fcrgen Habermas.<\/span>\r\n    <\/li>\r\n    <li class=\"rdp-resumo-item\">\r\n      <span class=\"rdp-resumo-item-title\">Conceito-chave:<\/span> <span class=\"rdp-resumo-item-desc\">A teoria da a\u00e7\u00e3o comunicativa e a import\u00e2ncia do di\u00e1logo na constru\u00e7\u00e3o da esfera p\u00fablica.<\/span>\r\n    <\/li>\r\n    <li class=\"rdp-resumo-item\">\r\n      <span class=\"rdp-resumo-item-title\">Relev\u00e2ncia atual:<\/span> <span class=\"rdp-resumo-item-desc\">O impacto dessa vis\u00e3o nos debates contempor\u00e2neos sobre pol\u00edtica, m\u00eddia e democracia.<\/span>\r\n    <\/li>\r\n  <\/ul>\r\n<\/div>\n\n\n\n<p>A frase <em>\u201cA comunica\u00e7\u00e3o funda a sociedade\u201d<\/em>, atribu\u00edda a J\u00fcrgen Habermas, sintetiza uma das ideias mais influentes da teoria social contempor\u00e2nea. No campo da filosofia pol\u00edtica e da sociologia, essa afirma\u00e7\u00e3o ecoa debates sobre democracia, linguagem e participa\u00e7\u00e3o p\u00fablica, elementos centrais para entender como sociedades modernas se estruturam e se transformam.<\/p>\n\n\n\n<h2 class=\"wp-block-heading\">Quem \u00e9 J\u00fcrgen Habermas e por que sua voz importa<\/h2>\n\n\n\n<p><strong><a href=\"https:\/\/pt.wikipedia.org\/wiki\/J%C3%BCrgen_Habermas\" target=\"_blank\" rel=\"noreferrer noopener\">J\u00fcrgen Habermas<\/a><\/strong> \u00e9 um dos mais importantes fil\u00f3sofos e soci\u00f3logos alem\u00e3es do s\u00e9culo XX, conhecido por sua contribui\u00e7\u00e3o \u00e0 teoria cr\u00edtica. Ligado \u00e0 Escola de Frankfurt, ele se destacou ao investigar as rela\u00e7\u00f5es entre linguagem, poder e racionalidade na sociedade moderna.<\/p>\n\n\n\n<p>Autor de obras como <strong>Teoria do Agir Comunicativo<\/strong>, Habermas consolidou sua relev\u00e2ncia ao propor que o di\u00e1logo racional \u00e9 a base da vida democr\u00e1tica. Sua influ\u00eancia atravessa campos como filosofia pol\u00edtica, comunica\u00e7\u00e3o social e teoria democr\u00e1tica.<\/p>\n\n\n\n<h2 class=\"wp-block-heading\">O que J\u00fcrgen Habermas quis dizer com essa frase<\/h2>\n\n\n\n<p>Ao afirmar que a comunica\u00e7\u00e3o funda a sociedade, Habermas coloca o di\u00e1logo no centro da organiza\u00e7\u00e3o social. Para ele, n\u00e3o s\u00e3o apenas institui\u00e7\u00f5es ou estruturas econ\u00f4micas que sustentam uma comunidade, mas sim a capacidade dos indiv\u00edduos de se entenderem por meio da linguagem.<\/p>\n\n\n\n<p>Essa vis\u00e3o, frequentemente discutida em entrevistas e publica\u00e7\u00f5es acad\u00eamicas, destaca a import\u00e2ncia da argumenta\u00e7\u00e3o, do consenso e da troca de ideias. A comunica\u00e7\u00e3o, nesse sentido, n\u00e3o \u00e9 apenas um instrumento, mas o pr\u00f3prio alicerce da conviv\u00eancia social.<\/p>\n\n\n\n<figure class=\"wp-block-embed is-type-video is-provider-youtube wp-block-embed-youtube wp-embed-aspect-16-9 wp-has-aspect-ratio\"><div class=\"wp-block-embed__wrapper\">\n<div class=\"jeg_video_container jeg_video_content\"><iframe loading=\"lazy\" title=\"HABERMAS (AGIR COMUNICATIVO) - CONCEITO FILOS\u00d3FICO I Prof Toninho\" width=\"500\" height=\"281\" src=\"https:\/\/www.youtube.com\/embed\/qO_sEEbISRI?feature=oembed\" frameborder=\"0\" allow=\"accelerometer; autoplay; clipboard-write; encrypted-media; gyroscope; picture-in-picture; web-share\" referrerpolicy=\"strict-origin-when-cross-origin\" allowfullscreen><\/iframe><\/div>\n<\/div><\/figure>\n\n\n\n<h2 class=\"wp-block-heading\">A\u00e7\u00e3o comunicativa: o contexto por tr\u00e1s das palavras<\/h2>\n\n\n\n<p>O conceito de <strong>a\u00e7\u00e3o comunicativa<\/strong> \u00e9 central no pensamento de Habermas. Ele descreve um tipo de intera\u00e7\u00e3o social orientada pelo entendimento m\u00fatuo, em contraste com a\u00e7\u00f5es estrat\u00e9gicas voltadas para interesses individuais.<\/p>\n\n\n\n<p>Dentro da esfera p\u00fablica, esse modelo valoriza debates abertos, participa\u00e7\u00e3o cidad\u00e3 e constru\u00e7\u00e3o coletiva de sentido. \u00c9 nesse espa\u00e7o que a comunica\u00e7\u00e3o se torna fundamental para a legitimidade das decis\u00f5es pol\u00edticas e sociais.<\/p>\n\n\n\n<link href=\"https:\/\/fonts.googleapis.com\/css2?family=Merriweather:wght@700&#038;family=Open+Sans:wght@400;600;700&#038;display=swap\" rel=\"stylesheet\">\r\n<style>\r\n.rdp-cards-wrapper .jnews_inline_related_post_wrapper,\r\n.rdp-cards-wrapper .jnews_inline_related_post,\r\n.rdp-cards-wrapper .jeg_postblock,\r\n.rdp-cards-wrapper [class*=\"jnews_inline\"],\r\n.rdp-cards-wrapper [class*=\"jeg_postblock\"],\r\n.rdp-cards-wrapper [class*=\"jeg_block\"] {\r\n  display: none !important;\r\n  height: 0 !important;\r\n  max-height: 0 !important;\r\n  overflow: hidden !important;\r\n  visibility: hidden !important;\r\n  margin: 0 !important;\r\n  padding: 0 !important;\r\n  border: none !important;\r\n  font-size: 0 !important;\r\n  line-height: 0 !important;\r\n}\r\n.rdp-cards-wrapper {\r\n  max-width: 100%;\r\n  margin: 32px 0;\r\n  background: #F5F7FA;\r\n  border: 1px solid #E1E5EB;\r\n  border-radius: 10px;\r\n  padding: 28px 28px 20px;\r\n  font-family: 'Open Sans', sans-serif;\r\n  overflow: hidden;\r\n  contain: layout style;\r\n  isolation: isolate;\r\n  position: relative;\r\n  z-index: 1;\r\n}\r\n.rdp-cards-wrapper > *:not(.rdp-cards-title):not(.rdp-cards-grid) {\r\n  display: none !important;\r\n}\r\n.rdp-cards-title {\r\n  font-family: 'Merriweather', serif;\r\n  font-size: 20px;\r\n  font-weight: 700;\r\n  text-align: center;\r\n  margin-bottom: 20px;\r\n}\r\n.rdp-cards-grid {\r\n  display: grid;\r\n  grid-template-columns: repeat(3, 1fr);\r\n  gap: 18px;\r\n}\r\n.rdp-cards-item {\r\n  background: #FFFFFF;\r\n  border: 1px solid #E1E5EB;\r\n  border-top: 3px solid #2B5A83;\r\n  border-radius: 10px;\r\n  padding: 22px 20px;\r\n}\r\n.rdp-cards-emoji {\r\n  font-size: 32px;\r\n  margin-bottom: 12px;\r\n}\r\n.rdp-cards-item-title {\r\n  font-weight: 700;\r\n  margin-bottom: 8px;\r\n}\r\n.rdp-cards-item-desc {\r\n  font-size: 14px;\r\n}\r\n@media (max-width: 768px) {\r\n  .rdp-cards-grid {\r\n    grid-template-columns: 1fr;\r\n  }\r\n}\r\n<\/style>\r\n<div class=\"rdp-cards-wrapper\">\r\n  <div class=\"rdp-cards-title\">Saiba mais sobre o tema<\/div>\r\n  <div class=\"rdp-cards-grid\">\r\n    <div class=\"rdp-cards-item\">\r\n      <span class=\"rdp-cards-emoji\">\ud83d\udcda<\/span>\r\n      <div class=\"rdp-cards-item-title\">Obra fundamental<\/div>\r\n      <p class=\"rdp-cards-item-desc\">A Teoria do Agir Comunicativo \u00e9 considerada uma das principais contribui\u00e7\u00f5es de Habermas \u00e0 filosofia contempor\u00e2nea.<\/p>\r\n    <\/div>\r\n    <div class=\"rdp-cards-item\">\r\n      <span class=\"rdp-cards-emoji\">\ud83d\uddf3\ufe0f<\/span>\r\n      <div class=\"rdp-cards-item-title\">Democracia deliberativa<\/div>\r\n      <p class=\"rdp-cards-item-desc\">Seu pensamento influenciou modelos de democracia baseados no debate p\u00fablico e na participa\u00e7\u00e3o cidad\u00e3.<\/p>\r\n    <\/div>\r\n    <div class=\"rdp-cards-item\">\r\n      <span class=\"rdp-cards-emoji\">\ud83c\udf10<\/span>\r\n      <div class=\"rdp-cards-item-title\">Impacto global<\/div>\r\n      <p class=\"rdp-cards-item-desc\">As ideias de Habermas s\u00e3o debatidas em universidades e institui\u00e7\u00f5es pol\u00edticas ao redor do mundo.<\/p>\r\n    <\/div>\r\n  <\/div>\r\n<\/div>\r\n<div style=\"clear:both;height:0;overflow:hidden;\"><\/div>\n\n\n\n<h2 class=\"wp-block-heading\">Por que essa declara\u00e7\u00e3o repercutiu<\/h2>\n\n\n\n<p>A frase ganhou destaque por sintetizar de forma acess\u00edvel uma teoria complexa. Em tempos de redes sociais, desinforma\u00e7\u00e3o e polariza\u00e7\u00e3o pol\u00edtica, a ideia de que a comunica\u00e7\u00e3o \u00e9 o fundamento da sociedade ressoa com ainda mais for\u00e7a.<\/p>\n\n\n\n<p>No debate contempor\u00e2neo, especialistas em m\u00eddia, pol\u00edtica e cultura frequentemente recorrem ao pensamento de Habermas para analisar a qualidade do di\u00e1logo p\u00fablico e os desafios da democracia digital.<\/p>\n\n\n\n<h2 class=\"wp-block-heading\">O legado e a relev\u00e2ncia para a categoria<\/h2>\n\n\n\n<p>O legado de J\u00fcrgen Habermas permanece essencial para compreender a rela\u00e7\u00e3o entre comunica\u00e7\u00e3o, sociedade e pol\u00edtica. Sua teoria continua a orientar discuss\u00f5es sobre esfera p\u00fablica, cidadania e os limites da racionalidade no debate coletivo.<\/p>\n\n\n\n<p>Ao refletir sobre o papel da linguagem e do di\u00e1logo, a frase convida o leitor a repensar como participa das conversas que moldam a sociedade. Em um cen\u00e1rio de constante transforma\u00e7\u00e3o cultural e pol\u00edtica, compreender essa din\u00e2mica se torna cada vez mais urgente.<\/p>\n","protected":false},"excerpt":{"rendered":"<p>Resumo Ideia central: A afirma\u00e7\u00e3o de que a comunica\u00e7\u00e3o \u00e9 a base da vida social, segundo J\u00fcrgen Habermas. Conceito-chave: A teoria da a\u00e7\u00e3o comunicativa e a import\u00e2ncia do di\u00e1logo na constru\u00e7\u00e3o da esfera p\u00fablica. Relev\u00e2ncia atual: O impacto dessa vis\u00e3o nos debates contempor\u00e2neos sobre pol\u00edtica, m\u00eddia e democracia. A frase \u201cA comunica\u00e7\u00e3o funda a sociedade\u201d, [&hellip;]<\/p>\n","protected":false},"author":23,"featured_media":128643,"comment_status":"open","ping_status":"open","sticky":false,"template":"","format":"standard","meta":{"jnews-multi-image_gallery":[],"jnews_single_post":{"format":"standard"},"jnews_primary_category":[],"jnews_social_meta":[],"jnews_override_counter":[],"footnotes":""},"categories":[3046,475],"tags":[4408,23119,23653,2811],"class_list":["post-128637","post","type-post","status-publish","format-standard","has-post-thumbnail","hentry","category-curiosidades","category-entretenimento","tag-comunicacao-2","tag-filosofia-da-vida","tag-jurgen-habermas","tag-sociedade"],"yoast_head":"<!-- This site is optimized with the Yoast SEO plugin v26.5 - https:\/\/yoast.com\/wordpress\/plugins\/seo\/ -->\n<title>J\u00fcrgen Habermas, te\u00f3rico da a\u00e7\u00e3o comunicativa e da esfera p\u00fablica: \u201cA comunica\u00e7\u00e3o funda a sociedade\u201d - UAI Not\u00edcias<\/title>\n<meta name=\"description\" content=\"O pensamento de Habermas sobre di\u00e1logo e sociedade chama aten\u00e7\u00e3o e pode ajudar a entender os desafios atuais de conviv\u00eancia\" \/>\n<meta name=\"robots\" content=\"index, follow, max-snippet:-1, max-image-preview:large, max-video-preview:-1\" \/>\n<link rel=\"canonical\" href=\"https:\/\/www.uai.com.br\/uainoticias\/2026\/04\/30\/jurgen-habermas-teorico-da-acao-comunicativa-e-da-esfera-publica-a-comunicacao-funda-a-sociedade\/\" \/>\n<meta property=\"og:locale\" content=\"pt_BR\" \/>\n<meta property=\"og:type\" content=\"article\" \/>\n<meta property=\"og:title\" content=\"J\u00fcrgen Habermas, te\u00f3rico da a\u00e7\u00e3o comunicativa e da esfera p\u00fablica: \u201cA comunica\u00e7\u00e3o funda a sociedade\u201d - UAI Not\u00edcias\" \/>\n<meta property=\"og:description\" content=\"O pensamento de Habermas sobre di\u00e1logo e sociedade chama aten\u00e7\u00e3o e pode ajudar a entender os desafios atuais de conviv\u00eancia\" \/>\n<meta property=\"og:url\" content=\"https:\/\/www.uai.com.br\/uainoticias\/2026\/04\/30\/jurgen-habermas-teorico-da-acao-comunicativa-e-da-esfera-publica-a-comunicacao-funda-a-sociedade\/\" \/>\n<meta property=\"og:site_name\" content=\"UAI Not\u00edcias\" \/>\n<meta property=\"article:published_time\" content=\"2026-05-01T01:15:00+00:00\" \/>\n<meta property=\"og:image\" content=\"https:\/\/www.uai.com.br\/uainoticias\/wp-content\/uploads\/2026\/04\/Design_sem_nome-2026-04-29T150543.292.jpg\" \/>\n\t<meta property=\"og:image:width\" content=\"1280\" \/>\n\t<meta property=\"og:image:height\" content=\"720\" \/>\n\t<meta property=\"og:image:type\" content=\"image\/jpeg\" \/>\n<meta name=\"author\" content=\"Gustavo Trindade\" \/>\n<meta name=\"twitter:card\" content=\"summary_large_image\" \/>\n<meta name=\"twitter:label1\" content=\"Escrito por\" \/>\n\t<meta name=\"twitter:data1\" content=\"Gustavo Trindade\" \/>\n\t<meta name=\"twitter:label2\" content=\"Est. tempo de leitura\" \/>\n\t<meta name=\"twitter:data2\" content=\"4 minutos\" \/>\n<!-- \/ Yoast SEO plugin. -->","yoast_head_json":{"title":"J\u00fcrgen Habermas, te\u00f3rico da a\u00e7\u00e3o comunicativa e da esfera p\u00fablica: \u201cA comunica\u00e7\u00e3o funda a sociedade\u201d - UAI Not\u00edcias","description":"O pensamento de Habermas sobre di\u00e1logo e sociedade chama aten\u00e7\u00e3o e pode ajudar a entender os desafios atuais de conviv\u00eancia","robots":{"index":"index","follow":"follow","max-snippet":"max-snippet:-1","max-image-preview":"max-image-preview:large","max-video-preview":"max-video-preview:-1"},"canonical":"https:\/\/www.uai.com.br\/uainoticias\/2026\/04\/30\/jurgen-habermas-teorico-da-acao-comunicativa-e-da-esfera-publica-a-comunicacao-funda-a-sociedade\/","og_locale":"pt_BR","og_type":"article","og_title":"J\u00fcrgen Habermas, te\u00f3rico da a\u00e7\u00e3o comunicativa e da esfera p\u00fablica: \u201cA comunica\u00e7\u00e3o funda a sociedade\u201d - UAI Not\u00edcias","og_description":"O pensamento de Habermas sobre di\u00e1logo e sociedade chama aten\u00e7\u00e3o e pode ajudar a entender os desafios atuais de conviv\u00eancia","og_url":"https:\/\/www.uai.com.br\/uainoticias\/2026\/04\/30\/jurgen-habermas-teorico-da-acao-comunicativa-e-da-esfera-publica-a-comunicacao-funda-a-sociedade\/","og_site_name":"UAI Not\u00edcias","article_published_time":"2026-05-01T01:15:00+00:00","og_image":[{"width":1280,"height":720,"url":"https:\/\/www.uai.com.br\/uainoticias\/wp-content\/uploads\/2026\/04\/Design_sem_nome-2026-04-29T150543.292.jpg","type":"image\/jpeg"}],"author":"Gustavo Trindade","twitter_card":"summary_large_image","twitter_misc":{"Escrito por":"Gustavo Trindade","Est. tempo de leitura":"4 minutos"},"schema":{"@context":"https:\/\/schema.org","@graph":[{"@type":"WebPage","@id":"https:\/\/www.uai.com.br\/uainoticias\/2026\/04\/30\/jurgen-habermas-teorico-da-acao-comunicativa-e-da-esfera-publica-a-comunicacao-funda-a-sociedade\/","url":"https:\/\/www.uai.com.br\/uainoticias\/2026\/04\/30\/jurgen-habermas-teorico-da-acao-comunicativa-e-da-esfera-publica-a-comunicacao-funda-a-sociedade\/","name":"J\u00fcrgen Habermas, te\u00f3rico da a\u00e7\u00e3o comunicativa e da esfera p\u00fablica: \u201cA comunica\u00e7\u00e3o funda a sociedade\u201d - UAI Not\u00edcias","isPartOf":{"@id":"https:\/\/www.uai.com.br\/uainoticias\/#website"},"primaryImageOfPage":{"@id":"https:\/\/www.uai.com.br\/uainoticias\/2026\/04\/30\/jurgen-habermas-teorico-da-acao-comunicativa-e-da-esfera-publica-a-comunicacao-funda-a-sociedade\/#primaryimage"},"image":{"@id":"https:\/\/www.uai.com.br\/uainoticias\/2026\/04\/30\/jurgen-habermas-teorico-da-acao-comunicativa-e-da-esfera-publica-a-comunicacao-funda-a-sociedade\/#primaryimage"},"thumbnailUrl":"https:\/\/www.uai.com.br\/uainoticias\/wp-content\/uploads\/2026\/04\/Design_sem_nome-2026-04-29T150543.292.jpg","datePublished":"2026-05-01T01:15:00+00:00","author":{"@id":"https:\/\/www.uai.com.br\/uainoticias\/#\/schema\/person\/060f8bb02e250479c83590e2c4706fcc"},"description":"O pensamento de Habermas sobre di\u00e1logo e sociedade chama aten\u00e7\u00e3o e pode ajudar a entender os desafios atuais de conviv\u00eancia","breadcrumb":{"@id":"https:\/\/www.uai.com.br\/uainoticias\/2026\/04\/30\/jurgen-habermas-teorico-da-acao-comunicativa-e-da-esfera-publica-a-comunicacao-funda-a-sociedade\/#breadcrumb"},"inLanguage":"pt-BR","potentialAction":[{"@type":"ReadAction","target":["https:\/\/www.uai.com.br\/uainoticias\/2026\/04\/30\/jurgen-habermas-teorico-da-acao-comunicativa-e-da-esfera-publica-a-comunicacao-funda-a-sociedade\/"]}]},{"@type":"ImageObject","inLanguage":"pt-BR","@id":"https:\/\/www.uai.com.br\/uainoticias\/2026\/04\/30\/jurgen-habermas-teorico-da-acao-comunicativa-e-da-esfera-publica-a-comunicacao-funda-a-sociedade\/#primaryimage","url":"https:\/\/www.uai.com.br\/uainoticias\/wp-content\/uploads\/2026\/04\/Design_sem_nome-2026-04-29T150543.292.jpg","contentUrl":"https:\/\/www.uai.com.br\/uainoticias\/wp-content\/uploads\/2026\/04\/Design_sem_nome-2026-04-29T150543.292.jpg","width":1280,"height":720,"caption":"Comunica\u00e7\u00e3o como base da constru\u00e7\u00e3o social e pol\u00edtica"},{"@type":"BreadcrumbList","@id":"https:\/\/www.uai.com.br\/uainoticias\/2026\/04\/30\/jurgen-habermas-teorico-da-acao-comunicativa-e-da-esfera-publica-a-comunicacao-funda-a-sociedade\/#breadcrumb","itemListElement":[{"@type":"ListItem","position":1,"name":"In\u00edcio","item":"https:\/\/www.uai.com.br\/uainoticias\/"},{"@type":"ListItem","position":2,"name":"J\u00fcrgen Habermas, te\u00f3rico da a\u00e7\u00e3o comunicativa e da esfera p\u00fablica: \u201cA comunica\u00e7\u00e3o funda a sociedade\u201d"}]},{"@type":"WebSite","@id":"https:\/\/www.uai.com.br\/uainoticias\/#website","url":"https:\/\/www.uai.com.br\/uainoticias\/","name":"UAI Not\u00edcias","description":"Acompanhe as \u00faltimas not\u00edcias e fique bem informado sobre tudo o que acontece no Brasil e no mundo.","potentialAction":[{"@type":"SearchAction","target":{"@type":"EntryPoint","urlTemplate":"https:\/\/www.uai.com.br\/uainoticias\/?s={search_term_string}"},"query-input":{"@type":"PropertyValueSpecification","valueRequired":true,"valueName":"search_term_string"}}],"inLanguage":"pt-BR"},{"@type":"Person","@id":"https:\/\/www.uai.com.br\/uainoticias\/#\/schema\/person\/060f8bb02e250479c83590e2c4706fcc","name":"Gustavo Trindade","image":{"@type":"ImageObject","inLanguage":"pt-BR","@id":"https:\/\/www.uai.com.br\/uainoticias\/#\/schema\/person\/image\/","url":"https:\/\/secure.gravatar.com\/avatar\/05714a54ada0bd2b20e75b2c72a9e7802581213945810c2354d320b79f27b427?s=96&d=mm&r=g","contentUrl":"https:\/\/secure.gravatar.com\/avatar\/05714a54ada0bd2b20e75b2c72a9e7802581213945810c2354d320b79f27b427?s=96&d=mm&r=g","caption":"Gustavo Trindade"},"sameAs":["https:\/\/www.uai.com.br\/uainoticias\/"],"url":"https:\/\/www.uai.com.br\/uainoticias\/author\/gustavotrindade\/"}]}},"_links":{"self":[{"href":"https:\/\/www.uai.com.br\/uainoticias\/wp-json\/wp\/v2\/posts\/128637","targetHints":{"allow":["GET"]}}],"collection":[{"href":"https:\/\/www.uai.com.br\/uainoticias\/wp-json\/wp\/v2\/posts"}],"about":[{"href":"https:\/\/www.uai.com.br\/uainoticias\/wp-json\/wp\/v2\/types\/post"}],"author":[{"embeddable":true,"href":"https:\/\/www.uai.com.br\/uainoticias\/wp-json\/wp\/v2\/users\/23"}],"replies":[{"embeddable":true,"href":"https:\/\/www.uai.com.br\/uainoticias\/wp-json\/wp\/v2\/comments?post=128637"}],"version-history":[{"count":1,"href":"https:\/\/www.uai.com.br\/uainoticias\/wp-json\/wp\/v2\/posts\/128637\/revisions"}],"predecessor-version":[{"id":128646,"href":"https:\/\/www.uai.com.br\/uainoticias\/wp-json\/wp\/v2\/posts\/128637\/revisions\/128646"}],"wp:featuredmedia":[{"embeddable":true,"href":"https:\/\/www.uai.com.br\/uainoticias\/wp-json\/wp\/v2\/media\/128643"}],"wp:attachment":[{"href":"https:\/\/www.uai.com.br\/uainoticias\/wp-json\/wp\/v2\/media?parent=128637"}],"wp:term":[{"taxonomy":"category","embeddable":true,"href":"https:\/\/www.uai.com.br\/uainoticias\/wp-json\/wp\/v2\/categories?post=128637"},{"taxonomy":"post_tag","embeddable":true,"href":"https:\/\/www.uai.com.br\/uainoticias\/wp-json\/wp\/v2\/tags?post=128637"}],"curies":[{"name":"wp","href":"https:\/\/api.w.org\/{rel}","templated":true}]}}