{"id":128617,"date":"2026-04-30T19:20:00","date_gmt":"2026-04-30T22:20:00","guid":{"rendered":"https:\/\/www.uai.com.br\/uainoticias\/?p=128617"},"modified":"2026-04-29T16:01:35","modified_gmt":"2026-04-29T19:01:35","slug":"a-arvore-que-virou-a-favorita-de-condominios-porque-seu-espetaculo-de-flores-dura-poucos-dias-mas-deixa-um-tapete-limpo-e-facil-de-varrer","status":"publish","type":"post","link":"https:\/\/www.uai.com.br\/uainoticias\/2026\/04\/30\/a-arvore-que-virou-a-favorita-de-condominios-porque-seu-espetaculo-de-flores-dura-poucos-dias-mas-deixa-um-tapete-limpo-e-facil-de-varrer\/","title":{"rendered":"A \u00e1rvore que virou a favorita de condom\u00ednios porque seu espet\u00e1culo de flores dura poucos dias, mas deixa um tapete limpo e f\u00e1cil de varrer"},"content":{"rendered":"\n<p>O ip\u00ea-branco \u00e9 amplamente valorizado em projetos paisag\u00edsticos urbanos devido \u00e0 sua flora\u00e7\u00e3o exuberante e comportamento previs\u00edvel. Esta \u00e1rvore nativa oferece um visual impactante sem exigir manuten\u00e7\u00f5es complexas ou constantes nas cal\u00e7adas.<\/p>\n\n\n\n<h2 class=\"wp-block-heading\">Por que o ip\u00ea-branco \u00e9 ideal para \u00e1reas de conviv\u00eancia?<\/h2>\n\n\n\n<p>A esp\u00e9cie possui um sistema radicular profundo que evita o levantamento de cal\u00e7adas e danos estruturais em tubula\u00e7\u00f5es pr\u00f3ximas. Isso garante que a pavimenta\u00e7\u00e3o permane\u00e7a intacta enquanto a planta se desenvolve de forma saud\u00e1vel.<\/p>\n\n\n\n<p>Sua copa arredondada proporciona uma sombra agrad\u00e1vel sem obstruir a fia\u00e7\u00e3o el\u00e9trica ou a vis\u00e3o de c\u00e2meras de seguran\u00e7a. O porte m\u00e9dio da \u00e1rvore permite que ela seja integrada facilmente em espa\u00e7os reduzidos e p\u00e1tios internos.<\/p>\n\n\n\n<figure class=\"wp-block-image size-large\"><img decoding=\"async\" width=\"1024\" height=\"576\" src=\"https:\/\/www.uai.com.br\/uainoticias\/wp-content\/uploads\/2026\/04\/Ipe-branco-2-1024x576.jpg\" alt=\"\" class=\"wp-image-128695\" srcset=\"https:\/\/www.uai.com.br\/uainoticias\/wp-content\/uploads\/2026\/04\/Ipe-branco-2-1024x576.jpg 1024w, https:\/\/www.uai.com.br\/uainoticias\/wp-content\/uploads\/2026\/04\/Ipe-branco-2-300x169.jpg 300w, https:\/\/www.uai.com.br\/uainoticias\/wp-content\/uploads\/2026\/04\/Ipe-branco-2-768x432.jpg 768w, https:\/\/www.uai.com.br\/uainoticias\/wp-content\/uploads\/2026\/04\/Ipe-branco-2-750x422.jpg 750w, https:\/\/www.uai.com.br\/uainoticias\/wp-content\/uploads\/2026\/04\/Ipe-branco-2-1140x641.jpg 1140w, https:\/\/www.uai.com.br\/uainoticias\/wp-content\/uploads\/2026\/04\/Ipe-branco-2.jpg 1280w\" sizes=\"(max-width: 1024px) 100vw, 1024px\" \/><figcaption class=\"wp-element-caption\">\u00c1rvore ip\u00ea-branco oferece flores leves, f\u00e1cil limpeza e visual marcante para jardins e \u00e1reas urbanas &#8211; Cr\u00e9ditos: Imagem Ilustrativa<\/figcaption><\/figure>\n\n\n\n<p>Leia tamb\u00e9m: <strong><a href=\"https:\/\/www.uai.com.br\/uainoticias\/2026\/04\/29\/como-afastar-gatos-dos-seus-vasos-em-menos-de-um-minuto-truque-caseiro-eficaz-enterrando-palitos-de-dente-ou-cascas-de-limao\/\" target=\"_blank\" rel=\"noreferrer noopener\">Como afastar gatos dos seus vasos em menos de um minuto: truque caseiro eficaz enterrando palitos de dente ou cascas de lim\u00e3o<\/a><\/strong><\/p>\n\n\n\n<h2 class=\"wp-block-heading\">Quais s\u00e3o as especifica\u00e7\u00f5es t\u00e9cnicas para o plantio correto?<\/h2>\n\n\n\n<p>O sucesso do desenvolvimento inicial depende da prepara\u00e7\u00e3o adequada da cova e da escolha de um local com boa incid\u00eancia solar. \u00c9 necess\u00e1rio considerar o espa\u00e7amento entre as mudas para evitar a competi\u00e7\u00e3o por nutrientes e garantir uma flora\u00e7\u00e3o plena no <strong>Brasil<\/strong>.<\/p>\n\n\n\n<p>Abaixo est\u00e3o os dados essenciais para o planejamento do cultivo:<\/p>\n\n\n\n<figure class=\"wp-block-image size-large\"><img decoding=\"async\" width=\"1024\" height=\"374\" src=\"https:\/\/www.uai.com.br\/uainoticias\/wp-content\/uploads\/2026\/04\/Ipe-branco-tabela-1024x374.jpg\" alt=\"\" class=\"wp-image-128680\" srcset=\"https:\/\/www.uai.com.br\/uainoticias\/wp-content\/uploads\/2026\/04\/Ipe-branco-tabela-1024x374.jpg 1024w, https:\/\/www.uai.com.br\/uainoticias\/wp-content\/uploads\/2026\/04\/Ipe-branco-tabela-300x109.jpg 300w, https:\/\/www.uai.com.br\/uainoticias\/wp-content\/uploads\/2026\/04\/Ipe-branco-tabela-768x280.jpg 768w, https:\/\/www.uai.com.br\/uainoticias\/wp-content\/uploads\/2026\/04\/Ipe-branco-tabela-750x274.jpg 750w, https:\/\/www.uai.com.br\/uainoticias\/wp-content\/uploads\/2026\/04\/Ipe-branco-tabela-1140x416.jpg 1140w, https:\/\/www.uai.com.br\/uainoticias\/wp-content\/uploads\/2026\/04\/Ipe-branco-tabela.jpg 1280w\" sizes=\"(max-width: 1024px) 100vw, 1024px\" \/><\/figure>\n\n\n\n<h2 class=\"wp-block-heading\">Como as flores do ip\u00ea-branco facilitam a manuten\u00e7\u00e3o do p\u00e1tio?<\/h2>\n\n\n\n<p>Diferente de outras \u00e1rvores que soltam frutos pesados ou flores meladas, esta esp\u00e9cie produz p\u00e9talas leves e secas. Elas n\u00e3o aderem ao piso quando caem, o que impede a forma\u00e7\u00e3o de manchas ou sujeiras incrustadas nas \u00e1reas comuns do condom\u00ednio.<\/p>\n\n\n\n<p>Veja os motivos t\u00e9cnicos que tornam a varri\u00e7\u00e3o deste material org\u00e2nico muito mais simples:<\/p>\n\n\n\n<ul class=\"wp-block-list\">\n<li>Baixa umidade residual nas p\u00e9talas ca\u00eddas que evita a fermenta\u00e7\u00e3o no solo.<\/li>\n\n\n\n<li>Peso reduzido que permite o uso de sopradores ou vassouras manuais leves.<\/li>\n\n\n\n<li>Ciclo de flora\u00e7\u00e3o concentrado em poucos dias para otimizar a limpeza.<\/li>\n\n\n\n<li>Aus\u00eancia de resinas colantes que protegem o acabamento de pisos cer\u00e2micos.<\/li>\n<\/ul>\n\n\n\n<h2 class=\"wp-block-heading\">Qual \u00e9 o per\u00edodo de flora\u00e7\u00e3o e o impacto visual da esp\u00e9cie?<\/h2>\n\n\n\n<p>A florada ocorre geralmente entre os meses de agosto e outubro, transformando a paisagem com uma cobertura totalmente alva. Esse fen\u00f4meno visual \u00e9 intenso e atrai polinizadores que aumentam a biodiversidade local de forma natural.<\/p>\n\n\n\n<p>Ap\u00f3s a queda das flores, a \u00e1rvore retoma seu ciclo vegetativo com o surgimento de folhas verdes e resistentes. Essa altern\u00e2ncia mant\u00e9m o interesse est\u00e9tico do jardim durante todas as esta\u00e7\u00f5es sem exigir interven\u00e7\u00f5es constantes.<\/p>\n\n\n\n<figure class=\"wp-block-image size-large\"><img decoding=\"async\" width=\"1024\" height=\"576\" src=\"https:\/\/www.uai.com.br\/uainoticias\/wp-content\/uploads\/2026\/04\/Ipe-branco-3-1024x576.jpg\" alt=\"\" class=\"wp-image-128697\" srcset=\"https:\/\/www.uai.com.br\/uainoticias\/wp-content\/uploads\/2026\/04\/Ipe-branco-3-1024x576.jpg 1024w, https:\/\/www.uai.com.br\/uainoticias\/wp-content\/uploads\/2026\/04\/Ipe-branco-3-300x169.jpg 300w, https:\/\/www.uai.com.br\/uainoticias\/wp-content\/uploads\/2026\/04\/Ipe-branco-3-768x432.jpg 768w, https:\/\/www.uai.com.br\/uainoticias\/wp-content\/uploads\/2026\/04\/Ipe-branco-3-750x422.jpg 750w, https:\/\/www.uai.com.br\/uainoticias\/wp-content\/uploads\/2026\/04\/Ipe-branco-3-1140x641.jpg 1140w, https:\/\/www.uai.com.br\/uainoticias\/wp-content\/uploads\/2026\/04\/Ipe-branco-3.jpg 1280w\" sizes=\"(max-width: 1024px) 100vw, 1024px\" \/><figcaption class=\"wp-element-caption\">Guia mostra como plantar ip\u00ea-branco, garantir crescimento saud\u00e1vel e obter flora\u00e7\u00e3o intensa no Brasil &#8211; Cr\u00e9ditos: Imagem Ilustrativa<\/figcaption><\/figure>\n\n\n\n<p>Leia tamb\u00e9m: <strong><a href=\"https:\/\/www.uai.com.br\/uainoticias\/2026\/04\/29\/as-beterrabas-germinam-como-fermento-ao-planta-las-no-buraco-adicione-uma-colher-de-sopa-de-chorume-de-composteira-diluido\/\" target=\"_blank\" rel=\"noreferrer noopener\">As beterrabas germinam como fermento: ao plant\u00e1-las no buraco, adicione uma colher de sopa de chorume de composteira dilu\u00eddo<\/a><\/strong><\/p>\n\n\n\n<h2 class=\"wp-block-heading\">Como garantir que a \u00e1rvore flores\u00e7a com m\u00e1xima intensidade?<\/h2>\n\n\n\n<p>A poda de forma\u00e7\u00e3o nos primeiros anos de vida \u00e9 fundamental para direcionar o crescimento dos galhos e evitar bifurca\u00e7\u00f5es fracas. Uma estrutura bem equilibrada suporta melhor o peso da flora\u00e7\u00e3o e resiste a ventos fortes durante tempestades.<\/p>\n\n\n\n<p>O controle de pragas como formigas cortadeiras deve ser rigoroso na fase de muda para n\u00e3o comprometer a sa\u00fade do tronco. Com o manejo t\u00e9cnico correto, o exemplar ter\u00e1 longevidade e oferecer\u00e1 beleza por muitas d\u00e9cadas no im\u00f3vel.<\/p>\n","protected":false},"excerpt":{"rendered":"<p>O ip\u00ea-branco \u00e9 amplamente valorizado em projetos paisag\u00edsticos urbanos devido \u00e0 sua flora\u00e7\u00e3o exuberante e comportamento previs\u00edvel. Esta \u00e1rvore nativa oferece um visual impactante sem exigir manuten\u00e7\u00f5es complexas ou constantes nas cal\u00e7adas. Por que o ip\u00ea-branco \u00e9 ideal para \u00e1reas de conviv\u00eancia? A esp\u00e9cie possui um sistema radicular profundo que evita o levantamento de cal\u00e7adas [&hellip;]<\/p>\n","protected":false},"author":29,"featured_media":128694,"comment_status":"open","ping_status":"open","sticky":false,"template":"","format":"standard","meta":{"jnews-multi-image_gallery":[],"jnews_single_post":{"format":"standard"},"jnews_primary_category":[],"jnews_social_meta":[],"jnews_override_counter":[],"footnotes":""},"categories":[11599],"tags":[5458,23659],"class_list":["post-128617","post","type-post","status-publish","format-standard","has-post-thumbnail","hentry","category-jardinagem","tag-arvore","tag-ipe-branco"],"yoast_head":"<!-- This site is optimized with the Yoast SEO plugin v26.5 - https:\/\/yoast.com\/wordpress\/plugins\/seo\/ -->\n<title>A \u00e1rvore que virou a favorita de condom\u00ednios porque seu espet\u00e1culo de flores dura poucos dias, mas deixa um tapete limpo e f\u00e1cil de varrer - UAI Not\u00edcias<\/title>\n<meta name=\"description\" content=\"\u00c1rvore ornamental com flores brancas valoriza paisagismo, n\u00e3o danifica cal\u00e7adas e exige pouca manuten\u00e7\u00e3o anual\" \/>\n<meta name=\"robots\" content=\"index, follow, max-snippet:-1, max-image-preview:large, max-video-preview:-1\" \/>\n<link rel=\"canonical\" href=\"https:\/\/www.uai.com.br\/uainoticias\/2026\/04\/30\/a-arvore-que-virou-a-favorita-de-condominios-porque-seu-espetaculo-de-flores-dura-poucos-dias-mas-deixa-um-tapete-limpo-e-facil-de-varrer\/\" \/>\n<meta property=\"og:locale\" content=\"pt_BR\" \/>\n<meta property=\"og:type\" content=\"article\" \/>\n<meta property=\"og:title\" content=\"A \u00e1rvore que virou a favorita de condom\u00ednios porque seu espet\u00e1culo de flores dura poucos dias, mas deixa um tapete limpo e f\u00e1cil de varrer - UAI Not\u00edcias\" \/>\n<meta property=\"og:description\" content=\"\u00c1rvore ornamental com flores brancas valoriza paisagismo, n\u00e3o danifica cal\u00e7adas e exige pouca manuten\u00e7\u00e3o anual\" \/>\n<meta property=\"og:url\" content=\"https:\/\/www.uai.com.br\/uainoticias\/2026\/04\/30\/a-arvore-que-virou-a-favorita-de-condominios-porque-seu-espetaculo-de-flores-dura-poucos-dias-mas-deixa-um-tapete-limpo-e-facil-de-varrer\/\" \/>\n<meta property=\"og:site_name\" content=\"UAI Not\u00edcias\" \/>\n<meta property=\"article:published_time\" content=\"2026-04-30T22:20:00+00:00\" \/>\n<meta property=\"og:image\" content=\"https:\/\/www.uai.com.br\/uainoticias\/wp-content\/uploads\/2026\/04\/Ipe-branco-1.jpg\" \/>\n\t<meta property=\"og:image:width\" content=\"1280\" \/>\n\t<meta property=\"og:image:height\" content=\"720\" \/>\n\t<meta property=\"og:image:type\" content=\"image\/jpeg\" \/>\n<meta name=\"author\" content=\"Leonardo Nunes\" \/>\n<meta name=\"twitter:card\" content=\"summary_large_image\" \/>\n<meta name=\"twitter:label1\" content=\"Escrito por\" \/>\n\t<meta name=\"twitter:data1\" content=\"Leonardo Nunes\" \/>\n\t<meta name=\"twitter:label2\" content=\"Est. tempo de leitura\" \/>\n\t<meta name=\"twitter:data2\" content=\"4 minutos\" \/>\n<!-- \/ Yoast SEO plugin. -->","yoast_head_json":{"title":"A \u00e1rvore que virou a favorita de condom\u00ednios porque seu espet\u00e1culo de flores dura poucos dias, mas deixa um tapete limpo e f\u00e1cil de varrer - UAI Not\u00edcias","description":"\u00c1rvore ornamental com flores brancas valoriza paisagismo, n\u00e3o danifica cal\u00e7adas e exige pouca manuten\u00e7\u00e3o anual","robots":{"index":"index","follow":"follow","max-snippet":"max-snippet:-1","max-image-preview":"max-image-preview:large","max-video-preview":"max-video-preview:-1"},"canonical":"https:\/\/www.uai.com.br\/uainoticias\/2026\/04\/30\/a-arvore-que-virou-a-favorita-de-condominios-porque-seu-espetaculo-de-flores-dura-poucos-dias-mas-deixa-um-tapete-limpo-e-facil-de-varrer\/","og_locale":"pt_BR","og_type":"article","og_title":"A \u00e1rvore que virou a favorita de condom\u00ednios porque seu espet\u00e1culo de flores dura poucos dias, mas deixa um tapete limpo e f\u00e1cil de varrer - UAI Not\u00edcias","og_description":"\u00c1rvore ornamental com flores brancas valoriza paisagismo, n\u00e3o danifica cal\u00e7adas e exige pouca manuten\u00e7\u00e3o anual","og_url":"https:\/\/www.uai.com.br\/uainoticias\/2026\/04\/30\/a-arvore-que-virou-a-favorita-de-condominios-porque-seu-espetaculo-de-flores-dura-poucos-dias-mas-deixa-um-tapete-limpo-e-facil-de-varrer\/","og_site_name":"UAI Not\u00edcias","article_published_time":"2026-04-30T22:20:00+00:00","og_image":[{"width":1280,"height":720,"url":"https:\/\/www.uai.com.br\/uainoticias\/wp-content\/uploads\/2026\/04\/Ipe-branco-1.jpg","type":"image\/jpeg"}],"author":"Leonardo Nunes","twitter_card":"summary_large_image","twitter_misc":{"Escrito por":"Leonardo Nunes","Est. tempo de leitura":"4 minutos"},"schema":{"@context":"https:\/\/schema.org","@graph":[{"@type":"WebPage","@id":"https:\/\/www.uai.com.br\/uainoticias\/2026\/04\/30\/a-arvore-que-virou-a-favorita-de-condominios-porque-seu-espetaculo-de-flores-dura-poucos-dias-mas-deixa-um-tapete-limpo-e-facil-de-varrer\/","url":"https:\/\/www.uai.com.br\/uainoticias\/2026\/04\/30\/a-arvore-que-virou-a-favorita-de-condominios-porque-seu-espetaculo-de-flores-dura-poucos-dias-mas-deixa-um-tapete-limpo-e-facil-de-varrer\/","name":"A \u00e1rvore que virou a favorita de condom\u00ednios porque seu espet\u00e1culo de flores dura poucos dias, mas deixa um tapete limpo e f\u00e1cil de varrer - UAI Not\u00edcias","isPartOf":{"@id":"https:\/\/www.uai.com.br\/uainoticias\/#website"},"primaryImageOfPage":{"@id":"https:\/\/www.uai.com.br\/uainoticias\/2026\/04\/30\/a-arvore-que-virou-a-favorita-de-condominios-porque-seu-espetaculo-de-flores-dura-poucos-dias-mas-deixa-um-tapete-limpo-e-facil-de-varrer\/#primaryimage"},"image":{"@id":"https:\/\/www.uai.com.br\/uainoticias\/2026\/04\/30\/a-arvore-que-virou-a-favorita-de-condominios-porque-seu-espetaculo-de-flores-dura-poucos-dias-mas-deixa-um-tapete-limpo-e-facil-de-varrer\/#primaryimage"},"thumbnailUrl":"https:\/\/www.uai.com.br\/uainoticias\/wp-content\/uploads\/2026\/04\/Ipe-branco-1.jpg","datePublished":"2026-04-30T22:20:00+00:00","author":{"@id":"https:\/\/www.uai.com.br\/uainoticias\/#\/schema\/person\/f57cbcb79cae89ff53b4e2a7511676fb"},"description":"\u00c1rvore ornamental com flores brancas valoriza paisagismo, n\u00e3o danifica cal\u00e7adas e exige pouca manuten\u00e7\u00e3o anual","breadcrumb":{"@id":"https:\/\/www.uai.com.br\/uainoticias\/2026\/04\/30\/a-arvore-que-virou-a-favorita-de-condominios-porque-seu-espetaculo-de-flores-dura-poucos-dias-mas-deixa-um-tapete-limpo-e-facil-de-varrer\/#breadcrumb"},"inLanguage":"pt-BR","potentialAction":[{"@type":"ReadAction","target":["https:\/\/www.uai.com.br\/uainoticias\/2026\/04\/30\/a-arvore-que-virou-a-favorita-de-condominios-porque-seu-espetaculo-de-flores-dura-poucos-dias-mas-deixa-um-tapete-limpo-e-facil-de-varrer\/"]}]},{"@type":"ImageObject","inLanguage":"pt-BR","@id":"https:\/\/www.uai.com.br\/uainoticias\/2026\/04\/30\/a-arvore-que-virou-a-favorita-de-condominios-porque-seu-espetaculo-de-flores-dura-poucos-dias-mas-deixa-um-tapete-limpo-e-facil-de-varrer\/#primaryimage","url":"https:\/\/www.uai.com.br\/uainoticias\/wp-content\/uploads\/2026\/04\/Ipe-branco-1.jpg","contentUrl":"https:\/\/www.uai.com.br\/uainoticias\/wp-content\/uploads\/2026\/04\/Ipe-branco-1.jpg","width":1280,"height":720,"caption":"Entenda por que ip\u00ea-branco \u00e9 ideal para cal\u00e7adas, tem ra\u00edzes profundas e garante sombra sem afetar estruturas - Cr\u00e9ditos: Imagem Ilustrativa"},{"@type":"BreadcrumbList","@id":"https:\/\/www.uai.com.br\/uainoticias\/2026\/04\/30\/a-arvore-que-virou-a-favorita-de-condominios-porque-seu-espetaculo-de-flores-dura-poucos-dias-mas-deixa-um-tapete-limpo-e-facil-de-varrer\/#breadcrumb","itemListElement":[{"@type":"ListItem","position":1,"name":"In\u00edcio","item":"https:\/\/www.uai.com.br\/uainoticias\/"},{"@type":"ListItem","position":2,"name":"A \u00e1rvore que virou a favorita de condom\u00ednios porque seu espet\u00e1culo de flores dura poucos dias, mas deixa um tapete limpo e f\u00e1cil de varrer"}]},{"@type":"WebSite","@id":"https:\/\/www.uai.com.br\/uainoticias\/#website","url":"https:\/\/www.uai.com.br\/uainoticias\/","name":"UAI Not\u00edcias","description":"Acompanhe as \u00faltimas not\u00edcias e fique bem informado sobre tudo o que acontece no Brasil e no mundo.","potentialAction":[{"@type":"SearchAction","target":{"@type":"EntryPoint","urlTemplate":"https:\/\/www.uai.com.br\/uainoticias\/?s={search_term_string}"},"query-input":{"@type":"PropertyValueSpecification","valueRequired":true,"valueName":"search_term_string"}}],"inLanguage":"pt-BR"},{"@type":"Person","@id":"https:\/\/www.uai.com.br\/uainoticias\/#\/schema\/person\/f57cbcb79cae89ff53b4e2a7511676fb","name":"Leonardo Nunes","image":{"@type":"ImageObject","inLanguage":"pt-BR","@id":"https:\/\/www.uai.com.br\/uainoticias\/#\/schema\/person\/image\/","url":"https:\/\/secure.gravatar.com\/avatar\/bcbad95ea1da2f5458464789977fbb5ca8a5da4f7f82d946c83505ef5f769a9c?s=96&d=mm&r=g","contentUrl":"https:\/\/secure.gravatar.com\/avatar\/bcbad95ea1da2f5458464789977fbb5ca8a5da4f7f82d946c83505ef5f769a9c?s=96&d=mm&r=g","caption":"Leonardo Nunes"},"sameAs":["https:\/\/www.uai.com.br\/uainoticias\/"],"url":"https:\/\/www.uai.com.br\/uainoticias\/author\/leonardo-nunes\/"}]}},"_links":{"self":[{"href":"https:\/\/www.uai.com.br\/uainoticias\/wp-json\/wp\/v2\/posts\/128617","targetHints":{"allow":["GET"]}}],"collection":[{"href":"https:\/\/www.uai.com.br\/uainoticias\/wp-json\/wp\/v2\/posts"}],"about":[{"href":"https:\/\/www.uai.com.br\/uainoticias\/wp-json\/wp\/v2\/types\/post"}],"author":[{"embeddable":true,"href":"https:\/\/www.uai.com.br\/uainoticias\/wp-json\/wp\/v2\/users\/29"}],"replies":[{"embeddable":true,"href":"https:\/\/www.uai.com.br\/uainoticias\/wp-json\/wp\/v2\/comments?post=128617"}],"version-history":[{"count":2,"href":"https:\/\/www.uai.com.br\/uainoticias\/wp-json\/wp\/v2\/posts\/128617\/revisions"}],"predecessor-version":[{"id":128702,"href":"https:\/\/www.uai.com.br\/uainoticias\/wp-json\/wp\/v2\/posts\/128617\/revisions\/128702"}],"wp:featuredmedia":[{"embeddable":true,"href":"https:\/\/www.uai.com.br\/uainoticias\/wp-json\/wp\/v2\/media\/128694"}],"wp:attachment":[{"href":"https:\/\/www.uai.com.br\/uainoticias\/wp-json\/wp\/v2\/media?parent=128617"}],"wp:term":[{"taxonomy":"category","embeddable":true,"href":"https:\/\/www.uai.com.br\/uainoticias\/wp-json\/wp\/v2\/categories?post=128617"},{"taxonomy":"post_tag","embeddable":true,"href":"https:\/\/www.uai.com.br\/uainoticias\/wp-json\/wp\/v2\/tags?post=128617"}],"curies":[{"name":"wp","href":"https:\/\/api.w.org\/{rel}","templated":true}]}}