{"id":128600,"date":"2026-04-30T18:45:00","date_gmt":"2026-04-30T21:45:00","guid":{"rendered":"https:\/\/www.uai.com.br\/uainoticias\/?p=128600"},"modified":"2026-04-29T14:53:11","modified_gmt":"2026-04-29T17:53:11","slug":"emmanuel-levinas-teorico-da-etica-da-alteridade-e-da-responsabilidade-o-outro-vem-antes-de-mim","status":"publish","type":"post","link":"https:\/\/www.uai.com.br\/uainoticias\/2026\/04\/30\/emmanuel-levinas-teorico-da-etica-da-alteridade-e-da-responsabilidade-o-outro-vem-antes-de-mim\/","title":{"rendered":"Emmanuel Levinas, te\u00f3rico da \u00e9tica da alteridade e da responsabilidade: \u201cO outro vem antes de mim\u201d"},"content":{"rendered":"\n<link href=\"https:\/\/fonts.googleapis.com\/css2?family=Merriweather:wght@700&#038;family=Open+Sans:wght@400;600;700&#038;display=swap\" rel=\"stylesheet\">\r\n<style>\r\n.rdp-resumo-wrapper {\r\n  max-width: 620px;\r\n  margin: 28px auto;\r\n  background: #FFFFFF;\r\n  border: 1px solid #D0D0D0;\r\n  border-radius: 6px;\r\n  padding: 28px 32px;\r\n  font-family: 'Open Sans', sans-serif;\r\n  box-shadow: 0 2px 12px rgba(0,0,0,0.08);\r\n}\r\n.rdp-resumo-header {\r\n  display: flex;\r\n  align-items: center;\r\n  gap: 16px;\r\n  margin-bottom: 22px;\r\n}\r\n.rdp-resumo-line {\r\n  flex: 1;\r\n  height: 1px;\r\n  background: #D0D0D0;\r\n}\r\n.rdp-resumo-title {\r\n  font-family: 'Merriweather', serif;\r\n  font-size: 13px;\r\n  font-weight: 700;\r\n  text-transform: uppercase;\r\n  letter-spacing: 3px;\r\n  color: #1A1A1A;\r\n  white-space: nowrap;\r\n}\r\n.rdp-resumo-list {\r\n  list-style: none;\r\n  padding: 0;\r\n  margin: 0;\r\n}\r\n.rdp-resumo-item {\r\n  padding: 0 0 18px 22px;\r\n  position: relative;\r\n  line-height: 1.7;\r\n}\r\n.rdp-resumo-item:last-child {\r\n  padding-bottom: 0;\r\n}\r\n.rdp-resumo-item::before {\r\n  content: \"\";\r\n  position: absolute;\r\n  left: 0;\r\n  top: 8px;\r\n  width: 8px;\r\n  height: 8px;\r\n  background: #2B5A83;\r\n  border-radius: 50%;\r\n}\r\n.rdp-resumo-item-title {\r\n  font-size: 15px;\r\n  font-weight: 700;\r\n  color: #1A1A1A;\r\n}\r\n.rdp-resumo-item-desc {\r\n  font-size: 15px;\r\n  color: #4A4A4A;\r\n  line-height: 1.7;\r\n}\r\n@media (max-width: 768px) {\r\n  .rdp-resumo-wrapper {\r\n    max-width: 100%;\r\n    margin: 20px 12px;\r\n    padding: 22px 20px;\r\n  }\r\n}\r\n<\/style>\r\n<div class=\"rdp-resumo-wrapper\">\r\n  <div class=\"rdp-resumo-header\">\r\n    <span class=\"rdp-resumo-line\"><\/span>\r\n    <span class=\"rdp-resumo-title\">Resumo<\/span>\r\n    <span class=\"rdp-resumo-line\"><\/span>\r\n  <\/div>\r\n  <ul class=\"rdp-resumo-list\">\r\n    <li class=\"rdp-resumo-item\">\r\n      <span class=\"rdp-resumo-item-title\">Ideia central:<\/span> <span class=\"rdp-resumo-item-desc\">A frase de Emmanuel Levinas coloca a responsabilidade \u00e9tica pelo outro como prioridade absoluta sobre o eu.<\/span>\r\n    <\/li>\r\n    <li class=\"rdp-resumo-item\">\r\n      <span class=\"rdp-resumo-item-title\">Conceito-chave:<\/span> <span class=\"rdp-resumo-item-desc\">A \u00e9tica da alteridade redefine a filosofia ao deslocar o foco do sujeito para a rela\u00e7\u00e3o com o outro.<\/span>\r\n    <\/li>\r\n    <li class=\"rdp-resumo-item\">\r\n      <span class=\"rdp-resumo-item-title\">Relev\u00e2ncia atual:<\/span> <span class=\"rdp-resumo-item-desc\">A reflex\u00e3o ecoa em debates culturais, sociais e pol\u00edticos contempor\u00e2neos sobre empatia e responsabilidade coletiva.<\/span>\r\n    <\/li>\r\n  <\/ul>\r\n<\/div>\n\n\n\n<p>Na tradi\u00e7\u00e3o da filosofia contempor\u00e2nea, poucas afirma\u00e7\u00f5es s\u00e3o t\u00e3o contundentes quanto a de <strong>Emmanuel Levinas<\/strong>: <em>\u201cO outro vem antes de mim\u201d<\/em>. A frase, recorrente em entrevistas e obras do pensador, sintetiza uma virada \u00e9tica que atravessa o pensamento moderno, deslocando o eixo da reflex\u00e3o do indiv\u00edduo para a responsabilidade com o outro. No campo da cultura e do pensamento, essa ideia ressoa como um chamado urgente em tempos de individualismo e crise de valores.<\/p>\n\n\n\n<h2 class=\"wp-block-heading\">Quem \u00e9 Emmanuel Levinas e por que sua voz importa<\/h2>\n\n\n\n<p><strong>Emmanuel Levinas<\/strong> foi um fil\u00f3sofo franco-lituano do s\u00e9culo XX, amplamente reconhecido por reformular a \u00e9tica como filosofia primeira. Suas obras, como \u201cTotalidade e Infinito\u201d, influenciaram profundamente \u00e1reas como fenomenologia, filosofia moral e estudos culturais.<\/p>\n\n\n\n<p>Ao dialogar com tradi\u00e7\u00f5es como a de Heidegger e Husserl, Levinas construiu um pensamento original, no qual o encontro com o outro se torna o ponto de partida da exist\u00eancia humana. Sua relev\u00e2ncia permanece viva em debates acad\u00eamicos, art\u00edsticos e sociais.<\/p>\n\n\n\n<h2 class=\"wp-block-heading\">O que Emmanuel Levinas quis dizer com essa frase<\/h2>\n\n\n\n<p>Quando Emmanuel Levinas afirma que \u201co outro vem antes de mim\u201d, ele prop\u00f5e uma invers\u00e3o radical da l\u00f3gica ocidental. Em vez de priorizar o sujeito, a consci\u00eancia ou o ego, ele coloca a alteridade como fundamento da \u00e9tica.<\/p>\n\n\n\n<p>Essa perspectiva sugere que a responsabilidade n\u00e3o \u00e9 uma escolha, mas uma condi\u00e7\u00e3o. O rosto do outro, conceito central em sua obra, exige resposta, cuidado e reconhecimento antes de qualquer afirma\u00e7\u00e3o do pr\u00f3prio eu.<\/p>\n\n\n<div class=\"wp-block-image\">\n<figure class=\"aligncenter size-large\"><img decoding=\"async\" width=\"1024\" height=\"576\" src=\"https:\/\/www.uai.com.br\/uainoticias\/wp-content\/uploads\/2026\/04\/Design_sem_nome-2026-04-29T145237.347-1024x576.jpg\" alt=\"Emmanuel Levinas, te\u00f3rico da \u00e9tica da alteridade e da responsabilidade: \u201cO outro vem antes de mim\u201d\" class=\"wp-image-128611\" srcset=\"https:\/\/www.uai.com.br\/uainoticias\/wp-content\/uploads\/2026\/04\/Design_sem_nome-2026-04-29T145237.347-1024x576.jpg 1024w, https:\/\/www.uai.com.br\/uainoticias\/wp-content\/uploads\/2026\/04\/Design_sem_nome-2026-04-29T145237.347-300x169.jpg 300w, https:\/\/www.uai.com.br\/uainoticias\/wp-content\/uploads\/2026\/04\/Design_sem_nome-2026-04-29T145237.347-768x432.jpg 768w, https:\/\/www.uai.com.br\/uainoticias\/wp-content\/uploads\/2026\/04\/Design_sem_nome-2026-04-29T145237.347-750x422.jpg 750w, https:\/\/www.uai.com.br\/uainoticias\/wp-content\/uploads\/2026\/04\/Design_sem_nome-2026-04-29T145237.347-1140x641.jpg 1140w, https:\/\/www.uai.com.br\/uainoticias\/wp-content\/uploads\/2026\/04\/Design_sem_nome-2026-04-29T145237.347.jpg 1280w\" sizes=\"(max-width: 1024px) 100vw, 1024px\" \/><figcaption class=\"wp-element-caption\">Ideia central que conecta filosofia, empatia e conviv\u00eancia moderna<\/figcaption><\/figure><\/div>\n\n\n<h2 class=\"wp-block-heading\">\u00c9tica da alteridade: o contexto por tr\u00e1s das palavras<\/h2>\n\n\n\n<p>A <strong>\u00e9tica da alteridade<\/strong>, conceito central em Emmanuel Levinas, surge em um contexto hist\u00f3rico marcado por guerras e crises humanit\u00e1rias. Sua filosofia responde diretamente \u00e0s falhas \u00e9ticas do s\u00e9culo XX, propondo uma nova forma de pensar a conviv\u00eancia.<\/p>\n\n\n\n<p>No campo cultural, essa ideia influencia narrativas liter\u00e1rias, cinema autoral e produ\u00e7\u00f5es art\u00edsticas que exploram o encontro com o outro. A alteridade se torna tema recorrente em obras que investigam identidade, empatia e responsabilidade social.<\/p>\n\n\n\n<link href=\"https:\/\/fonts.googleapis.com\/css2?family=Merriweather:wght@700&#038;family=Open+Sans:wght@400;600;700&#038;display=swap\" rel=\"stylesheet\">\r\n<style>\r\n.rdp-cards-wrapper .jnews_inline_related_post_wrapper,\r\n.rdp-cards-wrapper .jnews_inline_related_post,\r\n.rdp-cards-wrapper .jeg_postblock,\r\n.rdp-cards-wrapper [class*=\"jnews_inline\"],\r\n.rdp-cards-wrapper [class*=\"jeg_postblock\"],\r\n.rdp-cards-wrapper [class*=\"jeg_block\"] {\r\n  display: none !important;\r\n  height: 0 !important;\r\n  max-height: 0 !important;\r\n  overflow: hidden !important;\r\n  visibility: hidden !important;\r\n  margin: 0 !important;\r\n  padding: 0 !important;\r\n  border: none !important;\r\n  font-size: 0 !important;\r\n  line-height: 0 !important;\r\n}\r\n.rdp-cards-wrapper {\r\n  max-width: 100%;\r\n  margin: 32px 0;\r\n  background: #F5F7FA;\r\n  border: 1px solid #E1E5EB;\r\n  border-radius: 10px;\r\n  padding: 28px 28px 20px;\r\n  font-family: 'Open Sans', sans-serif;\r\n  overflow: hidden;\r\n  contain: layout style;\r\n  isolation: isolate;\r\n  position: relative;\r\n  z-index: 1;\r\n}\r\n.rdp-cards-wrapper > *:not(.rdp-cards-title):not(.rdp-cards-grid) {\r\n  display: none !important;\r\n}\r\n.rdp-cards-title {\r\n  font-family: 'Merriweather', serif;\r\n  font-size: 20px;\r\n  font-weight: 700;\r\n  color: #1A1A1A;\r\n  margin: 0 0 20px 0;\r\n  text-align: center;\r\n}\r\n.rdp-cards-grid {\r\n  display: grid;\r\n  grid-template-columns: repeat(3, 1fr);\r\n  gap: 18px;\r\n}\r\n.rdp-cards-item {\r\n  background: #FFFFFF;\r\n  border: 1px solid #E1E5EB;\r\n  border-top: 3px solid #2B5A83;\r\n  border-radius: 10px;\r\n  padding: 22px 20px;\r\n}\r\n.rdp-cards-emoji {\r\n  font-size: 32px;\r\n  margin-bottom: 12px;\r\n}\r\n.rdp-cards-item-title {\r\n  font-weight: 700;\r\n  margin-bottom: 8px;\r\n}\r\n.rdp-cards-item-desc {\r\n  font-size: 14px;\r\n  color: #4A4A4A;\r\n}\r\n@media (max-width: 768px) {\r\n  .rdp-cards-grid {\r\n    grid-template-columns: 1fr;\r\n  }\r\n}\r\n<\/style>\r\n<div class=\"rdp-cards-wrapper\">\r\n  <div class=\"rdp-cards-title\">Saiba mais sobre o tema<\/div>\r\n  <div class=\"rdp-cards-grid\">\r\n    <div class=\"rdp-cards-item\">\r\n      <span class=\"rdp-cards-emoji\">\ud83d\udcda<\/span>\r\n      <div class=\"rdp-cards-item-title\">Obra fundamental<\/div>\r\n      <p class=\"rdp-cards-item-desc\">\u201cTotalidade e Infinito\u201d \u00e9 considerado o livro mais influente de Levinas, onde a \u00e9tica da alteridade \u00e9 aprofundada.<\/p>\r\n    <\/div>\r\n    <div class=\"rdp-cards-item\">\r\n      <span class=\"rdp-cards-emoji\">\ud83c\udf0d<\/span>\r\n      <div class=\"rdp-cards-item-title\">Contexto hist\u00f3rico<\/div>\r\n      <p class=\"rdp-cards-item-desc\">A experi\u00eancia da Segunda Guerra moldou o pensamento de Levinas, refor\u00e7ando a urg\u00eancia de uma \u00e9tica centrada no outro.<\/p>\r\n    <\/div>\r\n    <div class=\"rdp-cards-item\">\r\n      <span class=\"rdp-cards-emoji\">\ud83c\udfad<\/span>\r\n      <div class=\"rdp-cards-item-title\">Influ\u00eancia cultural<\/div>\r\n      <p class=\"rdp-cards-item-desc\">Sua filosofia impacta cinema, literatura e artes que exploram empatia, identidade e responsabilidade social.<\/p>\r\n    <\/div>\r\n  <\/div>\r\n<\/div>\r\n<div style=\"clear:both;height:0;overflow:hidden;\"><\/div>\n\n\n\n<h2 class=\"wp-block-heading\">Por que essa declara\u00e7\u00e3o repercutiu<\/h2>\n\n\n\n<p>A frase de Emmanuel Levinas ganhou destaque por sintetizar uma mudan\u00e7a profunda no pensamento \u00e9tico contempor\u00e2neo. Em um cen\u00e1rio cultural marcado por disputas identit\u00e1rias e polariza\u00e7\u00e3o, sua ideia oferece um contraponto poderoso.<\/p>\n\n\n\n<p>No debate p\u00fablico, a no\u00e7\u00e3o de que o outro deve vir antes do eu dialoga com temas como direitos humanos, justi\u00e7a social e conviv\u00eancia plural. A repercuss\u00e3o se amplia justamente por tocar quest\u00f5es urgentes da sociedade atual.<\/p>\n\n\n\n<h2 class=\"wp-block-heading\">O legado e a relev\u00e2ncia para a categoria<\/h2>\n\n\n\n<p>O legado de Emmanuel Levinas permanece central no campo da cultura e da filosofia, influenciando debates \u00e9ticos, produ\u00e7\u00f5es art\u00edsticas e reflex\u00f5es sociais. Sua abordagem da alteridade continua a inspirar novas formas de pensar a conviv\u00eancia humana.<\/p>\n\n\n\n<p>Ao afirmar que o outro vem antes de n\u00f3s, Levinas convida a repensar rela\u00e7\u00f5es, narrativas e valores. Em um mundo cada vez mais interconectado, sua filosofia segue como refer\u00eancia essencial para compreender o papel da \u00e9tica na cultura contempor\u00e2nea.<\/p>\n","protected":false},"excerpt":{"rendered":"<p>Resumo Ideia central: A frase de Emmanuel Levinas coloca a responsabilidade \u00e9tica pelo outro como prioridade absoluta sobre o eu. Conceito-chave: A \u00e9tica da alteridade redefine a filosofia ao deslocar o foco do sujeito para a rela\u00e7\u00e3o com o outro. Relev\u00e2ncia atual: A reflex\u00e3o ecoa em debates culturais, sociais e pol\u00edticos contempor\u00e2neos sobre empatia e [&hellip;]<\/p>\n","protected":false},"author":23,"featured_media":128605,"comment_status":"open","ping_status":"open","sticky":false,"template":"","format":"standard","meta":{"jnews-multi-image_gallery":[],"jnews_single_post":{"format":"standard"},"jnews_primary_category":[],"jnews_social_meta":[],"jnews_override_counter":[],"footnotes":""},"categories":[3046,475],"tags":[],"class_list":["post-128600","post","type-post","status-publish","format-standard","has-post-thumbnail","hentry","category-curiosidades","category-entretenimento"],"yoast_head":"<!-- This site is optimized with the Yoast SEO plugin v26.5 - https:\/\/yoast.com\/wordpress\/plugins\/seo\/ -->\n<title>Emmanuel Levinas, te\u00f3rico da \u00e9tica da alteridade e da responsabilidade: \u201cO outro vem antes de mim\u201d - UAI Not\u00edcias<\/title>\n<meta name=\"robots\" content=\"index, follow, max-snippet:-1, max-image-preview:large, max-video-preview:-1\" \/>\n<link rel=\"canonical\" href=\"https:\/\/www.uai.com.br\/uainoticias\/2026\/04\/30\/emmanuel-levinas-teorico-da-etica-da-alteridade-e-da-responsabilidade-o-outro-vem-antes-de-mim\/\" \/>\n<meta property=\"og:locale\" content=\"pt_BR\" \/>\n<meta property=\"og:type\" content=\"article\" \/>\n<meta property=\"og:title\" content=\"Emmanuel Levinas, te\u00f3rico da \u00e9tica da alteridade e da responsabilidade: \u201cO outro vem antes de mim\u201d - UAI Not\u00edcias\" \/>\n<meta property=\"og:description\" content=\"Resumo Ideia central: A frase de Emmanuel Levinas coloca a responsabilidade \u00e9tica pelo outro como prioridade absoluta sobre o eu. Conceito-chave: A \u00e9tica da alteridade redefine a filosofia ao deslocar o foco do sujeito para a rela\u00e7\u00e3o com o outro. Relev\u00e2ncia atual: A reflex\u00e3o ecoa em debates culturais, sociais e pol\u00edticos contempor\u00e2neos sobre empatia e [&hellip;]\" \/>\n<meta property=\"og:url\" content=\"https:\/\/www.uai.com.br\/uainoticias\/2026\/04\/30\/emmanuel-levinas-teorico-da-etica-da-alteridade-e-da-responsabilidade-o-outro-vem-antes-de-mim\/\" \/>\n<meta property=\"og:site_name\" content=\"UAI Not\u00edcias\" \/>\n<meta property=\"article:published_time\" content=\"2026-04-30T21:45:00+00:00\" \/>\n<meta property=\"og:image\" content=\"https:\/\/www.uai.com.br\/uainoticias\/wp-content\/uploads\/2026\/04\/Design_sem_nome-2026-04-29T145040.170.jpg\" \/>\n\t<meta property=\"og:image:width\" content=\"1280\" \/>\n\t<meta property=\"og:image:height\" content=\"720\" \/>\n\t<meta property=\"og:image:type\" content=\"image\/jpeg\" \/>\n<meta name=\"author\" content=\"Gustavo Trindade\" \/>\n<meta name=\"twitter:card\" content=\"summary_large_image\" \/>\n<meta name=\"twitter:label1\" content=\"Escrito por\" \/>\n\t<meta name=\"twitter:data1\" content=\"Gustavo Trindade\" \/>\n\t<meta name=\"twitter:label2\" content=\"Est. tempo de leitura\" \/>\n\t<meta name=\"twitter:data2\" content=\"4 minutos\" \/>\n<!-- \/ Yoast SEO plugin. -->","yoast_head_json":{"title":"Emmanuel Levinas, te\u00f3rico da \u00e9tica da alteridade e da responsabilidade: \u201cO outro vem antes de mim\u201d - UAI Not\u00edcias","robots":{"index":"index","follow":"follow","max-snippet":"max-snippet:-1","max-image-preview":"max-image-preview:large","max-video-preview":"max-video-preview:-1"},"canonical":"https:\/\/www.uai.com.br\/uainoticias\/2026\/04\/30\/emmanuel-levinas-teorico-da-etica-da-alteridade-e-da-responsabilidade-o-outro-vem-antes-de-mim\/","og_locale":"pt_BR","og_type":"article","og_title":"Emmanuel Levinas, te\u00f3rico da \u00e9tica da alteridade e da responsabilidade: \u201cO outro vem antes de mim\u201d - UAI Not\u00edcias","og_description":"Resumo Ideia central: A frase de Emmanuel Levinas coloca a responsabilidade \u00e9tica pelo outro como prioridade absoluta sobre o eu. Conceito-chave: A \u00e9tica da alteridade redefine a filosofia ao deslocar o foco do sujeito para a rela\u00e7\u00e3o com o outro. Relev\u00e2ncia atual: A reflex\u00e3o ecoa em debates culturais, sociais e pol\u00edticos contempor\u00e2neos sobre empatia e [&hellip;]","og_url":"https:\/\/www.uai.com.br\/uainoticias\/2026\/04\/30\/emmanuel-levinas-teorico-da-etica-da-alteridade-e-da-responsabilidade-o-outro-vem-antes-de-mim\/","og_site_name":"UAI Not\u00edcias","article_published_time":"2026-04-30T21:45:00+00:00","og_image":[{"width":1280,"height":720,"url":"https:\/\/www.uai.com.br\/uainoticias\/wp-content\/uploads\/2026\/04\/Design_sem_nome-2026-04-29T145040.170.jpg","type":"image\/jpeg"}],"author":"Gustavo Trindade","twitter_card":"summary_large_image","twitter_misc":{"Escrito por":"Gustavo Trindade","Est. tempo de leitura":"4 minutos"},"schema":{"@context":"https:\/\/schema.org","@graph":[{"@type":"WebPage","@id":"https:\/\/www.uai.com.br\/uainoticias\/2026\/04\/30\/emmanuel-levinas-teorico-da-etica-da-alteridade-e-da-responsabilidade-o-outro-vem-antes-de-mim\/","url":"https:\/\/www.uai.com.br\/uainoticias\/2026\/04\/30\/emmanuel-levinas-teorico-da-etica-da-alteridade-e-da-responsabilidade-o-outro-vem-antes-de-mim\/","name":"Emmanuel Levinas, te\u00f3rico da \u00e9tica da alteridade e da responsabilidade: \u201cO outro vem antes de mim\u201d - UAI Not\u00edcias","isPartOf":{"@id":"https:\/\/www.uai.com.br\/uainoticias\/#website"},"primaryImageOfPage":{"@id":"https:\/\/www.uai.com.br\/uainoticias\/2026\/04\/30\/emmanuel-levinas-teorico-da-etica-da-alteridade-e-da-responsabilidade-o-outro-vem-antes-de-mim\/#primaryimage"},"image":{"@id":"https:\/\/www.uai.com.br\/uainoticias\/2026\/04\/30\/emmanuel-levinas-teorico-da-etica-da-alteridade-e-da-responsabilidade-o-outro-vem-antes-de-mim\/#primaryimage"},"thumbnailUrl":"https:\/\/www.uai.com.br\/uainoticias\/wp-content\/uploads\/2026\/04\/Design_sem_nome-2026-04-29T145040.170.jpg","datePublished":"2026-04-30T21:45:00+00:00","author":{"@id":"https:\/\/www.uai.com.br\/uainoticias\/#\/schema\/person\/060f8bb02e250479c83590e2c4706fcc"},"breadcrumb":{"@id":"https:\/\/www.uai.com.br\/uainoticias\/2026\/04\/30\/emmanuel-levinas-teorico-da-etica-da-alteridade-e-da-responsabilidade-o-outro-vem-antes-de-mim\/#breadcrumb"},"inLanguage":"pt-BR","potentialAction":[{"@type":"ReadAction","target":["https:\/\/www.uai.com.br\/uainoticias\/2026\/04\/30\/emmanuel-levinas-teorico-da-etica-da-alteridade-e-da-responsabilidade-o-outro-vem-antes-de-mim\/"]}]},{"@type":"ImageObject","inLanguage":"pt-BR","@id":"https:\/\/www.uai.com.br\/uainoticias\/2026\/04\/30\/emmanuel-levinas-teorico-da-etica-da-alteridade-e-da-responsabilidade-o-outro-vem-antes-de-mim\/#primaryimage","url":"https:\/\/www.uai.com.br\/uainoticias\/wp-content\/uploads\/2026\/04\/Design_sem_nome-2026-04-29T145040.170.jpg","contentUrl":"https:\/\/www.uai.com.br\/uainoticias\/wp-content\/uploads\/2026\/04\/Design_sem_nome-2026-04-29T145040.170.jpg","width":1280,"height":720,"caption":"Responsabilidade \u00e9tica que coloca o outro acima do individualismo"},{"@type":"BreadcrumbList","@id":"https:\/\/www.uai.com.br\/uainoticias\/2026\/04\/30\/emmanuel-levinas-teorico-da-etica-da-alteridade-e-da-responsabilidade-o-outro-vem-antes-de-mim\/#breadcrumb","itemListElement":[{"@type":"ListItem","position":1,"name":"In\u00edcio","item":"https:\/\/www.uai.com.br\/uainoticias\/"},{"@type":"ListItem","position":2,"name":"Emmanuel Levinas, te\u00f3rico da \u00e9tica da alteridade e da responsabilidade: \u201cO outro vem antes de mim\u201d"}]},{"@type":"WebSite","@id":"https:\/\/www.uai.com.br\/uainoticias\/#website","url":"https:\/\/www.uai.com.br\/uainoticias\/","name":"UAI Not\u00edcias","description":"Acompanhe as \u00faltimas not\u00edcias e fique bem informado sobre tudo o que acontece no Brasil e no mundo.","potentialAction":[{"@type":"SearchAction","target":{"@type":"EntryPoint","urlTemplate":"https:\/\/www.uai.com.br\/uainoticias\/?s={search_term_string}"},"query-input":{"@type":"PropertyValueSpecification","valueRequired":true,"valueName":"search_term_string"}}],"inLanguage":"pt-BR"},{"@type":"Person","@id":"https:\/\/www.uai.com.br\/uainoticias\/#\/schema\/person\/060f8bb02e250479c83590e2c4706fcc","name":"Gustavo Trindade","image":{"@type":"ImageObject","inLanguage":"pt-BR","@id":"https:\/\/www.uai.com.br\/uainoticias\/#\/schema\/person\/image\/","url":"https:\/\/secure.gravatar.com\/avatar\/05714a54ada0bd2b20e75b2c72a9e7802581213945810c2354d320b79f27b427?s=96&d=mm&r=g","contentUrl":"https:\/\/secure.gravatar.com\/avatar\/05714a54ada0bd2b20e75b2c72a9e7802581213945810c2354d320b79f27b427?s=96&d=mm&r=g","caption":"Gustavo Trindade"},"sameAs":["https:\/\/www.uai.com.br\/uainoticias\/"],"url":"https:\/\/www.uai.com.br\/uainoticias\/author\/gustavotrindade\/"}]}},"_links":{"self":[{"href":"https:\/\/www.uai.com.br\/uainoticias\/wp-json\/wp\/v2\/posts\/128600","targetHints":{"allow":["GET"]}}],"collection":[{"href":"https:\/\/www.uai.com.br\/uainoticias\/wp-json\/wp\/v2\/posts"}],"about":[{"href":"https:\/\/www.uai.com.br\/uainoticias\/wp-json\/wp\/v2\/types\/post"}],"author":[{"embeddable":true,"href":"https:\/\/www.uai.com.br\/uainoticias\/wp-json\/wp\/v2\/users\/23"}],"replies":[{"embeddable":true,"href":"https:\/\/www.uai.com.br\/uainoticias\/wp-json\/wp\/v2\/comments?post=128600"}],"version-history":[{"count":1,"href":"https:\/\/www.uai.com.br\/uainoticias\/wp-json\/wp\/v2\/posts\/128600\/revisions"}],"predecessor-version":[{"id":128612,"href":"https:\/\/www.uai.com.br\/uainoticias\/wp-json\/wp\/v2\/posts\/128600\/revisions\/128612"}],"wp:featuredmedia":[{"embeddable":true,"href":"https:\/\/www.uai.com.br\/uainoticias\/wp-json\/wp\/v2\/media\/128605"}],"wp:attachment":[{"href":"https:\/\/www.uai.com.br\/uainoticias\/wp-json\/wp\/v2\/media?parent=128600"}],"wp:term":[{"taxonomy":"category","embeddable":true,"href":"https:\/\/www.uai.com.br\/uainoticias\/wp-json\/wp\/v2\/categories?post=128600"},{"taxonomy":"post_tag","embeddable":true,"href":"https:\/\/www.uai.com.br\/uainoticias\/wp-json\/wp\/v2\/tags?post=128600"}],"curies":[{"name":"wp","href":"https:\/\/api.w.org\/{rel}","templated":true}]}}