{"id":128586,"date":"2026-04-30T12:45:00","date_gmt":"2026-04-30T15:45:00","guid":{"rendered":"https:\/\/www.uai.com.br\/uainoticias\/?p=128586"},"modified":"2026-04-29T14:55:12","modified_gmt":"2026-04-29T17:55:12","slug":"pesquisas-revelam-que-criancas-que-ouviam-historias-antes-de-dormir-desenvolvem-uma-habilidade-rara","status":"publish","type":"post","link":"https:\/\/www.uai.com.br\/uainoticias\/2026\/04\/30\/pesquisas-revelam-que-criancas-que-ouviam-historias-antes-de-dormir-desenvolvem-uma-habilidade-rara\/","title":{"rendered":"Pesquisas revelam que crian\u00e7as que ouviam hist\u00f3rias antes de dormir desenvolvem uma habilidade rara"},"content":{"rendered":"\n<style>\n    @import url('https:\/\/fonts.googleapis.com\/css2?family=Inter:wght@400;700&display=swap');\n\n    .psico-card {\n        max-width: 550px;\n        background-color: #ffffff;\n        border: 1px solid #b3e5fc;\n        border-radius: 15px;\n        padding: 35px;\n        font-family: 'Inter', sans-serif;\n        color: #333;\n        box-shadow: 0 4px 12px rgba(0, 0, 0, 0.05);\n        margin: 20px auto;\n    }\n\n    .psico-card-header {\n        display: flex;\n        align-items: center;\n        justify-content: center;\n        margin-bottom: 30px;\n    }\n\n    .psico-card-header::before,\n    .psico-card-header::after {\n        content: \"\";\n        flex: 1;\n        height: 1px;\n        background-color: #e0f2f1;\n    }\n\n    .psico-card-header h2 {\n        font-size: 13px;\n        font-weight: 700;\n        color: #5AC8FA;\n        letter-spacing: 2.5px;\n        margin: 0 15px;\n        text-transform: uppercase;\n        white-space: nowrap;\n    }\n\n    .psico-list {\n        list-style: none;\n        padding: 0;\n        margin: 0;\n    }\n\n    .psico-item {\n        display: flex;\n        align-items: flex-start;\n        margin-bottom: 22px;\n        line-height: 1.6;\n    }\n\n    .psico-bullet {\n        min-width: 10px;\n        height: 10px;\n        background-color: #5AC8FA;\n        border-radius: 50%;\n        margin-top: 6px;\n        margin-right: 18px;\n    }\n\n    .psico-content {\n        font-size: 15px;\n        color: #444;\n    }\n\n    .psico-content strong {\n        font-weight: 700;\n        color: #1a1a1a;\n    }\n<\/style>\n\n<div class=\"psico-card\">\n    <div class=\"psico-card-header\">\n        <h2>Curiosidades da Psicologia<\/h2>\n    <\/div>\n    <ul class=\"psico-list\">\n        <li class=\"psico-item\">\n            <div class=\"psico-bullet\"><\/div>\n            <div class=\"psico-content\">\n                <strong>O Mapa da Leitura<\/strong>: Ler em voz alta para crian\u00e7as mapeia novas estruturas no c\u00f3rtex temporal, respons\u00e1vel pelo processamento auditivo. Esse h\u00e1bito transforma o vocabul\u00e1rio passivo em fala ativa, garantindo uma dic\u00e7\u00e3o muito mais articulada e clara.\n            <\/div>\n        <\/li>\n        <li class=\"psico-item\">\n            <div class=\"psico-bullet\"><\/div>\n            <div class=\"psico-content\">\n                <strong>Espelhamento Labial<\/strong>: Manter o contato visual direto durante a fala permite que a crian\u00e7a imite os movimentos motores finos da boca. Essa imita\u00e7\u00e3o \u00e9 uma ferramenta poderosa de aprendizagem que a comunica\u00e7\u00e3o digital passiva n\u00e3o consegue replicar.\n            <\/div>\n        <\/li>\n        <li class=\"psico-item\">\n            <div class=\"psico-bullet\"><\/div>\n            <div class=\"psico-content\">\n                <strong>Vantagem da Escuta Ativa<\/strong>: Dar tempo para o pequeno concluir frases sem interrup\u00e7\u00f5es reduz a ansiedade e minimiza a gagueira fisiol\u00f3gica. Esse espa\u00e7o de seguran\u00e7a emocional incentiva o uso de palavras complexas e fortalece a autoconfian\u00e7a verbal.\n            <\/div>\n        <\/li>\n    <\/ul>\n<\/div>\n\n\n\n<p>A aquisi\u00e7\u00e3o da linguagem \u00e9 um dos marcos mais importantes do crescimento, mas muitos pais desconhecem que um simples costume di\u00e1rio pode acelerar esse processo de forma surpreendente. Cultivar um ambiente rico em est\u00edmulos verbais diretos \u00e9 a chave para transformar a comunica\u00e7\u00e3o de crian\u00e7as em fase de alfabetiza\u00e7\u00e3o em <strong>Portugal<\/strong> ou no <strong>Brasil<\/strong>.<\/p>\n\n\n\n<h2 class=\"wp-block-heading\">A import\u00e2ncia da leitura compartilhada no vocabul\u00e1rio funcional<\/h2>\n\n\n\n<p>O <strong>h\u00e1bito da leitura<\/strong> em voz alta feita pelos pais cria uma base fon\u00e9tica s\u00f3lida que permite \u00e0 crian\u00e7a identificar sons complexos com maior facilidade. Ao ouvir hist\u00f3rias, o c\u00e9rebro infantil mapeia novas palavras e estruturas gramaticais, transformando o vocabul\u00e1rio passivo em uma fala ativa e muito mais articulada.<\/p>\n\n\n\n<p>Esse momento de conex\u00e3o fortalece os la\u00e7os afetivos enquanto estimula a regi\u00e3o do c\u00f3rtex temporal, respons\u00e1vel pelo processamento auditivo e pela compreens\u00e3o da linguagem. Manter a regularidade nessa pr\u00e1tica garante que o pequeno desenvolva uma dic\u00e7\u00e3o clara e uma capacidade de express\u00e3o acima da m\u00e9dia para sua faixa et\u00e1ria.<\/p>\n\n\n<div class=\"wp-block-image\">\n<figure class=\"aligncenter size-large\"><img decoding=\"async\" width=\"1024\" height=\"576\" src=\"https:\/\/www.uai.com.br\/uainoticias\/wp-content\/uploads\/2026\/04\/filhos-2-1024x576.jpg\" alt=\"\" class=\"wp-image-128609\" srcset=\"https:\/\/www.uai.com.br\/uainoticias\/wp-content\/uploads\/2026\/04\/filhos-2-1024x576.jpg 1024w, https:\/\/www.uai.com.br\/uainoticias\/wp-content\/uploads\/2026\/04\/filhos-2-300x169.jpg 300w, https:\/\/www.uai.com.br\/uainoticias\/wp-content\/uploads\/2026\/04\/filhos-2-768x432.jpg 768w, https:\/\/www.uai.com.br\/uainoticias\/wp-content\/uploads\/2026\/04\/filhos-2-750x422.jpg 750w, https:\/\/www.uai.com.br\/uainoticias\/wp-content\/uploads\/2026\/04\/filhos-2-1140x641.jpg 1140w, https:\/\/www.uai.com.br\/uainoticias\/wp-content\/uploads\/2026\/04\/filhos-2.jpg 1280w\" sizes=\"(max-width: 1024px) 100vw, 1024px\" \/><figcaption class=\"wp-element-caption\">Narrar as atividades do cotidiano para o seu filho funciona como um treinamento lingu\u00edstico natural que organiza o racioc\u00ednio l\u00f3gico <\/figcaption><\/figure><\/div>\n\n\n<h2 class=\"wp-block-heading\">Como o di\u00e1logo constante molda a estrutura do pensamento<\/h2>\n\n\n\n<p>Narrar as atividades do cotidiano para o seu filho funciona como um <strong>treinamento lingu\u00edstico<\/strong> natural que organiza o racioc\u00ednio l\u00f3gico da crian\u00e7a desde cedo. Ao explicar o que est\u00e1 fazendo na cozinha ou descrever as paisagens de <strong>S\u00e3o Paulo<\/strong> durante um passeio, voc\u00ea fornece os blocos de constru\u00e7\u00e3o necess\u00e1rios para a forma\u00e7\u00e3o de frases completas.<\/p>\n\n\n\n<p>A crian\u00e7a que \u00e9 inclu\u00edda em conversas familiares desenvolve uma autoconfian\u00e7a rara para interagir com adultos e outras crian\u00e7as em ambientes escolares diversificados. Evitar o uso excessivo de termos infantilizados ou &#8220;tatibitate&#8221; ajuda a consolidar a pron\u00fancia correta das s\u00edlabas, prevenindo trocas fon\u00e9ticas comuns que podem persistir at\u00e9 a alfabetiza\u00e7\u00e3o.<\/p>\n\n\n\n<h2 class=\"wp-block-heading\">O papel da escuta ativa no desenvolvimento da comunica\u00e7\u00e3o<\/h2>\n\n\n\n<p>Dar tempo para a crian\u00e7a concluir seus pensamentos sem interrup\u00e7\u00f5es \u00e9 um <strong>cuidado pedag\u00f3gico<\/strong> essencial que muitos cuidadores negligenciam na pressa do dia a dia. Quando o adulto pratica a escuta ativa, ele demonstra que a fala do pequeno tem valor, incentivando-o a tentar palavras novas e mais complexas sem medo de errar.<\/p>\n\n\n\n<p>Essa postura paciente reduz a ansiedade infantil e minimiza epis\u00f3dios de gagueira fisiol\u00f3gica, comuns quando a mente processa informa\u00e7\u00f5es mais r\u00e1pido do que os m\u00fasculos da fala conseguem acompanhar. <a href=\"https:\/\/pubmed.ncbi.nlm.nih.gov\/26260716\/\" target=\"_blank\" rel=\"noreferrer noopener\">Segundo estudos<\/a>, criar esse espa\u00e7o de seguran\u00e7a emocional em casa reflete diretamente na performance comunicativa durante as apresenta\u00e7\u00f5es escolares e na intera\u00e7\u00e3o social em <strong>Londres<\/strong> ou qualquer lugar do mundo.<\/p>\n\n\n<div class=\"wp-block-image\">\n<figure class=\"aligncenter size-large\"><img decoding=\"async\" width=\"1024\" height=\"576\" src=\"https:\/\/www.uai.com.br\/uainoticias\/wp-content\/uploads\/2026\/04\/filhos-3-1024x576.jpg\" alt=\"\" class=\"wp-image-128614\" srcset=\"https:\/\/www.uai.com.br\/uainoticias\/wp-content\/uploads\/2026\/04\/filhos-3-1024x576.jpg 1024w, https:\/\/www.uai.com.br\/uainoticias\/wp-content\/uploads\/2026\/04\/filhos-3-300x169.jpg 300w, https:\/\/www.uai.com.br\/uainoticias\/wp-content\/uploads\/2026\/04\/filhos-3-768x432.jpg 768w, https:\/\/www.uai.com.br\/uainoticias\/wp-content\/uploads\/2026\/04\/filhos-3-750x422.jpg 750w, https:\/\/www.uai.com.br\/uainoticias\/wp-content\/uploads\/2026\/04\/filhos-3-1140x641.jpg 1140w, https:\/\/www.uai.com.br\/uainoticias\/wp-content\/uploads\/2026\/04\/filhos-3.jpg 1280w\" sizes=\"(max-width: 1024px) 100vw, 1024px\" \/><figcaption class=\"wp-element-caption\">Manter o contato visual enquanto fala com a crian\u00e7a permite que ela observe a movimenta\u00e7\u00e3o dos l\u00e1bios e da l\u00edngua<\/figcaption><\/figure><\/div>\n\n\n<h2 class=\"wp-block-heading\">Uso estrat\u00e9gico de m\u00fasicas e rimas para consci\u00eancia fonol\u00f3gica<\/h2>\n\n\n\n<p>Cantar e brincar com rimas \u00e9 uma estrat\u00e9gia l\u00fadica que aprimora a <strong>consci\u00eancia fonol\u00f3gica<\/strong>, permitindo que a crian\u00e7a perceba a melodia e o ritmo das palavras. Essas atividades trabalham a musculatura facial e a respira\u00e7\u00e3o, elementos t\u00e9cnicos fundamentais para que a voz saia com clareza e o timbre adequado para cada situa\u00e7\u00e3o comunicativa.<\/p>\n\n\n\n<p>Dica r\u00e1pida: Tente repetir trava-l\u00ednguas simples com a crian\u00e7a, aumentando a velocidade gradualmente para exercitar a agilidade da l\u00edngua e do paladar. Esse exerc\u00edcio divertido funciona como uma fisioterapia natural para a fala, ajudando a posicionar corretamente a boca para emitir sons mais dif\u00edceis como o &#8220;R&#8221; e o &#8220;L&#8221; em encontros consonantais.<\/p>\n\n\n\n<ul class=\"wp-block-list\">\n<li><strong>Leitura di\u00e1ria<\/strong>: Expans\u00e3o do repert\u00f3rio de palavras e compreens\u00e3o de contextos variados.<\/li>\n\n\n\n<li><strong>Olho no olho<\/strong>: Facilita a leitura labial e a imita\u00e7\u00e3o dos movimentos articulat\u00f3rios corretos.<\/li>\n\n\n\n<li><strong>Narra\u00e7\u00e3o de tarefas<\/strong>: Conecta objetos reais aos seus nomes, fortalecendo a mem\u00f3ria sem\u00e2ntica.<\/li>\n<\/ul>\n\n\n\n<h2 class=\"wp-block-heading\">Benef\u00edcios do contato visual durante a intera\u00e7\u00e3o verbal<\/h2>\n\n\n\n<p>Manter o <strong>contato visual<\/strong> enquanto fala com a crian\u00e7a permite que ela observe a movimenta\u00e7\u00e3o dos l\u00e1bios e da l\u00edngua, facilitando a imita\u00e7\u00e3o motora necess\u00e1ria para a fala. Esse espelhamento \u00e9 uma ferramenta poderosa de aprendizagem, especialmente nos primeiros anos, quando a vis\u00e3o e a audi\u00e7\u00e3o trabalham juntas para decodificar a linguagem humana.<\/p>\n\n\n\n<p>Aten\u00e7\u00e3o: O uso excessivo de telas e dispositivos eletr\u00f4nicos pode retardar esse desenvolvimento, pois a comunica\u00e7\u00e3o digital \u00e9 passiva e carece da intera\u00e7\u00e3o humana necess\u00e1ria para o ajuste fino da voz. Priorize o di\u00e1logo real e as brincadeiras f\u00edsicas para garantir que o desenvolvimento global do seu filho ocorra de maneira saud\u00e1vel e dentro do tempo esperado pelos especialistas.<\/p>\n\n\n\n<h2 class=\"wp-block-heading\">Consolida\u00e7\u00e3o de habilidades lingu\u00edsticas para uma vida de sucesso<\/h2>\n\n\n\n<p>O h\u00e1bito de incentivar a fala correta e rica em detalhes prepara a crian\u00e7a n\u00e3o apenas para a escola, mas para se tornar um adulto com excelente <strong>capacidade de negocia\u00e7\u00e3o<\/strong>. Investir na base da comunica\u00e7\u00e3o infantil \u00e9 garantir que seu filho tenha as ferramentas necess\u00e1rias para expressar suas ideias com clareza em qualquer cen\u00e1rio futuro.<\/p>\n\n\n\n<p>Ao transformar a conversa em uma prioridade familiar, voc\u00ea constr\u00f3i um ambiente onde a intelig\u00eancia verbal floresce de forma espont\u00e2nea e prazerosa para todos os envolvidos. A fala \u00e9 o nosso maior cart\u00e3o de visitas, e cuidar dela desde o ber\u00e7o \u00e9 o presente mais valioso que um cuidador pode oferecer para o futuro da crian\u00e7a.<\/p>\n","protected":false},"excerpt":{"rendered":"<p>Curiosidades da Psicologia O Mapa da Leitura: Ler em voz alta para crian\u00e7as mapeia novas estruturas no c\u00f3rtex temporal, respons\u00e1vel pelo processamento auditivo. Esse h\u00e1bito transforma o vocabul\u00e1rio passivo em fala ativa, garantindo uma dic\u00e7\u00e3o muito mais articulada e clara. Espelhamento Labial: Manter o contato visual direto durante a fala permite que a crian\u00e7a imite [&hellip;]<\/p>\n","protected":false},"author":24,"featured_media":128610,"comment_status":"open","ping_status":"open","sticky":false,"template":"","format":"standard","meta":{"jnews-multi-image_gallery":[],"jnews_single_post":{"format":"standard"},"jnews_primary_category":[],"jnews_social_meta":[],"jnews_override_counter":[],"footnotes":""},"categories":[3046,475],"tags":[450,23649,23647],"class_list":["post-128586","post","type-post","status-publish","format-standard","has-post-thumbnail","hentry","category-curiosidades","category-entretenimento","tag-criancas","tag-leitura-compartilhada","tag-ouvir-historias"],"yoast_head":"<!-- This site is optimized with the Yoast SEO plugin v26.5 - https:\/\/yoast.com\/wordpress\/plugins\/seo\/ -->\n<title>Pesquisas revelam que crian\u00e7as que ouviam hist\u00f3rias antes de dormir desenvolvem uma habilidade rara - UAI Not\u00edcias<\/title>\n<meta name=\"description\" content=\"Ouvir hist\u00f3rias antes de dormir estimula vocabul\u00e1rio, melhora a fala e fortalece a comunica\u00e7\u00e3o infantil de forma natural.\" \/>\n<meta name=\"robots\" content=\"index, follow, max-snippet:-1, max-image-preview:large, max-video-preview:-1\" \/>\n<link rel=\"canonical\" href=\"https:\/\/www.uai.com.br\/uainoticias\/2026\/04\/30\/pesquisas-revelam-que-criancas-que-ouviam-historias-antes-de-dormir-desenvolvem-uma-habilidade-rara\/\" \/>\n<meta property=\"og:locale\" content=\"pt_BR\" \/>\n<meta property=\"og:type\" content=\"article\" \/>\n<meta property=\"og:title\" content=\"Pesquisas revelam que crian\u00e7as que ouviam hist\u00f3rias antes de dormir desenvolvem uma habilidade rara - UAI Not\u00edcias\" \/>\n<meta property=\"og:description\" content=\"Ouvir hist\u00f3rias antes de dormir estimula vocabul\u00e1rio, melhora a fala e fortalece a comunica\u00e7\u00e3o infantil de forma natural.\" \/>\n<meta property=\"og:url\" content=\"https:\/\/www.uai.com.br\/uainoticias\/2026\/04\/30\/pesquisas-revelam-que-criancas-que-ouviam-historias-antes-de-dormir-desenvolvem-uma-habilidade-rara\/\" \/>\n<meta property=\"og:site_name\" content=\"UAI Not\u00edcias\" \/>\n<meta property=\"article:published_time\" content=\"2026-04-30T15:45:00+00:00\" \/>\n<meta property=\"og:image\" content=\"https:\/\/www.uai.com.br\/uainoticias\/wp-content\/uploads\/2026\/04\/filhos-1.jpg\" \/>\n\t<meta property=\"og:image:width\" content=\"1280\" \/>\n\t<meta property=\"og:image:height\" content=\"720\" \/>\n\t<meta property=\"og:image:type\" content=\"image\/jpeg\" \/>\n<meta name=\"author\" content=\"Daniely Cardoso\" \/>\n<meta name=\"twitter:card\" content=\"summary_large_image\" \/>\n<meta name=\"twitter:label1\" content=\"Escrito por\" \/>\n\t<meta name=\"twitter:data1\" content=\"Daniely Cardoso\" \/>\n\t<meta name=\"twitter:label2\" content=\"Est. tempo de leitura\" \/>\n\t<meta name=\"twitter:data2\" content=\"6 minutos\" \/>\n<!-- \/ Yoast SEO plugin. -->","yoast_head_json":{"title":"Pesquisas revelam que crian\u00e7as que ouviam hist\u00f3rias antes de dormir desenvolvem uma habilidade rara - UAI Not\u00edcias","description":"Ouvir hist\u00f3rias antes de dormir estimula vocabul\u00e1rio, melhora a fala e fortalece a comunica\u00e7\u00e3o infantil de forma natural.","robots":{"index":"index","follow":"follow","max-snippet":"max-snippet:-1","max-image-preview":"max-image-preview:large","max-video-preview":"max-video-preview:-1"},"canonical":"https:\/\/www.uai.com.br\/uainoticias\/2026\/04\/30\/pesquisas-revelam-que-criancas-que-ouviam-historias-antes-de-dormir-desenvolvem-uma-habilidade-rara\/","og_locale":"pt_BR","og_type":"article","og_title":"Pesquisas revelam que crian\u00e7as que ouviam hist\u00f3rias antes de dormir desenvolvem uma habilidade rara - UAI Not\u00edcias","og_description":"Ouvir hist\u00f3rias antes de dormir estimula vocabul\u00e1rio, melhora a fala e fortalece a comunica\u00e7\u00e3o infantil de forma natural.","og_url":"https:\/\/www.uai.com.br\/uainoticias\/2026\/04\/30\/pesquisas-revelam-que-criancas-que-ouviam-historias-antes-de-dormir-desenvolvem-uma-habilidade-rara\/","og_site_name":"UAI Not\u00edcias","article_published_time":"2026-04-30T15:45:00+00:00","og_image":[{"width":1280,"height":720,"url":"https:\/\/www.uai.com.br\/uainoticias\/wp-content\/uploads\/2026\/04\/filhos-1.jpg","type":"image\/jpeg"}],"author":"Daniely Cardoso","twitter_card":"summary_large_image","twitter_misc":{"Escrito por":"Daniely Cardoso","Est. tempo de leitura":"6 minutos"},"schema":{"@context":"https:\/\/schema.org","@graph":[{"@type":"WebPage","@id":"https:\/\/www.uai.com.br\/uainoticias\/2026\/04\/30\/pesquisas-revelam-que-criancas-que-ouviam-historias-antes-de-dormir-desenvolvem-uma-habilidade-rara\/","url":"https:\/\/www.uai.com.br\/uainoticias\/2026\/04\/30\/pesquisas-revelam-que-criancas-que-ouviam-historias-antes-de-dormir-desenvolvem-uma-habilidade-rara\/","name":"Pesquisas revelam que crian\u00e7as que ouviam hist\u00f3rias antes de dormir desenvolvem uma habilidade rara - UAI Not\u00edcias","isPartOf":{"@id":"https:\/\/www.uai.com.br\/uainoticias\/#website"},"primaryImageOfPage":{"@id":"https:\/\/www.uai.com.br\/uainoticias\/2026\/04\/30\/pesquisas-revelam-que-criancas-que-ouviam-historias-antes-de-dormir-desenvolvem-uma-habilidade-rara\/#primaryimage"},"image":{"@id":"https:\/\/www.uai.com.br\/uainoticias\/2026\/04\/30\/pesquisas-revelam-que-criancas-que-ouviam-historias-antes-de-dormir-desenvolvem-uma-habilidade-rara\/#primaryimage"},"thumbnailUrl":"https:\/\/www.uai.com.br\/uainoticias\/wp-content\/uploads\/2026\/04\/filhos-1.jpg","datePublished":"2026-04-30T15:45:00+00:00","author":{"@id":"https:\/\/www.uai.com.br\/uainoticias\/#\/schema\/person\/b40f59cad9eb0656c8ae35fee468cc57"},"description":"Ouvir hist\u00f3rias antes de dormir estimula vocabul\u00e1rio, melhora a fala e fortalece a comunica\u00e7\u00e3o infantil de forma natural.","breadcrumb":{"@id":"https:\/\/www.uai.com.br\/uainoticias\/2026\/04\/30\/pesquisas-revelam-que-criancas-que-ouviam-historias-antes-de-dormir-desenvolvem-uma-habilidade-rara\/#breadcrumb"},"inLanguage":"pt-BR","potentialAction":[{"@type":"ReadAction","target":["https:\/\/www.uai.com.br\/uainoticias\/2026\/04\/30\/pesquisas-revelam-que-criancas-que-ouviam-historias-antes-de-dormir-desenvolvem-uma-habilidade-rara\/"]}]},{"@type":"ImageObject","inLanguage":"pt-BR","@id":"https:\/\/www.uai.com.br\/uainoticias\/2026\/04\/30\/pesquisas-revelam-que-criancas-que-ouviam-historias-antes-de-dormir-desenvolvem-uma-habilidade-rara\/#primaryimage","url":"https:\/\/www.uai.com.br\/uainoticias\/wp-content\/uploads\/2026\/04\/filhos-1.jpg","contentUrl":"https:\/\/www.uai.com.br\/uainoticias\/wp-content\/uploads\/2026\/04\/filhos-1.jpg","width":1280,"height":720,"caption":"Dar tempo para a crian\u00e7a concluir seus pensamentos sem interrup\u00e7\u00f5es \u00e9 um cuidado pedag\u00f3gico"},{"@type":"BreadcrumbList","@id":"https:\/\/www.uai.com.br\/uainoticias\/2026\/04\/30\/pesquisas-revelam-que-criancas-que-ouviam-historias-antes-de-dormir-desenvolvem-uma-habilidade-rara\/#breadcrumb","itemListElement":[{"@type":"ListItem","position":1,"name":"In\u00edcio","item":"https:\/\/www.uai.com.br\/uainoticias\/"},{"@type":"ListItem","position":2,"name":"Pesquisas revelam que crian\u00e7as que ouviam hist\u00f3rias antes de dormir desenvolvem uma habilidade rara"}]},{"@type":"WebSite","@id":"https:\/\/www.uai.com.br\/uainoticias\/#website","url":"https:\/\/www.uai.com.br\/uainoticias\/","name":"UAI Not\u00edcias","description":"Acompanhe as \u00faltimas not\u00edcias e fique bem informado sobre tudo o que acontece no Brasil e no mundo.","potentialAction":[{"@type":"SearchAction","target":{"@type":"EntryPoint","urlTemplate":"https:\/\/www.uai.com.br\/uainoticias\/?s={search_term_string}"},"query-input":{"@type":"PropertyValueSpecification","valueRequired":true,"valueName":"search_term_string"}}],"inLanguage":"pt-BR"},{"@type":"Person","@id":"https:\/\/www.uai.com.br\/uainoticias\/#\/schema\/person\/b40f59cad9eb0656c8ae35fee468cc57","name":"Daniely Cardoso","image":{"@type":"ImageObject","inLanguage":"pt-BR","@id":"https:\/\/www.uai.com.br\/uainoticias\/#\/schema\/person\/image\/","url":"https:\/\/secure.gravatar.com\/avatar\/b43c203f79e2ee2d699e04567f61958ba1731d1c994abcd298aa4fee5f54cb3a?s=96&d=mm&r=g","contentUrl":"https:\/\/secure.gravatar.com\/avatar\/b43c203f79e2ee2d699e04567f61958ba1731d1c994abcd298aa4fee5f54cb3a?s=96&d=mm&r=g","caption":"Daniely Cardoso"},"sameAs":["https:\/\/www.uai.com.br\/uainoticias\/"],"url":"https:\/\/www.uai.com.br\/uainoticias\/author\/daniely-morais\/"}]}},"_links":{"self":[{"href":"https:\/\/www.uai.com.br\/uainoticias\/wp-json\/wp\/v2\/posts\/128586","targetHints":{"allow":["GET"]}}],"collection":[{"href":"https:\/\/www.uai.com.br\/uainoticias\/wp-json\/wp\/v2\/posts"}],"about":[{"href":"https:\/\/www.uai.com.br\/uainoticias\/wp-json\/wp\/v2\/types\/post"}],"author":[{"embeddable":true,"href":"https:\/\/www.uai.com.br\/uainoticias\/wp-json\/wp\/v2\/users\/24"}],"replies":[{"embeddable":true,"href":"https:\/\/www.uai.com.br\/uainoticias\/wp-json\/wp\/v2\/comments?post=128586"}],"version-history":[{"count":1,"href":"https:\/\/www.uai.com.br\/uainoticias\/wp-json\/wp\/v2\/posts\/128586\/revisions"}],"predecessor-version":[{"id":128615,"href":"https:\/\/www.uai.com.br\/uainoticias\/wp-json\/wp\/v2\/posts\/128586\/revisions\/128615"}],"wp:featuredmedia":[{"embeddable":true,"href":"https:\/\/www.uai.com.br\/uainoticias\/wp-json\/wp\/v2\/media\/128610"}],"wp:attachment":[{"href":"https:\/\/www.uai.com.br\/uainoticias\/wp-json\/wp\/v2\/media?parent=128586"}],"wp:term":[{"taxonomy":"category","embeddable":true,"href":"https:\/\/www.uai.com.br\/uainoticias\/wp-json\/wp\/v2\/categories?post=128586"},{"taxonomy":"post_tag","embeddable":true,"href":"https:\/\/www.uai.com.br\/uainoticias\/wp-json\/wp\/v2\/tags?post=128586"}],"curies":[{"name":"wp","href":"https:\/\/api.w.org\/{rel}","templated":true}]}}