{"id":128575,"date":"2026-04-30T16:15:00","date_gmt":"2026-04-30T19:15:00","guid":{"rendered":"https:\/\/www.uai.com.br\/uainoticias\/?p=128575"},"modified":"2026-04-29T14:37:20","modified_gmt":"2026-04-29T17:37:20","slug":"alexis-de-tocqueville-autor-de-a-democracia-na-america-e-analista-da-igualdade-a-igualdade-pode-levar-a-servidao","status":"publish","type":"post","link":"https:\/\/www.uai.com.br\/uainoticias\/2026\/04\/30\/alexis-de-tocqueville-autor-de-a-democracia-na-america-e-analista-da-igualdade-a-igualdade-pode-levar-a-servidao\/","title":{"rendered":"Alexis de Tocqueville, autor de A Democracia na Am\u00e9rica e analista da igualdade: \u201cA igualdade pode levar \u00e0 servid\u00e3o\u201d"},"content":{"rendered":"\n<link href=\"https:\/\/fonts.googleapis.com\/css2?family=Merriweather:wght@700&#038;family=Open+Sans:wght@400;600;700&#038;display=swap\" rel=\"stylesheet\">\r\n<style>\r\n.rdp-resumo-wrapper {\r\n  max-width: 620px;\r\n  margin: 28px auto;\r\n  background: #FFFFFF;\r\n  border: 1px solid #D0D0D0;\r\n  border-radius: 6px;\r\n  padding: 28px 32px;\r\n  font-family: 'Open Sans', sans-serif;\r\n  box-shadow: 0 2px 12px rgba(0,0,0,0.08);\r\n}\r\n.rdp-resumo-header {\r\n  display: flex;\r\n  align-items: center;\r\n  gap: 16px;\r\n  margin-bottom: 22px;\r\n}\r\n.rdp-resumo-line {\r\n  flex: 1;\r\n  height: 1px;\r\n  background: #D0D0D0;\r\n}\r\n.rdp-resumo-title {\r\n  font-family: 'Merriweather', serif;\r\n  font-size: 13px;\r\n  font-weight: 700;\r\n  text-transform: uppercase;\r\n  letter-spacing: 3px;\r\n  color: #1A1A1A;\r\n  white-space: nowrap;\r\n}\r\n.rdp-resumo-list {\r\n  list-style: none;\r\n  padding: 0;\r\n  margin: 0;\r\n}\r\n.rdp-resumo-item {\r\n  padding: 0 0 18px 22px;\r\n  position: relative;\r\n  line-height: 1.7;\r\n}\r\n.rdp-resumo-item:last-child {\r\n  padding-bottom: 0;\r\n}\r\n.rdp-resumo-item::before {\r\n  content: \"\";\r\n  position: absolute;\r\n  left: 0;\r\n  top: 8px;\r\n  width: 8px;\r\n  height: 8px;\r\n  background: #2B5A83;\r\n  border-radius: 50%;\r\n}\r\n.rdp-resumo-item-title {\r\n  font-size: 15px;\r\n  font-weight: 700;\r\n  color: #1A1A1A;\r\n}\r\n.rdp-resumo-item-desc {\r\n  font-size: 15px;\r\n  color: #4A4A4A;\r\n  line-height: 1.7;\r\n}\r\n@media (max-width: 768px) {\r\n  .rdp-resumo-wrapper {\r\n    max-width: 100%;\r\n    margin: 20px 12px;\r\n    padding: 22px 20px;\r\n  }\r\n}\r\n<\/style>\r\n<div class=\"rdp-resumo-wrapper\">\r\n  <div class=\"rdp-resumo-header\">\r\n    <span class=\"rdp-resumo-line\"><\/span>\r\n    <span class=\"rdp-resumo-title\">Resumo<\/span>\r\n    <span class=\"rdp-resumo-line\"><\/span>\r\n  <\/div>\r\n  <ul class=\"rdp-resumo-list\">\r\n    <li class=\"rdp-resumo-item\">\r\n      <span class=\"rdp-resumo-item-title\">Frase marcante:<\/span> <span class=\"rdp-resumo-item-desc\">A reflex\u00e3o de Tocqueville alerta para os riscos ocultos dentro da pr\u00f3pria ideia de igualdade nas democracias modernas.<\/span>\r\n    <\/li>\r\n    <li class=\"rdp-resumo-item\">\r\n      <span class=\"rdp-resumo-item-title\">Contexto pol\u00edtico:<\/span> <span class=\"rdp-resumo-item-desc\">A an\u00e1lise surge em sua obra cl\u00e1ssica sobre a democracia e o funcionamento das sociedades igualit\u00e1rias.<\/span>\r\n    <\/li>\r\n    <li class=\"rdp-resumo-item\">\r\n      <span class=\"rdp-resumo-item-title\">Impacto atual:<\/span> <span class=\"rdp-resumo-item-desc\">O pensamento segue relevante em debates sobre liberdade, Estado e centraliza\u00e7\u00e3o de poder.<\/span>\r\n    <\/li>\r\n  <\/ul>\r\n<\/div>\n\n\n\n<p>A frase <em>\u201cA igualdade pode levar \u00e0 servid\u00e3o\u201d<\/em>, de <strong>Alexis de Tocqueville<\/strong>, continua ecoando no debate pol\u00edtico contempor\u00e2neo. Inserida no campo da teoria pol\u00edtica e da an\u00e1lise das democracias modernas, ela revela um paradoxo inquietante. Em um cen\u00e1rio marcado por discursos sobre liberdade, cidadania e participa\u00e7\u00e3o, o pensador franc\u00eas levanta uma quest\u00e3o central: at\u00e9 que ponto a busca por igualdade pode comprometer a autonomia individual?<\/p>\n\n\n\n<h2 class=\"wp-block-heading\">Quem \u00e9 Alexis de Tocqueville e por que sua voz importa<\/h2>\n\n\n\n<p><strong>Alexis de Tocqueville<\/strong> foi um fil\u00f3sofo, historiador e cientista pol\u00edtico franc\u00eas do s\u00e9culo XIX, conhecido principalmente por sua obra <strong>A Democracia na Am\u00e9rica<\/strong>. Seu trabalho se tornou refer\u00eancia na an\u00e1lise dos sistemas democr\u00e1ticos, das institui\u00e7\u00f5es pol\u00edticas e das rela\u00e7\u00f5es entre liberdade e igualdade.<\/p>\n\n\n\n<p>Ao observar a sociedade americana, Tocqueville investigou como a democracia molda comportamentos, leis e estruturas sociais. Sua abordagem anal\u00edtica, quase sociol\u00f3gica, antecipou debates fundamentais sobre centraliza\u00e7\u00e3o de poder, individualismo e o papel do Estado.<\/p>\n\n\n\n<figure class=\"wp-block-embed is-type-video is-provider-youtube wp-block-embed-youtube wp-embed-aspect-16-9 wp-has-aspect-ratio\"><div class=\"wp-block-embed__wrapper\">\n<div class=\"jeg_video_container jeg_video_content\"><iframe loading=\"lazy\" title=\"A democracia para Tocqueville\" width=\"500\" height=\"281\" src=\"https:\/\/www.youtube.com\/embed\/5rhtJH1gL-A?feature=oembed\" frameborder=\"0\" allow=\"accelerometer; autoplay; clipboard-write; encrypted-media; gyroscope; picture-in-picture; web-share\" referrerpolicy=\"strict-origin-when-cross-origin\" allowfullscreen><\/iframe><\/div>\n<\/div><\/figure>\n\n\n\n<h2 class=\"wp-block-heading\">O que Alexis de Tocqueville quis dizer com essa frase<\/h2>\n\n\n\n<p>Quando Tocqueville afirma que a igualdade pode levar \u00e0 servid\u00e3o, ele n\u00e3o rejeita o ideal igualit\u00e1rio. Pelo contr\u00e1rio, ele alerta para um efeito colateral poss\u00edvel dentro das democracias. Segundo sua an\u00e1lise, sociedades muito focadas na igualdade tendem a aceitar maior interven\u00e7\u00e3o estatal.<\/p>\n\n\n\n<p>Essa din\u00e2mica pode gerar um cen\u00e1rio em que cidad\u00e3os, em busca de seguran\u00e7a e uniformidade, delegam excessivamente seu poder ao governo. O resultado, na vis\u00e3o do pensador, \u00e9 uma forma de servid\u00e3o suave, menos vis\u00edvel, mas igualmente limitadora da liberdade individual.<\/p>\n\n\n\n<h2 class=\"wp-block-heading\">Igualdade e democracia: o contexto por tr\u00e1s das palavras<\/h2>\n\n\n\n<p>A ideia de igualdade, central na democracia moderna, est\u00e1 diretamente ligada \u00e0 no\u00e7\u00e3o de direitos civis, participa\u00e7\u00e3o pol\u00edtica e justi\u00e7a social. No entanto, Tocqueville observa que essa mesma igualdade pode gerar conformismo e depend\u00eancia institucional.<\/p>\n\n\n\n<p>Em sua obra publicada, ele descreve um tipo de governo paternalista, onde o Estado assume fun\u00e7\u00f5es cada vez mais amplas. Nesse contexto, a liberdade pol\u00edtica pode ser gradualmente substitu\u00edda por uma administra\u00e7\u00e3o centralizada que promete bem-estar em troca de autonomia.<\/p>\n\n\n\n<link href=\"https:\/\/fonts.googleapis.com\/css2?family=Merriweather:wght@700&#038;family=Open+Sans:wght@400;600;700&#038;display=swap\" rel=\"stylesheet\">\r\n<style>\r\n.rdp-cards-wrapper .jnews_inline_related_post_wrapper,\r\n.rdp-cards-wrapper .jnews_inline_related_post,\r\n.rdp-cards-wrapper .jeg_postblock,\r\n.rdp-cards-wrapper [class*=\"jnews_inline\"],\r\n.rdp-cards-wrapper [class*=\"jeg_postblock\"],\r\n.rdp-cards-wrapper [class*=\"jeg_block\"] {\r\n  display: none !important;\r\n  height: 0 !important;\r\n  max-height: 0 !important;\r\n  overflow: hidden !important;\r\n  visibility: hidden !important;\r\n  margin: 0 !important;\r\n  padding: 0 !important;\r\n  border: none !important;\r\n  font-size: 0 !important;\r\n  line-height: 0 !important;\r\n}\r\n.rdp-cards-wrapper {\r\n  max-width: 100%;\r\n  margin: 32px 0;\r\n  background: #F5F7FA;\r\n  border: 1px solid #E1E5EB;\r\n  border-radius: 10px;\r\n  padding: 28px 28px 20px;\r\n  font-family: 'Open Sans', sans-serif;\r\n  overflow: hidden;\r\n  contain: layout style;\r\n  isolation: isolate;\r\n  position: relative;\r\n  z-index: 1;\r\n}\r\n.rdp-cards-title {\r\n  font-family: 'Merriweather', serif;\r\n  font-size: 20px;\r\n  font-weight: 700;\r\n  color: #1A1A1A;\r\n  margin: 0 0 20px 0;\r\n  text-align: center;\r\n}\r\n.rdp-cards-grid {\r\n  display: grid;\r\n  grid-template-columns: repeat(3, 1fr);\r\n  gap: 18px;\r\n}\r\n.rdp-cards-item {\r\n  background: #FFFFFF;\r\n  border: 1px solid #E1E5EB;\r\n  border-top: 3px solid #2B5A83;\r\n  border-radius: 10px;\r\n  padding: 22px 20px;\r\n}\r\n.rdp-cards-emoji {\r\n  font-size: 32px;\r\n  margin-bottom: 12px;\r\n  display: block;\r\n}\r\n.rdp-cards-item-title {\r\n  font-weight: 700;\r\n  margin-bottom: 8px;\r\n}\r\n.rdp-cards-item-desc {\r\n  font-size: 14px;\r\n}\r\n@media (max-width: 768px) {\r\n  .rdp-cards-grid {\r\n    grid-template-columns: 1fr;\r\n  }\r\n}\r\n<\/style>\r\n<div class=\"rdp-cards-wrapper\">\r\n  <div class=\"rdp-cards-title\">Saiba mais sobre o tema<\/div>\r\n  <div class=\"rdp-cards-grid\">\r\n    <div class=\"rdp-cards-item\">\r\n      <span class=\"rdp-cards-emoji\">\ud83d\udcda<\/span>\r\n      <div class=\"rdp-cards-item-title\">Obra influente<\/div>\r\n      <p class=\"rdp-cards-item-desc\">\u201cA Democracia na Am\u00e9rica\u201d \u00e9 considerada um dos estudos mais importantes sobre sistemas democr\u00e1ticos e institui\u00e7\u00f5es pol\u00edticas.<\/p>\r\n    <\/div>\r\n    <div class=\"rdp-cards-item\">\r\n      <span class=\"rdp-cards-emoji\">\u2696\ufe0f<\/span>\r\n      <div class=\"rdp-cards-item-title\">Paradoxo pol\u00edtico<\/div>\r\n      <p class=\"rdp-cards-item-desc\">Tocqueville identificou a tens\u00e3o entre igualdade e liberdade como um dos maiores desafios das democracias modernas.<\/p>\r\n    <\/div>\r\n    <div class=\"rdp-cards-item\">\r\n      <span class=\"rdp-cards-emoji\">\ud83c\udf10<\/span>\r\n      <div class=\"rdp-cards-item-title\">Debate atual<\/div>\r\n      <p class=\"rdp-cards-item-desc\">O pensamento do autor segue presente em discuss\u00f5es sobre Estado, pol\u00edticas p\u00fablicas e direitos individuais.<\/p>\r\n    <\/div>\r\n  <\/div>\r\n<\/div>\r\n<div style=\"clear:both;height:0;overflow:hidden;\"><\/div>\n\n\n\n<h2 class=\"wp-block-heading\">Por que essa declara\u00e7\u00e3o repercutiu<\/h2>\n\n\n\n<p>A frase ganhou destaque porque dialoga diretamente com dilemas contempor\u00e2neos da pol\u00edtica global. Em tempos de expans\u00e3o do papel do Estado, debates sobre liberdade individual e regula\u00e7\u00e3o se intensificam.<\/p>\n\n\n\n<p>Analistas pol\u00edticos frequentemente retomam Tocqueville para discutir temas como populismo, centraliza\u00e7\u00e3o administrativa e democracia representativa. Sua leitura permanece atual justamente por antecipar tens\u00f5es que ainda definem o cen\u00e1rio pol\u00edtico.<\/p>\n\n\n\n<h2 class=\"wp-block-heading\">O legado e a relev\u00e2ncia para a pol\u00edtica<\/h2>\n\n\n\n<p>O legado de <strong>Alexis de Tocqueville<\/strong> est\u00e1 na capacidade de interpretar a democracia como um sistema din\u00e2mico, repleto de riscos e potencialidades. Sua an\u00e1lise da igualdade continua sendo uma refer\u00eancia indispens\u00e1vel para compreender os limites e desafios das sociedades modernas.<\/p>\n\n\n\n<p>No campo da pol\u00edtica, a reflex\u00e3o proposta pelo autor convida a um equil\u00edbrio delicado entre justi\u00e7a social e liberdade individual. Ao revisitar suas ideias, o leitor encontra ferramentas para interpretar o presente com maior profundidade cr\u00edtica.<\/p>\n","protected":false},"excerpt":{"rendered":"<p>Resumo Frase marcante: A reflex\u00e3o de Tocqueville alerta para os riscos ocultos dentro da pr\u00f3pria ideia de igualdade nas democracias modernas. Contexto pol\u00edtico: A an\u00e1lise surge em sua obra cl\u00e1ssica sobre a democracia e o funcionamento das sociedades igualit\u00e1rias. Impacto atual: O pensamento segue relevante em debates sobre liberdade, Estado e centraliza\u00e7\u00e3o de poder. A [&hellip;]<\/p>\n","protected":false},"author":23,"featured_media":128577,"comment_status":"open","ping_status":"open","sticky":false,"template":"","format":"standard","meta":{"jnews-multi-image_gallery":[],"jnews_single_post":{"format":"standard"},"jnews_primary_category":[],"jnews_social_meta":[],"jnews_override_counter":[],"footnotes":""},"categories":[3046,475],"tags":[23645,8533,5519,23646],"class_list":["post-128575","post","type-post","status-publish","format-standard","has-post-thumbnail","hentry","category-curiosidades","category-entretenimento","tag-alexis-de-tocqueville","tag-filosofia","tag-igualdade","tag-servidao"],"yoast_head":"<!-- This site is optimized with the Yoast SEO plugin v26.5 - https:\/\/yoast.com\/wordpress\/plugins\/seo\/ -->\n<title>Alexis de Tocqueville, autor de A Democracia na Am\u00e9rica e analista da igualdade: \u201cA igualdade pode levar \u00e0 servid\u00e3o\u201d - UAI Not\u00edcias<\/title>\n<meta name=\"description\" content=\"A an\u00e1lise de Tocqueville sobre igualdade e liberdade traz um alerta que pode mudar a forma como voc\u00ea entende a democracia\" \/>\n<meta name=\"robots\" content=\"index, follow, max-snippet:-1, max-image-preview:large, max-video-preview:-1\" \/>\n<link rel=\"canonical\" href=\"https:\/\/www.uai.com.br\/uainoticias\/2026\/04\/30\/alexis-de-tocqueville-autor-de-a-democracia-na-america-e-analista-da-igualdade-a-igualdade-pode-levar-a-servidao\/\" \/>\n<meta property=\"og:locale\" content=\"pt_BR\" \/>\n<meta property=\"og:type\" content=\"article\" \/>\n<meta property=\"og:title\" content=\"Alexis de Tocqueville, autor de A Democracia na Am\u00e9rica e analista da igualdade: \u201cA igualdade pode levar \u00e0 servid\u00e3o\u201d - UAI Not\u00edcias\" \/>\n<meta property=\"og:description\" content=\"A an\u00e1lise de Tocqueville sobre igualdade e liberdade traz um alerta que pode mudar a forma como voc\u00ea entende a democracia\" \/>\n<meta property=\"og:url\" content=\"https:\/\/www.uai.com.br\/uainoticias\/2026\/04\/30\/alexis-de-tocqueville-autor-de-a-democracia-na-america-e-analista-da-igualdade-a-igualdade-pode-levar-a-servidao\/\" \/>\n<meta property=\"og:site_name\" content=\"UAI Not\u00edcias\" \/>\n<meta property=\"article:published_time\" content=\"2026-04-30T19:15:00+00:00\" \/>\n<meta property=\"og:image\" content=\"https:\/\/www.uai.com.br\/uainoticias\/wp-content\/uploads\/2026\/04\/Design_sem_nome-2026-04-29T143603.015.jpg\" \/>\n\t<meta property=\"og:image:width\" content=\"1280\" \/>\n\t<meta property=\"og:image:height\" content=\"720\" \/>\n\t<meta property=\"og:image:type\" content=\"image\/jpeg\" \/>\n<meta name=\"author\" content=\"Gustavo Trindade\" \/>\n<meta name=\"twitter:card\" content=\"summary_large_image\" \/>\n<meta name=\"twitter:label1\" content=\"Escrito por\" \/>\n\t<meta name=\"twitter:data1\" content=\"Gustavo Trindade\" \/>\n\t<meta name=\"twitter:label2\" content=\"Est. tempo de leitura\" \/>\n\t<meta name=\"twitter:data2\" content=\"4 minutos\" \/>\n<!-- \/ Yoast SEO plugin. -->","yoast_head_json":{"title":"Alexis de Tocqueville, autor de A Democracia na Am\u00e9rica e analista da igualdade: \u201cA igualdade pode levar \u00e0 servid\u00e3o\u201d - UAI Not\u00edcias","description":"A an\u00e1lise de Tocqueville sobre igualdade e liberdade traz um alerta que pode mudar a forma como voc\u00ea entende a democracia","robots":{"index":"index","follow":"follow","max-snippet":"max-snippet:-1","max-image-preview":"max-image-preview:large","max-video-preview":"max-video-preview:-1"},"canonical":"https:\/\/www.uai.com.br\/uainoticias\/2026\/04\/30\/alexis-de-tocqueville-autor-de-a-democracia-na-america-e-analista-da-igualdade-a-igualdade-pode-levar-a-servidao\/","og_locale":"pt_BR","og_type":"article","og_title":"Alexis de Tocqueville, autor de A Democracia na Am\u00e9rica e analista da igualdade: \u201cA igualdade pode levar \u00e0 servid\u00e3o\u201d - UAI Not\u00edcias","og_description":"A an\u00e1lise de Tocqueville sobre igualdade e liberdade traz um alerta que pode mudar a forma como voc\u00ea entende a democracia","og_url":"https:\/\/www.uai.com.br\/uainoticias\/2026\/04\/30\/alexis-de-tocqueville-autor-de-a-democracia-na-america-e-analista-da-igualdade-a-igualdade-pode-levar-a-servidao\/","og_site_name":"UAI Not\u00edcias","article_published_time":"2026-04-30T19:15:00+00:00","og_image":[{"width":1280,"height":720,"url":"https:\/\/www.uai.com.br\/uainoticias\/wp-content\/uploads\/2026\/04\/Design_sem_nome-2026-04-29T143603.015.jpg","type":"image\/jpeg"}],"author":"Gustavo Trindade","twitter_card":"summary_large_image","twitter_misc":{"Escrito por":"Gustavo Trindade","Est. tempo de leitura":"4 minutos"},"schema":{"@context":"https:\/\/schema.org","@graph":[{"@type":"WebPage","@id":"https:\/\/www.uai.com.br\/uainoticias\/2026\/04\/30\/alexis-de-tocqueville-autor-de-a-democracia-na-america-e-analista-da-igualdade-a-igualdade-pode-levar-a-servidao\/","url":"https:\/\/www.uai.com.br\/uainoticias\/2026\/04\/30\/alexis-de-tocqueville-autor-de-a-democracia-na-america-e-analista-da-igualdade-a-igualdade-pode-levar-a-servidao\/","name":"Alexis de Tocqueville, autor de A Democracia na Am\u00e9rica e analista da igualdade: \u201cA igualdade pode levar \u00e0 servid\u00e3o\u201d - UAI Not\u00edcias","isPartOf":{"@id":"https:\/\/www.uai.com.br\/uainoticias\/#website"},"primaryImageOfPage":{"@id":"https:\/\/www.uai.com.br\/uainoticias\/2026\/04\/30\/alexis-de-tocqueville-autor-de-a-democracia-na-america-e-analista-da-igualdade-a-igualdade-pode-levar-a-servidao\/#primaryimage"},"image":{"@id":"https:\/\/www.uai.com.br\/uainoticias\/2026\/04\/30\/alexis-de-tocqueville-autor-de-a-democracia-na-america-e-analista-da-igualdade-a-igualdade-pode-levar-a-servidao\/#primaryimage"},"thumbnailUrl":"https:\/\/www.uai.com.br\/uainoticias\/wp-content\/uploads\/2026\/04\/Design_sem_nome-2026-04-29T143603.015.jpg","datePublished":"2026-04-30T19:15:00+00:00","author":{"@id":"https:\/\/www.uai.com.br\/uainoticias\/#\/schema\/person\/060f8bb02e250479c83590e2c4706fcc"},"description":"A an\u00e1lise de Tocqueville sobre igualdade e liberdade traz um alerta que pode mudar a forma como voc\u00ea entende a democracia","breadcrumb":{"@id":"https:\/\/www.uai.com.br\/uainoticias\/2026\/04\/30\/alexis-de-tocqueville-autor-de-a-democracia-na-america-e-analista-da-igualdade-a-igualdade-pode-levar-a-servidao\/#breadcrumb"},"inLanguage":"pt-BR","potentialAction":[{"@type":"ReadAction","target":["https:\/\/www.uai.com.br\/uainoticias\/2026\/04\/30\/alexis-de-tocqueville-autor-de-a-democracia-na-america-e-analista-da-igualdade-a-igualdade-pode-levar-a-servidao\/"]}]},{"@type":"ImageObject","inLanguage":"pt-BR","@id":"https:\/\/www.uai.com.br\/uainoticias\/2026\/04\/30\/alexis-de-tocqueville-autor-de-a-democracia-na-america-e-analista-da-igualdade-a-igualdade-pode-levar-a-servidao\/#primaryimage","url":"https:\/\/www.uai.com.br\/uainoticias\/wp-content\/uploads\/2026\/04\/Design_sem_nome-2026-04-29T143603.015.jpg","contentUrl":"https:\/\/www.uai.com.br\/uainoticias\/wp-content\/uploads\/2026\/04\/Design_sem_nome-2026-04-29T143603.015.jpg","width":1280,"height":720,"caption":"An\u00e1lise pol\u00edtica que revela os riscos ocultos da igualdade nas democracias modernas"},{"@type":"BreadcrumbList","@id":"https:\/\/www.uai.com.br\/uainoticias\/2026\/04\/30\/alexis-de-tocqueville-autor-de-a-democracia-na-america-e-analista-da-igualdade-a-igualdade-pode-levar-a-servidao\/#breadcrumb","itemListElement":[{"@type":"ListItem","position":1,"name":"In\u00edcio","item":"https:\/\/www.uai.com.br\/uainoticias\/"},{"@type":"ListItem","position":2,"name":"Alexis de Tocqueville, autor de A Democracia na Am\u00e9rica e analista da igualdade: \u201cA igualdade pode levar \u00e0 servid\u00e3o\u201d"}]},{"@type":"WebSite","@id":"https:\/\/www.uai.com.br\/uainoticias\/#website","url":"https:\/\/www.uai.com.br\/uainoticias\/","name":"UAI Not\u00edcias","description":"Acompanhe as \u00faltimas not\u00edcias e fique bem informado sobre tudo o que acontece no Brasil e no mundo.","potentialAction":[{"@type":"SearchAction","target":{"@type":"EntryPoint","urlTemplate":"https:\/\/www.uai.com.br\/uainoticias\/?s={search_term_string}"},"query-input":{"@type":"PropertyValueSpecification","valueRequired":true,"valueName":"search_term_string"}}],"inLanguage":"pt-BR"},{"@type":"Person","@id":"https:\/\/www.uai.com.br\/uainoticias\/#\/schema\/person\/060f8bb02e250479c83590e2c4706fcc","name":"Gustavo Trindade","image":{"@type":"ImageObject","inLanguage":"pt-BR","@id":"https:\/\/www.uai.com.br\/uainoticias\/#\/schema\/person\/image\/","url":"https:\/\/secure.gravatar.com\/avatar\/05714a54ada0bd2b20e75b2c72a9e7802581213945810c2354d320b79f27b427?s=96&d=mm&r=g","contentUrl":"https:\/\/secure.gravatar.com\/avatar\/05714a54ada0bd2b20e75b2c72a9e7802581213945810c2354d320b79f27b427?s=96&d=mm&r=g","caption":"Gustavo Trindade"},"sameAs":["https:\/\/www.uai.com.br\/uainoticias\/"],"url":"https:\/\/www.uai.com.br\/uainoticias\/author\/gustavotrindade\/"}]}},"_links":{"self":[{"href":"https:\/\/www.uai.com.br\/uainoticias\/wp-json\/wp\/v2\/posts\/128575","targetHints":{"allow":["GET"]}}],"collection":[{"href":"https:\/\/www.uai.com.br\/uainoticias\/wp-json\/wp\/v2\/posts"}],"about":[{"href":"https:\/\/www.uai.com.br\/uainoticias\/wp-json\/wp\/v2\/types\/post"}],"author":[{"embeddable":true,"href":"https:\/\/www.uai.com.br\/uainoticias\/wp-json\/wp\/v2\/users\/23"}],"replies":[{"embeddable":true,"href":"https:\/\/www.uai.com.br\/uainoticias\/wp-json\/wp\/v2\/comments?post=128575"}],"version-history":[{"count":1,"href":"https:\/\/www.uai.com.br\/uainoticias\/wp-json\/wp\/v2\/posts\/128575\/revisions"}],"predecessor-version":[{"id":128579,"href":"https:\/\/www.uai.com.br\/uainoticias\/wp-json\/wp\/v2\/posts\/128575\/revisions\/128579"}],"wp:featuredmedia":[{"embeddable":true,"href":"https:\/\/www.uai.com.br\/uainoticias\/wp-json\/wp\/v2\/media\/128577"}],"wp:attachment":[{"href":"https:\/\/www.uai.com.br\/uainoticias\/wp-json\/wp\/v2\/media?parent=128575"}],"wp:term":[{"taxonomy":"category","embeddable":true,"href":"https:\/\/www.uai.com.br\/uainoticias\/wp-json\/wp\/v2\/categories?post=128575"},{"taxonomy":"post_tag","embeddable":true,"href":"https:\/\/www.uai.com.br\/uainoticias\/wp-json\/wp\/v2\/tags?post=128575"}],"curies":[{"name":"wp","href":"https:\/\/api.w.org\/{rel}","templated":true}]}}