{"id":128567,"date":"2026-04-30T10:45:00","date_gmt":"2026-04-30T13:45:00","guid":{"rendered":"https:\/\/www.uai.com.br\/uainoticias\/?p=128567"},"modified":"2026-04-29T14:37:18","modified_gmt":"2026-04-29T17:37:18","slug":"estudos-mostram-que-criancas-que-cuidavam-dos-outros-desde-cedo-desenvolveram-empatia-rara","status":"publish","type":"post","link":"https:\/\/www.uai.com.br\/uainoticias\/2026\/04\/30\/estudos-mostram-que-criancas-que-cuidavam-dos-outros-desde-cedo-desenvolveram-empatia-rara\/","title":{"rendered":"Estudos mostram que crian\u00e7as que cuidavam dos outros desde cedo desenvolveram empatia rara"},"content":{"rendered":"\n<style>\n    @import url('https:\/\/fonts.googleapis.com\/css2?family=Inter:wght@400;700&display=swap');\n\n    .psico-card {\n        max-width: 550px;\n        background-color: #ffffff;\n        border: 1px solid #b3e5fc;\n        border-radius: 15px;\n        padding: 35px;\n        font-family: 'Inter', sans-serif;\n        color: #333;\n        box-shadow: 0 4px 12px rgba(0, 0, 0, 0.05);\n        margin: 20px auto;\n    }\n\n    .psico-card-header {\n        display: flex;\n        align-items: center;\n        justify-content: center;\n        margin-bottom: 30px;\n    }\n\n    .psico-card-header::before,\n    .psico-card-header::after {\n        content: \"\";\n        flex: 1;\n        height: 1px;\n        background-color: #e0f2f1;\n    }\n\n    .psico-card-header h2 {\n        font-size: 13px;\n        font-weight: 700;\n        color: #5AC8FA;\n        letter-spacing: 2.5px;\n        margin: 0 15px;\n        text-transform: uppercase;\n        white-space: nowrap;\n    }\n\n    .psico-list {\n        list-style: none;\n        padding: 0;\n        margin: 0;\n    }\n\n    .psico-item {\n        display: flex;\n        align-items: flex-start;\n        margin-bottom: 22px;\n        line-height: 1.6;\n    }\n\n    .psico-bullet {\n        min-width: 10px;\n        height: 10px;\n        background-color: #5AC8FA;\n        border-radius: 50%;\n        margin-top: 6px;\n        margin-right: 18px;\n    }\n\n    .psico-content {\n        font-size: 15px;\n        color: #444;\n    }\n\n    .psico-content strong {\n        font-weight: 700;\n        color: #1a1a1a;\n    }\n<\/style>\n\n<div class=\"psico-card\">\n    <div class=\"psico-card-header\">\n        <h2>Curiosidades da Psicologia<\/h2>\n    <\/div>\n    <ul class=\"psico-list\">\n        <li class=\"psico-item\">\n            <div class=\"psico-bullet\"><\/div>\n            <div class=\"psico-content\">\n                <strong>Resili\u00eancia por Repeti\u00e7\u00e3o<\/strong>: O c\u00e9rebro exposto precocemente a padr\u00f5es de disciplina cria conex\u00f5es neurais mais est\u00e1veis para a resolu\u00e7\u00e3o de problemas. Essa estrutura mental antecipada funciona como um alicerce que facilita a maestria t\u00e9cnica e o sucesso em \u00e1reas complexas.\n            <\/div>\n        <\/li>\n        <li class=\"psico-item\">\n            <div class=\"psico-bullet\"><\/div>\n            <div class=\"psico-content\">\n                <strong>O Escudo Emocional<\/strong>: Desenvolver o autoconhecimento cedo atua como uma prote\u00e7\u00e3o biol\u00f3gica contra o esgotamento mental (burnout). Essa gest\u00e3o das emo\u00e7\u00f5es preserva a energia vital, permitindo que a lideran\u00e7a emp\u00e1tica surja de forma org\u00e2nica e competitiva.\n            <\/div>\n        <\/li>\n        <li class=\"psico-item\">\n            <div class=\"psico-bullet\"><\/div>\n            <div class=\"psico-content\">\n                <strong>Poder das Micropausas<\/strong>: Realizar interrup\u00e7\u00f5es ativas de cinco minutos a cada hora pode elevar a concentra\u00e7\u00e3o em at\u00e9 40%. Esse cuidado preventivo simples impede que o cansa\u00e7o cr\u00f4nico sabote projetos ambiciosos, garantindo alta performance sustent\u00e1vel.\n            <\/div>\n        <\/li>\n    <\/ul>\n<\/div>\n\n\n\n<p>O h\u00e1bito de cultivar a aten\u00e7\u00e3o plena e o cuidado preventivo desde os primeiros est\u00e1gios da vida gera benef\u00edcios que a maioria das pessoas s\u00f3 percebe tardiamente. Essa dedica\u00e7\u00e3o antecipada molda uma estrutura mental e f\u00edsica capaz de sustentar conquistas que muitos consideram inalcan\u00e7\u00e1veis sem esfor\u00e7o extremo.<\/p>\n\n\n\n<h2 class=\"wp-block-heading\">O surgimento da maestria atrav\u00e9s da aten\u00e7\u00e3o precoce<\/h2>\n\n\n\n<p>A <strong>maestria precoce<\/strong> n\u00e3o nasce do acaso, mas sim de um ambiente onde o cuidado e a repeti\u00e7\u00e3o consciente s\u00e3o estabelecidos como pilares fundamentais. Quem decide investir tempo em organizar seus processos internos e externos antes da press\u00e3o do mercado de trabalho desenvolve uma resili\u00eancia cognitiva acima da m\u00e9dia.<\/p>\n\n\n\n<p>Este fen\u00f4meno ocorre porque o c\u00e9rebro, ao ser exposto a padr\u00f5es de cuidado e disciplina, cria conex\u00f5es neurais mais est\u00e1veis e eficientes para a resolu\u00e7\u00e3o de problemas. Em pa\u00edses como o <strong>Jap\u00e3o<\/strong>, essa cultura de preserva\u00e7\u00e3o e detalhismo \u00e9 ensinada como uma base para o sucesso em qualquer \u00e1rea t\u00e9cnica ou art\u00edstica.<\/p>\n\n\n<div class=\"wp-block-image\">\n<figure class=\"aligncenter size-large\"><img decoding=\"async\" width=\"1024\" height=\"576\" src=\"https:\/\/www.uai.com.br\/uainoticias\/wp-content\/uploads\/2026\/04\/criancas-e-pais-1024x576.jpg\" alt=\"\" class=\"wp-image-123051\" srcset=\"https:\/\/www.uai.com.br\/uainoticias\/wp-content\/uploads\/2026\/04\/criancas-e-pais-1024x576.jpg 1024w, https:\/\/www.uai.com.br\/uainoticias\/wp-content\/uploads\/2026\/04\/criancas-e-pais-300x169.jpg 300w, https:\/\/www.uai.com.br\/uainoticias\/wp-content\/uploads\/2026\/04\/criancas-e-pais-768x432.jpg 768w, https:\/\/www.uai.com.br\/uainoticias\/wp-content\/uploads\/2026\/04\/criancas-e-pais-750x422.jpg 750w, https:\/\/www.uai.com.br\/uainoticias\/wp-content\/uploads\/2026\/04\/criancas-e-pais-1140x641.jpg 1140w, https:\/\/www.uai.com.br\/uainoticias\/wp-content\/uploads\/2026\/04\/criancas-e-pais.jpg 1280w\" sizes=\"(max-width: 1024px) 100vw, 1024px\" \/><figcaption class=\"wp-element-caption\">A din\u00e2mica da parentifica\u00e7\u00e3o ocorre quando os pap\u00e9is se invertem e a crian\u00e7a assume a responsabilidade<\/figcaption><\/figure><\/div>\n\n\n<h2 class=\"wp-block-heading\">Desenvolvimento da intelig\u00eancia emocional como diferencial competitivo<\/h2>\n\n\n\n<p>Cuidar das rela\u00e7\u00f5es e do <a href=\"https:\/\/www.uai.com.br\/uainoticias\/2026\/04\/27\/a-psicologia-por-tras-de-quem-revisa-mensagens-varias-vezes-antes-de-enviar\/\" target=\"_blank\" rel=\"noreferrer noopener\">autoconhecimento <\/a>cedo permite que o indiv\u00edduo desenvolva uma <strong>intelig\u00eancia emocional<\/strong> rara, facilitando a navega\u00e7\u00e3o em ambientes corporativos complexos e estressantes. Essa habilidade permite ler nuances sociais que passam despercebidas pela maioria, garantindo uma lideran\u00e7a muito mais emp\u00e1tica e assertiva.<\/p>\n\n\n\n<p>A gest\u00e3o das emo\u00e7\u00f5es desde a juventude funciona como um escudo contra o esgotamento mental, preservando a energia para o que realmente importa na carreira. Profissionais que dominam essa arte costumam alcan\u00e7ar cargos de alta gest\u00e3o em empresas de destaque na <strong>Alemanha<\/strong> e nos <strong>Estados Unidos<\/strong> de forma org\u00e2nica.<\/p>\n\n\n\n<h2 class=\"wp-block-heading\">A raridade da vis\u00e3o de longo prazo no mundo imediato<\/h2>\n\n\n\n<p>Vivemos em uma era de gratifica\u00e7\u00e3o instant\u00e2nea, o que torna a <strong>vis\u00e3o estrat\u00e9gica<\/strong> de longo prazo uma compet\u00eancia extremamente escassa e valorizada por grandes investidores. Quem cuida cedo do seu planejamento financeiro e de carreira consegue antecipar tend\u00eancias de mercado antes mesmo que elas se tornem \u00f3bvias para o p\u00fablico geral.<\/p>\n\n\n\n<p>Esse cuidado preventivo com o futuro evita decis\u00f5es baseadas no desespero, permitindo que a pessoa escolha oportunidades por alinhamento de valores e n\u00e3o apenas por necessidade financeira. Ter a paci\u00eancia de plantar hoje para colher em d\u00e9cadas \u00e9 o segredo dos maiores nomes do empreendedorismo moderno em <strong>S\u00e3o Paulo<\/strong>.<\/p>\n\n\n<div class=\"wp-block-image\">\n<figure class=\"aligncenter size-large\"><img decoding=\"async\" width=\"1024\" height=\"576\" src=\"https:\/\/www.uai.com.br\/uainoticias\/wp-content\/uploads\/2026\/04\/criancas-1-1024x576.jpg\" alt=\"\" class=\"wp-image-123807\" srcset=\"https:\/\/www.uai.com.br\/uainoticias\/wp-content\/uploads\/2026\/04\/criancas-1-1024x576.jpg 1024w, https:\/\/www.uai.com.br\/uainoticias\/wp-content\/uploads\/2026\/04\/criancas-1-300x169.jpg 300w, https:\/\/www.uai.com.br\/uainoticias\/wp-content\/uploads\/2026\/04\/criancas-1-768x432.jpg 768w, https:\/\/www.uai.com.br\/uainoticias\/wp-content\/uploads\/2026\/04\/criancas-1-750x422.jpg 750w, https:\/\/www.uai.com.br\/uainoticias\/wp-content\/uploads\/2026\/04\/criancas-1-1140x641.jpg 1140w, https:\/\/www.uai.com.br\/uainoticias\/wp-content\/uploads\/2026\/04\/criancas-1.jpg 1280w\" sizes=\"(max-width: 1024px) 100vw, 1024px\" \/><figcaption class=\"wp-element-caption\">Incentivar o questionamento cria um ambiente de seguran\u00e7a psicol\u00f3gica onde o erro \u00e9 visto como uma oportunidade de investiga\u00e7\u00e3o<\/figcaption><\/figure><\/div>\n\n\n<h2 class=\"wp-block-heading\">Preserva\u00e7\u00e3o da sa\u00fade f\u00edsica como ativo de alta performance<\/h2>\n\n\n\n<p>Manter um <strong>cuidado biol\u00f3gico<\/strong> rigoroso antes do surgimento de sintomas \u00e9 o que diferencia os profissionais de alta performance daqueles que sofrem interrup\u00e7\u00f5es constantes por doen\u00e7as evit\u00e1veis. O investimento em nutri\u00e7\u00e3o adequada e exerc\u00edcios constantes cria um estoque de vitalidade que se torna o motor principal da produtividade sustent\u00e1vel.<\/p>\n\n\n\n<p>Microbloco informativo: Pequenas pausas ativas de cinco minutos a cada hora de trabalho podem aumentar sua capacidade de concentra\u00e7\u00e3o em at\u00e9 quarenta por cento ao longo do dia. Aplicar esse cuidado simples agora impede que o cansa\u00e7o cr\u00f4nico sabote seus projetos mais ambiciosos durante as fases cr\u00edticas de execu\u00e7\u00e3o.<\/p>\n\n\n<div class=\"wp-block-image\">\n<figure class=\"aligncenter size-large\"><img decoding=\"async\" width=\"1024\" height=\"208\" src=\"https:\/\/www.uai.com.br\/uainoticias\/wp-content\/uploads\/2026\/04\/convertido-17-1-1024x208.jpg\" alt=\"\" class=\"wp-image-128569\" srcset=\"https:\/\/www.uai.com.br\/uainoticias\/wp-content\/uploads\/2026\/04\/convertido-17-1-1024x208.jpg 1024w, https:\/\/www.uai.com.br\/uainoticias\/wp-content\/uploads\/2026\/04\/convertido-17-1-300x61.jpg 300w, https:\/\/www.uai.com.br\/uainoticias\/wp-content\/uploads\/2026\/04\/convertido-17-1-768x156.jpg 768w, https:\/\/www.uai.com.br\/uainoticias\/wp-content\/uploads\/2026\/04\/convertido-17-1-750x152.jpg 750w, https:\/\/www.uai.com.br\/uainoticias\/wp-content\/uploads\/2026\/04\/convertido-17-1-1140x232.jpg 1140w, https:\/\/www.uai.com.br\/uainoticias\/wp-content\/uploads\/2026\/04\/convertido-17-1.jpg 1280w\" sizes=\"(max-width: 1024px) 100vw, 1024px\" \/><\/figure><\/div>\n\n\n<h2 class=\"wp-block-heading\">Consolida\u00e7\u00e3o de um legado atrav\u00e9s da persist\u00eancia silenciosa<\/h2>\n\n\n\n<p><a href=\"https:\/\/pmc.ncbi.nlm.nih.gov\/articles\/PMC6382927\/\" target=\"_blank\" rel=\"noreferrer noopener\">O resultado final de quem cuida cedo \u00e9 a constru\u00e7\u00e3o de um legado s\u00f3lido<\/a>, baseado em escolhas conscientes e na manuten\u00e7\u00e3o constante de padr\u00f5es elevados de excel\u00eancia. O que parece ser sorte para quem observa de fora \u00e9, na verdade, o somat\u00f3rio de anos de dedica\u00e7\u00e3o a detalhes que a maioria negligenciou.<\/p>\n\n\n\n<p>A raridade do que foi desenvolvido reside na impossibilidade de ser replicado da noite para o dia, exigindo o tempo como ingrediente principal da f\u00f3rmula. Valorize cada pequeno ato de cuidado hoje, pois ele \u00e9 o alicerce do diferencial que tornar\u00e1 sua trajet\u00f3ria \u00fanica e admirada em qualquer lugar do mundo.<\/p>\n\n\n\n<h2 class=\"wp-block-heading\">A recompensa invis\u00edvel que se torna um patrim\u00f4nio inabal\u00e1vel<\/h2>\n\n\n\n<p>O desenvolvimento dessa caracter\u00edstica rara garante que o indiv\u00edduo nunca seja apenas mais um na multid\u00e3o, mas sim uma refer\u00eancia de estabilidade e compet\u00eancia. O <strong>sucesso sustent\u00e1vel<\/strong> \u00e9 o pr\u00eamio para quem n\u00e3o buscou atalhos, mas preferiu a seguran\u00e7a de uma funda\u00e7\u00e3o bem cuidada e protegida contra as intemp\u00e9ries do tempo.<\/p>\n\n\n\n<p>Mantenha sua rotina de aprimoramento com a certeza de que a raridade do seu talento \u00e9 proporcional ao cuidado que voc\u00ea dedica a ele agora. Ao olhar para tr\u00e1s, a clareza de ter agido precocemente ser\u00e1 a sua maior vantagem competitiva e a fonte de uma satisfa\u00e7\u00e3o pessoal profunda e duradoura.<\/p>\n","protected":false},"excerpt":{"rendered":"<p>Curiosidades da Psicologia Resili\u00eancia por Repeti\u00e7\u00e3o: O c\u00e9rebro exposto precocemente a padr\u00f5es de disciplina cria conex\u00f5es neurais mais est\u00e1veis para a resolu\u00e7\u00e3o de problemas. Essa estrutura mental antecipada funciona como um alicerce que facilita a maestria t\u00e9cnica e o sucesso em \u00e1reas complexas. O Escudo Emocional: Desenvolver o autoconhecimento cedo atua como uma prote\u00e7\u00e3o biol\u00f3gica [&hellip;]<\/p>\n","protected":false},"author":24,"featured_media":128578,"comment_status":"open","ping_status":"open","sticky":false,"template":"","format":"standard","meta":{"jnews-multi-image_gallery":[],"jnews_single_post":{"format":"standard"},"jnews_primary_category":[],"jnews_social_meta":[],"jnews_override_counter":[],"footnotes":""},"categories":[3046,475],"tags":[23643,6706,2936],"class_list":["post-128567","post","type-post","status-publish","format-standard","has-post-thumbnail","hentry","category-curiosidades","category-entretenimento","tag-competitivo","tag-inteligencia-emocional","tag-saude-fisica"],"yoast_head":"<!-- This site is optimized with the Yoast SEO plugin v26.5 - https:\/\/yoast.com\/wordpress\/plugins\/seo\/ -->\n<title>Estudos mostram que crian\u00e7as que cuidavam dos outros desde cedo desenvolveram empatia rara - UAI Not\u00edcias<\/title>\n<meta name=\"description\" content=\"Cuidar da mente, sa\u00fade e carreira desde cedo fortalece disciplina, intelig\u00eancia emocional e aumenta as chances de sucesso sustent\u00e1vel.\" \/>\n<meta name=\"robots\" content=\"index, follow, max-snippet:-1, max-image-preview:large, max-video-preview:-1\" \/>\n<link rel=\"canonical\" href=\"https:\/\/www.uai.com.br\/uainoticias\/2026\/04\/30\/estudos-mostram-que-criancas-que-cuidavam-dos-outros-desde-cedo-desenvolveram-empatia-rara\/\" \/>\n<meta property=\"og:locale\" content=\"pt_BR\" \/>\n<meta property=\"og:type\" content=\"article\" \/>\n<meta property=\"og:title\" content=\"Estudos mostram que crian\u00e7as que cuidavam dos outros desde cedo desenvolveram empatia rara - UAI Not\u00edcias\" \/>\n<meta property=\"og:description\" content=\"Cuidar da mente, sa\u00fade e carreira desde cedo fortalece disciplina, intelig\u00eancia emocional e aumenta as chances de sucesso sustent\u00e1vel.\" \/>\n<meta property=\"og:url\" content=\"https:\/\/www.uai.com.br\/uainoticias\/2026\/04\/30\/estudos-mostram-que-criancas-que-cuidavam-dos-outros-desde-cedo-desenvolveram-empatia-rara\/\" \/>\n<meta property=\"og:site_name\" content=\"UAI Not\u00edcias\" \/>\n<meta property=\"article:published_time\" content=\"2026-04-30T13:45:00+00:00\" \/>\n<meta property=\"og:image\" content=\"https:\/\/www.uai.com.br\/uainoticias\/wp-content\/uploads\/2026\/04\/filhos.jpg\" \/>\n\t<meta property=\"og:image:width\" content=\"1280\" \/>\n\t<meta property=\"og:image:height\" content=\"720\" \/>\n\t<meta property=\"og:image:type\" content=\"image\/jpeg\" \/>\n<meta name=\"author\" content=\"Daniely Cardoso\" \/>\n<meta name=\"twitter:card\" content=\"summary_large_image\" \/>\n<meta name=\"twitter:label1\" content=\"Escrito por\" \/>\n\t<meta name=\"twitter:data1\" content=\"Daniely Cardoso\" \/>\n\t<meta name=\"twitter:label2\" content=\"Est. tempo de leitura\" \/>\n\t<meta name=\"twitter:data2\" content=\"6 minutos\" \/>\n<!-- \/ Yoast SEO plugin. -->","yoast_head_json":{"title":"Estudos mostram que crian\u00e7as que cuidavam dos outros desde cedo desenvolveram empatia rara - UAI Not\u00edcias","description":"Cuidar da mente, sa\u00fade e carreira desde cedo fortalece disciplina, intelig\u00eancia emocional e aumenta as chances de sucesso sustent\u00e1vel.","robots":{"index":"index","follow":"follow","max-snippet":"max-snippet:-1","max-image-preview":"max-image-preview:large","max-video-preview":"max-video-preview:-1"},"canonical":"https:\/\/www.uai.com.br\/uainoticias\/2026\/04\/30\/estudos-mostram-que-criancas-que-cuidavam-dos-outros-desde-cedo-desenvolveram-empatia-rara\/","og_locale":"pt_BR","og_type":"article","og_title":"Estudos mostram que crian\u00e7as que cuidavam dos outros desde cedo desenvolveram empatia rara - UAI Not\u00edcias","og_description":"Cuidar da mente, sa\u00fade e carreira desde cedo fortalece disciplina, intelig\u00eancia emocional e aumenta as chances de sucesso sustent\u00e1vel.","og_url":"https:\/\/www.uai.com.br\/uainoticias\/2026\/04\/30\/estudos-mostram-que-criancas-que-cuidavam-dos-outros-desde-cedo-desenvolveram-empatia-rara\/","og_site_name":"UAI Not\u00edcias","article_published_time":"2026-04-30T13:45:00+00:00","og_image":[{"width":1280,"height":720,"url":"https:\/\/www.uai.com.br\/uainoticias\/wp-content\/uploads\/2026\/04\/filhos.jpg","type":"image\/jpeg"}],"author":"Daniely Cardoso","twitter_card":"summary_large_image","twitter_misc":{"Escrito por":"Daniely Cardoso","Est. tempo de leitura":"6 minutos"},"schema":{"@context":"https:\/\/schema.org","@graph":[{"@type":"WebPage","@id":"https:\/\/www.uai.com.br\/uainoticias\/2026\/04\/30\/estudos-mostram-que-criancas-que-cuidavam-dos-outros-desde-cedo-desenvolveram-empatia-rara\/","url":"https:\/\/www.uai.com.br\/uainoticias\/2026\/04\/30\/estudos-mostram-que-criancas-que-cuidavam-dos-outros-desde-cedo-desenvolveram-empatia-rara\/","name":"Estudos mostram que crian\u00e7as que cuidavam dos outros desde cedo desenvolveram empatia rara - UAI Not\u00edcias","isPartOf":{"@id":"https:\/\/www.uai.com.br\/uainoticias\/#website"},"primaryImageOfPage":{"@id":"https:\/\/www.uai.com.br\/uainoticias\/2026\/04\/30\/estudos-mostram-que-criancas-que-cuidavam-dos-outros-desde-cedo-desenvolveram-empatia-rara\/#primaryimage"},"image":{"@id":"https:\/\/www.uai.com.br\/uainoticias\/2026\/04\/30\/estudos-mostram-que-criancas-que-cuidavam-dos-outros-desde-cedo-desenvolveram-empatia-rara\/#primaryimage"},"thumbnailUrl":"https:\/\/www.uai.com.br\/uainoticias\/wp-content\/uploads\/2026\/04\/filhos.jpg","datePublished":"2026-04-30T13:45:00+00:00","author":{"@id":"https:\/\/www.uai.com.br\/uainoticias\/#\/schema\/person\/b40f59cad9eb0656c8ae35fee468cc57"},"description":"Cuidar da mente, sa\u00fade e carreira desde cedo fortalece disciplina, intelig\u00eancia emocional e aumenta as chances de sucesso sustent\u00e1vel.","breadcrumb":{"@id":"https:\/\/www.uai.com.br\/uainoticias\/2026\/04\/30\/estudos-mostram-que-criancas-que-cuidavam-dos-outros-desde-cedo-desenvolveram-empatia-rara\/#breadcrumb"},"inLanguage":"pt-BR","potentialAction":[{"@type":"ReadAction","target":["https:\/\/www.uai.com.br\/uainoticias\/2026\/04\/30\/estudos-mostram-que-criancas-que-cuidavam-dos-outros-desde-cedo-desenvolveram-empatia-rara\/"]}]},{"@type":"ImageObject","inLanguage":"pt-BR","@id":"https:\/\/www.uai.com.br\/uainoticias\/2026\/04\/30\/estudos-mostram-que-criancas-que-cuidavam-dos-outros-desde-cedo-desenvolveram-empatia-rara\/#primaryimage","url":"https:\/\/www.uai.com.br\/uainoticias\/wp-content\/uploads\/2026\/04\/filhos.jpg","contentUrl":"https:\/\/www.uai.com.br\/uainoticias\/wp-content\/uploads\/2026\/04\/filhos.jpg","width":1280,"height":720,"caption":"Vivemos em uma era de gratifica\u00e7\u00e3o instant\u00e2nea, o que torna a vis\u00e3o estrat\u00e9gica de longo prazo uma compet\u00eancia extremamente escassa"},{"@type":"BreadcrumbList","@id":"https:\/\/www.uai.com.br\/uainoticias\/2026\/04\/30\/estudos-mostram-que-criancas-que-cuidavam-dos-outros-desde-cedo-desenvolveram-empatia-rara\/#breadcrumb","itemListElement":[{"@type":"ListItem","position":1,"name":"In\u00edcio","item":"https:\/\/www.uai.com.br\/uainoticias\/"},{"@type":"ListItem","position":2,"name":"Estudos mostram que crian\u00e7as que cuidavam dos outros desde cedo desenvolveram empatia rara"}]},{"@type":"WebSite","@id":"https:\/\/www.uai.com.br\/uainoticias\/#website","url":"https:\/\/www.uai.com.br\/uainoticias\/","name":"UAI Not\u00edcias","description":"Acompanhe as \u00faltimas not\u00edcias e fique bem informado sobre tudo o que acontece no Brasil e no mundo.","potentialAction":[{"@type":"SearchAction","target":{"@type":"EntryPoint","urlTemplate":"https:\/\/www.uai.com.br\/uainoticias\/?s={search_term_string}"},"query-input":{"@type":"PropertyValueSpecification","valueRequired":true,"valueName":"search_term_string"}}],"inLanguage":"pt-BR"},{"@type":"Person","@id":"https:\/\/www.uai.com.br\/uainoticias\/#\/schema\/person\/b40f59cad9eb0656c8ae35fee468cc57","name":"Daniely Cardoso","image":{"@type":"ImageObject","inLanguage":"pt-BR","@id":"https:\/\/www.uai.com.br\/uainoticias\/#\/schema\/person\/image\/","url":"https:\/\/secure.gravatar.com\/avatar\/b43c203f79e2ee2d699e04567f61958ba1731d1c994abcd298aa4fee5f54cb3a?s=96&d=mm&r=g","contentUrl":"https:\/\/secure.gravatar.com\/avatar\/b43c203f79e2ee2d699e04567f61958ba1731d1c994abcd298aa4fee5f54cb3a?s=96&d=mm&r=g","caption":"Daniely Cardoso"},"sameAs":["https:\/\/www.uai.com.br\/uainoticias\/"],"url":"https:\/\/www.uai.com.br\/uainoticias\/author\/daniely-morais\/"}]}},"_links":{"self":[{"href":"https:\/\/www.uai.com.br\/uainoticias\/wp-json\/wp\/v2\/posts\/128567","targetHints":{"allow":["GET"]}}],"collection":[{"href":"https:\/\/www.uai.com.br\/uainoticias\/wp-json\/wp\/v2\/posts"}],"about":[{"href":"https:\/\/www.uai.com.br\/uainoticias\/wp-json\/wp\/v2\/types\/post"}],"author":[{"embeddable":true,"href":"https:\/\/www.uai.com.br\/uainoticias\/wp-json\/wp\/v2\/users\/24"}],"replies":[{"embeddable":true,"href":"https:\/\/www.uai.com.br\/uainoticias\/wp-json\/wp\/v2\/comments?post=128567"}],"version-history":[{"count":2,"href":"https:\/\/www.uai.com.br\/uainoticias\/wp-json\/wp\/v2\/posts\/128567\/revisions"}],"predecessor-version":[{"id":128580,"href":"https:\/\/www.uai.com.br\/uainoticias\/wp-json\/wp\/v2\/posts\/128567\/revisions\/128580"}],"wp:featuredmedia":[{"embeddable":true,"href":"https:\/\/www.uai.com.br\/uainoticias\/wp-json\/wp\/v2\/media\/128578"}],"wp:attachment":[{"href":"https:\/\/www.uai.com.br\/uainoticias\/wp-json\/wp\/v2\/media?parent=128567"}],"wp:term":[{"taxonomy":"category","embeddable":true,"href":"https:\/\/www.uai.com.br\/uainoticias\/wp-json\/wp\/v2\/categories?post=128567"},{"taxonomy":"post_tag","embeddable":true,"href":"https:\/\/www.uai.com.br\/uainoticias\/wp-json\/wp\/v2\/tags?post=128567"}],"curies":[{"name":"wp","href":"https:\/\/api.w.org\/{rel}","templated":true}]}}